{"id":23414,"date":"2025-02-28T06:20:55","date_gmt":"2025-02-28T09:20:55","guid":{"rendered":"https:\/\/www.em.com.br\/emfoco\/?p=23414"},"modified":"2025-02-27T16:50:20","modified_gmt":"2025-02-27T19:50:20","slug":"prepare-se-para-o-dia-previsao-do-tempo-para-belo-horizonte-hoje-28-02","status":"publish","type":"post","link":"https:\/\/www.em.com.br\/emfoco\/2025\/02\/28\/prepare-se-para-o-dia-previsao-do-tempo-para-belo-horizonte-hoje-28-02\/","title":{"rendered":"Prepare-se para o dia! Previs\u00e3o do tempo para Belo Horizonte\u00a0hoje\u00a028\/02"},"content":{"rendered":"\n<p>A previs\u00e3o do tempo \u00e9 uma ferramenta essencial para o planejamento di\u00e1rio, e em <strong>Belo Horizonte<\/strong>, no dia 28 de fevereiro de 2025, espera-se um clima variado. Conhecer as condi\u00e7\u00f5es clim\u00e1ticas antecipadamente ajuda os moradores e visitantes a se prepararem adequadamente para o dia.<\/p>\n\n\n\n<p>O clima em <a href=\"https:\/\/pt.wikipedia.org\/wiki\/Belo_Horizonte\" target=\"_blank\" rel=\"noreferrer noopener\">Belo Horizonte<\/a> \u00e9 conhecido por sua variabilidade, especialmente durante o ver\u00e3o, quando <a href=\"https:\/\/www.em.com.br\/emfoco\/2025\/02\/03\/fevereiro-em-belo-horizonte-prepare-se-para-o-verao-temperaturas-chuvas-e-dicas-essenciais\/\" target=\"_blank\" rel=\"noreferrer noopener\">chuvas <\/a>repentinas podem ocorrer. Para o final de fevereiro, as expectativas s\u00e3o de temperaturas amenas e poss\u00edveis pancadas de chuva.<\/p>\n\n\n\n<h2 class=\"wp-block-heading\">Como estar\u00e1 o clima em Belo Horizonte?<\/h2>\n\n\n\n<p>Para o dia 28 de fevereiro de 2025, a previs\u00e3o indica que Belo Horizonte ter\u00e1 um dia parcialmente nublado. As temperaturas devem variar entre 18\u00b0C e 28\u00b0C, proporcionando um clima agrad\u00e1vel para atividades ao ar livre, desde que se tome cuidado com as poss\u00edveis chuvas.<\/p>\n\n\n\n<p>As chances de precipita\u00e7\u00e3o s\u00e3o moderadas, com pancadas de chuva esperadas principalmente no per\u00edodo da tarde. \u00c9 aconselh\u00e1vel que os moradores carreguem guarda-chuvas ou capas de chuva para evitar surpresas.<\/p>\n\n\n<div class=\"wp-block-image\">\n<figure class=\"aligncenter size-large\"><img loading=\"lazy\" decoding=\"async\" width=\"1024\" height=\"576\" src=\"https:\/\/www.em.com.br\/emfoco\/wp-content\/uploads\/2025\/02\/Belo-Horizonte_1739639285044-1024x576.jpg\" alt=\"Prepare-se para o dia! Previs\u00e3o do tempo para Belo Horizonte\u00a0hoje\u00a028\/02\" class=\"wp-image-20113\" srcset=\"https:\/\/www.em.com.br\/emfoco\/wp-content\/uploads\/2025\/02\/Belo-Horizonte_1739639285044-1024x576.jpg 1024w, https:\/\/www.em.com.br\/emfoco\/wp-content\/uploads\/2025\/02\/Belo-Horizonte_1739639285044-300x169.jpg 300w, https:\/\/www.em.com.br\/emfoco\/wp-content\/uploads\/2025\/02\/Belo-Horizonte_1739639285044-768x432.jpg 768w, https:\/\/www.em.com.br\/emfoco\/wp-content\/uploads\/2025\/02\/Belo-Horizonte_1739639285044-750x422.jpg 750w, https:\/\/www.em.com.br\/emfoco\/wp-content\/uploads\/2025\/02\/Belo-Horizonte_1739639285044-1140x641.jpg 1140w, https:\/\/www.em.com.br\/emfoco\/wp-content\/uploads\/2025\/02\/Belo-Horizonte_1739639285044.jpg 1280w\" sizes=\"auto, (max-width: 1024px) 100vw, 1024px\" \/><figcaption class=\"wp-element-caption\">Belo Horizonte &#8211; Cr\u00e9ditos: depositphotos.com \/ PedroTruffi<\/figcaption><\/figure><\/div>\n\n\n<h2 class=\"wp-block-heading\">Quais s\u00e3o as condi\u00e7\u00f5es clim\u00e1ticas esperadas para o dia?<\/h2>\n\n\n\n<p>Durante a manh\u00e3, espera-se que o clima seja mais ameno, com temperaturas em torno de 18\u00b0C. \u00c0 medida que o dia avan\u00e7a, a temperatura pode subir para at\u00e9 28\u00b0C, tornando o clima mais quente e \u00famido. A umidade relativa do ar deve permanecer em torno de 70%, o que pode aumentar a sensa\u00e7\u00e3o de calor.<\/p>\n\n\n\n<p>O vento ser\u00e1 leve, com rajadas de at\u00e9 15 km\/h, proporcionando uma brisa agrad\u00e1vel. Apesar das nuvens, o sol pode aparecer em alguns momentos, especialmente durante a manh\u00e3.<\/p>\n\n\n\n<h2 class=\"wp-block-heading\">Quais cuidados tomar com a previs\u00e3o do tempo?<\/h2>\n\n\n\n<p>Com a possibilidade de chuvas \u00e0 tarde, \u00e9 importante que os habitantes de Belo Horizonte estejam preparados. Aqui est\u00e3o algumas dicas para lidar com o clima previsto:<\/p>\n\n\n\n<ul class=\"wp-block-list\">\n<li><strong>Leve um guarda-chuva:<\/strong> As pancadas de chuva podem ser intensas, ent\u00e3o \u00e9 melhor estar preparado.<\/li>\n\n\n\n<li><strong>Use roupas leves:<\/strong> Com as temperaturas variando, roupas leves e confort\u00e1veis s\u00e3o ideais.<\/li>\n\n\n\n<li><strong>Fique atento \u00e0s atualiza\u00e7\u00f5es:<\/strong> As condi\u00e7\u00f5es clim\u00e1ticas podem mudar rapidamente, ent\u00e3o acompanhe as atualiza\u00e7\u00f5es ao longo do dia.<\/li>\n<\/ul>\n\n\n\n<p>Em resumo, o dia 28 de fevereiro de 2025 em Belo Horizonte promete ser agrad\u00e1vel, com algumas varia\u00e7\u00f5es clim\u00e1ticas t\u00edpicas da esta\u00e7\u00e3o. Estar preparado para as mudan\u00e7as no tempo pode garantir que o dia seja aproveitado ao m\u00e1ximo, independentemente das condi\u00e7\u00f5es clim\u00e1ticas.<\/p>\n","protected":false},"excerpt":{"rendered":"<p>A previs\u00e3o do tempo \u00e9 uma ferramenta essencial para o planejamento di\u00e1rio, e em Belo Horizonte, no dia 28 de fevereiro de 2025, espera-se um clima variado. Conhecer as condi\u00e7\u00f5es clim\u00e1ticas antecipadamente ajuda os moradores e visitantes a se prepararem adequadamente para o dia. O clima em Belo Horizonte \u00e9 conhecido por sua variabilidade, especialmente [&hellip;]<\/p>\n","protected":false},"author":7,"featured_media":4029,"comment_status":"open","ping_status":"open","sticky":false,"template":"","format":"standard","meta":{"jnews-multi-image_gallery":[],"jnews_single_post":{"format":"standard"},"jnews_primary_category":[],"jnews_social_meta":[],"jnews_override_counter":[],"footnotes":""},"categories":[30],"tags":[5681,154,152,251,155],"class_list":["post-23414","post","type-post","status-publish","format-standard","has-post-thumbnail","hentry","category-clima","tag-28-de-fevereiro-de-2025","tag-belo-horizonte","tag-clima","tag-previsao-do-tempo","tag-tempo"],"yoast_head":"<!-- This site is optimized with the Yoast SEO plugin v23.8 - https:\/\/yoast.com\/wordpress\/plugins\/seo\/ -->\n<title>Prepare-se para o dia! Previs\u00e3o do tempo para Belo Horizonte\u00a0hoje\u00a028\/02 - Estado de Minas - Em foco<\/title>\n<meta name=\"description\" content=\"Saiba tudo sobre o tempo em Belo Horizonte neste 28\/02. Detalhes sobre temperatura, chuva e vento para voc\u00ea n\u00e3o ser pego de surpresa.\" \/>\n<meta name=\"robots\" content=\"index, follow, max-snippet:-1, max-image-preview:large, max-video-preview:-1\" \/>\n<link rel=\"canonical\" href=\"https:\/\/www.em.com.br\/emfoco\/2025\/02\/28\/prepare-se-para-o-dia-previsao-do-tempo-para-belo-horizonte-hoje-28-02\/\" \/>\n<meta property=\"og:locale\" content=\"pt_BR\" \/>\n<meta property=\"og:type\" content=\"article\" \/>\n<meta property=\"og:title\" content=\"Prepare-se para o dia! Previs\u00e3o do tempo para Belo Horizonte\u00a0hoje\u00a028\/02 - Estado de Minas - Em foco\" \/>\n<meta property=\"og:description\" content=\"Saiba tudo sobre o tempo em Belo Horizonte neste 28\/02. Detalhes sobre temperatura, chuva e vento para voc\u00ea n\u00e3o ser pego de surpresa.\" \/>\n<meta property=\"og:url\" content=\"https:\/\/www.em.com.br\/emfoco\/2025\/02\/28\/prepare-se-para-o-dia-previsao-do-tempo-para-belo-horizonte-hoje-28-02\/\" \/>\n<meta property=\"og:site_name\" content=\"Estado de Minas - Em foco\" \/>\n<meta property=\"article:published_time\" content=\"2025-02-28T09:20:55+00:00\" \/>\n<meta property=\"article:modified_time\" content=\"2025-02-27T19:50:20+00:00\" \/>\n<meta property=\"og:image\" content=\"https:\/\/www.em.com.br\/emfoco\/wp-content\/uploads\/2024\/12\/Belo-Horizonte_1733787186117.jpg\" \/>\n\t<meta property=\"og:image:width\" content=\"1280\" \/>\n\t<meta property=\"og:image:height\" content=\"720\" \/>\n\t<meta property=\"og:image:type\" content=\"image\/jpeg\" \/>\n<meta name=\"author\" content=\"Kelvin\" \/>\n<meta name=\"twitter:card\" content=\"summary_large_image\" \/>\n<meta name=\"twitter:label1\" content=\"Escrito por\" \/>\n\t<meta name=\"twitter:data1\" content=\"Kelvin\" \/>\n\t<meta name=\"twitter:label2\" content=\"Est. tempo de leitura\" \/>\n\t<meta name=\"twitter:data2\" content=\"3 minutos\" \/>\n<!-- \/ Yoast SEO plugin. -->","yoast_head_json":{"title":"Prepare-se para o dia! Previs\u00e3o do tempo para Belo Horizonte\u00a0hoje\u00a028\/02 - Estado de Minas - Em foco","description":"Saiba tudo sobre o tempo em Belo Horizonte neste 28\/02. Detalhes sobre temperatura, chuva e vento para voc\u00ea n\u00e3o ser pego de surpresa.","robots":{"index":"index","follow":"follow","max-snippet":"max-snippet:-1","max-image-preview":"max-image-preview:large","max-video-preview":"max-video-preview:-1"},"canonical":"https:\/\/www.em.com.br\/emfoco\/2025\/02\/28\/prepare-se-para-o-dia-previsao-do-tempo-para-belo-horizonte-hoje-28-02\/","og_locale":"pt_BR","og_type":"article","og_title":"Prepare-se para o dia! Previs\u00e3o do tempo para Belo Horizonte\u00a0hoje\u00a028\/02 - Estado de Minas - Em foco","og_description":"Saiba tudo sobre o tempo em Belo Horizonte neste 28\/02. Detalhes sobre temperatura, chuva e vento para voc\u00ea n\u00e3o ser pego de surpresa.","og_url":"https:\/\/www.em.com.br\/emfoco\/2025\/02\/28\/prepare-se-para-o-dia-previsao-do-tempo-para-belo-horizonte-hoje-28-02\/","og_site_name":"Estado de Minas - Em foco","article_published_time":"2025-02-28T09:20:55+00:00","article_modified_time":"2025-02-27T19:50:20+00:00","og_image":[{"width":1280,"height":720,"url":"https:\/\/www.em.com.br\/emfoco\/wp-content\/uploads\/2024\/12\/Belo-Horizonte_1733787186117.jpg","type":"image\/jpeg"}],"author":"Kelvin","twitter_card":"summary_large_image","twitter_misc":{"Escrito por":"Kelvin","Est. tempo de leitura":"3 minutos"},"schema":{"@context":"https:\/\/schema.org","@graph":[{"@type":"WebPage","@id":"https:\/\/www.em.com.br\/emfoco\/2025\/02\/28\/prepare-se-para-o-dia-previsao-do-tempo-para-belo-horizonte-hoje-28-02\/","url":"https:\/\/www.em.com.br\/emfoco\/2025\/02\/28\/prepare-se-para-o-dia-previsao-do-tempo-para-belo-horizonte-hoje-28-02\/","name":"Prepare-se para o dia! Previs\u00e3o do tempo para Belo Horizonte\u00a0hoje\u00a028\/02 - Estado de Minas - Em foco","isPartOf":{"@id":"https:\/\/www.em.com.br\/emfoco\/#website"},"primaryImageOfPage":{"@id":"https:\/\/www.em.com.br\/emfoco\/2025\/02\/28\/prepare-se-para-o-dia-previsao-do-tempo-para-belo-horizonte-hoje-28-02\/#primaryimage"},"image":{"@id":"https:\/\/www.em.com.br\/emfoco\/2025\/02\/28\/prepare-se-para-o-dia-previsao-do-tempo-para-belo-horizonte-hoje-28-02\/#primaryimage"},"thumbnailUrl":"https:\/\/www.em.com.br\/emfoco\/wp-content\/uploads\/2024\/12\/Belo-Horizonte_1733787186117.jpg","datePublished":"2025-02-28T09:20:55+00:00","dateModified":"2025-02-27T19:50:20+00:00","author":{"@id":"https:\/\/www.em.com.br\/emfoco\/#\/schema\/person\/fb0a7f48c6fbb94b83f413a80f61917d"},"description":"Saiba tudo sobre o tempo em Belo Horizonte neste 28\/02. Detalhes sobre temperatura, chuva e vento para voc\u00ea n\u00e3o ser pego de surpresa.","breadcrumb":{"@id":"https:\/\/www.em.com.br\/emfoco\/2025\/02\/28\/prepare-se-para-o-dia-previsao-do-tempo-para-belo-horizonte-hoje-28-02\/#breadcrumb"},"inLanguage":"pt-BR","potentialAction":[{"@type":"ReadAction","target":["https:\/\/www.em.com.br\/emfoco\/2025\/02\/28\/prepare-se-para-o-dia-previsao-do-tempo-para-belo-horizonte-hoje-28-02\/"]}]},{"@type":"ImageObject","inLanguage":"pt-BR","@id":"https:\/\/www.em.com.br\/emfoco\/2025\/02\/28\/prepare-se-para-o-dia-previsao-do-tempo-para-belo-horizonte-hoje-28-02\/#primaryimage","url":"https:\/\/www.em.com.br\/emfoco\/wp-content\/uploads\/2024\/12\/Belo-Horizonte_1733787186117.jpg","contentUrl":"https:\/\/www.em.com.br\/emfoco\/wp-content\/uploads\/2024\/12\/Belo-Horizonte_1733787186117.jpg","width":1280,"height":720,"caption":"Clima BH - Cr\u00e9ditos: depositphotos.com \/ gustavobhz"},{"@type":"BreadcrumbList","@id":"https:\/\/www.em.com.br\/emfoco\/2025\/02\/28\/prepare-se-para-o-dia-previsao-do-tempo-para-belo-horizonte-hoje-28-02\/#breadcrumb","itemListElement":[{"@type":"ListItem","position":1,"name":"In\u00edcio","item":"https:\/\/www.em.com.br\/emfoco\/"},{"@type":"ListItem","position":2,"name":"Prepare-se para o dia! Previs\u00e3o do tempo para Belo Horizonte\u00a0hoje\u00a028\/02"}]},{"@type":"WebSite","@id":"https:\/\/www.em.com.br\/emfoco\/#website","url":"https:\/\/www.em.com.br\/emfoco\/","name":"Estado de Minas - Em foco","description":"Acompanhe as \u00faltimas not\u00edcias e fique bem informado sobre tudo o que acontece em Minas Gerais, Brasil e no mundo.","potentialAction":[{"@type":"SearchAction","target":{"@type":"EntryPoint","urlTemplate":"https:\/\/www.em.com.br\/emfoco\/?s={search_term_string}"},"query-input":{"@type":"PropertyValueSpecification","valueRequired":true,"valueName":"search_term_string"}}],"inLanguage":"pt-BR"},{"@type":"Person","@id":"https:\/\/www.em.com.br\/emfoco\/#\/schema\/person\/fb0a7f48c6fbb94b83f413a80f61917d","name":"Kelvin","image":{"@type":"ImageObject","inLanguage":"pt-BR","@id":"https:\/\/www.em.com.br\/emfoco\/#\/schema\/person\/image\/","url":"https:\/\/secure.gravatar.com\/avatar\/e74f84337e6bf6c4c5e88fbdffa05270?s=96&d=mm&r=g","contentUrl":"https:\/\/secure.gravatar.com\/avatar\/e74f84337e6bf6c4c5e88fbdffa05270?s=96&d=mm&r=g","caption":"Kelvin"},"sameAs":["https:\/\/www.em.com.br\/emfoco"],"url":"https:\/\/www.em.com.br\/emfoco\/author\/kelvinmyth\/"}]}},"_links":{"self":[{"href":"https:\/\/www.em.com.br\/emfoco\/wp-json\/wp\/v2\/posts\/23414","targetHints":{"allow":["GET"]}}],"collection":[{"href":"https:\/\/www.em.com.br\/emfoco\/wp-json\/wp\/v2\/posts"}],"about":[{"href":"https:\/\/www.em.com.br\/emfoco\/wp-json\/wp\/v2\/types\/post"}],"author":[{"embeddable":true,"href":"https:\/\/www.em.com.br\/emfoco\/wp-json\/wp\/v2\/users\/7"}],"replies":[{"embeddable":true,"href":"https:\/\/www.em.com.br\/emfoco\/wp-json\/wp\/v2\/comments?post=23414"}],"version-history":[{"count":2,"href":"https:\/\/www.em.com.br\/emfoco\/wp-json\/wp\/v2\/posts\/23414\/revisions"}],"predecessor-version":[{"id":23418,"href":"https:\/\/www.em.com.br\/emfoco\/wp-json\/wp\/v2\/posts\/23414\/revisions\/23418"}],"wp:featuredmedia":[{"embeddable":true,"href":"https:\/\/www.em.com.br\/emfoco\/wp-json\/wp\/v2\/media\/4029"}],"wp:attachment":[{"href":"https:\/\/www.em.com.br\/emfoco\/wp-json\/wp\/v2\/media?parent=23414"}],"wp:term":[{"taxonomy":"category","embeddable":true,"href":"https:\/\/www.em.com.br\/emfoco\/wp-json\/wp\/v2\/categories?post=23414"},{"taxonomy":"post_tag","embeddable":true,"href":"https:\/\/www.em.com.br\/emfoco\/wp-json\/wp\/v2\/tags?post=23414"}],"curies":[{"name":"wp","href":"https:\/\/api.w.org\/{rel}","templated":true}]}}