{"id":23219,"date":"2025-03-08T16:20:00","date_gmt":"2025-03-08T19:20:00","guid":{"rendered":"https:\/\/www.em.com.br\/emfoco\/?p=23219"},"modified":"2025-03-07T17:06:12","modified_gmt":"2025-03-07T20:06:12","slug":"fique-atento-ao-colocar-cpf-na-nota-nos-supermercados","status":"publish","type":"post","link":"https:\/\/www.em.com.br\/emfoco\/2025\/03\/08\/fique-atento-ao-colocar-cpf-na-nota-nos-supermercados\/","title":{"rendered":"Fique atento ao colocar CPF na nota nos supermercados!"},"content":{"rendered":"\n<p>A <a href=\"https:\/\/portal.fazenda.sp.gov.br\/servicos\/nfp\" target=\"_blank\" rel=\"noreferrer noopener\"><strong>Nota Fiscal Paulista<\/strong> <\/a>\u00e9 um programa do <strong>Governo do Estado de S\u00e3o Paulo<\/strong> que visa estimular a cidadania fiscal entre os consumidores. Criado em outubro de 2007, o programa busca reduzir a carga tribut\u00e1ria individual e incentivar a emiss\u00e3o de notas fiscais, combatendo a sonega\u00e7\u00e3o de impostos. Ao solicitar a inclus\u00e3o do CPF ou CNPJ na nota fiscal, os consumidores podem receber cr\u00e9ditos e participar de sorteios mensais que distribuem pr\u00eamios em dinheiro.<\/p>\n\n\n\n<p>O programa \u00e9 uma forma de retribuir parte do ICMS recolhido pelos estabelecimentos comerciais aos consumidores, que podem utilizar os cr\u00e9ditos para abater o valor do IPVA ou resgat\u00e1-los em dinheiro. Al\u00e9m disso, a Nota Fiscal Paulista permite que os consumidores doem suas notas fiscais para entidades assistenciais, promovendo uma corrente de solidariedade.<\/p>\n\n\n\n<h2 class=\"wp-block-heading\">Como funciona a Nota Fiscal Paulista?<\/h2>\n\n\n\n<p>Para participar do programa, o consumidor deve solicitar a inclus\u00e3o do <strong><a href=\"https:\/\/www.em.com.br\/emfoco\/2025\/02\/09\/quer-pagar-menos-impostos-veja-como-o-cpf-na-nota-pode-te-ajudar\/\" target=\"_blank\" rel=\"noreferrer noopener\">CPF<\/a><\/strong> ou CNPJ na nota fiscal no momento da compra. A cada compra realizada, s\u00e3o gerados bilhetes eletr\u00f4nicos que concorrem a sorteios mensais. Os pr\u00eamios variam de valores menores at\u00e9 o pr\u00eamio principal de R$ 1 milh\u00e3o. Em fevereiro de 2025, mais de 9,94 milh\u00f5es de consumidores participaram do sorteio, gerando mais de 122,8 milh\u00f5es de bilhetes eletr\u00f4nicos.<\/p>\n\n\n\n<p>Os cr\u00e9ditos acumulados podem ser consultados online e utilizados de diversas formas. Al\u00e9m do resgate em dinheiro, os consumidores podem optar por utilizar os cr\u00e9ditos para pagar o IPVA. O saldo m\u00ednimo para transfer\u00eancia \u00e9 de R$ 0,99, e os valores ficam dispon\u00edveis por um ano a partir da libera\u00e7\u00e3o.<\/p>\n\n\n\n<figure class=\"wp-block-image size-large\"><img loading=\"lazy\" decoding=\"async\" width=\"1024\" height=\"576\" src=\"https:\/\/www.em.com.br\/emfoco\/wp-content\/uploads\/2025\/01\/lista-de-compras_1737074557295-1024x576.jpg\" alt=\"Comunicado para todos que informam o CPF nas compras\" class=\"wp-image-11308\" srcset=\"https:\/\/www.em.com.br\/emfoco\/wp-content\/uploads\/2025\/01\/lista-de-compras_1737074557295-1024x576.jpg 1024w, https:\/\/www.em.com.br\/emfoco\/wp-content\/uploads\/2025\/01\/lista-de-compras_1737074557295-300x169.jpg 300w, https:\/\/www.em.com.br\/emfoco\/wp-content\/uploads\/2025\/01\/lista-de-compras_1737074557295-768x432.jpg 768w, https:\/\/www.em.com.br\/emfoco\/wp-content\/uploads\/2025\/01\/lista-de-compras_1737074557295-750x422.jpg 750w, https:\/\/www.em.com.br\/emfoco\/wp-content\/uploads\/2025\/01\/lista-de-compras_1737074557295-1140x641.jpg 1140w, https:\/\/www.em.com.br\/emfoco\/wp-content\/uploads\/2025\/01\/lista-de-compras_1737074557295.jpg 1280w\" sizes=\"auto, (max-width: 1024px) 100vw, 1024px\" \/><figcaption class=\"wp-element-caption\">Imagem Ilustrativa de Mercado &#8211; Cr\u00e9ditos: depositphotos.com \/ VitalikRadko<\/figcaption><\/figure>\n\n\n\n<h2 class=\"wp-block-heading\">Quais s\u00e3o os benef\u00edcios para as entidades assistenciais?<\/h2>\n\n\n\n<p>Al\u00e9m dos consumidores, entidades assistenciais tamb\u00e9m s\u00e3o beneficiadas pelo programa. As notas fiscais podem ser doadas para institui\u00e7\u00f5es de assist\u00eancia social, sa\u00fade, educa\u00e7\u00e3o, defesa e prote\u00e7\u00e3o animal ou cultura cadastradas no programa. Essas entidades participam dos sorteios e podem receber pr\u00eamios em dinheiro, que s\u00e3o utilizados para financiar projetos sociais e melhorar a infraestrutura das institui\u00e7\u00f5es.<\/p>\n\n\n\n<p>Recentemente, cinco entidades assistenciais do estado de <strong>S\u00e3o Paulo<\/strong> foram premiadas com R$ 100 mil cada. Esses recursos s\u00e3o fundamentais para a manuten\u00e7\u00e3o e amplia\u00e7\u00e3o de projetos sociais, como cursos profissionalizantes, oficinas culturais e programas de apoio a jovens em situa\u00e7\u00e3o de risco social.<\/p>\n\n\n\n<h2 class=\"wp-block-heading\">Impacto social e econ\u00f4mico da Nota Fiscal Paulista<\/h2>\n\n\n\n<p>Desde sua cria\u00e7\u00e3o, a Nota Fiscal Paulista j\u00e1 devolveu cerca de R$ 19,1 bilh\u00f5es aos participantes, sendo R$ 16,9 bilh\u00f5es em cr\u00e9ditos e mais de R$ 2,1 bilh\u00f5es em pr\u00eamios. O programa n\u00e3o apenas incentiva a cidadania fiscal, mas tamb\u00e9m promove a transpar\u00eancia e a justi\u00e7a tribut\u00e1ria, ao garantir que os impostos pagos retornem para a sociedade em forma de benef\u00edcios.<\/p>\n\n\n\n<p>O impacto social do programa \u00e9 significativo, pois fortalece o trabalho de entidades assistenciais que atendem popula\u00e7\u00f5es vulner\u00e1veis. Ao promover a inclus\u00e3o social e o desenvolvimento comunit\u00e1rio, a Nota Fiscal Paulista se consolida como uma importante ferramenta de transforma\u00e7\u00e3o social no estado de S\u00e3o Paulo.<\/p>\n\n\n\n<h2 class=\"wp-block-heading\">Como participar e acompanhar os cr\u00e9ditos?<\/h2>\n\n\n\n<p>Para participar do programa e acompanhar os cr\u00e9ditos, os consumidores devem acessar o site oficial da Nota Fiscal Paulista. O cadastro \u00e9 simples e permite que os participantes consultem seus cr\u00e9ditos, participem dos sorteios e fa\u00e7am doa\u00e7\u00f5es para entidades assistenciais. Al\u00e9m disso, o aplicativo do programa est\u00e1 dispon\u00edvel para download em smartphones e tablets, facilitando o acesso \u00e0s informa\u00e7\u00f5es e funcionalidades do programa.<\/p>\n\n\n\n<p>Em resumo, a Nota Fiscal Paulista \u00e9 um exemplo de como pol\u00edticas p\u00fablicas podem promover a cidadania fiscal e gerar benef\u00edcios concretos para a sociedade. Ao incentivar a emiss\u00e3o de notas fiscais e a doa\u00e7\u00e3o para entidades assistenciais, o programa contribui para um estado mais justo e solid\u00e1rio.<\/p>\n","protected":false},"excerpt":{"rendered":"<p>A Nota Fiscal Paulista \u00e9 um programa do Governo do Estado de S\u00e3o Paulo que visa estimular a cidadania fiscal entre os consumidores. Criado em outubro de 2007, o programa busca reduzir a carga tribut\u00e1ria individual e incentivar a emiss\u00e3o de notas fiscais, combatendo a sonega\u00e7\u00e3o de impostos. Ao solicitar a inclus\u00e3o do CPF ou [&hellip;]<\/p>\n","protected":false},"author":5,"featured_media":13855,"comment_status":"open","ping_status":"open","sticky":false,"template":"","format":"standard","meta":{"jnews-multi-image_gallery":[],"jnews_single_post":{"format":"standard"},"jnews_primary_category":[],"jnews_social_meta":[],"jnews_override_counter":[],"footnotes":""},"categories":[28,1],"tags":[5303,941,553,2426],"class_list":["post-23219","post","type-post","status-publish","format-standard","has-post-thumbnail","hentry","category-economia","category-noticias","tag-icms","tag-imposto","tag-sao-paulo","tag-tributo"],"yoast_head":"<!-- This site is optimized with the Yoast SEO plugin v23.8 - https:\/\/yoast.com\/wordpress\/plugins\/seo\/ -->\n<title>Fique atento ao colocar CPF na nota nos supermercados! - Estado de Minas - Em foco<\/title>\n<meta name=\"description\" content=\"Entenda como a Nota Fiscal Paulista contribui para a justi\u00e7a tribut\u00e1ria e fortalece as entidades assistenciais no estado de S\u00e3o Paulo.\" \/>\n<meta name=\"robots\" content=\"index, follow, max-snippet:-1, max-image-preview:large, max-video-preview:-1\" \/>\n<link rel=\"canonical\" href=\"https:\/\/www.em.com.br\/emfoco\/2025\/03\/08\/fique-atento-ao-colocar-cpf-na-nota-nos-supermercados\/\" \/>\n<meta property=\"og:locale\" content=\"pt_BR\" \/>\n<meta property=\"og:type\" content=\"article\" \/>\n<meta property=\"og:title\" content=\"Fique atento ao colocar CPF na nota nos supermercados! - Estado de Minas - Em foco\" \/>\n<meta property=\"og:description\" content=\"Entenda como a Nota Fiscal Paulista contribui para a justi\u00e7a tribut\u00e1ria e fortalece as entidades assistenciais no estado de S\u00e3o Paulo.\" \/>\n<meta property=\"og:url\" content=\"https:\/\/www.em.com.br\/emfoco\/2025\/03\/08\/fique-atento-ao-colocar-cpf-na-nota-nos-supermercados\/\" \/>\n<meta property=\"og:site_name\" content=\"Estado de Minas - Em foco\" \/>\n<meta property=\"article:published_time\" content=\"2025-03-08T19:20:00+00:00\" \/>\n<meta property=\"article:modified_time\" content=\"2025-03-07T20:06:12+00:00\" \/>\n<meta property=\"og:image\" content=\"https:\/\/www.em.com.br\/emfoco\/wp-content\/uploads\/2025\/01\/recibo_1737909879571.jpg\" \/>\n\t<meta property=\"og:image:width\" content=\"1279\" \/>\n\t<meta property=\"og:image:height\" content=\"720\" \/>\n\t<meta property=\"og:image:type\" content=\"image\/jpeg\" \/>\n<meta name=\"author\" content=\"N\u00fabia Rangel\" \/>\n<meta name=\"twitter:card\" content=\"summary_large_image\" \/>\n<meta name=\"twitter:label1\" content=\"Escrito por\" \/>\n\t<meta name=\"twitter:data1\" content=\"N\u00fabia Rangel\" \/>\n\t<meta name=\"twitter:label2\" content=\"Est. tempo de leitura\" \/>\n\t<meta name=\"twitter:data2\" content=\"4 minutos\" \/>\n<!-- \/ Yoast SEO plugin. -->","yoast_head_json":{"title":"Fique atento ao colocar CPF na nota nos supermercados! - Estado de Minas - Em foco","description":"Entenda como a Nota Fiscal Paulista contribui para a justi\u00e7a tribut\u00e1ria e fortalece as entidades assistenciais no estado de S\u00e3o Paulo.","robots":{"index":"index","follow":"follow","max-snippet":"max-snippet:-1","max-image-preview":"max-image-preview:large","max-video-preview":"max-video-preview:-1"},"canonical":"https:\/\/www.em.com.br\/emfoco\/2025\/03\/08\/fique-atento-ao-colocar-cpf-na-nota-nos-supermercados\/","og_locale":"pt_BR","og_type":"article","og_title":"Fique atento ao colocar CPF na nota nos supermercados! - Estado de Minas - Em foco","og_description":"Entenda como a Nota Fiscal Paulista contribui para a justi\u00e7a tribut\u00e1ria e fortalece as entidades assistenciais no estado de S\u00e3o Paulo.","og_url":"https:\/\/www.em.com.br\/emfoco\/2025\/03\/08\/fique-atento-ao-colocar-cpf-na-nota-nos-supermercados\/","og_site_name":"Estado de Minas - Em foco","article_published_time":"2025-03-08T19:20:00+00:00","article_modified_time":"2025-03-07T20:06:12+00:00","og_image":[{"width":1279,"height":720,"url":"https:\/\/www.em.com.br\/emfoco\/wp-content\/uploads\/2025\/01\/recibo_1737909879571.jpg","type":"image\/jpeg"}],"author":"N\u00fabia Rangel","twitter_card":"summary_large_image","twitter_misc":{"Escrito por":"N\u00fabia Rangel","Est. tempo de leitura":"4 minutos"},"schema":{"@context":"https:\/\/schema.org","@graph":[{"@type":"WebPage","@id":"https:\/\/www.em.com.br\/emfoco\/2025\/03\/08\/fique-atento-ao-colocar-cpf-na-nota-nos-supermercados\/","url":"https:\/\/www.em.com.br\/emfoco\/2025\/03\/08\/fique-atento-ao-colocar-cpf-na-nota-nos-supermercados\/","name":"Fique atento ao colocar CPF na nota nos supermercados! - Estado de Minas - Em foco","isPartOf":{"@id":"https:\/\/www.em.com.br\/emfoco\/#website"},"primaryImageOfPage":{"@id":"https:\/\/www.em.com.br\/emfoco\/2025\/03\/08\/fique-atento-ao-colocar-cpf-na-nota-nos-supermercados\/#primaryimage"},"image":{"@id":"https:\/\/www.em.com.br\/emfoco\/2025\/03\/08\/fique-atento-ao-colocar-cpf-na-nota-nos-supermercados\/#primaryimage"},"thumbnailUrl":"https:\/\/www.em.com.br\/emfoco\/wp-content\/uploads\/2025\/01\/recibo_1737909879571.jpg","datePublished":"2025-03-08T19:20:00+00:00","dateModified":"2025-03-07T20:06:12+00:00","author":{"@id":"https:\/\/www.em.com.br\/emfoco\/#\/schema\/person\/524437ef54f8a5d32591b143307f2e20"},"description":"Entenda como a Nota Fiscal Paulista contribui para a justi\u00e7a tribut\u00e1ria e fortalece as entidades assistenciais no estado de S\u00e3o Paulo.","breadcrumb":{"@id":"https:\/\/www.em.com.br\/emfoco\/2025\/03\/08\/fique-atento-ao-colocar-cpf-na-nota-nos-supermercados\/#breadcrumb"},"inLanguage":"pt-BR","potentialAction":[{"@type":"ReadAction","target":["https:\/\/www.em.com.br\/emfoco\/2025\/03\/08\/fique-atento-ao-colocar-cpf-na-nota-nos-supermercados\/"]}]},{"@type":"ImageObject","inLanguage":"pt-BR","@id":"https:\/\/www.em.com.br\/emfoco\/2025\/03\/08\/fique-atento-ao-colocar-cpf-na-nota-nos-supermercados\/#primaryimage","url":"https:\/\/www.em.com.br\/emfoco\/wp-content\/uploads\/2025\/01\/recibo_1737909879571.jpg","contentUrl":"https:\/\/www.em.com.br\/emfoco\/wp-content\/uploads\/2025\/01\/recibo_1737909879571.jpg","width":1279,"height":720,"caption":"Imagem Ilustrativa de Nota Fiscal - Cr\u00e9ditos: depositphotos.com \/ quackersnaps"},{"@type":"BreadcrumbList","@id":"https:\/\/www.em.com.br\/emfoco\/2025\/03\/08\/fique-atento-ao-colocar-cpf-na-nota-nos-supermercados\/#breadcrumb","itemListElement":[{"@type":"ListItem","position":1,"name":"In\u00edcio","item":"https:\/\/www.em.com.br\/emfoco\/"},{"@type":"ListItem","position":2,"name":"Fique atento ao colocar CPF na nota nos supermercados!"}]},{"@type":"WebSite","@id":"https:\/\/www.em.com.br\/emfoco\/#website","url":"https:\/\/www.em.com.br\/emfoco\/","name":"Estado de Minas - Em foco","description":"Acompanhe as \u00faltimas not\u00edcias e fique bem informado sobre tudo o que acontece em Minas Gerais, Brasil e no mundo.","potentialAction":[{"@type":"SearchAction","target":{"@type":"EntryPoint","urlTemplate":"https:\/\/www.em.com.br\/emfoco\/?s={search_term_string}"},"query-input":{"@type":"PropertyValueSpecification","valueRequired":true,"valueName":"search_term_string"}}],"inLanguage":"pt-BR"},{"@type":"Person","@id":"https:\/\/www.em.com.br\/emfoco\/#\/schema\/person\/524437ef54f8a5d32591b143307f2e20","name":"N\u00fabia Rangel","image":{"@type":"ImageObject","inLanguage":"pt-BR","@id":"https:\/\/www.em.com.br\/emfoco\/#\/schema\/person\/image\/","url":"https:\/\/secure.gravatar.com\/avatar\/47cff2827a5ba23c37e8068c86817ea4?s=96&d=mm&r=g","contentUrl":"https:\/\/secure.gravatar.com\/avatar\/47cff2827a5ba23c37e8068c86817ea4?s=96&d=mm&r=g","caption":"N\u00fabia Rangel"},"sameAs":["https:\/\/www.em.com.br\/emfoco\/"],"url":"https:\/\/www.em.com.br\/emfoco\/author\/nubiamyth\/"}]}},"_links":{"self":[{"href":"https:\/\/www.em.com.br\/emfoco\/wp-json\/wp\/v2\/posts\/23219","targetHints":{"allow":["GET"]}}],"collection":[{"href":"https:\/\/www.em.com.br\/emfoco\/wp-json\/wp\/v2\/posts"}],"about":[{"href":"https:\/\/www.em.com.br\/emfoco\/wp-json\/wp\/v2\/types\/post"}],"author":[{"embeddable":true,"href":"https:\/\/www.em.com.br\/emfoco\/wp-json\/wp\/v2\/users\/5"}],"replies":[{"embeddable":true,"href":"https:\/\/www.em.com.br\/emfoco\/wp-json\/wp\/v2\/comments?post=23219"}],"version-history":[{"count":3,"href":"https:\/\/www.em.com.br\/emfoco\/wp-json\/wp\/v2\/posts\/23219\/revisions"}],"predecessor-version":[{"id":23222,"href":"https:\/\/www.em.com.br\/emfoco\/wp-json\/wp\/v2\/posts\/23219\/revisions\/23222"}],"wp:featuredmedia":[{"embeddable":true,"href":"https:\/\/www.em.com.br\/emfoco\/wp-json\/wp\/v2\/media\/13855"}],"wp:attachment":[{"href":"https:\/\/www.em.com.br\/emfoco\/wp-json\/wp\/v2\/media?parent=23219"}],"wp:term":[{"taxonomy":"category","embeddable":true,"href":"https:\/\/www.em.com.br\/emfoco\/wp-json\/wp\/v2\/categories?post=23219"},{"taxonomy":"post_tag","embeddable":true,"href":"https:\/\/www.em.com.br\/emfoco\/wp-json\/wp\/v2\/tags?post=23219"}],"curies":[{"name":"wp","href":"https:\/\/api.w.org\/{rel}","templated":true}]}}