{"id":23216,"date":"2025-03-09T08:40:00","date_gmt":"2025-03-09T11:40:00","guid":{"rendered":"https:\/\/www.em.com.br\/emfoco\/?p=23216"},"modified":"2025-02-26T16:28:14","modified_gmt":"2025-02-26T19:28:14","slug":"salario-minimo-de-2025-e-reajustado-e-decretado-por-lula","status":"publish","type":"post","link":"https:\/\/www.em.com.br\/emfoco\/2025\/03\/09\/salario-minimo-de-2025-e-reajustado-e-decretado-por-lula\/","title":{"rendered":"Sal\u00e1rio m\u00ednimo de 2025 \u00e9 reajustado e decretado por Lula"},"content":{"rendered":"\n<p>Em 2025, o sal\u00e1rio m\u00ednimo no<a href=\"https:\/\/www.em.com.br\/emfoco\/2025\/02\/02\/o-paraiso-secreto-do-brasil-que-esta-conquistando-turistas-do-mundo-todo\/\" target=\"_blank\" rel=\"noreferrer noopener\"><strong> Brasil<\/strong> <\/a>foi reajustado para R$ 1.518. Este aumento representa um reajuste de 7,5%, superando a infla\u00e7\u00e3o acumulada no per\u00edodo. Essa mudan\u00e7a visa equilibrar o or\u00e7amento p\u00fablico, mantendo a responsabilidade fiscal. O presidente <strong>Luiz In\u00e1cio Lula da Silva<\/strong> assinou o decreto que oficializa o novo valor do sal\u00e1rio m\u00ednimo, que entrou em vigor a partir de janeiro de 2025.<\/p>\n\n\n\n<h2 class=\"wp-block-heading\">Como funciona a nova f\u00f3rmula de c\u00e1lculo?<\/h2>\n\n\n\n<p>A nova f\u00f3rmula de c\u00e1lculo do sal\u00e1rio m\u00ednimo \u00e9 composta por tr\u00eas elementos principais:<\/p>\n\n\n\n<ol class=\"wp-block-list\">\n<li><strong>Reposi\u00e7\u00e3o da infla\u00e7\u00e3o:<\/strong> Medida pelo INPC (<strong><a href=\"https:\/\/www.ibge.gov.br\/estatisticas\/economicas\/precos-e-custos\/9258-indice-nacional-de-precos-ao-consumidor.html\" target=\"_blank\" rel=\"noreferrer noopener\">\u00cdndice Nacional de Pre\u00e7os ao Consumidor<\/a><\/strong>). Esta medida geralmente resulta em um reajuste mais vantajoso para o trabalhador em compara\u00e7\u00e3o com outros \u00edndices de infla\u00e7\u00e3o.<\/li>\n\n\n\n<li><strong>Varia\u00e7\u00e3o do PIB:<\/strong> Considera o crescimento do Produto Interno Bruto, mas est\u00e1 sujeita a um teto para evitar impactos excessivos nas finan\u00e7as p\u00fablicas.<\/li>\n\n\n\n<li><strong>Limite de ganho real:<\/strong> O reajuste do sal\u00e1rio m\u00ednimo ter\u00e1 um limite de ganho real, que poder\u00e1 variar de 0,6% a 2,5%, mesmo que o crescimento do PIB exceda esse valor.<\/li>\n<\/ol>\n\n\n\n<p>Esta estrutura busca assegurar que, mesmo com um <strong>PIB<\/strong> robusto, o aumento do sal\u00e1rio m\u00ednimo seja contido dentro de par\u00e2metros que preservam a sustentabilidade fiscal.<\/p>\n\n\n\n<figure class=\"wp-block-image size-large\"><img loading=\"lazy\" decoding=\"async\" width=\"1024\" height=\"576\" src=\"https:\/\/www.em.com.br\/emfoco\/wp-content\/uploads\/2025\/01\/salario_1736619973115-1024x576.jpg\" alt=\"Comunicado para todos os trabalhadores que recebem FGTS\" class=\"wp-image-10024\" srcset=\"https:\/\/www.em.com.br\/emfoco\/wp-content\/uploads\/2025\/01\/salario_1736619973115-1024x576.jpg 1024w, https:\/\/www.em.com.br\/emfoco\/wp-content\/uploads\/2025\/01\/salario_1736619973115-300x169.jpg 300w, https:\/\/www.em.com.br\/emfoco\/wp-content\/uploads\/2025\/01\/salario_1736619973115-768x432.jpg 768w, https:\/\/www.em.com.br\/emfoco\/wp-content\/uploads\/2025\/01\/salario_1736619973115-750x422.jpg 750w, https:\/\/www.em.com.br\/emfoco\/wp-content\/uploads\/2025\/01\/salario_1736619973115-1140x641.jpg 1140w, https:\/\/www.em.com.br\/emfoco\/wp-content\/uploads\/2025\/01\/salario_1736619973115.jpg 1280w\" sizes=\"auto, (max-width: 1024px) 100vw, 1024px\" \/><figcaption class=\"wp-element-caption\">Imagem de Carteira de Trabalho &#8211; Cr\u00e9ditos: depositphotos.com \/ rodrigobellizzi<\/figcaption><\/figure>\n\n\n\n<h2 class=\"wp-block-heading\">Impacto das mudan\u00e7as<\/h2>\n\n\n\n<p>O reajuste do sal\u00e1rio m\u00ednimo impacta diretamente aposentadorias e benef\u00edcios sociais, especialmente aqueles pagos pelo <strong>INSS<\/strong> (Instituto Nacional do Seguro Social). Com o novo c\u00e1lculo, o governo busca evitar aumentos excessivos que possam desestabilizar o or\u00e7amento, j\u00e1 que o sal\u00e1rio m\u00ednimo serve como base para diversos pagamentos sociais.<\/p>\n\n\n\n<h2 class=\"wp-block-heading\">Objetivo das mudan\u00e7as<\/h2>\n\n\n\n<p>O principal objetivo das mudan\u00e7as \u00e9 garantir a sustentabilidade fiscal do pa\u00eds. Em um cen\u00e1rio de conten\u00e7\u00e3o de despesas, \u00e9 crucial que o governo mantenha o controle sobre os gastos p\u00fablicos. Equilibrar o poder de compra dos trabalhadores com a realidade econ\u00f4mica \u00e9 fundamental para evitar que o aumento do sal\u00e1rio m\u00ednimo resulte em desequil\u00edbrios financeiros. A nova regra que limita o ganho real entre 2025 e 2030 foi aprovada pelo <strong>Congresso Nacional<\/strong>, refor\u00e7ando a preocupa\u00e7\u00e3o com a responsabilidade fiscal.<\/p>\n\n\n\n<h2 class=\"wp-block-heading\">Perspectivas futuras<\/h2>\n\n\n\n<p>O futuro do sal\u00e1rio m\u00ednimo depender\u00e1 de diversos fatores econ\u00f4micos, incluindo o desempenho do PIB e a infla\u00e7\u00e3o. A nova f\u00f3rmula de c\u00e1lculo proporciona uma estrutura mais previs\u00edvel e controlada, mas o desafio ser\u00e1 manter o equil\u00edbrio entre o aumento do poder aquisitivo dos trabalhadores e a sa\u00fade fiscal do pa\u00eds. Ajustes na f\u00f3rmula podem ser necess\u00e1rios para garantir que o sal\u00e1rio m\u00ednimo continue a atender \u00e0s necessidades dos trabalhadores sem comprometer a estabilidade econ\u00f4mica.<\/p>\n\n\n\n<p>A medida que o governo continua a monitorar a economia, ajustes na f\u00f3rmula podem ser necess\u00e1rios para garantir que o sal\u00e1rio m\u00ednimo continue a atender \u00e0s necessidades dos trabalhadores sem comprometer a estabilidade econ\u00f4mica.<\/p>\n","protected":false},"excerpt":{"rendered":"<p>Em 2025, o sal\u00e1rio m\u00ednimo no Brasil foi reajustado para R$ 1.518. Este aumento representa um reajuste de 7,5%, superando a infla\u00e7\u00e3o acumulada no per\u00edodo. Essa mudan\u00e7a visa equilibrar o or\u00e7amento p\u00fablico, mantendo a responsabilidade fiscal. O presidente Luiz In\u00e1cio Lula da Silva assinou o decreto que oficializa o novo valor do sal\u00e1rio m\u00ednimo, que [&hellip;]<\/p>\n","protected":false},"author":5,"featured_media":16180,"comment_status":"open","ping_status":"open","sticky":false,"template":"","format":"standard","meta":{"jnews-multi-image_gallery":[],"jnews_single_post":{"format":"standard"},"jnews_primary_category":[],"jnews_social_meta":[],"jnews_override_counter":[],"footnotes":""},"categories":[28,1],"tags":[158,160,717],"class_list":["post-23216","post","type-post","status-publish","format-standard","has-post-thumbnail","hentry","category-economia","category-noticias","tag-brasil","tag-economia","tag-salario-minimo"],"yoast_head":"<!-- This site is optimized with the Yoast SEO plugin v23.8 - https:\/\/yoast.com\/wordpress\/plugins\/seo\/ -->\n<title>Sal\u00e1rio m\u00ednimo de 2025 \u00e9 reajustado e decretado por Lula - Estado de Minas - Em foco<\/title>\n<meta name=\"description\" content=\"Entenda como funciona o novo c\u00e1lculo do sal\u00e1rio m\u00ednimo em 2025, com base na infla\u00e7\u00e3o, PIB e limites para ganho real.\" \/>\n<meta name=\"robots\" content=\"index, follow, max-snippet:-1, max-image-preview:large, max-video-preview:-1\" \/>\n<link rel=\"canonical\" href=\"https:\/\/www.em.com.br\/emfoco\/2025\/03\/09\/salario-minimo-de-2025-e-reajustado-e-decretado-por-lula\/\" \/>\n<meta property=\"og:locale\" content=\"pt_BR\" \/>\n<meta property=\"og:type\" content=\"article\" \/>\n<meta property=\"og:title\" content=\"Sal\u00e1rio m\u00ednimo de 2025 \u00e9 reajustado e decretado por Lula - Estado de Minas - Em foco\" \/>\n<meta property=\"og:description\" content=\"Entenda como funciona o novo c\u00e1lculo do sal\u00e1rio m\u00ednimo em 2025, com base na infla\u00e7\u00e3o, PIB e limites para ganho real.\" \/>\n<meta property=\"og:url\" content=\"https:\/\/www.em.com.br\/emfoco\/2025\/03\/09\/salario-minimo-de-2025-e-reajustado-e-decretado-por-lula\/\" \/>\n<meta property=\"og:site_name\" content=\"Estado de Minas - Em foco\" \/>\n<meta property=\"article:published_time\" content=\"2025-03-09T11:40:00+00:00\" \/>\n<meta property=\"article:modified_time\" content=\"2025-02-26T19:28:14+00:00\" \/>\n<meta property=\"og:image\" content=\"https:\/\/www.em.com.br\/emfoco\/wp-content\/uploads\/2025\/02\/esse-42.jpg\" \/>\n\t<meta property=\"og:image:width\" content=\"1280\" \/>\n\t<meta property=\"og:image:height\" content=\"720\" \/>\n\t<meta property=\"og:image:type\" content=\"image\/jpeg\" \/>\n<meta name=\"author\" content=\"N\u00fabia Rangel\" \/>\n<meta name=\"twitter:card\" content=\"summary_large_image\" \/>\n<meta name=\"twitter:label1\" content=\"Escrito por\" \/>\n\t<meta name=\"twitter:data1\" content=\"N\u00fabia Rangel\" \/>\n\t<meta name=\"twitter:label2\" content=\"Est. tempo de leitura\" \/>\n\t<meta name=\"twitter:data2\" content=\"3 minutos\" \/>\n<!-- \/ Yoast SEO plugin. -->","yoast_head_json":{"title":"Sal\u00e1rio m\u00ednimo de 2025 \u00e9 reajustado e decretado por Lula - Estado de Minas - Em foco","description":"Entenda como funciona o novo c\u00e1lculo do sal\u00e1rio m\u00ednimo em 2025, com base na infla\u00e7\u00e3o, PIB e limites para ganho real.","robots":{"index":"index","follow":"follow","max-snippet":"max-snippet:-1","max-image-preview":"max-image-preview:large","max-video-preview":"max-video-preview:-1"},"canonical":"https:\/\/www.em.com.br\/emfoco\/2025\/03\/09\/salario-minimo-de-2025-e-reajustado-e-decretado-por-lula\/","og_locale":"pt_BR","og_type":"article","og_title":"Sal\u00e1rio m\u00ednimo de 2025 \u00e9 reajustado e decretado por Lula - Estado de Minas - Em foco","og_description":"Entenda como funciona o novo c\u00e1lculo do sal\u00e1rio m\u00ednimo em 2025, com base na infla\u00e7\u00e3o, PIB e limites para ganho real.","og_url":"https:\/\/www.em.com.br\/emfoco\/2025\/03\/09\/salario-minimo-de-2025-e-reajustado-e-decretado-por-lula\/","og_site_name":"Estado de Minas - Em foco","article_published_time":"2025-03-09T11:40:00+00:00","article_modified_time":"2025-02-26T19:28:14+00:00","og_image":[{"width":1280,"height":720,"url":"https:\/\/www.em.com.br\/emfoco\/wp-content\/uploads\/2025\/02\/esse-42.jpg","type":"image\/jpeg"}],"author":"N\u00fabia Rangel","twitter_card":"summary_large_image","twitter_misc":{"Escrito por":"N\u00fabia Rangel","Est. tempo de leitura":"3 minutos"},"schema":{"@context":"https:\/\/schema.org","@graph":[{"@type":"WebPage","@id":"https:\/\/www.em.com.br\/emfoco\/2025\/03\/09\/salario-minimo-de-2025-e-reajustado-e-decretado-por-lula\/","url":"https:\/\/www.em.com.br\/emfoco\/2025\/03\/09\/salario-minimo-de-2025-e-reajustado-e-decretado-por-lula\/","name":"Sal\u00e1rio m\u00ednimo de 2025 \u00e9 reajustado e decretado por Lula - Estado de Minas - Em foco","isPartOf":{"@id":"https:\/\/www.em.com.br\/emfoco\/#website"},"primaryImageOfPage":{"@id":"https:\/\/www.em.com.br\/emfoco\/2025\/03\/09\/salario-minimo-de-2025-e-reajustado-e-decretado-por-lula\/#primaryimage"},"image":{"@id":"https:\/\/www.em.com.br\/emfoco\/2025\/03\/09\/salario-minimo-de-2025-e-reajustado-e-decretado-por-lula\/#primaryimage"},"thumbnailUrl":"https:\/\/www.em.com.br\/emfoco\/wp-content\/uploads\/2025\/02\/esse-42.jpg","datePublished":"2025-03-09T11:40:00+00:00","dateModified":"2025-02-26T19:28:14+00:00","author":{"@id":"https:\/\/www.em.com.br\/emfoco\/#\/schema\/person\/524437ef54f8a5d32591b143307f2e20"},"description":"Entenda como funciona o novo c\u00e1lculo do sal\u00e1rio m\u00ednimo em 2025, com base na infla\u00e7\u00e3o, PIB e limites para ganho real.","breadcrumb":{"@id":"https:\/\/www.em.com.br\/emfoco\/2025\/03\/09\/salario-minimo-de-2025-e-reajustado-e-decretado-por-lula\/#breadcrumb"},"inLanguage":"pt-BR","potentialAction":[{"@type":"ReadAction","target":["https:\/\/www.em.com.br\/emfoco\/2025\/03\/09\/salario-minimo-de-2025-e-reajustado-e-decretado-por-lula\/"]}]},{"@type":"ImageObject","inLanguage":"pt-BR","@id":"https:\/\/www.em.com.br\/emfoco\/2025\/03\/09\/salario-minimo-de-2025-e-reajustado-e-decretado-por-lula\/#primaryimage","url":"https:\/\/www.em.com.br\/emfoco\/wp-content\/uploads\/2025\/02\/esse-42.jpg","contentUrl":"https:\/\/www.em.com.br\/emfoco\/wp-content\/uploads\/2025\/02\/esse-42.jpg","width":1280,"height":720,"caption":"Presidente Lula - Cr\u00e9ditos: Wikimedia Commons"},{"@type":"BreadcrumbList","@id":"https:\/\/www.em.com.br\/emfoco\/2025\/03\/09\/salario-minimo-de-2025-e-reajustado-e-decretado-por-lula\/#breadcrumb","itemListElement":[{"@type":"ListItem","position":1,"name":"In\u00edcio","item":"https:\/\/www.em.com.br\/emfoco\/"},{"@type":"ListItem","position":2,"name":"Sal\u00e1rio m\u00ednimo de 2025 \u00e9 reajustado e decretado por Lula"}]},{"@type":"WebSite","@id":"https:\/\/www.em.com.br\/emfoco\/#website","url":"https:\/\/www.em.com.br\/emfoco\/","name":"Estado de Minas - Em foco","description":"Acompanhe as \u00faltimas not\u00edcias e fique bem informado sobre tudo o que acontece em Minas Gerais, Brasil e no mundo.","potentialAction":[{"@type":"SearchAction","target":{"@type":"EntryPoint","urlTemplate":"https:\/\/www.em.com.br\/emfoco\/?s={search_term_string}"},"query-input":{"@type":"PropertyValueSpecification","valueRequired":true,"valueName":"search_term_string"}}],"inLanguage":"pt-BR"},{"@type":"Person","@id":"https:\/\/www.em.com.br\/emfoco\/#\/schema\/person\/524437ef54f8a5d32591b143307f2e20","name":"N\u00fabia Rangel","image":{"@type":"ImageObject","inLanguage":"pt-BR","@id":"https:\/\/www.em.com.br\/emfoco\/#\/schema\/person\/image\/","url":"https:\/\/secure.gravatar.com\/avatar\/47cff2827a5ba23c37e8068c86817ea4?s=96&d=mm&r=g","contentUrl":"https:\/\/secure.gravatar.com\/avatar\/47cff2827a5ba23c37e8068c86817ea4?s=96&d=mm&r=g","caption":"N\u00fabia Rangel"},"sameAs":["https:\/\/www.em.com.br\/emfoco\/"],"url":"https:\/\/www.em.com.br\/emfoco\/author\/nubiamyth\/"}]}},"_links":{"self":[{"href":"https:\/\/www.em.com.br\/emfoco\/wp-json\/wp\/v2\/posts\/23216","targetHints":{"allow":["GET"]}}],"collection":[{"href":"https:\/\/www.em.com.br\/emfoco\/wp-json\/wp\/v2\/posts"}],"about":[{"href":"https:\/\/www.em.com.br\/emfoco\/wp-json\/wp\/v2\/types\/post"}],"author":[{"embeddable":true,"href":"https:\/\/www.em.com.br\/emfoco\/wp-json\/wp\/v2\/users\/5"}],"replies":[{"embeddable":true,"href":"https:\/\/www.em.com.br\/emfoco\/wp-json\/wp\/v2\/comments?post=23216"}],"version-history":[{"count":2,"href":"https:\/\/www.em.com.br\/emfoco\/wp-json\/wp\/v2\/posts\/23216\/revisions"}],"predecessor-version":[{"id":23218,"href":"https:\/\/www.em.com.br\/emfoco\/wp-json\/wp\/v2\/posts\/23216\/revisions\/23218"}],"wp:featuredmedia":[{"embeddable":true,"href":"https:\/\/www.em.com.br\/emfoco\/wp-json\/wp\/v2\/media\/16180"}],"wp:attachment":[{"href":"https:\/\/www.em.com.br\/emfoco\/wp-json\/wp\/v2\/media?parent=23216"}],"wp:term":[{"taxonomy":"category","embeddable":true,"href":"https:\/\/www.em.com.br\/emfoco\/wp-json\/wp\/v2\/categories?post=23216"},{"taxonomy":"post_tag","embeddable":true,"href":"https:\/\/www.em.com.br\/emfoco\/wp-json\/wp\/v2\/tags?post=23216"}],"curies":[{"name":"wp","href":"https:\/\/api.w.org\/{rel}","templated":true}]}}