{"id":23194,"date":"2025-03-08T16:40:00","date_gmt":"2025-03-08T19:40:00","guid":{"rendered":"https:\/\/www.em.com.br\/emfoco\/?p=23194"},"modified":"2025-02-26T15:41:15","modified_gmt":"2025-02-26T18:41:15","slug":"especialistas-revelam-o-segredo-para-ser-mais-resiliente-e-positivo","status":"publish","type":"post","link":"https:\/\/www.em.com.br\/emfoco\/2025\/03\/08\/especialistas-revelam-o-segredo-para-ser-mais-resiliente-e-positivo\/","title":{"rendered":"Especialistas revelam o segredo para ser mais resiliente e positivo"},"content":{"rendered":"\n<p>Os pensamentos negativos s\u00e3o comuns e podem surgir em qualquer momento, impactando a autoestima e a qualidade de <strong><a href=\"https:\/\/www.em.com.br\/emfoco\/2025\/02\/04\/o-segredo-para-uma-vida-mais-saudavel-pode-estar-no-brocolis\/\" target=\"_blank\" rel=\"noreferrer noopener\">vida<\/a><\/strong>. Aprender a gerenci\u00e1-los \u00e9 essencial para manter o <strong><a href=\"https:\/\/www.significados.com.br\/bem-estar\/#:~:text=Bem%20estar%20%C3%A9%20um%20conjunto,em%20todos%20os%20seus%20aspectos.\" target=\"_blank\" rel=\"noreferrer noopener\">bem-estar<\/a><\/strong> emocional. Uma t\u00e9cnica eficaz para lidar com esses pensamentos envolve interromp\u00ea-los e substitu\u00ed-los por alternativas mais construtivas.<\/p>\n\n\n\n<p>Essa abordagem n\u00e3o apenas ajuda a redirecionar o foco mental, mas tamb\u00e9m promove uma mentalidade mais equilibrada. Quando pensamentos de autocr\u00edtica ou pessimismo se tornam frequentes, aplicar essa t\u00e9cnica pode ser transformador.<\/p>\n\n\n\n<h2 class=\"wp-block-heading\">O m\u00e9todo de interrup\u00e7\u00e3o e substitui\u00e7\u00e3o<\/h2>\n\n\n\n<p>O m\u00e9todo de <strong>Interrup\u00e7\u00e3o e Substitui\u00e7\u00e3o<\/strong> \u00e9 uma ferramenta pr\u00e1tica para enfrentar pensamentos negativos. Ele consiste em tr\u00eas etapas principais: reconhecer, interromper e substituir. Este processo visa reconfigurar o padr\u00e3o de pensamento, incentivando uma perspectiva mais positiva.<\/p>\n\n\n\n<ol class=\"wp-block-list\">\n<li><strong>Identifica\u00e7\u00e3o do Pensamento:<\/strong> O primeiro passo \u00e9 estar atento aos pensamentos que surgem. Muitas vezes, eles aparecem de forma autom\u00e1tica, sem que se perceba. Ao identificar um pensamento negativo, \u00e9 importante reconhec\u00ea-lo conscientemente.<\/li>\n\n\n\n<li><strong>Interrup\u00e7\u00e3o do Ciclo:<\/strong> Ap\u00f3s identificar o pensamento, \u00e9 necess\u00e1rio interromp\u00ea-lo. Isso pode ser feito atrav\u00e9s de a\u00e7\u00f5es simples, como respirar profundamente, mudar de ambiente ou realizar uma atividade diferente.<\/li>\n\n\n\n<li><strong>Substitui\u00e7\u00e3o por Pensamentos Positivos:<\/strong> O \u00faltimo passo \u00e9 substituir o pensamento negativo por um mais positivo ou realista. Por exemplo, ao pensar \u201cN\u00e3o sou capaz\u201d, pode-se trocar por \u201cPosso enfrentar desafios e aprender com eles\u201d.<\/li>\n<\/ol>\n\n\n\n<figure class=\"wp-block-image size-large\"><img loading=\"lazy\" decoding=\"async\" width=\"1024\" height=\"576\" src=\"https:\/\/www.em.com.br\/emfoco\/wp-content\/uploads\/2025\/02\/sucesso-2-1024x576.jpg\" alt=\"Essa semana ser\u00e1 promissora para esses 3 signos! Veja se voc\u00ea est\u00e1 entre eles\" class=\"wp-image-18799\" srcset=\"https:\/\/www.em.com.br\/emfoco\/wp-content\/uploads\/2025\/02\/sucesso-2-1024x576.jpg 1024w, https:\/\/www.em.com.br\/emfoco\/wp-content\/uploads\/2025\/02\/sucesso-2-300x169.jpg 300w, https:\/\/www.em.com.br\/emfoco\/wp-content\/uploads\/2025\/02\/sucesso-2-768x432.jpg 768w, https:\/\/www.em.com.br\/emfoco\/wp-content\/uploads\/2025\/02\/sucesso-2-750x422.jpg 750w, https:\/\/www.em.com.br\/emfoco\/wp-content\/uploads\/2025\/02\/sucesso-2-1140x641.jpg 1140w, https:\/\/www.em.com.br\/emfoco\/wp-content\/uploads\/2025\/02\/sucesso-2.jpg 1280w\" sizes=\"auto, (max-width: 1024px) 100vw, 1024px\" \/><figcaption class=\"wp-element-caption\">Imagem ilustrativa pessoa feliz &#8211; Cr\u00e9ditos: depositphotos.com \/ peshkova<\/figcaption><\/figure>\n\n\n\n<h2 class=\"wp-block-heading\">Pr\u00e1ticas para fortalecer a positividade<\/h2>\n\n\n\n<p>Al\u00e9m da t\u00e9cnica de Interrup\u00e7\u00e3o e Substitui\u00e7\u00e3o, outras pr\u00e1ticas podem ajudar a cultivar uma mentalidade positiva. Manter um di\u00e1rio de gratid\u00e3o, por exemplo, permite focar nos aspectos positivos do dia a dia. Anotar pequenas conquistas ou momentos agrad\u00e1veis pode refor\u00e7ar uma vis\u00e3o mais otimista.<\/p>\n\n\n\n<p>Outro m\u00e9todo eficaz \u00e9 o uso de afirma\u00e7\u00f5es positivas. Repetir frases encorajadoras, como \u201cEstou no controle da minha vida\u201d ou \u201cConfio nas minhas capacidades\u201d, pode ajudar a reprogramar a mente para pensar de forma mais construtiva.<\/p>\n\n\n\n<h2 class=\"wp-block-heading\">Impacto a longo prazo<\/h2>\n\n\n\n<p>Adotar essas estrat\u00e9gias n\u00e3o significa ignorar os desafios, mas sim abord\u00e1-los de maneira mais equilibrada. Com pr\u00e1tica consistente, a t\u00e9cnica de Interrup\u00e7\u00e3o e Substitui\u00e7\u00e3o pode transformar a maneira como se lida com pensamentos negativos, promovendo um estado mental mais saud\u00e1vel e produtivo.<\/p>\n\n\n\n<p>Essas pr\u00e1ticas, quando incorporadas ao cotidiano, podem n\u00e3o apenas melhorar o bem-estar emocional, mas tamb\u00e9m aumentar a resili\u00eancia diante das adversidades. Com o tempo, a mente se torna mais h\u00e1bil em focar no positivo, contribuindo para uma vida mais satisfat\u00f3ria.<\/p>\n","protected":false},"excerpt":{"rendered":"<p>Os pensamentos negativos s\u00e3o comuns e podem surgir em qualquer momento, impactando a autoestima e a qualidade de vida. Aprender a gerenci\u00e1-los \u00e9 essencial para manter o bem-estar emocional. Uma t\u00e9cnica eficaz para lidar com esses pensamentos envolve interromp\u00ea-los e substitu\u00ed-los por alternativas mais construtivas. Essa abordagem n\u00e3o apenas ajuda a redirecionar o foco mental, [&hellip;]<\/p>\n","protected":false},"author":5,"featured_media":23197,"comment_status":"open","ping_status":"open","sticky":false,"template":"","format":"standard","meta":{"jnews-multi-image_gallery":[],"jnews_single_post":{"format":"standard"},"jnews_primary_category":[],"jnews_social_meta":[],"jnews_override_counter":[],"footnotes":""},"categories":[29,1],"tags":[4985,5058,415,5655],"class_list":["post-23194","post","type-post","status-publish","format-standard","has-post-thumbnail","hentry","category-entretenimento","category-noticias","tag-bem-estar-emocional","tag-felicidade","tag-saude","tag-viver"],"yoast_head":"<!-- This site is optimized with the Yoast SEO plugin v23.8 - https:\/\/yoast.com\/wordpress\/plugins\/seo\/ -->\n<title>Especialistas revelam o segredo para ser mais resiliente e positivo - Estado de Minas - Em foco<\/title>\n<meta name=\"description\" content=\"Aprenda a gerenciar pensamentos negativos com t\u00e9cnica de interrup\u00e7\u00e3o e substitui\u00e7\u00e3o, promovendo uma mentalidade mais positiva e equilibrada.\" \/>\n<meta name=\"robots\" content=\"index, follow, max-snippet:-1, max-image-preview:large, max-video-preview:-1\" \/>\n<link rel=\"canonical\" href=\"https:\/\/www.em.com.br\/emfoco\/2025\/03\/08\/especialistas-revelam-o-segredo-para-ser-mais-resiliente-e-positivo\/\" \/>\n<meta property=\"og:locale\" content=\"pt_BR\" \/>\n<meta property=\"og:type\" content=\"article\" \/>\n<meta property=\"og:title\" content=\"Especialistas revelam o segredo para ser mais resiliente e positivo - Estado de Minas - Em foco\" \/>\n<meta property=\"og:description\" content=\"Aprenda a gerenciar pensamentos negativos com t\u00e9cnica de interrup\u00e7\u00e3o e substitui\u00e7\u00e3o, promovendo uma mentalidade mais positiva e equilibrada.\" \/>\n<meta property=\"og:url\" content=\"https:\/\/www.em.com.br\/emfoco\/2025\/03\/08\/especialistas-revelam-o-segredo-para-ser-mais-resiliente-e-positivo\/\" \/>\n<meta property=\"og:site_name\" content=\"Estado de Minas - Em foco\" \/>\n<meta property=\"article:published_time\" content=\"2025-03-08T19:40:00+00:00\" \/>\n<meta property=\"article:modified_time\" content=\"2025-02-26T18:41:15+00:00\" \/>\n<meta property=\"og:image\" content=\"https:\/\/www.em.com.br\/emfoco\/wp-content\/uploads\/2025\/02\/resiliencia_1740595108032.jpg\" \/>\n\t<meta property=\"og:image:width\" content=\"1280\" \/>\n\t<meta property=\"og:image:height\" content=\"720\" \/>\n\t<meta property=\"og:image:type\" content=\"image\/jpeg\" \/>\n<meta name=\"author\" content=\"N\u00fabia Rangel\" \/>\n<meta name=\"twitter:card\" content=\"summary_large_image\" \/>\n<meta name=\"twitter:label1\" content=\"Escrito por\" \/>\n\t<meta name=\"twitter:data1\" content=\"N\u00fabia Rangel\" \/>\n\t<meta name=\"twitter:label2\" content=\"Est. tempo de leitura\" \/>\n\t<meta name=\"twitter:data2\" content=\"3 minutos\" \/>\n<!-- \/ Yoast SEO plugin. -->","yoast_head_json":{"title":"Especialistas revelam o segredo para ser mais resiliente e positivo - Estado de Minas - Em foco","description":"Aprenda a gerenciar pensamentos negativos com t\u00e9cnica de interrup\u00e7\u00e3o e substitui\u00e7\u00e3o, promovendo uma mentalidade mais positiva e equilibrada.","robots":{"index":"index","follow":"follow","max-snippet":"max-snippet:-1","max-image-preview":"max-image-preview:large","max-video-preview":"max-video-preview:-1"},"canonical":"https:\/\/www.em.com.br\/emfoco\/2025\/03\/08\/especialistas-revelam-o-segredo-para-ser-mais-resiliente-e-positivo\/","og_locale":"pt_BR","og_type":"article","og_title":"Especialistas revelam o segredo para ser mais resiliente e positivo - Estado de Minas - Em foco","og_description":"Aprenda a gerenciar pensamentos negativos com t\u00e9cnica de interrup\u00e7\u00e3o e substitui\u00e7\u00e3o, promovendo uma mentalidade mais positiva e equilibrada.","og_url":"https:\/\/www.em.com.br\/emfoco\/2025\/03\/08\/especialistas-revelam-o-segredo-para-ser-mais-resiliente-e-positivo\/","og_site_name":"Estado de Minas - Em foco","article_published_time":"2025-03-08T19:40:00+00:00","article_modified_time":"2025-02-26T18:41:15+00:00","og_image":[{"width":1280,"height":720,"url":"https:\/\/www.em.com.br\/emfoco\/wp-content\/uploads\/2025\/02\/resiliencia_1740595108032.jpg","type":"image\/jpeg"}],"author":"N\u00fabia Rangel","twitter_card":"summary_large_image","twitter_misc":{"Escrito por":"N\u00fabia Rangel","Est. tempo de leitura":"3 minutos"},"schema":{"@context":"https:\/\/schema.org","@graph":[{"@type":"WebPage","@id":"https:\/\/www.em.com.br\/emfoco\/2025\/03\/08\/especialistas-revelam-o-segredo-para-ser-mais-resiliente-e-positivo\/","url":"https:\/\/www.em.com.br\/emfoco\/2025\/03\/08\/especialistas-revelam-o-segredo-para-ser-mais-resiliente-e-positivo\/","name":"Especialistas revelam o segredo para ser mais resiliente e positivo - Estado de Minas - Em foco","isPartOf":{"@id":"https:\/\/www.em.com.br\/emfoco\/#website"},"primaryImageOfPage":{"@id":"https:\/\/www.em.com.br\/emfoco\/2025\/03\/08\/especialistas-revelam-o-segredo-para-ser-mais-resiliente-e-positivo\/#primaryimage"},"image":{"@id":"https:\/\/www.em.com.br\/emfoco\/2025\/03\/08\/especialistas-revelam-o-segredo-para-ser-mais-resiliente-e-positivo\/#primaryimage"},"thumbnailUrl":"https:\/\/www.em.com.br\/emfoco\/wp-content\/uploads\/2025\/02\/resiliencia_1740595108032.jpg","datePublished":"2025-03-08T19:40:00+00:00","dateModified":"2025-02-26T18:41:15+00:00","author":{"@id":"https:\/\/www.em.com.br\/emfoco\/#\/schema\/person\/524437ef54f8a5d32591b143307f2e20"},"description":"Aprenda a gerenciar pensamentos negativos com t\u00e9cnica de interrup\u00e7\u00e3o e substitui\u00e7\u00e3o, promovendo uma mentalidade mais positiva e equilibrada.","breadcrumb":{"@id":"https:\/\/www.em.com.br\/emfoco\/2025\/03\/08\/especialistas-revelam-o-segredo-para-ser-mais-resiliente-e-positivo\/#breadcrumb"},"inLanguage":"pt-BR","potentialAction":[{"@type":"ReadAction","target":["https:\/\/www.em.com.br\/emfoco\/2025\/03\/08\/especialistas-revelam-o-segredo-para-ser-mais-resiliente-e-positivo\/"]}]},{"@type":"ImageObject","inLanguage":"pt-BR","@id":"https:\/\/www.em.com.br\/emfoco\/2025\/03\/08\/especialistas-revelam-o-segredo-para-ser-mais-resiliente-e-positivo\/#primaryimage","url":"https:\/\/www.em.com.br\/emfoco\/wp-content\/uploads\/2025\/02\/resiliencia_1740595108032.jpg","contentUrl":"https:\/\/www.em.com.br\/emfoco\/wp-content\/uploads\/2025\/02\/resiliencia_1740595108032.jpg","width":1280,"height":720,"caption":"Resili\u00eancia - Cr\u00e9ditos: depositphotos.com \/ IgorVetushko"},{"@type":"BreadcrumbList","@id":"https:\/\/www.em.com.br\/emfoco\/2025\/03\/08\/especialistas-revelam-o-segredo-para-ser-mais-resiliente-e-positivo\/#breadcrumb","itemListElement":[{"@type":"ListItem","position":1,"name":"In\u00edcio","item":"https:\/\/www.em.com.br\/emfoco\/"},{"@type":"ListItem","position":2,"name":"Especialistas revelam o segredo para ser mais resiliente e positivo"}]},{"@type":"WebSite","@id":"https:\/\/www.em.com.br\/emfoco\/#website","url":"https:\/\/www.em.com.br\/emfoco\/","name":"Estado de Minas - Em foco","description":"Acompanhe as \u00faltimas not\u00edcias e fique bem informado sobre tudo o que acontece em Minas Gerais, Brasil e no mundo.","potentialAction":[{"@type":"SearchAction","target":{"@type":"EntryPoint","urlTemplate":"https:\/\/www.em.com.br\/emfoco\/?s={search_term_string}"},"query-input":{"@type":"PropertyValueSpecification","valueRequired":true,"valueName":"search_term_string"}}],"inLanguage":"pt-BR"},{"@type":"Person","@id":"https:\/\/www.em.com.br\/emfoco\/#\/schema\/person\/524437ef54f8a5d32591b143307f2e20","name":"N\u00fabia Rangel","image":{"@type":"ImageObject","inLanguage":"pt-BR","@id":"https:\/\/www.em.com.br\/emfoco\/#\/schema\/person\/image\/","url":"https:\/\/secure.gravatar.com\/avatar\/47cff2827a5ba23c37e8068c86817ea4?s=96&d=mm&r=g","contentUrl":"https:\/\/secure.gravatar.com\/avatar\/47cff2827a5ba23c37e8068c86817ea4?s=96&d=mm&r=g","caption":"N\u00fabia Rangel"},"sameAs":["https:\/\/www.em.com.br\/emfoco\/"],"url":"https:\/\/www.em.com.br\/emfoco\/author\/nubiamyth\/"}]}},"_links":{"self":[{"href":"https:\/\/www.em.com.br\/emfoco\/wp-json\/wp\/v2\/posts\/23194","targetHints":{"allow":["GET"]}}],"collection":[{"href":"https:\/\/www.em.com.br\/emfoco\/wp-json\/wp\/v2\/posts"}],"about":[{"href":"https:\/\/www.em.com.br\/emfoco\/wp-json\/wp\/v2\/types\/post"}],"author":[{"embeddable":true,"href":"https:\/\/www.em.com.br\/emfoco\/wp-json\/wp\/v2\/users\/5"}],"replies":[{"embeddable":true,"href":"https:\/\/www.em.com.br\/emfoco\/wp-json\/wp\/v2\/comments?post=23194"}],"version-history":[{"count":3,"href":"https:\/\/www.em.com.br\/emfoco\/wp-json\/wp\/v2\/posts\/23194\/revisions"}],"predecessor-version":[{"id":23198,"href":"https:\/\/www.em.com.br\/emfoco\/wp-json\/wp\/v2\/posts\/23194\/revisions\/23198"}],"wp:featuredmedia":[{"embeddable":true,"href":"https:\/\/www.em.com.br\/emfoco\/wp-json\/wp\/v2\/media\/23197"}],"wp:attachment":[{"href":"https:\/\/www.em.com.br\/emfoco\/wp-json\/wp\/v2\/media?parent=23194"}],"wp:term":[{"taxonomy":"category","embeddable":true,"href":"https:\/\/www.em.com.br\/emfoco\/wp-json\/wp\/v2\/categories?post=23194"},{"taxonomy":"post_tag","embeddable":true,"href":"https:\/\/www.em.com.br\/emfoco\/wp-json\/wp\/v2\/tags?post=23194"}],"curies":[{"name":"wp","href":"https:\/\/api.w.org\/{rel}","templated":true}]}}