{"id":23113,"date":"2025-02-27T19:20:03","date_gmt":"2025-02-27T22:20:03","guid":{"rendered":"https:\/\/www.em.com.br\/emfoco\/?p=23113"},"modified":"2025-02-26T12:25:11","modified_gmt":"2025-02-26T15:25:11","slug":"a-cidade-dos-recordes-e-curiosidades-que-voce-precisa-conhecer","status":"publish","type":"post","link":"https:\/\/www.em.com.br\/emfoco\/2025\/02\/27\/a-cidade-dos-recordes-e-curiosidades-que-voce-precisa-conhecer\/","title":{"rendered":"A cidade dos recordes e curiosidades que voc\u00ea precisa conhecer"},"content":{"rendered":"\n<p><strong><a href=\"https:\/\/pt.wikipedia.org\/wiki\/S%C3%A3o_Paulo\">S\u00e3o Paulo<\/a><\/strong>, a vibrante capital do estado hom\u00f4nimo, celebra 471 anos de hist\u00f3ria rica e <a href=\"https:\/\/www.em.com.br\/emfoco\/2025\/01\/14\/por-que-a-cultura-mineira-e-tao-rica-e-diversificada\/\" target=\"_blank\" rel=\"noreferrer noopener\">diversificada<\/a>. Desde a sua funda\u00e7\u00e3o por padres jesu\u00edtas no planalto de Piratininga, a cidade evoluiu para se tornar um dos principais centros culturais e econ\u00f4micos do <strong>Brasil<\/strong>. Em homenagem a esta data especial, exploramos algumas curiosidades que destacam a singularidade desta metr\u00f3pole.<\/p>\n\n\n\n<p>Com uma trajet\u00f3ria marcada por eventos inusitados e estat\u00edsticas impressionantes, S\u00e3o Paulo \u00e9 uma cidade que nunca deixa de surpreender. A seguir, apresentamos cinco fatos curiosos que ilustram a diversidade e a complexidade da capital paulista.<\/p>\n\n\n\n<h2 class=\"wp-block-heading\">Quando S\u00e3o Paulo se tornou a capital do estado?<\/h2>\n\n\n\n<p>Fundada em 1554, a cidade de S\u00e3o Paulo inicialmente era conhecida como <strong>Vila de S\u00e3o Paulo<\/strong>. Em 1681, a cidade foi nomeada capital da <strong>Capitania <\/strong>de <strong>S\u00e3o Vicente<\/strong>, atual estado de S\u00e3o Paulo. Desde ent\u00e3o, S\u00e3o Paulo mant\u00e9m o status de capital do estado h\u00e1 333 anos, desempenhando um papel central na pol\u00edtica e economia regionais.<\/p>\n\n\n\n<h2 class=\"wp-block-heading\">Como um rinoceronte se tornou vereador em S\u00e3o Paulo?<\/h2>\n\n\n\n<p>Em um epis\u00f3dio peculiar da hist\u00f3ria pol\u00edtica de S\u00e3o Paulo, um rinoceronte chamado Cacareco foi eleito vereador em 1959. Este evento ocorreu como um voto de protesto, organizado pelo jornalista Itabora\u00ed Martins, refletindo a insatisfa\u00e7\u00e3o da popula\u00e7\u00e3o com os pol\u00edticos da \u00e9poca. Cacareco, que nasceu no Rio de Janeiro e foi emprestado ao Zool\u00f3gico de S\u00e3o Paulo, recebeu quase 100 mil votos, superando todos os outros candidatos.<\/p>\n\n\n<div class=\"wp-block-image\">\n<figure class=\"aligncenter size-large\"><img loading=\"lazy\" decoding=\"async\" width=\"1024\" height=\"576\" src=\"https:\/\/www.em.com.br\/emfoco\/wp-content\/uploads\/2024\/12\/Sao-Paulo_1734816713042-1024x576.jpg\" alt=\"A cidade dos recordes e curiosidades que voc\u00ea precisa conhecer\" class=\"wp-image-6172\" srcset=\"https:\/\/www.em.com.br\/emfoco\/wp-content\/uploads\/2024\/12\/Sao-Paulo_1734816713042-1024x576.jpg 1024w, https:\/\/www.em.com.br\/emfoco\/wp-content\/uploads\/2024\/12\/Sao-Paulo_1734816713042-300x169.jpg 300w, https:\/\/www.em.com.br\/emfoco\/wp-content\/uploads\/2024\/12\/Sao-Paulo_1734816713042-768x432.jpg 768w, https:\/\/www.em.com.br\/emfoco\/wp-content\/uploads\/2024\/12\/Sao-Paulo_1734816713042-750x422.jpg 750w, https:\/\/www.em.com.br\/emfoco\/wp-content\/uploads\/2024\/12\/Sao-Paulo_1734816713042-1140x641.jpg 1140w, https:\/\/www.em.com.br\/emfoco\/wp-content\/uploads\/2024\/12\/Sao-Paulo_1734816713042.jpg 1280w\" sizes=\"auto, (max-width: 1024px) 100vw, 1024px\" \/><figcaption class=\"wp-element-caption\">S\u00e3o Paulo &#8211; Cr\u00e9ditos: depositphotos.com \/ thiagogleite<\/figcaption><\/figure><\/div>\n\n\n<h2 class=\"wp-block-heading\">Quantos ratos vivem em S\u00e3o Paulo?<\/h2>\n\n\n\n<p>De acordo com uma estimativa de 2018 do Centro de Controle de Zoonoses de S\u00e3o Paulo, a cidade abriga cerca de 160 milh\u00f5es de ratos. Este n\u00famero \u00e9 surpreendente, especialmente quando comparado \u00e0 popula\u00e7\u00e3o humana da cidade, que \u00e9 de pouco mais de 11 milh\u00f5es de habitantes. A quantidade de roedores \u00e9, portanto, 15 vezes maior que a popula\u00e7\u00e3o humana, destacando um desafio significativo para a sa\u00fade p\u00fablica.<\/p>\n\n\n\n<h2 class=\"wp-block-heading\">Qual \u00e9 o maior cemit\u00e9rio da Am\u00e9rica Latina?<\/h2>\n\n\n\n<p>O Cemit\u00e9rio da Vila Formosa, localizado na zona Leste de S\u00e3o Paulo, \u00e9 o maior cemit\u00e9rio da Am\u00e9rica Latina. Com uma \u00e1rea de 763 mil metros quadrados, o cemit\u00e9rio j\u00e1 realizou mais de 1,5 milh\u00e3o de sepultamentos desde sua funda\u00e7\u00e3o em 1949. Este fato ressalta a import\u00e2ncia hist\u00f3rica e cultural do local para a cidade.<\/p>\n\n\n\n<h2 class=\"wp-block-heading\">Por que S\u00e3o Paulo \u00e9 famosa por suas pizzas?<\/h2>\n\n\n\n<p>Os paulistanos s\u00e3o apaixonados por pizza, tanto que S\u00e3o Paulo \u00e9 a segunda cidade que mais consome pizza no mundo, ficando atr\u00e1s apenas de Nova York. Em 2021, a Associa\u00e7\u00e3o de Pizzarias Unidas de S\u00e3o Paulo destacou essa prefer\u00eancia culin\u00e1ria, que \u00e9 uma parte integral da cultura gastron\u00f4mica da cidade.<\/p>\n\n\n\n<p>Essas curiosidades n\u00e3o apenas revelam aspectos \u00fanicos de S\u00e3o Paulo, mas tamb\u00e9m celebram a diversidade e a resili\u00eancia de uma cidade que continua a evoluir e a fascinar tanto seus habitantes quanto visitantes.<\/p>\n","protected":false},"excerpt":{"rendered":"<p>S\u00e3o Paulo, a vibrante capital do estado hom\u00f4nimo, celebra 471 anos de hist\u00f3ria rica e diversificada. Desde a sua funda\u00e7\u00e3o por padres jesu\u00edtas no planalto de Piratininga, a cidade evoluiu para se tornar um dos principais centros culturais e econ\u00f4micos do Brasil. Em homenagem a esta data especial, exploramos algumas curiosidades que destacam a singularidade [&hellip;]<\/p>\n","protected":false},"author":7,"featured_media":6173,"comment_status":"open","ping_status":"open","sticky":false,"template":"","format":"standard","meta":{"jnews-multi-image_gallery":[],"jnews_single_post":{"format":"standard"},"jnews_primary_category":[],"jnews_social_meta":[],"jnews_override_counter":[],"footnotes":""},"categories":[26],"tags":[2014,159,5640,5641],"class_list":["post-23113","post","type-post","status-publish","format-standard","has-post-thumbnail","hentry","category-cidades","tag-cidade-brasileira","tag-cultura","tag-curiosiades","tag-hitoria"],"yoast_head":"<!-- This site is optimized with the Yoast SEO plugin v23.8 - https:\/\/yoast.com\/wordpress\/plugins\/seo\/ -->\n<title>A cidade dos recordes e curiosidades que voc\u00ea precisa conhecer - Estado de Minas - Em foco<\/title>\n<meta name=\"description\" content=\"Descubra segredos de S\u00e3o Paulo, a metr\u00f3pole que nunca dorme. Curiosidades, hist\u00f3rias e fatos surpreendentes que voc\u00ea precisa conhecer.\" \/>\n<meta name=\"robots\" content=\"index, follow, max-snippet:-1, max-image-preview:large, max-video-preview:-1\" \/>\n<link rel=\"canonical\" href=\"https:\/\/www.em.com.br\/emfoco\/2025\/02\/27\/a-cidade-dos-recordes-e-curiosidades-que-voce-precisa-conhecer\/\" \/>\n<meta property=\"og:locale\" content=\"pt_BR\" \/>\n<meta property=\"og:type\" content=\"article\" \/>\n<meta property=\"og:title\" content=\"A cidade dos recordes e curiosidades que voc\u00ea precisa conhecer - Estado de Minas - Em foco\" \/>\n<meta property=\"og:description\" content=\"Descubra segredos de S\u00e3o Paulo, a metr\u00f3pole que nunca dorme. Curiosidades, hist\u00f3rias e fatos surpreendentes que voc\u00ea precisa conhecer.\" \/>\n<meta property=\"og:url\" content=\"https:\/\/www.em.com.br\/emfoco\/2025\/02\/27\/a-cidade-dos-recordes-e-curiosidades-que-voce-precisa-conhecer\/\" \/>\n<meta property=\"og:site_name\" content=\"Estado de Minas - Em foco\" \/>\n<meta property=\"article:published_time\" content=\"2025-02-27T22:20:03+00:00\" \/>\n<meta property=\"article:modified_time\" content=\"2025-02-26T15:25:11+00:00\" \/>\n<meta property=\"og:image\" content=\"https:\/\/www.em.com.br\/emfoco\/wp-content\/uploads\/2024\/12\/Sao-Paulo_1734816794711.jpg\" \/>\n\t<meta property=\"og:image:width\" content=\"1280\" \/>\n\t<meta property=\"og:image:height\" content=\"720\" \/>\n\t<meta property=\"og:image:type\" content=\"image\/jpeg\" \/>\n<meta name=\"author\" content=\"Kelvin\" \/>\n<meta name=\"twitter:card\" content=\"summary_large_image\" \/>\n<meta name=\"twitter:label1\" content=\"Escrito por\" \/>\n\t<meta name=\"twitter:data1\" content=\"Kelvin\" \/>\n\t<meta name=\"twitter:label2\" content=\"Est. tempo de leitura\" \/>\n\t<meta name=\"twitter:data2\" content=\"3 minutos\" \/>\n<!-- \/ Yoast SEO plugin. -->","yoast_head_json":{"title":"A cidade dos recordes e curiosidades que voc\u00ea precisa conhecer - Estado de Minas - Em foco","description":"Descubra segredos de S\u00e3o Paulo, a metr\u00f3pole que nunca dorme. Curiosidades, hist\u00f3rias e fatos surpreendentes que voc\u00ea precisa conhecer.","robots":{"index":"index","follow":"follow","max-snippet":"max-snippet:-1","max-image-preview":"max-image-preview:large","max-video-preview":"max-video-preview:-1"},"canonical":"https:\/\/www.em.com.br\/emfoco\/2025\/02\/27\/a-cidade-dos-recordes-e-curiosidades-que-voce-precisa-conhecer\/","og_locale":"pt_BR","og_type":"article","og_title":"A cidade dos recordes e curiosidades que voc\u00ea precisa conhecer - Estado de Minas - Em foco","og_description":"Descubra segredos de S\u00e3o Paulo, a metr\u00f3pole que nunca dorme. Curiosidades, hist\u00f3rias e fatos surpreendentes que voc\u00ea precisa conhecer.","og_url":"https:\/\/www.em.com.br\/emfoco\/2025\/02\/27\/a-cidade-dos-recordes-e-curiosidades-que-voce-precisa-conhecer\/","og_site_name":"Estado de Minas - Em foco","article_published_time":"2025-02-27T22:20:03+00:00","article_modified_time":"2025-02-26T15:25:11+00:00","og_image":[{"width":1280,"height":720,"url":"https:\/\/www.em.com.br\/emfoco\/wp-content\/uploads\/2024\/12\/Sao-Paulo_1734816794711.jpg","type":"image\/jpeg"}],"author":"Kelvin","twitter_card":"summary_large_image","twitter_misc":{"Escrito por":"Kelvin","Est. tempo de leitura":"3 minutos"},"schema":{"@context":"https:\/\/schema.org","@graph":[{"@type":"WebPage","@id":"https:\/\/www.em.com.br\/emfoco\/2025\/02\/27\/a-cidade-dos-recordes-e-curiosidades-que-voce-precisa-conhecer\/","url":"https:\/\/www.em.com.br\/emfoco\/2025\/02\/27\/a-cidade-dos-recordes-e-curiosidades-que-voce-precisa-conhecer\/","name":"A cidade dos recordes e curiosidades que voc\u00ea precisa conhecer - Estado de Minas - Em foco","isPartOf":{"@id":"https:\/\/www.em.com.br\/emfoco\/#website"},"primaryImageOfPage":{"@id":"https:\/\/www.em.com.br\/emfoco\/2025\/02\/27\/a-cidade-dos-recordes-e-curiosidades-que-voce-precisa-conhecer\/#primaryimage"},"image":{"@id":"https:\/\/www.em.com.br\/emfoco\/2025\/02\/27\/a-cidade-dos-recordes-e-curiosidades-que-voce-precisa-conhecer\/#primaryimage"},"thumbnailUrl":"https:\/\/www.em.com.br\/emfoco\/wp-content\/uploads\/2024\/12\/Sao-Paulo_1734816794711.jpg","datePublished":"2025-02-27T22:20:03+00:00","dateModified":"2025-02-26T15:25:11+00:00","author":{"@id":"https:\/\/www.em.com.br\/emfoco\/#\/schema\/person\/fb0a7f48c6fbb94b83f413a80f61917d"},"description":"Descubra segredos de S\u00e3o Paulo, a metr\u00f3pole que nunca dorme. Curiosidades, hist\u00f3rias e fatos surpreendentes que voc\u00ea precisa conhecer.","breadcrumb":{"@id":"https:\/\/www.em.com.br\/emfoco\/2025\/02\/27\/a-cidade-dos-recordes-e-curiosidades-que-voce-precisa-conhecer\/#breadcrumb"},"inLanguage":"pt-BR","potentialAction":[{"@type":"ReadAction","target":["https:\/\/www.em.com.br\/emfoco\/2025\/02\/27\/a-cidade-dos-recordes-e-curiosidades-que-voce-precisa-conhecer\/"]}]},{"@type":"ImageObject","inLanguage":"pt-BR","@id":"https:\/\/www.em.com.br\/emfoco\/2025\/02\/27\/a-cidade-dos-recordes-e-curiosidades-que-voce-precisa-conhecer\/#primaryimage","url":"https:\/\/www.em.com.br\/emfoco\/wp-content\/uploads\/2024\/12\/Sao-Paulo_1734816794711.jpg","contentUrl":"https:\/\/www.em.com.br\/emfoco\/wp-content\/uploads\/2024\/12\/Sao-Paulo_1734816794711.jpg","width":1280,"height":720,"caption":"S\u00e3o Paulo - Cr\u00e9ditos: depositphotos.com \/ lhboucault"},{"@type":"BreadcrumbList","@id":"https:\/\/www.em.com.br\/emfoco\/2025\/02\/27\/a-cidade-dos-recordes-e-curiosidades-que-voce-precisa-conhecer\/#breadcrumb","itemListElement":[{"@type":"ListItem","position":1,"name":"In\u00edcio","item":"https:\/\/www.em.com.br\/emfoco\/"},{"@type":"ListItem","position":2,"name":"A cidade dos recordes e curiosidades que voc\u00ea precisa conhecer"}]},{"@type":"WebSite","@id":"https:\/\/www.em.com.br\/emfoco\/#website","url":"https:\/\/www.em.com.br\/emfoco\/","name":"Estado de Minas - Em foco","description":"Acompanhe as \u00faltimas not\u00edcias e fique bem informado sobre tudo o que acontece em Minas Gerais, Brasil e no mundo.","potentialAction":[{"@type":"SearchAction","target":{"@type":"EntryPoint","urlTemplate":"https:\/\/www.em.com.br\/emfoco\/?s={search_term_string}"},"query-input":{"@type":"PropertyValueSpecification","valueRequired":true,"valueName":"search_term_string"}}],"inLanguage":"pt-BR"},{"@type":"Person","@id":"https:\/\/www.em.com.br\/emfoco\/#\/schema\/person\/fb0a7f48c6fbb94b83f413a80f61917d","name":"Kelvin","image":{"@type":"ImageObject","inLanguage":"pt-BR","@id":"https:\/\/www.em.com.br\/emfoco\/#\/schema\/person\/image\/","url":"https:\/\/secure.gravatar.com\/avatar\/e74f84337e6bf6c4c5e88fbdffa05270?s=96&d=mm&r=g","contentUrl":"https:\/\/secure.gravatar.com\/avatar\/e74f84337e6bf6c4c5e88fbdffa05270?s=96&d=mm&r=g","caption":"Kelvin"},"sameAs":["https:\/\/www.em.com.br\/emfoco"],"url":"https:\/\/www.em.com.br\/emfoco\/author\/kelvinmyth\/"}]}},"_links":{"self":[{"href":"https:\/\/www.em.com.br\/emfoco\/wp-json\/wp\/v2\/posts\/23113","targetHints":{"allow":["GET"]}}],"collection":[{"href":"https:\/\/www.em.com.br\/emfoco\/wp-json\/wp\/v2\/posts"}],"about":[{"href":"https:\/\/www.em.com.br\/emfoco\/wp-json\/wp\/v2\/types\/post"}],"author":[{"embeddable":true,"href":"https:\/\/www.em.com.br\/emfoco\/wp-json\/wp\/v2\/users\/7"}],"replies":[{"embeddable":true,"href":"https:\/\/www.em.com.br\/emfoco\/wp-json\/wp\/v2\/comments?post=23113"}],"version-history":[{"count":2,"href":"https:\/\/www.em.com.br\/emfoco\/wp-json\/wp\/v2\/posts\/23113\/revisions"}],"predecessor-version":[{"id":23115,"href":"https:\/\/www.em.com.br\/emfoco\/wp-json\/wp\/v2\/posts\/23113\/revisions\/23115"}],"wp:featuredmedia":[{"embeddable":true,"href":"https:\/\/www.em.com.br\/emfoco\/wp-json\/wp\/v2\/media\/6173"}],"wp:attachment":[{"href":"https:\/\/www.em.com.br\/emfoco\/wp-json\/wp\/v2\/media?parent=23113"}],"wp:term":[{"taxonomy":"category","embeddable":true,"href":"https:\/\/www.em.com.br\/emfoco\/wp-json\/wp\/v2\/categories?post=23113"},{"taxonomy":"post_tag","embeddable":true,"href":"https:\/\/www.em.com.br\/emfoco\/wp-json\/wp\/v2\/tags?post=23113"}],"curies":[{"name":"wp","href":"https:\/\/api.w.org\/{rel}","templated":true}]}}