{"id":23098,"date":"2025-02-27T12:40:33","date_gmt":"2025-02-27T15:40:33","guid":{"rendered":"https:\/\/www.em.com.br\/emfoco\/?p=23098"},"modified":"2025-02-26T11:53:27","modified_gmt":"2025-02-26T14:53:27","slug":"mergulhe-na-beleza-de-floripa-um-guia-completo-para-explorar-suas-paisagens-exuberantes","status":"publish","type":"post","link":"https:\/\/www.em.com.br\/emfoco\/2025\/02\/27\/mergulhe-na-beleza-de-floripa-um-guia-completo-para-explorar-suas-paisagens-exuberantes\/","title":{"rendered":"Mergulhe na beleza de Floripa! Um guia completo para explorar suas paisagens exuberantes"},"content":{"rendered":"\n<p><strong>Florian\u00f3polis<\/strong>, carinhosamente chamada de <strong><a href=\"https:\/\/pt.wikipedia.org\/wiki\/Florian%C3%B3polis\" target=\"_blank\" rel=\"noreferrer noopener\">Floripa<\/a><\/strong>, \u00e9 uma cidade que encanta por sua beleza natural e rica <a href=\"https:\/\/www.em.com.br\/emfoco\/2025\/02\/25\/a-historia-de-um-ator-que-conquistou-o-mundo-com-seu-carisma-e-humildade\/\" target=\"_blank\" rel=\"noreferrer noopener\">hist\u00f3ria<\/a>. Conhecida como a <strong>Ilha da Magia<\/strong>, a capital de <strong>Santa Catarina <\/strong>atrai visitantes de todo o mundo com suas praias deslumbrantes e cultura vibrante. Este artigo explora algumas curiosidades fascinantes sobre Florian\u00f3polis, oferecendo um olhar mais profundo sobre o que torna esta cidade t\u00e3o especial.<\/p>\n\n\n\n<p>Com um nome que homenageia o <strong>Marechal Floriano Peixoto<\/strong>, <strong>Florian\u00f3polis<\/strong> se destaca n\u00e3o apenas por suas paisagens paradis\u00edacas, mas tamb\u00e9m por sua qualidade de vida excepcional. Desde suas lendas misteriosas at\u00e9 sua cena tecnol\u00f3gica em crescimento, Floripa \u00e9 um destino que oferece algo para todos os gostos.<\/p>\n\n\n\n<h2 class=\"wp-block-heading\">Por que Florian\u00f3polis \u00e9 chamada de Ilha da Magia?<\/h2>\n\n\n\n<p>A fama de Florian\u00f3polis como Ilha da Magia est\u00e1 enraizada em suas lendas e hist\u00f3rias sobrenaturais. Relatos antigos falam de bruxas que realizavam feiti\u00e7os nas praias e morros, al\u00e9m de contos sobre lobisomens e fantasmas que habitam a ilha. Esses mitos e lendas conferem um ar de mist\u00e9rio e encantamento ao local, tornando a cidade ainda mais fascinante para moradores e visitantes.<\/p>\n\n\n\n<h2 class=\"wp-block-heading\">Qual \u00e9 a hist\u00f3ria por tr\u00e1s do nome Florian\u00f3polis?<\/h2>\n\n\n\n<p>Antes de receber o nome atual, Florian\u00f3polis era conhecida como <strong>Porto dos Patos<\/strong>, uma denomina\u00e7\u00e3o usada por holandeses e ind\u00edgenas. Posteriormente, a cidade foi renomeada para <strong>Nossa Senhora do Desterro <\/strong>e, mais tarde, apenas <strong>Desterro<\/strong>. Em 1894, o nome Florian\u00f3polis foi adotado em homenagem ao <strong>Marechal Floriano Peixoto<\/strong>, refletindo as transforma\u00e7\u00f5es hist\u00f3ricas e culturais que a cidade vivenciou ao longo dos s\u00e9culos.<\/p>\n\n\n<div class=\"wp-block-image\">\n<figure class=\"aligncenter size-large\"><img loading=\"lazy\" decoding=\"async\" width=\"1024\" height=\"576\" src=\"https:\/\/www.em.com.br\/emfoco\/wp-content\/uploads\/2025\/02\/Florianopolis_1740581641848-1024x576.jpg\" alt=\"Mergulhe na beleza de Floripa! Um guia completo para explorar suas paisagens exuberantes\" class=\"wp-image-23100\" srcset=\"https:\/\/www.em.com.br\/emfoco\/wp-content\/uploads\/2025\/02\/Florianopolis_1740581641848-1024x576.jpg 1024w, https:\/\/www.em.com.br\/emfoco\/wp-content\/uploads\/2025\/02\/Florianopolis_1740581641848-300x169.jpg 300w, https:\/\/www.em.com.br\/emfoco\/wp-content\/uploads\/2025\/02\/Florianopolis_1740581641848-768x432.jpg 768w, https:\/\/www.em.com.br\/emfoco\/wp-content\/uploads\/2025\/02\/Florianopolis_1740581641848-750x422.jpg 750w, https:\/\/www.em.com.br\/emfoco\/wp-content\/uploads\/2025\/02\/Florianopolis_1740581641848-1140x641.jpg 1140w, https:\/\/www.em.com.br\/emfoco\/wp-content\/uploads\/2025\/02\/Florianopolis_1740581641848.jpg 1280w\" sizes=\"auto, (max-width: 1024px) 100vw, 1024px\" \/><figcaption class=\"wp-element-caption\">Florian\u00f3polis &#8211; Cr\u00e9ditos: depositphotos.com \/ Keola<\/figcaption><\/figure><\/div>\n\n\n<h2 class=\"wp-block-heading\">Quais s\u00e3o os principais pontos tur\u00edsticos de Florian\u00f3polis?<\/h2>\n\n\n\n<p>Entre os muitos pontos tur\u00edsticos de Florian\u00f3polis, a Ponte Herc\u00edlio Luz se destaca como um dos mais emblem\u00e1ticos. Inaugurada em 1926, a ponte foi constru\u00edda para conectar o continente \u00e0 ilha, substituindo as balsas que faziam o trajeto anteriormente. Ap\u00f3s uma longa reforma, foi reinaugurada em 2019, tornando-se n\u00e3o apenas uma via de transporte, mas tamb\u00e9m uma atra\u00e7\u00e3o tur\u00edstica pela sua beleza arquitet\u00f4nica.<\/p>\n\n\n\n<p>Outro ponto de interesse \u00e9 a Praia da Galheta, conhecida por sua pr\u00e1tica de naturismo. Localizada em uma \u00e1rea de prote\u00e7\u00e3o ambiental, a praia oferece um ref\u00fagio tranquilo e uma conex\u00e3o \u00fanica com a natureza, sem obrigatoriedade de ades\u00e3o ao naturismo.<\/p>\n\n\n\n<h2 class=\"wp-block-heading\">Como a cultura e a gastronomia enriquecem Florian\u00f3polis?<\/h2>\n\n\n\n<p>A cultura de Florian\u00f3polis \u00e9 profundamente influenciada por seus primeiros habitantes, incluindo os sambaquis e os \u00edndios Carij\u00f3s, al\u00e9m dos a\u00e7orianos que chegaram mais tarde. Essa mistura de influ\u00eancias culturais se reflete na culin\u00e1ria local, que \u00e9 amplamente reconhecida pela \u00eanfase em frutos do mar. Pratos t\u00edpicos como pir\u00e3o de peixe, tainha e pastel de berbig\u00e3o s\u00e3o apreciados tanto por moradores quanto por visitantes.<\/p>\n\n\n\n<h2 class=\"wp-block-heading\">Florian\u00f3polis: Um destino popular e tecnol\u00f3gico<\/h2>\n\n\n\n<p>Florian\u00f3polis \u00e9 um destino popular entre turistas argentinos, especialmente durante o ver\u00e3o, quando suas praias, como Canasvieiras, se tornam um ponto de encontro internacional. Al\u00e9m disso, nos \u00faltimos anos, a cidade tem se destacado como um importante polo tecnol\u00f3gico no Brasil, sendo conhecida como o &#8220;Vale do Sil\u00edcio Brasileiro&#8221;. Este crescimento no setor de tecnologia tem contribu\u00eddo para a diversifica\u00e7\u00e3o econ\u00f4mica e atra\u00e7\u00e3o de talentos para a regi\u00e3o.<\/p>\n\n\n\n<p>Com uma combina\u00e7\u00e3o \u00fanica de beleza natural, hist\u00f3ria rica e inova\u00e7\u00e3o tecnol\u00f3gica, Florian\u00f3polis continua a encantar todos que a visitam, consolidando sua reputa\u00e7\u00e3o como a verdadeira Ilha da Magia.<\/p>\n","protected":false},"excerpt":{"rendered":"<p>Florian\u00f3polis, carinhosamente chamada de Floripa, \u00e9 uma cidade que encanta por sua beleza natural e rica hist\u00f3ria. Conhecida como a Ilha da Magia, a capital de Santa Catarina atrai visitantes de todo o mundo com suas praias deslumbrantes e cultura vibrante. Este artigo explora algumas curiosidades fascinantes sobre Florian\u00f3polis, oferecendo um olhar mais profundo sobre [&hellip;]<\/p>\n","protected":false},"author":7,"featured_media":5509,"comment_status":"open","ping_status":"open","sticky":false,"template":"","format":"standard","meta":{"jnews-multi-image_gallery":[],"jnews_single_post":{"format":"standard"},"jnews_primary_category":[],"jnews_social_meta":[],"jnews_override_counter":[],"footnotes":""},"categories":[26],"tags":[],"class_list":["post-23098","post","type-post","status-publish","format-standard","has-post-thumbnail","hentry","category-cidades"],"yoast_head":"<!-- This site is optimized with the Yoast SEO plugin v23.8 - https:\/\/yoast.com\/wordpress\/plugins\/seo\/ -->\n<title>Mergulhe na beleza de Floripa! Um guia completo para explorar suas paisagens exuberantes - Estado de Minas - Em foco<\/title>\n<meta name=\"description\" content=\"Floripa encanta com suas praias, lagoas e trilhas. Descubra a beleza natural da Ilha da Magia e planeje sua pr\u00f3xima aventura.\" \/>\n<meta name=\"robots\" content=\"index, follow, max-snippet:-1, max-image-preview:large, max-video-preview:-1\" \/>\n<link rel=\"canonical\" href=\"https:\/\/www.em.com.br\/emfoco\/2025\/02\/27\/mergulhe-na-beleza-de-floripa-um-guia-completo-para-explorar-suas-paisagens-exuberantes\/\" \/>\n<meta property=\"og:locale\" content=\"pt_BR\" \/>\n<meta property=\"og:type\" content=\"article\" \/>\n<meta property=\"og:title\" content=\"Mergulhe na beleza de Floripa! Um guia completo para explorar suas paisagens exuberantes - Estado de Minas - Em foco\" \/>\n<meta property=\"og:description\" content=\"Floripa encanta com suas praias, lagoas e trilhas. Descubra a beleza natural da Ilha da Magia e planeje sua pr\u00f3xima aventura.\" \/>\n<meta property=\"og:url\" content=\"https:\/\/www.em.com.br\/emfoco\/2025\/02\/27\/mergulhe-na-beleza-de-floripa-um-guia-completo-para-explorar-suas-paisagens-exuberantes\/\" \/>\n<meta property=\"og:site_name\" content=\"Estado de Minas - Em foco\" \/>\n<meta property=\"article:published_time\" content=\"2025-02-27T15:40:33+00:00\" \/>\n<meta property=\"article:modified_time\" content=\"2025-02-26T14:53:27+00:00\" \/>\n<meta property=\"og:image\" content=\"https:\/\/www.em.com.br\/emfoco\/wp-content\/uploads\/2024\/12\/Santa-Catarina_1734478509150.jpg\" \/>\n\t<meta property=\"og:image:width\" content=\"1280\" \/>\n\t<meta property=\"og:image:height\" content=\"720\" \/>\n\t<meta property=\"og:image:type\" content=\"image\/jpeg\" \/>\n<meta name=\"author\" content=\"Kelvin\" \/>\n<meta name=\"twitter:card\" content=\"summary_large_image\" \/>\n<meta name=\"twitter:label1\" content=\"Escrito por\" \/>\n\t<meta name=\"twitter:data1\" content=\"Kelvin\" \/>\n\t<meta name=\"twitter:label2\" content=\"Est. tempo de leitura\" \/>\n\t<meta name=\"twitter:data2\" content=\"4 minutos\" \/>\n<!-- \/ Yoast SEO plugin. -->","yoast_head_json":{"title":"Mergulhe na beleza de Floripa! Um guia completo para explorar suas paisagens exuberantes - Estado de Minas - Em foco","description":"Floripa encanta com suas praias, lagoas e trilhas. Descubra a beleza natural da Ilha da Magia e planeje sua pr\u00f3xima aventura.","robots":{"index":"index","follow":"follow","max-snippet":"max-snippet:-1","max-image-preview":"max-image-preview:large","max-video-preview":"max-video-preview:-1"},"canonical":"https:\/\/www.em.com.br\/emfoco\/2025\/02\/27\/mergulhe-na-beleza-de-floripa-um-guia-completo-para-explorar-suas-paisagens-exuberantes\/","og_locale":"pt_BR","og_type":"article","og_title":"Mergulhe na beleza de Floripa! Um guia completo para explorar suas paisagens exuberantes - Estado de Minas - Em foco","og_description":"Floripa encanta com suas praias, lagoas e trilhas. Descubra a beleza natural da Ilha da Magia e planeje sua pr\u00f3xima aventura.","og_url":"https:\/\/www.em.com.br\/emfoco\/2025\/02\/27\/mergulhe-na-beleza-de-floripa-um-guia-completo-para-explorar-suas-paisagens-exuberantes\/","og_site_name":"Estado de Minas - Em foco","article_published_time":"2025-02-27T15:40:33+00:00","article_modified_time":"2025-02-26T14:53:27+00:00","og_image":[{"width":1280,"height":720,"url":"https:\/\/www.em.com.br\/emfoco\/wp-content\/uploads\/2024\/12\/Santa-Catarina_1734478509150.jpg","type":"image\/jpeg"}],"author":"Kelvin","twitter_card":"summary_large_image","twitter_misc":{"Escrito por":"Kelvin","Est. tempo de leitura":"4 minutos"},"schema":{"@context":"https:\/\/schema.org","@graph":[{"@type":"WebPage","@id":"https:\/\/www.em.com.br\/emfoco\/2025\/02\/27\/mergulhe-na-beleza-de-floripa-um-guia-completo-para-explorar-suas-paisagens-exuberantes\/","url":"https:\/\/www.em.com.br\/emfoco\/2025\/02\/27\/mergulhe-na-beleza-de-floripa-um-guia-completo-para-explorar-suas-paisagens-exuberantes\/","name":"Mergulhe na beleza de Floripa! Um guia completo para explorar suas paisagens exuberantes - Estado de Minas - Em foco","isPartOf":{"@id":"https:\/\/www.em.com.br\/emfoco\/#website"},"primaryImageOfPage":{"@id":"https:\/\/www.em.com.br\/emfoco\/2025\/02\/27\/mergulhe-na-beleza-de-floripa-um-guia-completo-para-explorar-suas-paisagens-exuberantes\/#primaryimage"},"image":{"@id":"https:\/\/www.em.com.br\/emfoco\/2025\/02\/27\/mergulhe-na-beleza-de-floripa-um-guia-completo-para-explorar-suas-paisagens-exuberantes\/#primaryimage"},"thumbnailUrl":"https:\/\/www.em.com.br\/emfoco\/wp-content\/uploads\/2024\/12\/Santa-Catarina_1734478509150.jpg","datePublished":"2025-02-27T15:40:33+00:00","dateModified":"2025-02-26T14:53:27+00:00","author":{"@id":"https:\/\/www.em.com.br\/emfoco\/#\/schema\/person\/fb0a7f48c6fbb94b83f413a80f61917d"},"description":"Floripa encanta com suas praias, lagoas e trilhas. Descubra a beleza natural da Ilha da Magia e planeje sua pr\u00f3xima aventura.","breadcrumb":{"@id":"https:\/\/www.em.com.br\/emfoco\/2025\/02\/27\/mergulhe-na-beleza-de-floripa-um-guia-completo-para-explorar-suas-paisagens-exuberantes\/#breadcrumb"},"inLanguage":"pt-BR","potentialAction":[{"@type":"ReadAction","target":["https:\/\/www.em.com.br\/emfoco\/2025\/02\/27\/mergulhe-na-beleza-de-floripa-um-guia-completo-para-explorar-suas-paisagens-exuberantes\/"]}]},{"@type":"ImageObject","inLanguage":"pt-BR","@id":"https:\/\/www.em.com.br\/emfoco\/2025\/02\/27\/mergulhe-na-beleza-de-floripa-um-guia-completo-para-explorar-suas-paisagens-exuberantes\/#primaryimage","url":"https:\/\/www.em.com.br\/emfoco\/wp-content\/uploads\/2024\/12\/Santa-Catarina_1734478509150.jpg","contentUrl":"https:\/\/www.em.com.br\/emfoco\/wp-content\/uploads\/2024\/12\/Santa-Catarina_1734478509150.jpg","width":1280,"height":720,"caption":"Hercilio Luz - Cr\u00e9ditos: depositphotos.com \/ DWiedemann"},{"@type":"BreadcrumbList","@id":"https:\/\/www.em.com.br\/emfoco\/2025\/02\/27\/mergulhe-na-beleza-de-floripa-um-guia-completo-para-explorar-suas-paisagens-exuberantes\/#breadcrumb","itemListElement":[{"@type":"ListItem","position":1,"name":"In\u00edcio","item":"https:\/\/www.em.com.br\/emfoco\/"},{"@type":"ListItem","position":2,"name":"Mergulhe na beleza de Floripa! Um guia completo para explorar suas paisagens exuberantes"}]},{"@type":"WebSite","@id":"https:\/\/www.em.com.br\/emfoco\/#website","url":"https:\/\/www.em.com.br\/emfoco\/","name":"Estado de Minas - Em foco","description":"Acompanhe as \u00faltimas not\u00edcias e fique bem informado sobre tudo o que acontece em Minas Gerais, Brasil e no mundo.","potentialAction":[{"@type":"SearchAction","target":{"@type":"EntryPoint","urlTemplate":"https:\/\/www.em.com.br\/emfoco\/?s={search_term_string}"},"query-input":{"@type":"PropertyValueSpecification","valueRequired":true,"valueName":"search_term_string"}}],"inLanguage":"pt-BR"},{"@type":"Person","@id":"https:\/\/www.em.com.br\/emfoco\/#\/schema\/person\/fb0a7f48c6fbb94b83f413a80f61917d","name":"Kelvin","image":{"@type":"ImageObject","inLanguage":"pt-BR","@id":"https:\/\/www.em.com.br\/emfoco\/#\/schema\/person\/image\/","url":"https:\/\/secure.gravatar.com\/avatar\/e74f84337e6bf6c4c5e88fbdffa05270?s=96&d=mm&r=g","contentUrl":"https:\/\/secure.gravatar.com\/avatar\/e74f84337e6bf6c4c5e88fbdffa05270?s=96&d=mm&r=g","caption":"Kelvin"},"sameAs":["https:\/\/www.em.com.br\/emfoco"],"url":"https:\/\/www.em.com.br\/emfoco\/author\/kelvinmyth\/"}]}},"_links":{"self":[{"href":"https:\/\/www.em.com.br\/emfoco\/wp-json\/wp\/v2\/posts\/23098","targetHints":{"allow":["GET"]}}],"collection":[{"href":"https:\/\/www.em.com.br\/emfoco\/wp-json\/wp\/v2\/posts"}],"about":[{"href":"https:\/\/www.em.com.br\/emfoco\/wp-json\/wp\/v2\/types\/post"}],"author":[{"embeddable":true,"href":"https:\/\/www.em.com.br\/emfoco\/wp-json\/wp\/v2\/users\/7"}],"replies":[{"embeddable":true,"href":"https:\/\/www.em.com.br\/emfoco\/wp-json\/wp\/v2\/comments?post=23098"}],"version-history":[{"count":2,"href":"https:\/\/www.em.com.br\/emfoco\/wp-json\/wp\/v2\/posts\/23098\/revisions"}],"predecessor-version":[{"id":23101,"href":"https:\/\/www.em.com.br\/emfoco\/wp-json\/wp\/v2\/posts\/23098\/revisions\/23101"}],"wp:featuredmedia":[{"embeddable":true,"href":"https:\/\/www.em.com.br\/emfoco\/wp-json\/wp\/v2\/media\/5509"}],"wp:attachment":[{"href":"https:\/\/www.em.com.br\/emfoco\/wp-json\/wp\/v2\/media?parent=23098"}],"wp:term":[{"taxonomy":"category","embeddable":true,"href":"https:\/\/www.em.com.br\/emfoco\/wp-json\/wp\/v2\/categories?post=23098"},{"taxonomy":"post_tag","embeddable":true,"href":"https:\/\/www.em.com.br\/emfoco\/wp-json\/wp\/v2\/tags?post=23098"}],"curies":[{"name":"wp","href":"https:\/\/api.w.org\/{rel}","templated":true}]}}