{"id":23066,"date":"2025-02-27T08:00:20","date_gmt":"2025-02-27T11:00:20","guid":{"rendered":"https:\/\/www.em.com.br\/emfoco\/?p=23066"},"modified":"2025-02-27T01:17:20","modified_gmt":"2025-02-27T04:17:20","slug":"trabalhadores-receberam-o-novo-aumento-no-salario-minimo-em-2025","status":"publish","type":"post","link":"https:\/\/www.em.com.br\/emfoco\/2025\/02\/27\/trabalhadores-receberam-o-novo-aumento-no-salario-minimo-em-2025\/","title":{"rendered":"Trabalhadores receberam o novo aumento no Sal\u00e1rio M\u00ednimo em 2025"},"content":{"rendered":"\n<p>O reajuste do sal\u00e1rio m\u00ednimo em 2025 trouxe \u00e0 tona discuss\u00f5es sobre a nova f\u00f3rmula de c\u00e1lculo adotada pelo governo. Com um aumento de R$ 106, o valor passou a ser de R$ 1.518, representando um reajuste de 7,5%. Este aumento, embora acima da infla\u00e7\u00e3o do per\u00edodo, \u00e9 resultado de mudan\u00e7as significativas nas regras de c\u00e1lculo.<\/p>\n\n\n\n<p>Anteriormente, o sal\u00e1rio m\u00ednimo era ajustado com base na reposi\u00e7\u00e3o da infla\u00e7\u00e3o medida pelo <strong><a href=\"https:\/\/www.ibge.gov.br\/estatisticas\/economicas\/precos-e-custos\/9258-indice-nacional-de-precos-ao-consumidor.html\" target=\"_blank\" rel=\"noreferrer noopener\">INPC <\/a>(\u00cdndice Nacional de Pre\u00e7os ao Consumidor)<\/strong> e na varia\u00e7\u00e3o do <strong>PIB (Produto Interno Bruto)<\/strong>. A nova <a href=\"https:\/\/www.em.com.br\/emfoco\/2025\/02\/23\/novo-carro-que-faz-147-km-por-litro-usa-tecnologia-digna-da-formula-1-e-chega-para-enfrentar-o-kwid\/\" target=\"_blank\" rel=\"noreferrer noopener\">f\u00f3rmula<\/a>, no entanto, introduziu um teto de aumento de despesas de 2,5%, limitando o impacto de um PIB mais elevado no reajuste salarial.<\/p>\n\n\n\n<h2 class=\"wp-block-heading\">Qual \u00e9 o impacto das novas regras no c\u00e1lculo do sal\u00e1rio m\u00ednimo?<\/h2>\n\n\n\n<p>A introdu\u00e7\u00e3o de um teto de 2,5% para o aumento de despesas \u00e9 uma mudan\u00e7a significativa na forma como o sal\u00e1rio m\u00ednimo \u00e9 calculado. Mesmo que o PIB apresente um crescimento de 3,2%, o reajuste ser\u00e1 limitado a 2,5%. Essa medida visa controlar os gastos p\u00fablicos em um cen\u00e1rio de conten\u00e7\u00e3o de despesas, evitando aumentos abruptos que poderiam desestabilizar o or\u00e7amento.<\/p>\n\n\n<div class=\"wp-block-image\">\n<figure class=\"aligncenter size-large\"><img loading=\"lazy\" decoding=\"async\" width=\"1024\" height=\"576\" src=\"https:\/\/www.em.com.br\/emfoco\/wp-content\/uploads\/2024\/12\/Salario_1735507983909-1024x576.jpg\" alt=\"Sal\u00e1rio m\u00ednimo 2025, o reajuste \u00e9 suficiente para garantir o poder de compra?\" class=\"wp-image-7535\" srcset=\"https:\/\/www.em.com.br\/emfoco\/wp-content\/uploads\/2024\/12\/Salario_1735507983909-1024x576.jpg 1024w, https:\/\/www.em.com.br\/emfoco\/wp-content\/uploads\/2024\/12\/Salario_1735507983909-300x169.jpg 300w, https:\/\/www.em.com.br\/emfoco\/wp-content\/uploads\/2024\/12\/Salario_1735507983909-768x432.jpg 768w, https:\/\/www.em.com.br\/emfoco\/wp-content\/uploads\/2024\/12\/Salario_1735507983909-750x422.jpg 750w, https:\/\/www.em.com.br\/emfoco\/wp-content\/uploads\/2024\/12\/Salario_1735507983909-1140x641.jpg 1140w, https:\/\/www.em.com.br\/emfoco\/wp-content\/uploads\/2024\/12\/Salario_1735507983909.jpg 1280w\" sizes=\"auto, (max-width: 1024px) 100vw, 1024px\" \/><figcaption class=\"wp-element-caption\">13 Salario &#8211; Cr\u00e9ditos: depositphotos.com \/ rodrigobellizzi<\/figcaption><\/figure><\/div>\n\n\n<p>Essa mudan\u00e7a tem implica\u00e7\u00f5es diretas n\u00e3o apenas no sal\u00e1rio m\u00ednimo, mas tamb\u00e9m nos valores das aposentadorias e benef\u00edcios sociais, especialmente aqueles pagos pelo <strong>INSS (Instituto Nacional do Seguro Social)<\/strong>. O governo busca, assim, equilibrar a necessidade de aumento salarial com a sustentabilidade fiscal.<\/p>\n\n\n\n<h2 class=\"wp-block-heading\">Como o reajuste do sal\u00e1rio m\u00ednimo afeta a economia?<\/h2>\n\n\n\n<p>O sal\u00e1rio m\u00ednimo \u00e9 um importante indicador econ\u00f4mico, pois influencia diretamente o poder de compra de milh\u00f5es de trabalhadores e aposentados. Um aumento acima da infla\u00e7\u00e3o pode significar um ganho real para os trabalhadores, mas tamb\u00e9m representa um desafio para o governo em termos de or\u00e7amento.<\/p>\n\n\n\n<p>Al\u00e9m disso, o reajuste do sal\u00e1rio m\u00ednimo impacta diversos setores da economia, desde o consumo das fam\u00edlias at\u00e9 o custo de produ\u00e7\u00e3o das empresas. O equil\u00edbrio entre um aumento justo e a sustentabilidade fiscal \u00e9 crucial para garantir a estabilidade econ\u00f4mica.<\/p>\n\n\n\n<h2 class=\"wp-block-heading\">Quais s\u00e3o as perspectivas para o futuro do sal\u00e1rio m\u00ednimo?<\/h2>\n\n\n\n<p>Com a implementa\u00e7\u00e3o das novas regras, o governo espera manter um controle mais r\u00edgido sobre os gastos p\u00fablicos, ao mesmo tempo em que busca proporcionar um aumento real para os trabalhadores. A discuss\u00e3o sobre a f\u00f3rmula de c\u00e1lculo do sal\u00e1rio m\u00ednimo deve continuar, especialmente em um cen\u00e1rio econ\u00f4mico em constante mudan\u00e7a.<\/p>\n\n\n\n<p>As perspectivas para o futuro envolvem a necessidade de ajustes cont\u00ednuos nas pol\u00edticas econ\u00f4micas, garantindo que o sal\u00e1rio m\u00ednimo continue a ser um instrumento eficaz de distribui\u00e7\u00e3o de renda e justi\u00e7a social, sem comprometer a sa\u00fade fiscal do pa\u00eds.<\/p>\n","protected":false},"excerpt":{"rendered":"<p>O reajuste do sal\u00e1rio m\u00ednimo em 2025 trouxe \u00e0 tona discuss\u00f5es sobre a nova f\u00f3rmula de c\u00e1lculo adotada pelo governo. Com um aumento de R$ 106, o valor passou a ser de R$ 1.518, representando um reajuste de 7,5%. Este aumento, embora acima da infla\u00e7\u00e3o do per\u00edodo, \u00e9 resultado de mudan\u00e7as significativas nas regras de [&hellip;]<\/p>\n","protected":false},"author":7,"featured_media":4050,"comment_status":"open","ping_status":"open","sticky":false,"template":"","format":"standard","meta":{"jnews-multi-image_gallery":[],"jnews_single_post":{"format":"standard"},"jnews_primary_category":[],"jnews_social_meta":[],"jnews_override_counter":[],"footnotes":""},"categories":[28],"tags":[2514,160,5631,717],"class_list":["post-23066","post","type-post","status-publish","format-standard","has-post-thumbnail","hentry","category-economia","tag-aumento-salarial","tag-economia","tag-regras-de-calculo","tag-salario-minimo"],"yoast_head":"<!-- This site is optimized with the Yoast SEO plugin v23.8 - https:\/\/yoast.com\/wordpress\/plugins\/seo\/ -->\n<title>Trabalhadores receberam o novo aumento no Sal\u00e1rio M\u00ednimo em 2025 - Estado de Minas - Em foco<\/title>\n<meta name=\"description\" content=\"Descubra o novo valor do sal\u00e1rio m\u00ednimo em 2025 e como o reajuste impactar\u00e1 seu bolso. Informa\u00e7\u00f5es essenciais aqui!\" \/>\n<meta name=\"robots\" content=\"index, follow, max-snippet:-1, max-image-preview:large, max-video-preview:-1\" \/>\n<link rel=\"canonical\" href=\"https:\/\/www.em.com.br\/emfoco\/2025\/02\/27\/trabalhadores-receberam-o-novo-aumento-no-salario-minimo-em-2025\/\" \/>\n<meta property=\"og:locale\" content=\"pt_BR\" \/>\n<meta property=\"og:type\" content=\"article\" \/>\n<meta property=\"og:title\" content=\"Trabalhadores receberam o novo aumento no Sal\u00e1rio M\u00ednimo em 2025 - Estado de Minas - Em foco\" \/>\n<meta property=\"og:description\" content=\"Descubra o novo valor do sal\u00e1rio m\u00ednimo em 2025 e como o reajuste impactar\u00e1 seu bolso. Informa\u00e7\u00f5es essenciais aqui!\" \/>\n<meta property=\"og:url\" content=\"https:\/\/www.em.com.br\/emfoco\/2025\/02\/27\/trabalhadores-receberam-o-novo-aumento-no-salario-minimo-em-2025\/\" \/>\n<meta property=\"og:site_name\" content=\"Estado de Minas - Em foco\" \/>\n<meta property=\"article:published_time\" content=\"2025-02-27T11:00:20+00:00\" \/>\n<meta property=\"article:modified_time\" content=\"2025-02-27T04:17:20+00:00\" \/>\n<meta property=\"og:image\" content=\"https:\/\/www.em.com.br\/emfoco\/wp-content\/uploads\/2024\/12\/Brazilian-money_1733790876699.jpg\" \/>\n\t<meta property=\"og:image:width\" content=\"1280\" \/>\n\t<meta property=\"og:image:height\" content=\"720\" \/>\n\t<meta property=\"og:image:type\" content=\"image\/jpeg\" \/>\n<meta name=\"author\" content=\"Kelvin\" \/>\n<meta name=\"twitter:card\" content=\"summary_large_image\" \/>\n<meta name=\"twitter:label1\" content=\"Escrito por\" \/>\n\t<meta name=\"twitter:data1\" content=\"Kelvin\" \/>\n\t<meta name=\"twitter:label2\" content=\"Est. tempo de leitura\" \/>\n\t<meta name=\"twitter:data2\" content=\"3 minutos\" \/>\n<!-- \/ Yoast SEO plugin. -->","yoast_head_json":{"title":"Trabalhadores receberam o novo aumento no Sal\u00e1rio M\u00ednimo em 2025 - Estado de Minas - Em foco","description":"Descubra o novo valor do sal\u00e1rio m\u00ednimo em 2025 e como o reajuste impactar\u00e1 seu bolso. Informa\u00e7\u00f5es essenciais aqui!","robots":{"index":"index","follow":"follow","max-snippet":"max-snippet:-1","max-image-preview":"max-image-preview:large","max-video-preview":"max-video-preview:-1"},"canonical":"https:\/\/www.em.com.br\/emfoco\/2025\/02\/27\/trabalhadores-receberam-o-novo-aumento-no-salario-minimo-em-2025\/","og_locale":"pt_BR","og_type":"article","og_title":"Trabalhadores receberam o novo aumento no Sal\u00e1rio M\u00ednimo em 2025 - Estado de Minas - Em foco","og_description":"Descubra o novo valor do sal\u00e1rio m\u00ednimo em 2025 e como o reajuste impactar\u00e1 seu bolso. Informa\u00e7\u00f5es essenciais aqui!","og_url":"https:\/\/www.em.com.br\/emfoco\/2025\/02\/27\/trabalhadores-receberam-o-novo-aumento-no-salario-minimo-em-2025\/","og_site_name":"Estado de Minas - Em foco","article_published_time":"2025-02-27T11:00:20+00:00","article_modified_time":"2025-02-27T04:17:20+00:00","og_image":[{"width":1280,"height":720,"url":"https:\/\/www.em.com.br\/emfoco\/wp-content\/uploads\/2024\/12\/Brazilian-money_1733790876699.jpg","type":"image\/jpeg"}],"author":"Kelvin","twitter_card":"summary_large_image","twitter_misc":{"Escrito por":"Kelvin","Est. tempo de leitura":"3 minutos"},"schema":{"@context":"https:\/\/schema.org","@graph":[{"@type":"WebPage","@id":"https:\/\/www.em.com.br\/emfoco\/2025\/02\/27\/trabalhadores-receberam-o-novo-aumento-no-salario-minimo-em-2025\/","url":"https:\/\/www.em.com.br\/emfoco\/2025\/02\/27\/trabalhadores-receberam-o-novo-aumento-no-salario-minimo-em-2025\/","name":"Trabalhadores receberam o novo aumento no Sal\u00e1rio M\u00ednimo em 2025 - Estado de Minas - Em foco","isPartOf":{"@id":"https:\/\/www.em.com.br\/emfoco\/#website"},"primaryImageOfPage":{"@id":"https:\/\/www.em.com.br\/emfoco\/2025\/02\/27\/trabalhadores-receberam-o-novo-aumento-no-salario-minimo-em-2025\/#primaryimage"},"image":{"@id":"https:\/\/www.em.com.br\/emfoco\/2025\/02\/27\/trabalhadores-receberam-o-novo-aumento-no-salario-minimo-em-2025\/#primaryimage"},"thumbnailUrl":"https:\/\/www.em.com.br\/emfoco\/wp-content\/uploads\/2024\/12\/Brazilian-money_1733790876699.jpg","datePublished":"2025-02-27T11:00:20+00:00","dateModified":"2025-02-27T04:17:20+00:00","author":{"@id":"https:\/\/www.em.com.br\/emfoco\/#\/schema\/person\/fb0a7f48c6fbb94b83f413a80f61917d"},"description":"Descubra o novo valor do sal\u00e1rio m\u00ednimo em 2025 e como o reajuste impactar\u00e1 seu bolso. Informa\u00e7\u00f5es essenciais aqui!","breadcrumb":{"@id":"https:\/\/www.em.com.br\/emfoco\/2025\/02\/27\/trabalhadores-receberam-o-novo-aumento-no-salario-minimo-em-2025\/#breadcrumb"},"inLanguage":"pt-BR","potentialAction":[{"@type":"ReadAction","target":["https:\/\/www.em.com.br\/emfoco\/2025\/02\/27\/trabalhadores-receberam-o-novo-aumento-no-salario-minimo-em-2025\/"]}]},{"@type":"ImageObject","inLanguage":"pt-BR","@id":"https:\/\/www.em.com.br\/emfoco\/2025\/02\/27\/trabalhadores-receberam-o-novo-aumento-no-salario-minimo-em-2025\/#primaryimage","url":"https:\/\/www.em.com.br\/emfoco\/wp-content\/uploads\/2024\/12\/Brazilian-money_1733790876699.jpg","contentUrl":"https:\/\/www.em.com.br\/emfoco\/wp-content\/uploads\/2024\/12\/Brazilian-money_1733790876699.jpg","width":1280,"height":720,"caption":"Salario Minimo - Cr\u00e9ditos: depositphotos.com \/ rafapress"},{"@type":"BreadcrumbList","@id":"https:\/\/www.em.com.br\/emfoco\/2025\/02\/27\/trabalhadores-receberam-o-novo-aumento-no-salario-minimo-em-2025\/#breadcrumb","itemListElement":[{"@type":"ListItem","position":1,"name":"In\u00edcio","item":"https:\/\/www.em.com.br\/emfoco\/"},{"@type":"ListItem","position":2,"name":"Trabalhadores receberam o novo aumento no Sal\u00e1rio M\u00ednimo em 2025"}]},{"@type":"WebSite","@id":"https:\/\/www.em.com.br\/emfoco\/#website","url":"https:\/\/www.em.com.br\/emfoco\/","name":"Estado de Minas - Em foco","description":"Acompanhe as \u00faltimas not\u00edcias e fique bem informado sobre tudo o que acontece em Minas Gerais, Brasil e no mundo.","potentialAction":[{"@type":"SearchAction","target":{"@type":"EntryPoint","urlTemplate":"https:\/\/www.em.com.br\/emfoco\/?s={search_term_string}"},"query-input":{"@type":"PropertyValueSpecification","valueRequired":true,"valueName":"search_term_string"}}],"inLanguage":"pt-BR"},{"@type":"Person","@id":"https:\/\/www.em.com.br\/emfoco\/#\/schema\/person\/fb0a7f48c6fbb94b83f413a80f61917d","name":"Kelvin","image":{"@type":"ImageObject","inLanguage":"pt-BR","@id":"https:\/\/www.em.com.br\/emfoco\/#\/schema\/person\/image\/","url":"https:\/\/secure.gravatar.com\/avatar\/e74f84337e6bf6c4c5e88fbdffa05270?s=96&d=mm&r=g","contentUrl":"https:\/\/secure.gravatar.com\/avatar\/e74f84337e6bf6c4c5e88fbdffa05270?s=96&d=mm&r=g","caption":"Kelvin"},"sameAs":["https:\/\/www.em.com.br\/emfoco"],"url":"https:\/\/www.em.com.br\/emfoco\/author\/kelvinmyth\/"}]}},"_links":{"self":[{"href":"https:\/\/www.em.com.br\/emfoco\/wp-json\/wp\/v2\/posts\/23066","targetHints":{"allow":["GET"]}}],"collection":[{"href":"https:\/\/www.em.com.br\/emfoco\/wp-json\/wp\/v2\/posts"}],"about":[{"href":"https:\/\/www.em.com.br\/emfoco\/wp-json\/wp\/v2\/types\/post"}],"author":[{"embeddable":true,"href":"https:\/\/www.em.com.br\/emfoco\/wp-json\/wp\/v2\/users\/7"}],"replies":[{"embeddable":true,"href":"https:\/\/www.em.com.br\/emfoco\/wp-json\/wp\/v2\/comments?post=23066"}],"version-history":[{"count":3,"href":"https:\/\/www.em.com.br\/emfoco\/wp-json\/wp\/v2\/posts\/23066\/revisions"}],"predecessor-version":[{"id":23327,"href":"https:\/\/www.em.com.br\/emfoco\/wp-json\/wp\/v2\/posts\/23066\/revisions\/23327"}],"wp:featuredmedia":[{"embeddable":true,"href":"https:\/\/www.em.com.br\/emfoco\/wp-json\/wp\/v2\/media\/4050"}],"wp:attachment":[{"href":"https:\/\/www.em.com.br\/emfoco\/wp-json\/wp\/v2\/media?parent=23066"}],"wp:term":[{"taxonomy":"category","embeddable":true,"href":"https:\/\/www.em.com.br\/emfoco\/wp-json\/wp\/v2\/categories?post=23066"},{"taxonomy":"post_tag","embeddable":true,"href":"https:\/\/www.em.com.br\/emfoco\/wp-json\/wp\/v2\/tags?post=23066"}],"curies":[{"name":"wp","href":"https:\/\/api.w.org\/{rel}","templated":true}]}}