{"id":23054,"date":"2025-02-27T21:40:50","date_gmt":"2025-02-28T00:40:50","guid":{"rendered":"https:\/\/www.em.com.br\/emfoco\/?p=23054"},"modified":"2025-02-27T01:48:33","modified_gmt":"2025-02-27T04:48:33","slug":"o-homem-que-corre-mais-rapido-que-o-vento-a-origem-de-usain-bolt","status":"publish","type":"post","link":"https:\/\/www.em.com.br\/emfoco\/2025\/02\/27\/o-homem-que-corre-mais-rapido-que-o-vento-a-origem-de-usain-bolt\/","title":{"rendered":"O homem que corre mais r\u00e1pido que o vento, a origem de Usain Bolt"},"content":{"rendered":"\n<p><strong>Usain Bolt<\/strong>, amplamente reconhecido como o homem mais r\u00e1pido do mundo, <a href=\"https:\/\/www.em.com.br\/emfoco\/2025\/02\/26\/a-montadora-que-conquistou-o-coracao-dos-brasileiros-e-marcou-epoca\/\" target=\"_blank\" rel=\"noreferrer noopener\">iniciou <\/a>sua carreira no atletismo na <strong>Jamaica<\/strong>, onde nasceu. Desde a inf\u00e2ncia, Bolt demonstrou habilidades excepcionais para a corrida, destacando-se em competi\u00e7\u00f5es escolares. Seu talento natural foi rapidamente notado, e ele come\u00e7ou a receber treinamento especializado para desenvolver suas habilidades.<\/p>\n\n\n\n<p>Em 2002, aos 15 anos, Bolt conquistou sua primeira medalha de ouro no <strong>Campeonato Mundial J\u00fanior<\/strong>, realizado em Kingston, Jamaica. Este marco foi apenas o come\u00e7o de uma carreira que o levaria a se tornar uma lenda no atletismo mundial.<\/p>\n\n\n\n<h2 class=\"wp-block-heading\">Principais conquistas de Usain Bolt<\/h2>\n\n\n\n<p>Usain Bolt \u00e9 famoso por suas conquistas nas <strong>Olimp\u00edadas <\/strong>de <strong>Pequim <\/strong>2008, <strong>Londres <\/strong>2012 e Rio 2016, onde conquistou um total de oito medalhas de ouro. Ele estabeleceu recordes mundiais nas provas de 100 metros e 200 metros, feitos que ainda n\u00e3o foram superados. Sua habilidade de dominar as pistas e sua personalidade cativante fizeram dele uma figura ic\u00f4nica no esporte.<\/p>\n\n\n\n<p>Al\u00e9m das Olimp\u00edadas, Bolt brilhou em campeonatos mundiais, acumulando 11 t\u00edtulos ao longo de sua carreira. Sua famosa pose de &#8220;raio&#8221; tornou-se um s\u00edmbolo de sua velocidade e dom\u00ednio no atletismo, cativando f\u00e3s ao redor do mundo.<\/p>\n\n\n\n<blockquote class=\"instagram-media\" data-instgrm-captioned data-instgrm-permalink=\"https:\/\/www.instagram.com\/p\/DGBWDb1OwHA\/?utm_source=ig_embed&amp;utm_campaign=loading\" data-instgrm-version=\"14\" style=\" background:#FFF; border:0; border-radius:3px; box-shadow:0 0 1px 0 rgba(0,0,0,0.5),0 1px 10px 0 rgba(0,0,0,0.15); margin: 1px; max-width:540px; min-width:326px; padding:0; width:99.375%; width:-webkit-calc(100% - 2px); width:calc(100% - 2px);\"><div style=\"padding:16px;\"> <a href=\"https:\/\/www.instagram.com\/p\/DGBWDb1OwHA\/?utm_source=ig_embed&amp;utm_campaign=loading\" style=\" background:#FFFFFF; line-height:0; padding:0 0; text-align:center; text-decoration:none; width:100%;\" target=\"_blank\"> <div style=\" display: flex; flex-direction: row; align-items: center;\"> <div style=\"background-color: #F4F4F4; border-radius: 50%; flex-grow: 0; height: 40px; margin-right: 14px; width: 40px;\"><\/div> <div style=\"display: flex; flex-direction: column; flex-grow: 1; justify-content: center;\"> <div style=\" background-color: #F4F4F4; border-radius: 4px; flex-grow: 0; height: 14px; margin-bottom: 6px; width: 100px;\"><\/div> <div style=\" background-color: #F4F4F4; border-radius: 4px; flex-grow: 0; height: 14px; width: 60px;\"><\/div><\/div><\/div><div style=\"padding: 19% 0;\"><\/div> <div style=\"display:block; height:50px; margin:0 auto 12px; width:50px;\"><svg width=\"50px\" height=\"50px\" viewBox=\"0 0 60 60\" version=\"1.1\" xmlns=\"https:\/\/www.w3.org\/2000\/svg\" xmlns:xlink=\"https:\/\/www.w3.org\/1999\/xlink\"><g stroke=\"none\" stroke-width=\"1\" fill=\"none\" fill-rule=\"evenodd\"><g transform=\"translate(-511.000000, -20.000000)\" fill=\"#000000\"><g><path d=\"M556.869,30.41 C554.814,30.41 553.148,32.076 553.148,34.131 C553.148,36.186 554.814,37.852 556.869,37.852 C558.924,37.852 560.59,36.186 560.59,34.131 C560.59,32.076 558.924,30.41 556.869,30.41 M541,60.657 C535.114,60.657 530.342,55.887 530.342,50 C530.342,44.114 535.114,39.342 541,39.342 C546.887,39.342 551.658,44.114 551.658,50 C551.658,55.887 546.887,60.657 541,60.657 M541,33.886 C532.1,33.886 524.886,41.1 524.886,50 C524.886,58.899 532.1,66.113 541,66.113 C549.9,66.113 557.115,58.899 557.115,50 C557.115,41.1 549.9,33.886 541,33.886 M565.378,62.101 C565.244,65.022 564.756,66.606 564.346,67.663 C563.803,69.06 563.154,70.057 562.106,71.106 C561.058,72.155 560.06,72.803 558.662,73.347 C557.607,73.757 556.021,74.244 553.102,74.378 C549.944,74.521 548.997,74.552 541,74.552 C533.003,74.552 532.056,74.521 528.898,74.378 C525.979,74.244 524.393,73.757 523.338,73.347 C521.94,72.803 520.942,72.155 519.894,71.106 C518.846,70.057 518.197,69.06 517.654,67.663 C517.244,66.606 516.755,65.022 516.623,62.101 C516.479,58.943 516.448,57.996 516.448,50 C516.448,42.003 516.479,41.056 516.623,37.899 C516.755,34.978 517.244,33.391 517.654,32.338 C518.197,30.938 518.846,29.942 519.894,28.894 C520.942,27.846 521.94,27.196 523.338,26.654 C524.393,26.244 525.979,25.756 528.898,25.623 C532.057,25.479 533.004,25.448 541,25.448 C548.997,25.448 549.943,25.479 553.102,25.623 C556.021,25.756 557.607,26.244 558.662,26.654 C560.06,27.196 561.058,27.846 562.106,28.894 C563.154,29.942 563.803,30.938 564.346,32.338 C564.756,33.391 565.244,34.978 565.378,37.899 C565.522,41.056 565.552,42.003 565.552,50 C565.552,57.996 565.522,58.943 565.378,62.101 M570.82,37.631 C570.674,34.438 570.167,32.258 569.425,30.349 C568.659,28.377 567.633,26.702 565.965,25.035 C564.297,23.368 562.623,22.342 560.652,21.575 C558.743,20.834 556.562,20.326 553.369,20.18 C550.169,20.033 549.148,20 541,20 C532.853,20 531.831,20.033 528.631,20.18 C525.438,20.326 523.257,20.834 521.349,21.575 C519.376,22.342 517.703,23.368 516.035,25.035 C514.368,26.702 513.342,28.377 512.574,30.349 C511.834,32.258 511.326,34.438 511.181,37.631 C511.035,40.831 511,41.851 511,50 C511,58.147 511.035,59.17 511.181,62.369 C511.326,65.562 511.834,67.743 512.574,69.651 C513.342,71.625 514.368,73.296 516.035,74.965 C517.703,76.634 519.376,77.658 521.349,78.425 C523.257,79.167 525.438,79.673 528.631,79.82 C531.831,79.965 532.853,80.001 541,80.001 C549.148,80.001 550.169,79.965 553.369,79.82 C556.562,79.673 558.743,79.167 560.652,78.425 C562.623,77.658 564.297,76.634 565.965,74.965 C567.633,73.296 568.659,71.625 569.425,69.651 C570.167,67.743 570.674,65.562 570.82,62.369 C570.966,59.17 571,58.147 571,50 C571,41.851 570.966,40.831 570.82,37.631\"><\/path><\/g><\/g><\/g><\/svg><\/div><div style=\"padding-top: 8px;\"> <div style=\" color:#3897f0; font-family:Arial,sans-serif; font-size:14px; font-style:normal; font-weight:550; line-height:18px;\">Ver essa foto no Instagram<\/div><\/div><div style=\"padding: 12.5% 0;\"><\/div> <div style=\"display: flex; flex-direction: row; margin-bottom: 14px; align-items: center;\"><div> <div style=\"background-color: #F4F4F4; border-radius: 50%; height: 12.5px; width: 12.5px; transform: translateX(0px) translateY(7px);\"><\/div> <div style=\"background-color: #F4F4F4; height: 12.5px; transform: rotate(-45deg) translateX(3px) translateY(1px); width: 12.5px; flex-grow: 0; margin-right: 14px; margin-left: 2px;\"><\/div> <div style=\"background-color: #F4F4F4; border-radius: 50%; height: 12.5px; width: 12.5px; transform: translateX(9px) translateY(-18px);\"><\/div><\/div><div style=\"margin-left: 8px;\"> <div style=\" background-color: #F4F4F4; border-radius: 50%; flex-grow: 0; height: 20px; width: 20px;\"><\/div> <div style=\" width: 0; height: 0; border-top: 2px solid transparent; border-left: 6px solid #f4f4f4; border-bottom: 2px solid transparent; transform: translateX(16px) translateY(-4px) rotate(30deg)\"><\/div><\/div><div style=\"margin-left: auto;\"> <div style=\" width: 0px; border-top: 8px solid #F4F4F4; border-right: 8px solid transparent; transform: translateY(16px);\"><\/div> <div style=\" background-color: #F4F4F4; flex-grow: 0; height: 12px; width: 16px; transform: translateY(-4px);\"><\/div> <div style=\" width: 0; height: 0; border-top: 8px solid #F4F4F4; border-left: 8px solid transparent; transform: translateY(-4px) translateX(8px);\"><\/div><\/div><\/div> <div style=\"display: flex; flex-direction: column; flex-grow: 1; justify-content: center; margin-bottom: 24px;\"> <div style=\" background-color: #F4F4F4; border-radius: 4px; flex-grow: 0; height: 14px; margin-bottom: 6px; width: 224px;\"><\/div> <div style=\" background-color: #F4F4F4; border-radius: 4px; flex-grow: 0; height: 14px; width: 144px;\"><\/div><\/div><\/a><p style=\" color:#c9c8cd; font-family:Arial,sans-serif; font-size:14px; line-height:17px; margin-bottom:0; margin-top:8px; overflow:hidden; padding:8px 0 7px; text-align:center; text-overflow:ellipsis; white-space:nowrap;\"><a href=\"https:\/\/www.instagram.com\/p\/DGBWDb1OwHA\/?utm_source=ig_embed&amp;utm_campaign=loading\" style=\" color:#c9c8cd; font-family:Arial,sans-serif; font-size:14px; font-style:normal; font-weight:normal; line-height:17px; text-decoration:none;\" target=\"_blank\">Uma publica\u00e7\u00e3o compartilhada por Usain St.Leo Bolt \ud83c\uddef\ud83c\uddf2 (@usainbolt)<\/a><\/p><\/div><\/blockquote>\n<script async src=\"\/\/www.instagram.com\/embed.js\"><\/script>\n\n\n\n<h2 class=\"wp-block-heading\">Fontes de renda de Usain Bolt<\/h2>\n\n\n\n<p>Al\u00e9m de suas conquistas esportivas, Usain Bolt acumulou uma consider\u00e1vel fortuna ao longo de sua carreira. Em 2025, estima-se que seu patrim\u00f4nio l\u00edquido alcance centenas de milh\u00f5es de d\u00f3lares. Embora as premia\u00e7\u00f5es em dinheiro das competi\u00e7\u00f5es tenham contribu\u00eddo para sua riqueza, a maior parte de sua fortuna vem de contratos de patroc\u00ednio e empreendimentos comerciais.<\/p>\n\n\n\n<p>Os contratos de patroc\u00ednio com marcas renomadas como <strong>Puma<\/strong>, <strong>Gatorade <\/strong>e <strong>Hublot <\/strong>foram fundamentais para aumentar sua visibilidade global e seu patrim\u00f4nio. Al\u00e9m disso, Bolt investiu em diversos neg\u00f3cios, incluindo uma rede de restaurantes e uma empresa de mobilidade el\u00e9trica, demonstrando sua vis\u00e3o empreendedora.<\/p>\n\n\n\n<h2 class=\"wp-block-heading\">O legado de Usain Bolt<\/h2>\n\n\n\n<p>Usain Bolt exemplifica como um atleta pode transformar o sucesso esportivo em uma carreira diversificada e lucrativa fora das pistas. Seus investimentos em neg\u00f3cios variados mostram sua habilidade de diversificar suas fontes de renda e garantir que sua influ\u00eancia continue a crescer mesmo ap\u00f3s sua aposentadoria das competi\u00e7\u00f5es. Bolt permanece uma inspira\u00e7\u00e3o para muitos, n\u00e3o apenas por suas conquistas no atletismo, mas tamb\u00e9m por sua capacidade de inovar e prosperar em diferentes \u00e1reas.<\/p>\n","protected":false},"excerpt":{"rendered":"<p>Usain Bolt, amplamente reconhecido como o homem mais r\u00e1pido do mundo, iniciou sua carreira no atletismo na Jamaica, onde nasceu. Desde a inf\u00e2ncia, Bolt demonstrou habilidades excepcionais para a corrida, destacando-se em competi\u00e7\u00f5es escolares. Seu talento natural foi rapidamente notado, e ele come\u00e7ou a receber treinamento especializado para desenvolver suas habilidades. Em 2002, aos 15 [&hellip;]<\/p>\n","protected":false},"author":7,"featured_media":23056,"comment_status":"open","ping_status":"open","sticky":false,"template":"","format":"standard","meta":{"jnews-multi-image_gallery":[],"jnews_single_post":{"format":"standard"},"jnews_primary_category":[],"jnews_social_meta":[],"jnews_override_counter":[],"footnotes":""},"categories":[190],"tags":[5624,5628,5626,5623],"class_list":["post-23054","post","type-post","status-publish","format-standard","has-post-thumbnail","hentry","category-fortuna","tag-athletics","tag-corredor","tag-olympic-games","tag-usain-bolt"],"yoast_head":"<!-- This site is optimized with the Yoast SEO plugin v23.8 - https:\/\/yoast.com\/wordpress\/plugins\/seo\/ -->\n<title>O homem que corre mais r\u00e1pido que o vento, a origem de Usain Bolt - Estado de Minas - Em foco<\/title>\n<meta name=\"description\" content=\"Descubra a inspiradora hist\u00f3ria de Usain Bolt, desde a inf\u00e2ncia na Jamaica at\u00e9 se tornar o maior velocista de todos os tempos.\" \/>\n<meta name=\"robots\" content=\"index, follow, max-snippet:-1, max-image-preview:large, max-video-preview:-1\" \/>\n<link rel=\"canonical\" href=\"https:\/\/www.em.com.br\/emfoco\/2025\/02\/27\/o-homem-que-corre-mais-rapido-que-o-vento-a-origem-de-usain-bolt\/\" \/>\n<meta property=\"og:locale\" content=\"pt_BR\" \/>\n<meta property=\"og:type\" content=\"article\" \/>\n<meta property=\"og:title\" content=\"O homem que corre mais r\u00e1pido que o vento, a origem de Usain Bolt - Estado de Minas - Em foco\" \/>\n<meta property=\"og:description\" content=\"Descubra a inspiradora hist\u00f3ria de Usain Bolt, desde a inf\u00e2ncia na Jamaica at\u00e9 se tornar o maior velocista de todos os tempos.\" \/>\n<meta property=\"og:url\" content=\"https:\/\/www.em.com.br\/emfoco\/2025\/02\/27\/o-homem-que-corre-mais-rapido-que-o-vento-a-origem-de-usain-bolt\/\" \/>\n<meta property=\"og:site_name\" content=\"Estado de Minas - Em foco\" \/>\n<meta property=\"article:published_time\" content=\"2025-02-28T00:40:50+00:00\" \/>\n<meta property=\"article:modified_time\" content=\"2025-02-27T04:48:33+00:00\" \/>\n<meta property=\"og:image\" content=\"https:\/\/www.em.com.br\/emfoco\/wp-content\/uploads\/2025\/02\/Usain-Bolt_1740577848231.jpg\" \/>\n\t<meta property=\"og:image:width\" content=\"1280\" \/>\n\t<meta property=\"og:image:height\" content=\"720\" \/>\n\t<meta property=\"og:image:type\" content=\"image\/jpeg\" \/>\n<meta name=\"author\" content=\"Kelvin\" \/>\n<meta name=\"twitter:card\" content=\"summary_large_image\" \/>\n<meta name=\"twitter:label1\" content=\"Escrito por\" \/>\n\t<meta name=\"twitter:data1\" content=\"Kelvin\" \/>\n\t<meta name=\"twitter:label2\" content=\"Est. tempo de leitura\" \/>\n\t<meta name=\"twitter:data2\" content=\"3 minutos\" \/>\n<!-- \/ Yoast SEO plugin. -->","yoast_head_json":{"title":"O homem que corre mais r\u00e1pido que o vento, a origem de Usain Bolt - Estado de Minas - Em foco","description":"Descubra a inspiradora hist\u00f3ria de Usain Bolt, desde a inf\u00e2ncia na Jamaica at\u00e9 se tornar o maior velocista de todos os tempos.","robots":{"index":"index","follow":"follow","max-snippet":"max-snippet:-1","max-image-preview":"max-image-preview:large","max-video-preview":"max-video-preview:-1"},"canonical":"https:\/\/www.em.com.br\/emfoco\/2025\/02\/27\/o-homem-que-corre-mais-rapido-que-o-vento-a-origem-de-usain-bolt\/","og_locale":"pt_BR","og_type":"article","og_title":"O homem que corre mais r\u00e1pido que o vento, a origem de Usain Bolt - Estado de Minas - Em foco","og_description":"Descubra a inspiradora hist\u00f3ria de Usain Bolt, desde a inf\u00e2ncia na Jamaica at\u00e9 se tornar o maior velocista de todos os tempos.","og_url":"https:\/\/www.em.com.br\/emfoco\/2025\/02\/27\/o-homem-que-corre-mais-rapido-que-o-vento-a-origem-de-usain-bolt\/","og_site_name":"Estado de Minas - Em foco","article_published_time":"2025-02-28T00:40:50+00:00","article_modified_time":"2025-02-27T04:48:33+00:00","og_image":[{"width":1280,"height":720,"url":"https:\/\/www.em.com.br\/emfoco\/wp-content\/uploads\/2025\/02\/Usain-Bolt_1740577848231.jpg","type":"image\/jpeg"}],"author":"Kelvin","twitter_card":"summary_large_image","twitter_misc":{"Escrito por":"Kelvin","Est. tempo de leitura":"3 minutos"},"schema":{"@context":"https:\/\/schema.org","@graph":[{"@type":"WebPage","@id":"https:\/\/www.em.com.br\/emfoco\/2025\/02\/27\/o-homem-que-corre-mais-rapido-que-o-vento-a-origem-de-usain-bolt\/","url":"https:\/\/www.em.com.br\/emfoco\/2025\/02\/27\/o-homem-que-corre-mais-rapido-que-o-vento-a-origem-de-usain-bolt\/","name":"O homem que corre mais r\u00e1pido que o vento, a origem de Usain Bolt - Estado de Minas - Em foco","isPartOf":{"@id":"https:\/\/www.em.com.br\/emfoco\/#website"},"primaryImageOfPage":{"@id":"https:\/\/www.em.com.br\/emfoco\/2025\/02\/27\/o-homem-que-corre-mais-rapido-que-o-vento-a-origem-de-usain-bolt\/#primaryimage"},"image":{"@id":"https:\/\/www.em.com.br\/emfoco\/2025\/02\/27\/o-homem-que-corre-mais-rapido-que-o-vento-a-origem-de-usain-bolt\/#primaryimage"},"thumbnailUrl":"https:\/\/www.em.com.br\/emfoco\/wp-content\/uploads\/2025\/02\/Usain-Bolt_1740577848231.jpg","datePublished":"2025-02-28T00:40:50+00:00","dateModified":"2025-02-27T04:48:33+00:00","author":{"@id":"https:\/\/www.em.com.br\/emfoco\/#\/schema\/person\/fb0a7f48c6fbb94b83f413a80f61917d"},"description":"Descubra a inspiradora hist\u00f3ria de Usain Bolt, desde a inf\u00e2ncia na Jamaica at\u00e9 se tornar o maior velocista de todos os tempos.","breadcrumb":{"@id":"https:\/\/www.em.com.br\/emfoco\/2025\/02\/27\/o-homem-que-corre-mais-rapido-que-o-vento-a-origem-de-usain-bolt\/#breadcrumb"},"inLanguage":"pt-BR","potentialAction":[{"@type":"ReadAction","target":["https:\/\/www.em.com.br\/emfoco\/2025\/02\/27\/o-homem-que-corre-mais-rapido-que-o-vento-a-origem-de-usain-bolt\/"]}]},{"@type":"ImageObject","inLanguage":"pt-BR","@id":"https:\/\/www.em.com.br\/emfoco\/2025\/02\/27\/o-homem-que-corre-mais-rapido-que-o-vento-a-origem-de-usain-bolt\/#primaryimage","url":"https:\/\/www.em.com.br\/emfoco\/wp-content\/uploads\/2025\/02\/Usain-Bolt_1740577848231.jpg","contentUrl":"https:\/\/www.em.com.br\/emfoco\/wp-content\/uploads\/2025\/02\/Usain-Bolt_1740577848231.jpg","width":1280,"height":720,"caption":"Usain Bolt - Cr\u00e9ditos: depositphotos.com \/ Grey82"},{"@type":"BreadcrumbList","@id":"https:\/\/www.em.com.br\/emfoco\/2025\/02\/27\/o-homem-que-corre-mais-rapido-que-o-vento-a-origem-de-usain-bolt\/#breadcrumb","itemListElement":[{"@type":"ListItem","position":1,"name":"In\u00edcio","item":"https:\/\/www.em.com.br\/emfoco\/"},{"@type":"ListItem","position":2,"name":"O homem que corre mais r\u00e1pido que o vento, a origem de Usain Bolt"}]},{"@type":"WebSite","@id":"https:\/\/www.em.com.br\/emfoco\/#website","url":"https:\/\/www.em.com.br\/emfoco\/","name":"Estado de Minas - Em foco","description":"Acompanhe as \u00faltimas not\u00edcias e fique bem informado sobre tudo o que acontece em Minas Gerais, Brasil e no mundo.","potentialAction":[{"@type":"SearchAction","target":{"@type":"EntryPoint","urlTemplate":"https:\/\/www.em.com.br\/emfoco\/?s={search_term_string}"},"query-input":{"@type":"PropertyValueSpecification","valueRequired":true,"valueName":"search_term_string"}}],"inLanguage":"pt-BR"},{"@type":"Person","@id":"https:\/\/www.em.com.br\/emfoco\/#\/schema\/person\/fb0a7f48c6fbb94b83f413a80f61917d","name":"Kelvin","image":{"@type":"ImageObject","inLanguage":"pt-BR","@id":"https:\/\/www.em.com.br\/emfoco\/#\/schema\/person\/image\/","url":"https:\/\/secure.gravatar.com\/avatar\/e74f84337e6bf6c4c5e88fbdffa05270?s=96&d=mm&r=g","contentUrl":"https:\/\/secure.gravatar.com\/avatar\/e74f84337e6bf6c4c5e88fbdffa05270?s=96&d=mm&r=g","caption":"Kelvin"},"sameAs":["https:\/\/www.em.com.br\/emfoco"],"url":"https:\/\/www.em.com.br\/emfoco\/author\/kelvinmyth\/"}]}},"_links":{"self":[{"href":"https:\/\/www.em.com.br\/emfoco\/wp-json\/wp\/v2\/posts\/23054","targetHints":{"allow":["GET"]}}],"collection":[{"href":"https:\/\/www.em.com.br\/emfoco\/wp-json\/wp\/v2\/posts"}],"about":[{"href":"https:\/\/www.em.com.br\/emfoco\/wp-json\/wp\/v2\/types\/post"}],"author":[{"embeddable":true,"href":"https:\/\/www.em.com.br\/emfoco\/wp-json\/wp\/v2\/users\/7"}],"replies":[{"embeddable":true,"href":"https:\/\/www.em.com.br\/emfoco\/wp-json\/wp\/v2\/comments?post=23054"}],"version-history":[{"count":3,"href":"https:\/\/www.em.com.br\/emfoco\/wp-json\/wp\/v2\/posts\/23054\/revisions"}],"predecessor-version":[{"id":23341,"href":"https:\/\/www.em.com.br\/emfoco\/wp-json\/wp\/v2\/posts\/23054\/revisions\/23341"}],"wp:featuredmedia":[{"embeddable":true,"href":"https:\/\/www.em.com.br\/emfoco\/wp-json\/wp\/v2\/media\/23056"}],"wp:attachment":[{"href":"https:\/\/www.em.com.br\/emfoco\/wp-json\/wp\/v2\/media?parent=23054"}],"wp:term":[{"taxonomy":"category","embeddable":true,"href":"https:\/\/www.em.com.br\/emfoco\/wp-json\/wp\/v2\/categories?post=23054"},{"taxonomy":"post_tag","embeddable":true,"href":"https:\/\/www.em.com.br\/emfoco\/wp-json\/wp\/v2\/tags?post=23054"}],"curies":[{"name":"wp","href":"https:\/\/api.w.org\/{rel}","templated":true}]}}