{"id":23042,"date":"2025-03-01T15:40:09","date_gmt":"2025-03-01T18:40:09","guid":{"rendered":"https:\/\/www.em.com.br\/emfoco\/?p=23042"},"modified":"2025-03-01T15:40:10","modified_gmt":"2025-03-01T18:40:10","slug":"lava-loucas-faz-a-limpeza-como-promete-saiba-a-verdade-por-tras-da-febre","status":"publish","type":"post","link":"https:\/\/www.em.com.br\/emfoco\/2025\/03\/01\/lava-loucas-faz-a-limpeza-como-promete-saiba-a-verdade-por-tras-da-febre\/","title":{"rendered":"Lava-lou\u00e7as faz a limpeza como promete? Saiba a verdade por tr\u00e1s da febre"},"content":{"rendered":"\n<p>As<strong> lava-lou\u00e7as<\/strong> s\u00e3o aparelhos pr\u00e1ticos que facilitam o dia a dia, mas podem apresentar problemas que afetam seu desempenho. Este artigo oferece dicas para solucionar os problemas mais comuns encontrados nesses aparelhos. Caso as solu\u00e7\u00f5es sugeridas n\u00e3o sejam eficazes, \u00e9 recomend\u00e1vel procurar assist\u00eancia t\u00e9cnica especializada.<\/p>\n\n\n\n<p>Um dos problemas mais frequentes \u00e9 quando os pratos saem sujos ap\u00f3s a lavagem. Isso pode ocorrer devido ao posicionamento inadequado das lou\u00e7as dentro da m\u00e1quina. Quando os pratos est\u00e3o em contato uns com os outros, especialmente se forem de formatos diferentes, a efic\u00e1cia da lavagem pode ser comprometida.<\/p>\n\n\n\n<h2 class=\"wp-block-heading\">Por que os pratos saem sujos da lava-lou\u00e7as?<\/h2>\n\n\n\n<p>Al\u00e9m do posicionamento das lou\u00e7as, outro fator que pode causar pratos sujos \u00e9 o entupimento das h\u00e9lices com res\u00edduos de alimentos. Gr\u00e3os de arroz ou milho de pipoca, por exemplo, podem obstruir os bicos das h\u00e9lices, impedindo a correta circula\u00e7\u00e3o da \u00e1gua. \u00c9 importante remover esses res\u00edduos antes de colocar os pratos na m\u00e1quina.<\/p>\n\n\n\n<p>Se as h\u00e9lices j\u00e1 estiverem entupidas, a recomenda\u00e7\u00e3o \u00e9 utilizar \u00e1gua corrente para desobstru\u00ed-las. As h\u00e9lices s\u00e3o remov\u00edveis, facilitando sua limpeza. Evite usar objetos pontiagudos para desentupir os bicos, pois isso pode danificar as h\u00e9lices e reduzir a efici\u00eancia da lavagem.<\/p>\n\n\n\n<figure class=\"wp-block-image size-large\"><img loading=\"lazy\" decoding=\"async\" width=\"1024\" height=\"576\" src=\"https:\/\/www.em.com.br\/emfoco\/wp-content\/uploads\/2025\/02\/Lava-loucas_1740575913437-1024x576.jpg\" alt=\"Lava-lou\u00e7as faz a limpeza como promete? Saiba a verdade por tr\u00e1s da febre\" class=\"wp-image-23047\" srcset=\"https:\/\/www.em.com.br\/emfoco\/wp-content\/uploads\/2025\/02\/Lava-loucas_1740575913437-1024x576.jpg 1024w, https:\/\/www.em.com.br\/emfoco\/wp-content\/uploads\/2025\/02\/Lava-loucas_1740575913437-300x169.jpg 300w, https:\/\/www.em.com.br\/emfoco\/wp-content\/uploads\/2025\/02\/Lava-loucas_1740575913437-768x432.jpg 768w, https:\/\/www.em.com.br\/emfoco\/wp-content\/uploads\/2025\/02\/Lava-loucas_1740575913437-750x422.jpg 750w, https:\/\/www.em.com.br\/emfoco\/wp-content\/uploads\/2025\/02\/Lava-loucas_1740575913437-1140x641.jpg 1140w, https:\/\/www.em.com.br\/emfoco\/wp-content\/uploads\/2025\/02\/Lava-loucas_1740575913437.jpg 1280w\" sizes=\"auto, (max-width: 1024px) 100vw, 1024px\" \/><figcaption class=\"wp-element-caption\">Lava-lou\u00e7as &#8211; Cr\u00e9ditos: depositphotos.com \/ j_markow<\/figcaption><\/figure>\n\n\n\n<h2 class=\"wp-block-heading\">Como evitar ac\u00famulo de \u00e1gua e restos de comida?<\/h2>\n\n\n\n<p>O ac\u00famulo de \u00e1gua ou restos de comida na parte inferior da lava-lou\u00e7as pode ser um sinal de que o sistema de filtragem n\u00e3o est\u00e1 sendo limpo adequadamente. O filtro deve ser limpo ap\u00f3s cada uso para evitar o bloqueio da circula\u00e7\u00e3o e drenagem da \u00e1gua.<\/p>\n\n\n\n<p>O sistema de filtragem geralmente \u00e9 composto por tr\u00eas pe\u00e7as: o filtro de detritos, o filtro de tela e o filtro fino. Para limp\u00e1-los, desencaixe as pe\u00e7as e lave-as com \u00e1gua corrente. Use uma escova para limpar o filtro de detritos e o de tela, enquanto o filtro fino deve ser lavado apenas com \u00e1gua.<\/p>\n\n\n\n<h2 class=\"wp-block-heading\">O que fazer se a \u00e1gua continua acumulando?<\/h2>\n\n\n\n<p>Se, mesmo ap\u00f3s a limpeza dos filtros, a \u00e1gua continua a se acumular, \u00e9 importante verificar o sistema de drenagem. Certifique-se de que a mangueira de dreno est\u00e1 posicionada corretamente e n\u00e3o est\u00e1 obstru\u00edda ou dobrada. Problemas no encanamento podem impedir a drenagem adequada da \u00e1gua.<\/p>\n\n\n\n<p>Al\u00e9m disso, \u00e9 essencial seguir as instru\u00e7\u00f5es do manual do produto e garantir que o programa de lavagem selecionado seja adequado para o tipo de lou\u00e7a e sujeira. O uso de sab\u00e3o espec\u00edfico para lava-lou\u00e7as e dentro do prazo de validade tamb\u00e9m \u00e9 crucial para um bom desempenho.<\/p>\n\n\n\n<h2 class=\"wp-block-heading\">Quais s\u00e3o os produtos recomendados para manuten\u00e7\u00e3o?<\/h2>\n\n\n\n<p>Para manter a lava-lou\u00e7as em bom estado, \u00e9 importante investir em produtos de limpeza adequados. Escovas de limpeza multifuncionais e detergentes espec\u00edficos para lava-lou\u00e7as s\u00e3o essenciais para a manuten\u00e7\u00e3o do aparelho. Modelos de lava-lou\u00e7as e produtos de limpeza podem ser encontrados em diversas faixas de pre\u00e7o, atendendo a diferentes necessidades e or\u00e7amentos.<\/p>\n\n\n\n<p>Em caso de persist\u00eancia dos problemas, a assist\u00eancia t\u00e9cnica deve ser acionada para evitar danos maiores ao aparelho. Manter a lava-lou\u00e7as em bom estado n\u00e3o s\u00f3 prolonga sua vida \u00fatil, mas tamb\u00e9m garante a efici\u00eancia na limpeza das lou\u00e7as.<\/p>\n","protected":false},"excerpt":{"rendered":"<p>As lava-lou\u00e7as s\u00e3o aparelhos pr\u00e1ticos que facilitam o dia a dia, mas podem apresentar problemas que afetam seu desempenho. Este artigo oferece dicas para solucionar os problemas mais comuns encontrados nesses aparelhos. Caso as solu\u00e7\u00f5es sugeridas n\u00e3o sejam eficazes, \u00e9 recomend\u00e1vel procurar assist\u00eancia t\u00e9cnica especializada. Um dos problemas mais frequentes \u00e9 quando os pratos saem [&hellip;]<\/p>\n","protected":false},"author":5,"featured_media":23046,"comment_status":"open","ping_status":"open","sticky":false,"template":"","format":"standard","meta":{"jnews-multi-image_gallery":[],"jnews_single_post":{"format":"standard"},"jnews_primary_category":[],"jnews_social_meta":[],"jnews_override_counter":[],"footnotes":""},"categories":[29,1],"tags":[5621,5620,3337,3034],"class_list":["post-23042","post","type-post","status-publish","format-standard","has-post-thumbnail","hentry","category-entretenimento","category-noticias","tag-electrodomesticos","tag-lava-loucas","tag-limpeza","tag-manutencao"],"yoast_head":"<!-- This site is optimized with the Yoast SEO plugin v23.8 - https:\/\/yoast.com\/wordpress\/plugins\/seo\/ -->\n<title>Lava-lou\u00e7as faz a limpeza como promete? Saiba a verdade por tr\u00e1s da febre - Estado de Minas - Em foco<\/title>\n<meta name=\"description\" content=\"Aprenda a realizar a manuten\u00e7\u00e3o da sua lava-lou\u00e7as e a evitar problemas que afetam seu desempenho, como ac\u00famulo de \u00e1gua.\" \/>\n<meta name=\"robots\" content=\"index, follow, max-snippet:-1, max-image-preview:large, max-video-preview:-1\" \/>\n<link rel=\"canonical\" href=\"https:\/\/www.em.com.br\/emfoco\/2025\/03\/01\/lava-loucas-faz-a-limpeza-como-promete-saiba-a-verdade-por-tras-da-febre\/\" \/>\n<meta property=\"og:locale\" content=\"pt_BR\" \/>\n<meta property=\"og:type\" content=\"article\" \/>\n<meta property=\"og:title\" content=\"Lava-lou\u00e7as faz a limpeza como promete? Saiba a verdade por tr\u00e1s da febre - Estado de Minas - Em foco\" \/>\n<meta property=\"og:description\" content=\"Aprenda a realizar a manuten\u00e7\u00e3o da sua lava-lou\u00e7as e a evitar problemas que afetam seu desempenho, como ac\u00famulo de \u00e1gua.\" \/>\n<meta property=\"og:url\" content=\"https:\/\/www.em.com.br\/emfoco\/2025\/03\/01\/lava-loucas-faz-a-limpeza-como-promete-saiba-a-verdade-por-tras-da-febre\/\" \/>\n<meta property=\"og:site_name\" content=\"Estado de Minas - Em foco\" \/>\n<meta property=\"article:published_time\" content=\"2025-03-01T18:40:09+00:00\" \/>\n<meta property=\"article:modified_time\" content=\"2025-03-01T18:40:10+00:00\" \/>\n<meta property=\"og:image\" content=\"https:\/\/www.em.com.br\/emfoco\/wp-content\/uploads\/2025\/02\/Lava-loucas_1740575877690.jpg\" \/>\n\t<meta property=\"og:image:width\" content=\"1280\" \/>\n\t<meta property=\"og:image:height\" content=\"720\" \/>\n\t<meta property=\"og:image:type\" content=\"image\/jpeg\" \/>\n<meta name=\"author\" content=\"N\u00fabia Rangel\" \/>\n<meta name=\"twitter:card\" content=\"summary_large_image\" \/>\n<meta name=\"twitter:label1\" content=\"Escrito por\" \/>\n\t<meta name=\"twitter:data1\" content=\"N\u00fabia Rangel\" \/>\n\t<meta name=\"twitter:label2\" content=\"Est. tempo de leitura\" \/>\n\t<meta name=\"twitter:data2\" content=\"4 minutos\" \/>\n<!-- \/ Yoast SEO plugin. -->","yoast_head_json":{"title":"Lava-lou\u00e7as faz a limpeza como promete? Saiba a verdade por tr\u00e1s da febre - Estado de Minas - Em foco","description":"Aprenda a realizar a manuten\u00e7\u00e3o da sua lava-lou\u00e7as e a evitar problemas que afetam seu desempenho, como ac\u00famulo de \u00e1gua.","robots":{"index":"index","follow":"follow","max-snippet":"max-snippet:-1","max-image-preview":"max-image-preview:large","max-video-preview":"max-video-preview:-1"},"canonical":"https:\/\/www.em.com.br\/emfoco\/2025\/03\/01\/lava-loucas-faz-a-limpeza-como-promete-saiba-a-verdade-por-tras-da-febre\/","og_locale":"pt_BR","og_type":"article","og_title":"Lava-lou\u00e7as faz a limpeza como promete? Saiba a verdade por tr\u00e1s da febre - Estado de Minas - Em foco","og_description":"Aprenda a realizar a manuten\u00e7\u00e3o da sua lava-lou\u00e7as e a evitar problemas que afetam seu desempenho, como ac\u00famulo de \u00e1gua.","og_url":"https:\/\/www.em.com.br\/emfoco\/2025\/03\/01\/lava-loucas-faz-a-limpeza-como-promete-saiba-a-verdade-por-tras-da-febre\/","og_site_name":"Estado de Minas - Em foco","article_published_time":"2025-03-01T18:40:09+00:00","article_modified_time":"2025-03-01T18:40:10+00:00","og_image":[{"width":1280,"height":720,"url":"https:\/\/www.em.com.br\/emfoco\/wp-content\/uploads\/2025\/02\/Lava-loucas_1740575877690.jpg","type":"image\/jpeg"}],"author":"N\u00fabia Rangel","twitter_card":"summary_large_image","twitter_misc":{"Escrito por":"N\u00fabia Rangel","Est. tempo de leitura":"4 minutos"},"schema":{"@context":"https:\/\/schema.org","@graph":[{"@type":"WebPage","@id":"https:\/\/www.em.com.br\/emfoco\/2025\/03\/01\/lava-loucas-faz-a-limpeza-como-promete-saiba-a-verdade-por-tras-da-febre\/","url":"https:\/\/www.em.com.br\/emfoco\/2025\/03\/01\/lava-loucas-faz-a-limpeza-como-promete-saiba-a-verdade-por-tras-da-febre\/","name":"Lava-lou\u00e7as faz a limpeza como promete? Saiba a verdade por tr\u00e1s da febre - Estado de Minas - Em foco","isPartOf":{"@id":"https:\/\/www.em.com.br\/emfoco\/#website"},"primaryImageOfPage":{"@id":"https:\/\/www.em.com.br\/emfoco\/2025\/03\/01\/lava-loucas-faz-a-limpeza-como-promete-saiba-a-verdade-por-tras-da-febre\/#primaryimage"},"image":{"@id":"https:\/\/www.em.com.br\/emfoco\/2025\/03\/01\/lava-loucas-faz-a-limpeza-como-promete-saiba-a-verdade-por-tras-da-febre\/#primaryimage"},"thumbnailUrl":"https:\/\/www.em.com.br\/emfoco\/wp-content\/uploads\/2025\/02\/Lava-loucas_1740575877690.jpg","datePublished":"2025-03-01T18:40:09+00:00","dateModified":"2025-03-01T18:40:10+00:00","author":{"@id":"https:\/\/www.em.com.br\/emfoco\/#\/schema\/person\/524437ef54f8a5d32591b143307f2e20"},"description":"Aprenda a realizar a manuten\u00e7\u00e3o da sua lava-lou\u00e7as e a evitar problemas que afetam seu desempenho, como ac\u00famulo de \u00e1gua.","breadcrumb":{"@id":"https:\/\/www.em.com.br\/emfoco\/2025\/03\/01\/lava-loucas-faz-a-limpeza-como-promete-saiba-a-verdade-por-tras-da-febre\/#breadcrumb"},"inLanguage":"pt-BR","potentialAction":[{"@type":"ReadAction","target":["https:\/\/www.em.com.br\/emfoco\/2025\/03\/01\/lava-loucas-faz-a-limpeza-como-promete-saiba-a-verdade-por-tras-da-febre\/"]}]},{"@type":"ImageObject","inLanguage":"pt-BR","@id":"https:\/\/www.em.com.br\/emfoco\/2025\/03\/01\/lava-loucas-faz-a-limpeza-como-promete-saiba-a-verdade-por-tras-da-febre\/#primaryimage","url":"https:\/\/www.em.com.br\/emfoco\/wp-content\/uploads\/2025\/02\/Lava-loucas_1740575877690.jpg","contentUrl":"https:\/\/www.em.com.br\/emfoco\/wp-content\/uploads\/2025\/02\/Lava-loucas_1740575877690.jpg","width":1280,"height":720,"caption":"Lava-lou\u00e7as - Cr\u00e9ditos: depositphotos.com \/ Kzenon"},{"@type":"BreadcrumbList","@id":"https:\/\/www.em.com.br\/emfoco\/2025\/03\/01\/lava-loucas-faz-a-limpeza-como-promete-saiba-a-verdade-por-tras-da-febre\/#breadcrumb","itemListElement":[{"@type":"ListItem","position":1,"name":"In\u00edcio","item":"https:\/\/www.em.com.br\/emfoco\/"},{"@type":"ListItem","position":2,"name":"Lava-lou\u00e7as faz a limpeza como promete? Saiba a verdade por tr\u00e1s da febre"}]},{"@type":"WebSite","@id":"https:\/\/www.em.com.br\/emfoco\/#website","url":"https:\/\/www.em.com.br\/emfoco\/","name":"Estado de Minas - Em foco","description":"Acompanhe as \u00faltimas not\u00edcias e fique bem informado sobre tudo o que acontece em Minas Gerais, Brasil e no mundo.","potentialAction":[{"@type":"SearchAction","target":{"@type":"EntryPoint","urlTemplate":"https:\/\/www.em.com.br\/emfoco\/?s={search_term_string}"},"query-input":{"@type":"PropertyValueSpecification","valueRequired":true,"valueName":"search_term_string"}}],"inLanguage":"pt-BR"},{"@type":"Person","@id":"https:\/\/www.em.com.br\/emfoco\/#\/schema\/person\/524437ef54f8a5d32591b143307f2e20","name":"N\u00fabia Rangel","image":{"@type":"ImageObject","inLanguage":"pt-BR","@id":"https:\/\/www.em.com.br\/emfoco\/#\/schema\/person\/image\/","url":"https:\/\/secure.gravatar.com\/avatar\/47cff2827a5ba23c37e8068c86817ea4?s=96&d=mm&r=g","contentUrl":"https:\/\/secure.gravatar.com\/avatar\/47cff2827a5ba23c37e8068c86817ea4?s=96&d=mm&r=g","caption":"N\u00fabia Rangel"},"sameAs":["https:\/\/www.em.com.br\/emfoco\/"],"url":"https:\/\/www.em.com.br\/emfoco\/author\/nubiamyth\/"}]}},"_links":{"self":[{"href":"https:\/\/www.em.com.br\/emfoco\/wp-json\/wp\/v2\/posts\/23042","targetHints":{"allow":["GET"]}}],"collection":[{"href":"https:\/\/www.em.com.br\/emfoco\/wp-json\/wp\/v2\/posts"}],"about":[{"href":"https:\/\/www.em.com.br\/emfoco\/wp-json\/wp\/v2\/types\/post"}],"author":[{"embeddable":true,"href":"https:\/\/www.em.com.br\/emfoco\/wp-json\/wp\/v2\/users\/5"}],"replies":[{"embeddable":true,"href":"https:\/\/www.em.com.br\/emfoco\/wp-json\/wp\/v2\/comments?post=23042"}],"version-history":[{"count":2,"href":"https:\/\/www.em.com.br\/emfoco\/wp-json\/wp\/v2\/posts\/23042\/revisions"}],"predecessor-version":[{"id":23048,"href":"https:\/\/www.em.com.br\/emfoco\/wp-json\/wp\/v2\/posts\/23042\/revisions\/23048"}],"wp:featuredmedia":[{"embeddable":true,"href":"https:\/\/www.em.com.br\/emfoco\/wp-json\/wp\/v2\/media\/23046"}],"wp:attachment":[{"href":"https:\/\/www.em.com.br\/emfoco\/wp-json\/wp\/v2\/media?parent=23042"}],"wp:term":[{"taxonomy":"category","embeddable":true,"href":"https:\/\/www.em.com.br\/emfoco\/wp-json\/wp\/v2\/categories?post=23042"},{"taxonomy":"post_tag","embeddable":true,"href":"https:\/\/www.em.com.br\/emfoco\/wp-json\/wp\/v2\/tags?post=23042"}],"curies":[{"name":"wp","href":"https:\/\/api.w.org\/{rel}","templated":true}]}}