{"id":22979,"date":"2025-03-07T22:20:00","date_gmt":"2025-03-08T01:20:00","guid":{"rendered":"https:\/\/www.em.com.br\/emfoco\/?p=22979"},"modified":"2025-02-26T07:43:13","modified_gmt":"2025-02-26T10:43:13","slug":"usuarios-do-kindle-atencao-amazon-anuncia-mudancas-importantes","status":"publish","type":"post","link":"https:\/\/www.em.com.br\/emfoco\/2025\/03\/07\/usuarios-do-kindle-atencao-amazon-anuncia-mudancas-importantes\/","title":{"rendered":"Usu\u00e1rios do Kindle, aten\u00e7\u00e3o! Amazon anuncia mudan\u00e7as importantes"},"content":{"rendered":"\n<p>A <strong><a href=\"https:\/\/www.amazon.com.br\/\" target=\"_blank\" rel=\"noreferrer noopener\">Amazon<\/a><\/strong> anunciou uma altera\u00e7\u00e3o significativa na forma como os usu\u00e1rios do <strong>Kindle<\/strong> poder\u00e3o acessar seus e-books. A empresa n\u00e3o permite mais o download de livros eletr\u00f4nicos diretamente para computadores via USB. Essa mudan\u00e7a afeta principalmente aqueles que costumavam transferir seus e-books para dispositivos pessoais atrav\u00e9s deste m\u00e9todo.<\/p>\n\n\n\n<p>Essa decis\u00e3o foi comunicada aos usu\u00e1rios atrav\u00e9s de notifica\u00e7\u00f5es quando tentavam baixar seus livros eletr\u00f4nicos comprados. A mudan\u00e7a visa otimizar a experi\u00eancia do usu\u00e1rio e garantir maior seguran\u00e7a no processo de transfer\u00eancia de arquivos digitais.<\/p>\n\n\n\n<h2 class=\"wp-block-heading\">Como a mudan\u00e7a afeta os usu\u00e1rios do Kindle?<\/h2>\n\n\n\n<p>Com a nova pol\u00edtica, os <strong><a href=\"https:\/\/www.em.com.br\/emfoco\/2025\/01\/04\/cuidado-com-os-deepfakes-como-se-proteger-dos-golpes-no-tiktok\/\" target=\"_blank\" rel=\"noreferrer noopener\">usu\u00e1rios<\/a><\/strong> que desejavam transferir seus e-books para computadores e, posteriormente, para outros dispositivos, precisar\u00e3o adaptar-se a novos m\u00e9todos de leitura. Isso pode incluir o uso de aplicativos Kindle em dispositivos m\u00f3veis ou tablets, onde os livros podem ser acessados diretamente sem a necessidade de um computador intermedi\u00e1rio.<\/p>\n\n\n\n<p>Para muitos, essa mudan\u00e7a representa uma simplifica\u00e7\u00e3o no processo de leitura, enquanto para outros, pode ser uma limita\u00e7\u00e3o, especialmente para aqueles que preferem ler em dispositivos que n\u00e3o possuem o aplicativo Kindle.<\/p>\n\n\n\n<figure class=\"wp-block-image size-large\"><img loading=\"lazy\" decoding=\"async\" width=\"1024\" height=\"576\" src=\"https:\/\/www.em.com.br\/emfoco\/wp-content\/uploads\/2025\/02\/Kindle_1740566427339-1024x576.jpg\" alt=\"Usu\u00e1rios do Kindle, aten\u00e7\u00e3o! Amazon anuncia mudan\u00e7as importantes\" class=\"wp-image-22982\" srcset=\"https:\/\/www.em.com.br\/emfoco\/wp-content\/uploads\/2025\/02\/Kindle_1740566427339-1024x576.jpg 1024w, https:\/\/www.em.com.br\/emfoco\/wp-content\/uploads\/2025\/02\/Kindle_1740566427339-300x169.jpg 300w, https:\/\/www.em.com.br\/emfoco\/wp-content\/uploads\/2025\/02\/Kindle_1740566427339-768x432.jpg 768w, https:\/\/www.em.com.br\/emfoco\/wp-content\/uploads\/2025\/02\/Kindle_1740566427339-750x422.jpg 750w, https:\/\/www.em.com.br\/emfoco\/wp-content\/uploads\/2025\/02\/Kindle_1740566427339-1140x641.jpg 1140w, https:\/\/www.em.com.br\/emfoco\/wp-content\/uploads\/2025\/02\/Kindle_1740566427339.jpg 1280w\" sizes=\"auto, (max-width: 1024px) 100vw, 1024px\" \/><figcaption class=\"wp-element-caption\">Kindle &#8211; Cr\u00e9ditos: depositphotos.com \/ fadhli.adnan19@gmail.com<\/figcaption><\/figure>\n\n\n\n<h2 class=\"wp-block-heading\">Quais s\u00e3o as alternativas dispon\u00edveis?<\/h2>\n\n\n\n<p>Apesar da restri\u00e7\u00e3o, a Amazon oferece v\u00e1rias alternativas para acessar e-books sem a necessidade de um computador. Aqui est\u00e3o algumas op\u00e7\u00f5es:<\/p>\n\n\n\n<ul class=\"wp-block-list\">\n<li><strong>Aplicativo Kindle:<\/strong> Dispon\u00edvel para<strong> iOS e Android<\/strong>, o aplicativo permite que os usu\u00e1rios leiam seus e-books em smartphones e tablets.<\/li>\n\n\n\n<li><strong>Kindle Cloud Reader:<\/strong> Uma solu\u00e7\u00e3o baseada na web que permite a leitura de e-books diretamente no navegador, sem a necessidade de downloads.<\/li>\n\n\n\n<li><strong>Dispositivos Kindle:<\/strong> Os e-readers Kindle continuam a ser uma op\u00e7\u00e3o popular para leitura, oferecendo uma experi\u00eancia otimizada para e-books.<\/li>\n<\/ul>\n\n\n\n<h2 class=\"wp-block-heading\">Por que a Amazon est\u00e1 implementando essa mudan\u00e7a?<\/h2>\n\n\n\n<p>A decis\u00e3o de descontinuar o download de e-books para computadores pode estar relacionada a v\u00e1rias raz\u00f5es. Entre elas, a seguran\u00e7a \u00e9 uma preocupa\u00e7\u00e3o central, pois a transfer\u00eancia direta para computadores pode aumentar o risco de pirataria. Al\u00e9m disso, a Amazon busca promover o uso de seus aplicativos e dispositivos, que oferecem uma experi\u00eancia de leitura mais integrada e segura.<\/p>\n\n\n\n<p>Essa mudan\u00e7a tamb\u00e9m reflete uma tend\u00eancia crescente de consumo de conte\u00fado digital em dispositivos m\u00f3veis, que s\u00e3o mais port\u00e1teis e acess\u00edveis para a maioria dos usu\u00e1rios.<\/p>\n\n\n\n<h2 class=\"wp-block-heading\">Impacto no futuro da leitura digital<\/h2>\n\n\n\n<p>Essa atualiza\u00e7\u00e3o na pol\u00edtica da Amazon pode influenciar o futuro da leitura digital, incentivando mais usu\u00e1rios a adotarem plataformas m\u00f3veis e baseadas na nuvem. Com a crescente popularidade dos dispositivos m\u00f3veis, a leitura digital est\u00e1 se tornando cada vez mais conveniente e acess\u00edvel, permitindo que os leitores acessem seus livros em qualquer lugar e a qualquer momento.<\/p>\n\n\n\n<p>Embora a mudan\u00e7a possa exigir uma adapta\u00e7\u00e3o inicial, ela tamb\u00e9m pode abrir caminho para novas formas de intera\u00e7\u00e3o com o conte\u00fado digital, proporcionando uma experi\u00eancia de leitura mais rica e diversificada.<\/p>\n","protected":false},"excerpt":{"rendered":"<p>A Amazon anunciou uma altera\u00e7\u00e3o significativa na forma como os usu\u00e1rios do Kindle poder\u00e3o acessar seus e-books. A empresa n\u00e3o permite mais o download de livros eletr\u00f4nicos diretamente para computadores via USB. Essa mudan\u00e7a afeta principalmente aqueles que costumavam transferir seus e-books para dispositivos pessoais atrav\u00e9s deste m\u00e9todo. Essa decis\u00e3o foi comunicada aos usu\u00e1rios atrav\u00e9s [&hellip;]<\/p>\n","protected":false},"author":5,"featured_media":22981,"comment_status":"open","ping_status":"open","sticky":false,"template":"","format":"standard","meta":{"jnews-multi-image_gallery":[],"jnews_single_post":{"format":"standard"},"jnews_primary_category":[],"jnews_social_meta":[],"jnews_override_counter":[],"footnotes":""},"categories":[1,4204],"tags":[1855,5322,4519,5605],"class_list":["post-22979","post","type-post","status-publish","format-standard","has-post-thumbnail","hentry","category-noticias","category-tecnologia","tag-amazon","tag-e-book","tag-kindle","tag-leitura-digital"],"yoast_head":"<!-- This site is optimized with the Yoast SEO plugin v23.8 - https:\/\/yoast.com\/wordpress\/plugins\/seo\/ -->\n<title>Usu\u00e1rios do Kindle, aten\u00e7\u00e3o! Amazon anuncia mudan\u00e7as importantes - Estado de Minas - Em foco<\/title>\n<meta name=\"description\" content=\"Usu\u00e1rios do Kindle n\u00e3o poder\u00e3o mais baixar e-books para PC via USB a partir de 2025. Descubra alternativas para continuar lendo.\" \/>\n<meta name=\"robots\" content=\"index, follow, max-snippet:-1, max-image-preview:large, max-video-preview:-1\" \/>\n<link rel=\"canonical\" href=\"https:\/\/www.em.com.br\/emfoco\/2025\/03\/07\/usuarios-do-kindle-atencao-amazon-anuncia-mudancas-importantes\/\" \/>\n<meta property=\"og:locale\" content=\"pt_BR\" \/>\n<meta property=\"og:type\" content=\"article\" \/>\n<meta property=\"og:title\" content=\"Usu\u00e1rios do Kindle, aten\u00e7\u00e3o! Amazon anuncia mudan\u00e7as importantes - Estado de Minas - Em foco\" \/>\n<meta property=\"og:description\" content=\"Usu\u00e1rios do Kindle n\u00e3o poder\u00e3o mais baixar e-books para PC via USB a partir de 2025. Descubra alternativas para continuar lendo.\" \/>\n<meta property=\"og:url\" content=\"https:\/\/www.em.com.br\/emfoco\/2025\/03\/07\/usuarios-do-kindle-atencao-amazon-anuncia-mudancas-importantes\/\" \/>\n<meta property=\"og:site_name\" content=\"Estado de Minas - Em foco\" \/>\n<meta property=\"article:published_time\" content=\"2025-03-08T01:20:00+00:00\" \/>\n<meta property=\"article:modified_time\" content=\"2025-02-26T10:43:13+00:00\" \/>\n<meta property=\"og:image\" content=\"https:\/\/www.em.com.br\/emfoco\/wp-content\/uploads\/2025\/02\/Kindle_1740566382747.jpg\" \/>\n\t<meta property=\"og:image:width\" content=\"1280\" \/>\n\t<meta property=\"og:image:height\" content=\"720\" \/>\n\t<meta property=\"og:image:type\" content=\"image\/jpeg\" \/>\n<meta name=\"author\" content=\"N\u00fabia Rangel\" \/>\n<meta name=\"twitter:card\" content=\"summary_large_image\" \/>\n<meta name=\"twitter:label1\" content=\"Escrito por\" \/>\n\t<meta name=\"twitter:data1\" content=\"N\u00fabia Rangel\" \/>\n\t<meta name=\"twitter:label2\" content=\"Est. tempo de leitura\" \/>\n\t<meta name=\"twitter:data2\" content=\"3 minutos\" \/>\n<!-- \/ Yoast SEO plugin. -->","yoast_head_json":{"title":"Usu\u00e1rios do Kindle, aten\u00e7\u00e3o! Amazon anuncia mudan\u00e7as importantes - Estado de Minas - Em foco","description":"Usu\u00e1rios do Kindle n\u00e3o poder\u00e3o mais baixar e-books para PC via USB a partir de 2025. Descubra alternativas para continuar lendo.","robots":{"index":"index","follow":"follow","max-snippet":"max-snippet:-1","max-image-preview":"max-image-preview:large","max-video-preview":"max-video-preview:-1"},"canonical":"https:\/\/www.em.com.br\/emfoco\/2025\/03\/07\/usuarios-do-kindle-atencao-amazon-anuncia-mudancas-importantes\/","og_locale":"pt_BR","og_type":"article","og_title":"Usu\u00e1rios do Kindle, aten\u00e7\u00e3o! Amazon anuncia mudan\u00e7as importantes - Estado de Minas - Em foco","og_description":"Usu\u00e1rios do Kindle n\u00e3o poder\u00e3o mais baixar e-books para PC via USB a partir de 2025. Descubra alternativas para continuar lendo.","og_url":"https:\/\/www.em.com.br\/emfoco\/2025\/03\/07\/usuarios-do-kindle-atencao-amazon-anuncia-mudancas-importantes\/","og_site_name":"Estado de Minas - Em foco","article_published_time":"2025-03-08T01:20:00+00:00","article_modified_time":"2025-02-26T10:43:13+00:00","og_image":[{"width":1280,"height":720,"url":"https:\/\/www.em.com.br\/emfoco\/wp-content\/uploads\/2025\/02\/Kindle_1740566382747.jpg","type":"image\/jpeg"}],"author":"N\u00fabia Rangel","twitter_card":"summary_large_image","twitter_misc":{"Escrito por":"N\u00fabia Rangel","Est. tempo de leitura":"3 minutos"},"schema":{"@context":"https:\/\/schema.org","@graph":[{"@type":"WebPage","@id":"https:\/\/www.em.com.br\/emfoco\/2025\/03\/07\/usuarios-do-kindle-atencao-amazon-anuncia-mudancas-importantes\/","url":"https:\/\/www.em.com.br\/emfoco\/2025\/03\/07\/usuarios-do-kindle-atencao-amazon-anuncia-mudancas-importantes\/","name":"Usu\u00e1rios do Kindle, aten\u00e7\u00e3o! Amazon anuncia mudan\u00e7as importantes - Estado de Minas - Em foco","isPartOf":{"@id":"https:\/\/www.em.com.br\/emfoco\/#website"},"primaryImageOfPage":{"@id":"https:\/\/www.em.com.br\/emfoco\/2025\/03\/07\/usuarios-do-kindle-atencao-amazon-anuncia-mudancas-importantes\/#primaryimage"},"image":{"@id":"https:\/\/www.em.com.br\/emfoco\/2025\/03\/07\/usuarios-do-kindle-atencao-amazon-anuncia-mudancas-importantes\/#primaryimage"},"thumbnailUrl":"https:\/\/www.em.com.br\/emfoco\/wp-content\/uploads\/2025\/02\/Kindle_1740566382747.jpg","datePublished":"2025-03-08T01:20:00+00:00","dateModified":"2025-02-26T10:43:13+00:00","author":{"@id":"https:\/\/www.em.com.br\/emfoco\/#\/schema\/person\/524437ef54f8a5d32591b143307f2e20"},"description":"Usu\u00e1rios do Kindle n\u00e3o poder\u00e3o mais baixar e-books para PC via USB a partir de 2025. Descubra alternativas para continuar lendo.","breadcrumb":{"@id":"https:\/\/www.em.com.br\/emfoco\/2025\/03\/07\/usuarios-do-kindle-atencao-amazon-anuncia-mudancas-importantes\/#breadcrumb"},"inLanguage":"pt-BR","potentialAction":[{"@type":"ReadAction","target":["https:\/\/www.em.com.br\/emfoco\/2025\/03\/07\/usuarios-do-kindle-atencao-amazon-anuncia-mudancas-importantes\/"]}]},{"@type":"ImageObject","inLanguage":"pt-BR","@id":"https:\/\/www.em.com.br\/emfoco\/2025\/03\/07\/usuarios-do-kindle-atencao-amazon-anuncia-mudancas-importantes\/#primaryimage","url":"https:\/\/www.em.com.br\/emfoco\/wp-content\/uploads\/2025\/02\/Kindle_1740566382747.jpg","contentUrl":"https:\/\/www.em.com.br\/emfoco\/wp-content\/uploads\/2025\/02\/Kindle_1740566382747.jpg","width":1280,"height":720,"caption":"Kindle - Cr\u00e9ditos: depositphotos.com \/ lucianmilasan"},{"@type":"BreadcrumbList","@id":"https:\/\/www.em.com.br\/emfoco\/2025\/03\/07\/usuarios-do-kindle-atencao-amazon-anuncia-mudancas-importantes\/#breadcrumb","itemListElement":[{"@type":"ListItem","position":1,"name":"In\u00edcio","item":"https:\/\/www.em.com.br\/emfoco\/"},{"@type":"ListItem","position":2,"name":"Usu\u00e1rios do Kindle, aten\u00e7\u00e3o! Amazon anuncia mudan\u00e7as importantes"}]},{"@type":"WebSite","@id":"https:\/\/www.em.com.br\/emfoco\/#website","url":"https:\/\/www.em.com.br\/emfoco\/","name":"Estado de Minas - Em foco","description":"Acompanhe as \u00faltimas not\u00edcias e fique bem informado sobre tudo o que acontece em Minas Gerais, Brasil e no mundo.","potentialAction":[{"@type":"SearchAction","target":{"@type":"EntryPoint","urlTemplate":"https:\/\/www.em.com.br\/emfoco\/?s={search_term_string}"},"query-input":{"@type":"PropertyValueSpecification","valueRequired":true,"valueName":"search_term_string"}}],"inLanguage":"pt-BR"},{"@type":"Person","@id":"https:\/\/www.em.com.br\/emfoco\/#\/schema\/person\/524437ef54f8a5d32591b143307f2e20","name":"N\u00fabia Rangel","image":{"@type":"ImageObject","inLanguage":"pt-BR","@id":"https:\/\/www.em.com.br\/emfoco\/#\/schema\/person\/image\/","url":"https:\/\/secure.gravatar.com\/avatar\/47cff2827a5ba23c37e8068c86817ea4?s=96&d=mm&r=g","contentUrl":"https:\/\/secure.gravatar.com\/avatar\/47cff2827a5ba23c37e8068c86817ea4?s=96&d=mm&r=g","caption":"N\u00fabia Rangel"},"sameAs":["https:\/\/www.em.com.br\/emfoco\/"],"url":"https:\/\/www.em.com.br\/emfoco\/author\/nubiamyth\/"}]}},"_links":{"self":[{"href":"https:\/\/www.em.com.br\/emfoco\/wp-json\/wp\/v2\/posts\/22979","targetHints":{"allow":["GET"]}}],"collection":[{"href":"https:\/\/www.em.com.br\/emfoco\/wp-json\/wp\/v2\/posts"}],"about":[{"href":"https:\/\/www.em.com.br\/emfoco\/wp-json\/wp\/v2\/types\/post"}],"author":[{"embeddable":true,"href":"https:\/\/www.em.com.br\/emfoco\/wp-json\/wp\/v2\/users\/5"}],"replies":[{"embeddable":true,"href":"https:\/\/www.em.com.br\/emfoco\/wp-json\/wp\/v2\/comments?post=22979"}],"version-history":[{"count":2,"href":"https:\/\/www.em.com.br\/emfoco\/wp-json\/wp\/v2\/posts\/22979\/revisions"}],"predecessor-version":[{"id":22983,"href":"https:\/\/www.em.com.br\/emfoco\/wp-json\/wp\/v2\/posts\/22979\/revisions\/22983"}],"wp:featuredmedia":[{"embeddable":true,"href":"https:\/\/www.em.com.br\/emfoco\/wp-json\/wp\/v2\/media\/22981"}],"wp:attachment":[{"href":"https:\/\/www.em.com.br\/emfoco\/wp-json\/wp\/v2\/media?parent=22979"}],"wp:term":[{"taxonomy":"category","embeddable":true,"href":"https:\/\/www.em.com.br\/emfoco\/wp-json\/wp\/v2\/categories?post=22979"},{"taxonomy":"post_tag","embeddable":true,"href":"https:\/\/www.em.com.br\/emfoco\/wp-json\/wp\/v2\/tags?post=22979"}],"curies":[{"name":"wp","href":"https:\/\/api.w.org\/{rel}","templated":true}]}}