{"id":22894,"date":"2025-02-26T21:00:19","date_gmt":"2025-02-27T00:00:19","guid":{"rendered":"https:\/\/www.em.com.br\/emfoco\/?p=22894"},"modified":"2025-02-25T20:11:00","modified_gmt":"2025-02-25T23:11:00","slug":"por-que-a-moda-vintage-esta-dominando-em-2025","status":"publish","type":"post","link":"https:\/\/www.em.com.br\/emfoco\/2025\/02\/26\/por-que-a-moda-vintage-esta-dominando-em-2025\/","title":{"rendered":"Por que a moda vintage est\u00e1 dominando em 2025?"},"content":{"rendered":"\n<p>Em 2025, a <a href=\"https:\/\/br.pinterest.com\/search\/pins\/?q=moda%20vintage&amp;rs=typed\" target=\"_blank\" rel=\"noreferrer noopener\">moda vintage<\/a> se consolidou como uma tend\u00eancia importante,<strong> atraindo consumidores que buscam autenticidade e exclusividade em suas escolhas de vestu\u00e1rio<\/strong>. Este movimento n\u00e3o \u00e9 apenas uma express\u00e3o de nostalgia, mas tamb\u00e9m uma resposta \u00e0 crescente preocupa\u00e7\u00e3o com a<strong> sustentabilidade e o consumo consciente<\/strong>. Esse estilo oferece uma<strong> conex\u00e3o \u00fanica com o passado<\/strong>, permitindo que as pessoas expressem sua individualidade atrav\u00e9s de pe\u00e7as de vestu\u00e1rio com hist\u00f3ria.<\/p>\n\n\n\n<p>O apelo do <strong>vintage est\u00e1 na singularidade de suas pe\u00e7as<\/strong>, muitas vezes confeccionadas com materiais de alta qualidade e design exclusivo. Al\u00e9m disso, a busca por um estilo pessoal distinto tem levado muitos a <strong>explorar brech\u00f3s e lojas de segunda m\u00e3o<\/strong>, onde \u00e9 poss\u00edvel encontrar verdadeiros tesouros. Este fen\u00f4meno \u00e9 impulsionado por fatores culturais, econ\u00f4micos e ambientais, que moldam o comportamento dos consumidores modernos.<\/p>\n\n\n\n<h2 class=\"wp-block-heading\">Por que ela est\u00e1 em alta?<\/h2>\n\n\n\n<p>O aumento da sua popularidade pode ser atribu\u00eddo a v\u00e1rios fatores. <strong>Um dos principais \u00e9 a crescente conscientiza\u00e7\u00e3o sobre a sustentabilidade<\/strong>. A ind\u00fastria da moda \u00e9 conhecida por seu impacto <a href=\"https:\/\/www.em.com.br\/emfoco\/2025\/01\/10\/saiba-tudo-sobre-a-nova-taxa-de-preservacao-ambiental-em-fernando-de-noronha\/\" target=\"_blank\" rel=\"noreferrer noopener\">ambiental <\/a>significativo, e a <strong>reutiliza\u00e7\u00e3o de roupas antigas<\/strong> \u00e9 uma maneira eficaz de reduzir o desperd\u00edcio. Al\u00e9m disso, oferece uma alternativa \u00e0 produ\u00e7\u00e3o em massa, com pe\u00e7as frequentemente feitas \u00e0 m\u00e3o e de materiais dur\u00e1veis.<\/p>\n\n\n\n<p>A busca por <strong>autenticidade <\/strong>tamb\u00e9m desempenha um papel crucial. Em um mundo onde as tend\u00eancias mudam rapidamente, o vintage oferece uma <strong>alternativa atemporal<\/strong>. As pe\u00e7as s\u00e3o frequentemente associadas a um senso de hist\u00f3ria e individualidade, <strong>permitindo que os usu\u00e1rios expressem sua personalidade de maneira \u00fanica<\/strong>. Este desejo por <strong>autenticidade \u00e9 particularmente forte entre os jovens<\/strong>, que veem no vintage uma forma de se destacar e afirmar sua identidade.<\/p>\n\n\n\n<h2 class=\"wp-block-heading\">Como ela est\u00e1 moldando o mercado atual?<\/h2>\n\n\n\n<p>A sua influ\u00eancia no mercado atual \u00e9 significativa. <strong>Muitas marcas de moda est\u00e3o incorporando elementos vintage em suas cole\u00e7\u00f5es, inspirando-se em estilos passados para criar novas tend\u00eancias<\/strong>. Al\u00e9m disso,<strong> o com\u00e9rcio de roupas online desse estilo tem crescido exponencialmente<\/strong>, com plataformas dedicadas exclusivamente <strong>\u00e0 venda de pe\u00e7as antigas<\/strong>. Este mercado digital facilita o acesso a uma ampla variedade de estilos e tamanhos, ampliando o seu alcance.<\/p>\n\n\n\n<p>As redes sociais tamb\u00e9m desempenham um papel crucial na populariza\u00e7\u00e3o. Influenciadores e entusiastas compartilham suas descobertas e estilos pessoais, inspirando seguidores a explorar o mundo do vintage. Este compartilhamento constante de ideias e inspira\u00e7\u00f5es ajuda a manter a moda relevante e em constante evolu\u00e7\u00e3o.<\/p>\n\n\n<div class=\"wp-block-image\">\n<figure class=\"aligncenter size-large\"><img loading=\"lazy\" decoding=\"async\" width=\"1024\" height=\"576\" src=\"https:\/\/www.em.com.br\/emfoco\/wp-content\/uploads\/2025\/02\/moda-vintage-verao_1740521829832-1024x576.jpg\" alt=\"Por que a moda vintage est\u00e1 dominando em 2025?\" class=\"wp-image-22915\" srcset=\"https:\/\/www.em.com.br\/emfoco\/wp-content\/uploads\/2025\/02\/moda-vintage-verao_1740521829832-1024x576.jpg 1024w, https:\/\/www.em.com.br\/emfoco\/wp-content\/uploads\/2025\/02\/moda-vintage-verao_1740521829832-300x169.jpg 300w, https:\/\/www.em.com.br\/emfoco\/wp-content\/uploads\/2025\/02\/moda-vintage-verao_1740521829832-768x432.jpg 768w, https:\/\/www.em.com.br\/emfoco\/wp-content\/uploads\/2025\/02\/moda-vintage-verao_1740521829832-750x422.jpg 750w, https:\/\/www.em.com.br\/emfoco\/wp-content\/uploads\/2025\/02\/moda-vintage-verao_1740521829832-1140x641.jpg 1140w, https:\/\/www.em.com.br\/emfoco\/wp-content\/uploads\/2025\/02\/moda-vintage-verao_1740521829832.jpg 1280w\" sizes=\"auto, (max-width: 1024px) 100vw, 1024px\" \/><figcaption class=\"wp-element-caption\">Moda vintage no ver\u00e3o &#8211; Cr\u00e9ditos: depositphotos.com \/ AndrewLozovyi<\/figcaption><\/figure><\/div>\n\n\n<h2 class=\"wp-block-heading\">Quais s\u00e3o os seus desafios e oportunidades?<\/h2>\n\n\n\n<p>Embora ela ofere\u00e7a muitas oportunidades, tamb\u00e9m enfrenta desafios. <strong>Um dos principais \u00e9 a disponibilidade limitada de pe\u00e7as em bom estado<\/strong>. Essas pe\u00e7as s\u00e3o, por defini\u00e7\u00e3o, antigas, encontrar itens em condi\u00e7\u00f5es adequadas pode ser dif\u00edcil. Isso, por sua vez, pode elevar os pre\u00e7os, tornando algumas pe\u00e7as inacess\u00edveis para certos consumidores.<\/p>\n\n\n\n<p>No entanto, essa escassez tamb\u00e9m cria oportunidades para empreendedores criativos. <strong>Restaurar e revitalizar roupas antigas \u00e9 uma habilidade valiosa que pode transformar pe\u00e7as desgastadas em itens desej\u00e1veis<\/strong>. Al\u00e9m disso, a crescente demanda est\u00e1 incentivando o surgimento de novos neg\u00f3cios e plataformas que se especializam em curadoria e venda de roupas antigas.<\/p>\n\n\n\n<h2 class=\"wp-block-heading\">O que esperar do futuro da moda vintage<\/h2>\n\n\n\n<p>O futuro da moda vintage parece promissor. \u00c0 medida que mais pessoas se conscientizam dos impactos ambientais da moda r\u00e1pida, <strong>a demanda por alternativas sustent\u00e1veis deve continuar a crescer<\/strong>. Com seu apelo \u00fanico e sustent\u00e1vel, est\u00e1 bem posicionada para atender a essa demanda.<\/p>\n\n\n\n<p>Al\u00e9m disso, ela oferece uma rica fonte de inspira\u00e7\u00e3o para designers contempor\u00e2neos, que podem reinterpretar estilos cl\u00e1ssicos de maneiras inovadoras. Combinando o antigo com o novo, ela continuar\u00e1 a evoluir, mantendo-se relevante e influente no cen\u00e1rio da moda global.<\/p>\n","protected":false},"excerpt":{"rendered":"<p>Em 2025, a moda vintage se consolidou como uma tend\u00eancia importante, atraindo consumidores que buscam autenticidade e exclusividade em suas escolhas de vestu\u00e1rio. Este movimento n\u00e3o \u00e9 apenas uma express\u00e3o de nostalgia, mas tamb\u00e9m uma resposta \u00e0 crescente preocupa\u00e7\u00e3o com a sustentabilidade e o consumo consciente. Esse estilo oferece uma conex\u00e3o \u00fanica com o passado, [&hellip;]<\/p>\n","protected":false},"author":9,"featured_media":22914,"comment_status":"open","ping_status":"open","sticky":false,"template":"","format":"standard","meta":{"jnews-multi-image_gallery":[],"jnews_single_post":{"format":"standard"},"jnews_primary_category":[],"jnews_social_meta":[],"jnews_override_counter":[],"footnotes":""},"categories":[29,1],"tags":[2081,5590,325,5589],"class_list":["post-22894","post","type-post","status-publish","format-standard","has-post-thumbnail","hentry","category-entretenimento","category-noticias","tag-fashion","tag-pecas","tag-sustentabilidade","tag-vintage"],"yoast_head":"<!-- This site is optimized with the Yoast SEO plugin v23.8 - https:\/\/yoast.com\/wordpress\/plugins\/seo\/ -->\n<title>Por que a moda vintage est\u00e1 dominando em 2025?<\/title>\n<meta name=\"description\" content=\"Confira como a moda vintage est\u00e1 moldando o mercado atual, trazendo autenticidade e sustentabilidade para o vestu\u00e1rio.\" \/>\n<meta name=\"robots\" content=\"index, follow, max-snippet:-1, max-image-preview:large, max-video-preview:-1\" \/>\n<link rel=\"canonical\" href=\"https:\/\/www.em.com.br\/emfoco\/2025\/02\/26\/por-que-a-moda-vintage-esta-dominando-em-2025\/\" \/>\n<meta property=\"og:locale\" content=\"pt_BR\" \/>\n<meta property=\"og:type\" content=\"article\" \/>\n<meta property=\"og:title\" content=\"Por que a moda vintage est\u00e1 dominando em 2025?\" \/>\n<meta property=\"og:description\" content=\"Confira como a moda vintage est\u00e1 moldando o mercado atual, trazendo autenticidade e sustentabilidade para o vestu\u00e1rio.\" \/>\n<meta property=\"og:url\" content=\"https:\/\/www.em.com.br\/emfoco\/2025\/02\/26\/por-que-a-moda-vintage-esta-dominando-em-2025\/\" \/>\n<meta property=\"og:site_name\" content=\"Estado de Minas - Em foco\" \/>\n<meta property=\"article:published_time\" content=\"2025-02-27T00:00:19+00:00\" \/>\n<meta property=\"article:modified_time\" content=\"2025-02-25T23:11:00+00:00\" \/>\n<meta property=\"og:image\" content=\"https:\/\/www.em.com.br\/emfoco\/wp-content\/uploads\/2025\/02\/moda-vintage_1740521629717.jpg\" \/>\n\t<meta property=\"og:image:width\" content=\"1280\" \/>\n\t<meta property=\"og:image:height\" content=\"720\" \/>\n\t<meta property=\"og:image:type\" content=\"image\/jpeg\" \/>\n<meta name=\"author\" content=\"Daniely Cardoso\" \/>\n<meta name=\"twitter:card\" content=\"summary_large_image\" \/>\n<meta name=\"twitter:label1\" content=\"Escrito por\" \/>\n\t<meta name=\"twitter:data1\" content=\"Daniely Cardoso\" \/>\n\t<meta name=\"twitter:label2\" content=\"Est. tempo de leitura\" \/>\n\t<meta name=\"twitter:data2\" content=\"4 minutos\" \/>\n<!-- \/ Yoast SEO plugin. -->","yoast_head_json":{"title":"Por que a moda vintage est\u00e1 dominando em 2025?","description":"Confira como a moda vintage est\u00e1 moldando o mercado atual, trazendo autenticidade e sustentabilidade para o vestu\u00e1rio.","robots":{"index":"index","follow":"follow","max-snippet":"max-snippet:-1","max-image-preview":"max-image-preview:large","max-video-preview":"max-video-preview:-1"},"canonical":"https:\/\/www.em.com.br\/emfoco\/2025\/02\/26\/por-que-a-moda-vintage-esta-dominando-em-2025\/","og_locale":"pt_BR","og_type":"article","og_title":"Por que a moda vintage est\u00e1 dominando em 2025?","og_description":"Confira como a moda vintage est\u00e1 moldando o mercado atual, trazendo autenticidade e sustentabilidade para o vestu\u00e1rio.","og_url":"https:\/\/www.em.com.br\/emfoco\/2025\/02\/26\/por-que-a-moda-vintage-esta-dominando-em-2025\/","og_site_name":"Estado de Minas - Em foco","article_published_time":"2025-02-27T00:00:19+00:00","article_modified_time":"2025-02-25T23:11:00+00:00","og_image":[{"width":1280,"height":720,"url":"https:\/\/www.em.com.br\/emfoco\/wp-content\/uploads\/2025\/02\/moda-vintage_1740521629717.jpg","type":"image\/jpeg"}],"author":"Daniely Cardoso","twitter_card":"summary_large_image","twitter_misc":{"Escrito por":"Daniely Cardoso","Est. tempo de leitura":"4 minutos"},"schema":{"@context":"https:\/\/schema.org","@graph":[{"@type":"WebPage","@id":"https:\/\/www.em.com.br\/emfoco\/2025\/02\/26\/por-que-a-moda-vintage-esta-dominando-em-2025\/","url":"https:\/\/www.em.com.br\/emfoco\/2025\/02\/26\/por-que-a-moda-vintage-esta-dominando-em-2025\/","name":"Por que a moda vintage est\u00e1 dominando em 2025?","isPartOf":{"@id":"https:\/\/www.em.com.br\/emfoco\/#website"},"primaryImageOfPage":{"@id":"https:\/\/www.em.com.br\/emfoco\/2025\/02\/26\/por-que-a-moda-vintage-esta-dominando-em-2025\/#primaryimage"},"image":{"@id":"https:\/\/www.em.com.br\/emfoco\/2025\/02\/26\/por-que-a-moda-vintage-esta-dominando-em-2025\/#primaryimage"},"thumbnailUrl":"https:\/\/www.em.com.br\/emfoco\/wp-content\/uploads\/2025\/02\/moda-vintage_1740521629717.jpg","datePublished":"2025-02-27T00:00:19+00:00","dateModified":"2025-02-25T23:11:00+00:00","author":{"@id":"https:\/\/www.em.com.br\/emfoco\/#\/schema\/person\/0a8186d72f2c3a5c6276d90b41f271a0"},"description":"Confira como a moda vintage est\u00e1 moldando o mercado atual, trazendo autenticidade e sustentabilidade para o vestu\u00e1rio.","breadcrumb":{"@id":"https:\/\/www.em.com.br\/emfoco\/2025\/02\/26\/por-que-a-moda-vintage-esta-dominando-em-2025\/#breadcrumb"},"inLanguage":"pt-BR","potentialAction":[{"@type":"ReadAction","target":["https:\/\/www.em.com.br\/emfoco\/2025\/02\/26\/por-que-a-moda-vintage-esta-dominando-em-2025\/"]}]},{"@type":"ImageObject","inLanguage":"pt-BR","@id":"https:\/\/www.em.com.br\/emfoco\/2025\/02\/26\/por-que-a-moda-vintage-esta-dominando-em-2025\/#primaryimage","url":"https:\/\/www.em.com.br\/emfoco\/wp-content\/uploads\/2025\/02\/moda-vintage_1740521629717.jpg","contentUrl":"https:\/\/www.em.com.br\/emfoco\/wp-content\/uploads\/2025\/02\/moda-vintage_1740521629717.jpg","width":1280,"height":720,"caption":"Estilo vintage - Cr\u00e9ditos: depositphotos.com \/ ViewApart"},{"@type":"BreadcrumbList","@id":"https:\/\/www.em.com.br\/emfoco\/2025\/02\/26\/por-que-a-moda-vintage-esta-dominando-em-2025\/#breadcrumb","itemListElement":[{"@type":"ListItem","position":1,"name":"In\u00edcio","item":"https:\/\/www.em.com.br\/emfoco\/"},{"@type":"ListItem","position":2,"name":"Por que a moda vintage est\u00e1 dominando em 2025?"}]},{"@type":"WebSite","@id":"https:\/\/www.em.com.br\/emfoco\/#website","url":"https:\/\/www.em.com.br\/emfoco\/","name":"Estado de Minas - Em foco","description":"Acompanhe as \u00faltimas not\u00edcias e fique bem informado sobre tudo o que acontece em Minas Gerais, Brasil e no mundo.","potentialAction":[{"@type":"SearchAction","target":{"@type":"EntryPoint","urlTemplate":"https:\/\/www.em.com.br\/emfoco\/?s={search_term_string}"},"query-input":{"@type":"PropertyValueSpecification","valueRequired":true,"valueName":"search_term_string"}}],"inLanguage":"pt-BR"},{"@type":"Person","@id":"https:\/\/www.em.com.br\/emfoco\/#\/schema\/person\/0a8186d72f2c3a5c6276d90b41f271a0","name":"Daniely Cardoso","image":{"@type":"ImageObject","inLanguage":"pt-BR","@id":"https:\/\/www.em.com.br\/emfoco\/#\/schema\/person\/image\/","url":"https:\/\/secure.gravatar.com\/avatar\/4b80ddbd124d1f071b626d52d62e5dff?s=96&d=mm&r=g","contentUrl":"https:\/\/secure.gravatar.com\/avatar\/4b80ddbd124d1f071b626d52d62e5dff?s=96&d=mm&r=g","caption":"Daniely Cardoso"},"url":"https:\/\/www.em.com.br\/emfoco\/author\/danielymyth\/"}]}},"_links":{"self":[{"href":"https:\/\/www.em.com.br\/emfoco\/wp-json\/wp\/v2\/posts\/22894","targetHints":{"allow":["GET"]}}],"collection":[{"href":"https:\/\/www.em.com.br\/emfoco\/wp-json\/wp\/v2\/posts"}],"about":[{"href":"https:\/\/www.em.com.br\/emfoco\/wp-json\/wp\/v2\/types\/post"}],"author":[{"embeddable":true,"href":"https:\/\/www.em.com.br\/emfoco\/wp-json\/wp\/v2\/users\/9"}],"replies":[{"embeddable":true,"href":"https:\/\/www.em.com.br\/emfoco\/wp-json\/wp\/v2\/comments?post=22894"}],"version-history":[{"count":2,"href":"https:\/\/www.em.com.br\/emfoco\/wp-json\/wp\/v2\/posts\/22894\/revisions"}],"predecessor-version":[{"id":22916,"href":"https:\/\/www.em.com.br\/emfoco\/wp-json\/wp\/v2\/posts\/22894\/revisions\/22916"}],"wp:featuredmedia":[{"embeddable":true,"href":"https:\/\/www.em.com.br\/emfoco\/wp-json\/wp\/v2\/media\/22914"}],"wp:attachment":[{"href":"https:\/\/www.em.com.br\/emfoco\/wp-json\/wp\/v2\/media?parent=22894"}],"wp:term":[{"taxonomy":"category","embeddable":true,"href":"https:\/\/www.em.com.br\/emfoco\/wp-json\/wp\/v2\/categories?post=22894"},{"taxonomy":"post_tag","embeddable":true,"href":"https:\/\/www.em.com.br\/emfoco\/wp-json\/wp\/v2\/tags?post=22894"}],"curies":[{"name":"wp","href":"https:\/\/api.w.org\/{rel}","templated":true}]}}