{"id":22850,"date":"2025-02-26T11:00:16","date_gmt":"2025-02-26T14:00:16","guid":{"rendered":"https:\/\/www.em.com.br\/emfoco\/?p=22850"},"modified":"2025-02-25T18:02:00","modified_gmt":"2025-02-25T21:02:00","slug":"samsung-display-e-intel-unem-forcas-para-inovar-em-telas-de-notebooks","status":"publish","type":"post","link":"https:\/\/www.em.com.br\/emfoco\/2025\/02\/26\/samsung-display-e-intel-unem-forcas-para-inovar-em-telas-de-notebooks\/","title":{"rendered":"Samsung Display e Intel unem for\u00e7as para inovar em telas de notebooks"},"content":{"rendered":"\n<p>A<strong> Samsung Display e a Intel <\/strong><a href=\"https:\/\/www.tomshardware.com\/tech-industry\/intel-and-samsung-display-cooperate-to-advance-next-gen-ai-pcs-into-unchartered-territory\" target=\"_blank\" rel=\"noreferrer noopener\">anunciaram <\/a>uma colabora\u00e7\u00e3o estrat\u00e9gica para o <strong>desenvolvimento de telas avan\u00e7adas para notebooks<\/strong>, focando em recursos de intelig\u00eancia artificial (<strong>IA<\/strong>). Esta parceria visa aprimorar a experi\u00eancia do usu\u00e1rio em dispositivos equipados com os <strong>processadores da s\u00e9rie Lunar Lake<\/strong>, que j\u00e1 est\u00e3o no mercado. A expectativa \u00e9 que essa coopera\u00e7\u00e3o resulte em melhorias significativas na efici\u00eancia energ\u00e9tica e na qualidade das telas.<\/p>\n\n\n\n<p><strong>Embora os detalhes espec\u00edficos do acordo ainda n\u00e3o tenham sido divulgados, a iniciativa promete trazer inova\u00e7\u00f5es significativas para o mercado de laptops, especialmente para modelos de categoria premium<\/strong>. A Samsung Display, com sua expertise em tecnologia de telas, e a Intel, com seus avan\u00e7os em processadores com IA, buscam criar um novo padr\u00e3o de desempenho e efici\u00eancia para dispositivos port\u00e1teis.<\/p>\n\n\n\n<h2 class=\"wp-block-heading\">O que s\u00e3o os processadores Lunar Lake?<\/h2>\n\n\n\n<p>Os processadores Lunar Lake, <strong>parte da fam\u00edlia Core Ultra 200V da Intel<\/strong>, s\u00e3o conhecidos por integrarem uma <strong>Unidade de Processamento Neural (NPU)<\/strong> capaz de realizar 40 TOPS (trilh\u00f5es de opera\u00e7\u00f5es por segundo). Essa capacidade permite a execu\u00e7\u00e3o local de tarefas de IA, proporcionando um desempenho superior em aplica\u00e7\u00f5es que exigem processamento intensivo de dados. <strong>Com a parceria, espera-se que as telas desenvolvidas pela Samsung otimizem ainda mais o uso desses processadores, melhorando a autonomia e a efici\u00eancia dos<\/strong> <a href=\"https:\/\/www.em.com.br\/emfoco\/2025\/02\/23\/notebook-gamer-mais-fino-do-mundo-chega-com-rtx-5090-e-tela-oled\/\" target=\"_blank\" rel=\"noreferrer noopener\">notebooks<\/a>.<\/p>\n\n\n\n<h2 class=\"wp-block-heading\">Como a parceria pode impactar o mercado de notebooks?<\/h2>\n\n\n\n<p>A colabora\u00e7\u00e3o entre Samsung Display e Intel pode redefinir o mercado de notebooks, <strong>especialmente no segmento premium<\/strong>. Com o desenvolvimento de telas mais sofisticadas e energeticamente eficientes, os usu\u00e1rios podem esperar dispositivos que oferecem uma experi\u00eancia visual aprimorada e maior dura\u00e7\u00e3o da bateria. Isso \u00e9 particularmente relevante em um mercado competitivo, onde a otimiza\u00e7\u00e3o de recursos \u00e9 crucial para se destacar.<\/p>\n\n\n\n<ul class=\"wp-block-list\">\n<li><strong>Efici\u00eancia Energ\u00e9tica:<\/strong> Telas com consumo otimizado de energia podem prolongar a vida \u00fatil da bateria, um fator cr\u00edtico para usu\u00e1rios m\u00f3veis.<\/li>\n\n\n\n<li><strong>Qualidade de Imagem:<\/strong> A tecnologia avan\u00e7ada de telas pode proporcionar cores mais vivas e maior nitidez, melhorando a experi\u00eancia visual.<\/li>\n\n\n\n<li><strong>Desempenho de IA:<\/strong> A integra\u00e7\u00e3o perfeita entre telas e processadores pode maximizar o uso de recursos de IA, oferecendo respostas mais r\u00e1pidas e eficientes.<\/li>\n<\/ul>\n\n\n<div class=\"wp-block-image\">\n<figure class=\"aligncenter size-large\"><img loading=\"lazy\" decoding=\"async\" width=\"1024\" height=\"576\" src=\"https:\/\/www.em.com.br\/emfoco\/wp-content\/uploads\/2025\/02\/intel_1740517121665-1024x576.jpg\" alt=\"Samsung Display e Intel unem for\u00e7as para inovar em telas de notebooks\" class=\"wp-image-22858\" srcset=\"https:\/\/www.em.com.br\/emfoco\/wp-content\/uploads\/2025\/02\/intel_1740517121665-1024x576.jpg 1024w, https:\/\/www.em.com.br\/emfoco\/wp-content\/uploads\/2025\/02\/intel_1740517121665-300x169.jpg 300w, https:\/\/www.em.com.br\/emfoco\/wp-content\/uploads\/2025\/02\/intel_1740517121665-768x432.jpg 768w, https:\/\/www.em.com.br\/emfoco\/wp-content\/uploads\/2025\/02\/intel_1740517121665-750x422.jpg 750w, https:\/\/www.em.com.br\/emfoco\/wp-content\/uploads\/2025\/02\/intel_1740517121665-1140x642.jpg 1140w, https:\/\/www.em.com.br\/emfoco\/wp-content\/uploads\/2025\/02\/intel_1740517121665.jpg 1279w\" sizes=\"auto, (max-width: 1024px) 100vw, 1024px\" \/><figcaption class=\"wp-element-caption\">Intel &#8211; Cr\u00e9ditos: depositphotos.com \/ kobbydagan<\/figcaption><\/figure><\/div>\n\n\n<h2 class=\"wp-block-heading\">Quais s\u00e3o as expectativas futuras?<\/h2>\n\n\n\n<p>O futuro parece promissor para ambas as empresas. A Samsung Display espera que essa parceria fortale\u00e7a sua posi\u00e7\u00e3o no mercado de telas para notebooks, enfrentando concorrentes como<strong> BOE e LG<\/strong>. Para a Intel, a colabora\u00e7\u00e3o representa uma oportunidade de otimizar ainda mais seus chips, especialmente em um cen\u00e1rio onde enfrenta a concorr\u00eancia de gigantes como <strong>AMD e Qualcomm<\/strong>.<\/p>\n\n\n\n<p>Al\u00e9m disso, <strong>a parceria pode abrir novas possibilidades para o desenvolvimento de tecnologias de tela de pr\u00f3xima gera\u00e7\u00e3o, conforme mencionado por Lee Ho-jung, executivo da Samsung Display<\/strong>. A expectativa \u00e9 que essa colabora\u00e7\u00e3o n\u00e3o apenas beneficie os produtos atuais, mas tamb\u00e9m prepare o terreno para inova\u00e7\u00f5es futuras, como os <strong>processadores Core 300 (Panther Lake) e Core 400 (Nova Lake), previstos para os pr\u00f3ximos anos<\/strong>.<\/p>\n\n\n\n<p>Em suma, a parceria entre Samsung e Intel<strong> promete trazer avan\u00e7os significativos para o mercado de notebooks<\/strong>, combinando inova\u00e7\u00e3o tecnol\u00f3gica com efici\u00eancia energ\u00e9tica e desempenho aprimorado. <strong>\u00c0 medida que as duas empresas trabalham juntas, os consumidores podem esperar dispositivos que n\u00e3o apenas atendem, mas superam as expectativas em termos de funcionalidade e experi\u00eancia do usu\u00e1rio<\/strong>.<\/p>\n","protected":false},"excerpt":{"rendered":"<p>A Samsung Display e a Intel anunciaram uma colabora\u00e7\u00e3o estrat\u00e9gica para o desenvolvimento de telas avan\u00e7adas para notebooks, focando em recursos de intelig\u00eancia artificial (IA). Esta parceria visa aprimorar a experi\u00eancia do usu\u00e1rio em dispositivos equipados com os processadores da s\u00e9rie Lunar Lake, que j\u00e1 est\u00e3o no mercado. A expectativa \u00e9 que essa coopera\u00e7\u00e3o resulte [&hellip;]<\/p>\n","protected":false},"author":9,"featured_media":19362,"comment_status":"open","ping_status":"open","sticky":false,"template":"","format":"standard","meta":{"jnews-multi-image_gallery":[],"jnews_single_post":{"format":"standard"},"jnews_primary_category":[],"jnews_social_meta":[],"jnews_override_counter":[],"footnotes":""},"categories":[1,4204],"tags":[2812,4458,2598,5580],"class_list":["post-22850","post","type-post","status-publish","format-standard","has-post-thumbnail","hentry","category-noticias","category-tecnologia","tag-intel","tag-notebooks","tag-samsung","tag-telas-inteligentes"],"yoast_head":"<!-- This site is optimized with the Yoast SEO plugin v23.8 - https:\/\/yoast.com\/wordpress\/plugins\/seo\/ -->\n<title>Samsung Display e Intel unem for\u00e7as para inovar em telas de notebooks<\/title>\n<meta name=\"description\" content=\"A colabora\u00e7\u00e3o entre Samsung e Intel promete inovar com telas avan\u00e7adas e IA para notebooks de alto desempenho.\" \/>\n<meta name=\"robots\" content=\"index, follow, max-snippet:-1, max-image-preview:large, max-video-preview:-1\" \/>\n<link rel=\"canonical\" href=\"https:\/\/www.em.com.br\/emfoco\/2025\/02\/26\/samsung-display-e-intel-unem-forcas-para-inovar-em-telas-de-notebooks\/\" \/>\n<meta property=\"og:locale\" content=\"pt_BR\" \/>\n<meta property=\"og:type\" content=\"article\" \/>\n<meta property=\"og:title\" content=\"Samsung Display e Intel unem for\u00e7as para inovar em telas de notebooks\" \/>\n<meta property=\"og:description\" content=\"A colabora\u00e7\u00e3o entre Samsung e Intel promete inovar com telas avan\u00e7adas e IA para notebooks de alto desempenho.\" \/>\n<meta property=\"og:url\" content=\"https:\/\/www.em.com.br\/emfoco\/2025\/02\/26\/samsung-display-e-intel-unem-forcas-para-inovar-em-telas-de-notebooks\/\" \/>\n<meta property=\"og:site_name\" content=\"Estado de Minas - Em foco\" \/>\n<meta property=\"article:published_time\" content=\"2025-02-26T14:00:16+00:00\" \/>\n<meta property=\"article:modified_time\" content=\"2025-02-25T21:02:00+00:00\" \/>\n<meta property=\"og:image\" content=\"https:\/\/www.em.com.br\/emfoco\/wp-content\/uploads\/2025\/02\/Galaxy-laptop_1739454693201.jpg\" \/>\n\t<meta property=\"og:image:width\" content=\"1280\" \/>\n\t<meta property=\"og:image:height\" content=\"720\" \/>\n\t<meta property=\"og:image:type\" content=\"image\/jpeg\" \/>\n<meta name=\"author\" content=\"Daniely Cardoso\" \/>\n<meta name=\"twitter:card\" content=\"summary_large_image\" \/>\n<meta name=\"twitter:label1\" content=\"Escrito por\" \/>\n\t<meta name=\"twitter:data1\" content=\"Daniely Cardoso\" \/>\n\t<meta name=\"twitter:label2\" content=\"Est. tempo de leitura\" \/>\n\t<meta name=\"twitter:data2\" content=\"4 minutos\" \/>\n<!-- \/ Yoast SEO plugin. -->","yoast_head_json":{"title":"Samsung Display e Intel unem for\u00e7as para inovar em telas de notebooks","description":"A colabora\u00e7\u00e3o entre Samsung e Intel promete inovar com telas avan\u00e7adas e IA para notebooks de alto desempenho.","robots":{"index":"index","follow":"follow","max-snippet":"max-snippet:-1","max-image-preview":"max-image-preview:large","max-video-preview":"max-video-preview:-1"},"canonical":"https:\/\/www.em.com.br\/emfoco\/2025\/02\/26\/samsung-display-e-intel-unem-forcas-para-inovar-em-telas-de-notebooks\/","og_locale":"pt_BR","og_type":"article","og_title":"Samsung Display e Intel unem for\u00e7as para inovar em telas de notebooks","og_description":"A colabora\u00e7\u00e3o entre Samsung e Intel promete inovar com telas avan\u00e7adas e IA para notebooks de alto desempenho.","og_url":"https:\/\/www.em.com.br\/emfoco\/2025\/02\/26\/samsung-display-e-intel-unem-forcas-para-inovar-em-telas-de-notebooks\/","og_site_name":"Estado de Minas - Em foco","article_published_time":"2025-02-26T14:00:16+00:00","article_modified_time":"2025-02-25T21:02:00+00:00","og_image":[{"width":1280,"height":720,"url":"https:\/\/www.em.com.br\/emfoco\/wp-content\/uploads\/2025\/02\/Galaxy-laptop_1739454693201.jpg","type":"image\/jpeg"}],"author":"Daniely Cardoso","twitter_card":"summary_large_image","twitter_misc":{"Escrito por":"Daniely Cardoso","Est. tempo de leitura":"4 minutos"},"schema":{"@context":"https:\/\/schema.org","@graph":[{"@type":"WebPage","@id":"https:\/\/www.em.com.br\/emfoco\/2025\/02\/26\/samsung-display-e-intel-unem-forcas-para-inovar-em-telas-de-notebooks\/","url":"https:\/\/www.em.com.br\/emfoco\/2025\/02\/26\/samsung-display-e-intel-unem-forcas-para-inovar-em-telas-de-notebooks\/","name":"Samsung Display e Intel unem for\u00e7as para inovar em telas de notebooks","isPartOf":{"@id":"https:\/\/www.em.com.br\/emfoco\/#website"},"primaryImageOfPage":{"@id":"https:\/\/www.em.com.br\/emfoco\/2025\/02\/26\/samsung-display-e-intel-unem-forcas-para-inovar-em-telas-de-notebooks\/#primaryimage"},"image":{"@id":"https:\/\/www.em.com.br\/emfoco\/2025\/02\/26\/samsung-display-e-intel-unem-forcas-para-inovar-em-telas-de-notebooks\/#primaryimage"},"thumbnailUrl":"https:\/\/www.em.com.br\/emfoco\/wp-content\/uploads\/2025\/02\/Galaxy-laptop_1739454693201.jpg","datePublished":"2025-02-26T14:00:16+00:00","dateModified":"2025-02-25T21:02:00+00:00","author":{"@id":"https:\/\/www.em.com.br\/emfoco\/#\/schema\/person\/0a8186d72f2c3a5c6276d90b41f271a0"},"description":"A colabora\u00e7\u00e3o entre Samsung e Intel promete inovar com telas avan\u00e7adas e IA para notebooks de alto desempenho.","breadcrumb":{"@id":"https:\/\/www.em.com.br\/emfoco\/2025\/02\/26\/samsung-display-e-intel-unem-forcas-para-inovar-em-telas-de-notebooks\/#breadcrumb"},"inLanguage":"pt-BR","potentialAction":[{"@type":"ReadAction","target":["https:\/\/www.em.com.br\/emfoco\/2025\/02\/26\/samsung-display-e-intel-unem-forcas-para-inovar-em-telas-de-notebooks\/"]}]},{"@type":"ImageObject","inLanguage":"pt-BR","@id":"https:\/\/www.em.com.br\/emfoco\/2025\/02\/26\/samsung-display-e-intel-unem-forcas-para-inovar-em-telas-de-notebooks\/#primaryimage","url":"https:\/\/www.em.com.br\/emfoco\/wp-content\/uploads\/2025\/02\/Galaxy-laptop_1739454693201.jpg","contentUrl":"https:\/\/www.em.com.br\/emfoco\/wp-content\/uploads\/2025\/02\/Galaxy-laptop_1739454693201.jpg","width":1280,"height":720,"caption":"Notebook Samsung - Cr\u00e9ditos: depositphotos.com \/ info.cineberg.com"},{"@type":"BreadcrumbList","@id":"https:\/\/www.em.com.br\/emfoco\/2025\/02\/26\/samsung-display-e-intel-unem-forcas-para-inovar-em-telas-de-notebooks\/#breadcrumb","itemListElement":[{"@type":"ListItem","position":1,"name":"In\u00edcio","item":"https:\/\/www.em.com.br\/emfoco\/"},{"@type":"ListItem","position":2,"name":"Samsung Display e Intel unem for\u00e7as para inovar em telas de notebooks"}]},{"@type":"WebSite","@id":"https:\/\/www.em.com.br\/emfoco\/#website","url":"https:\/\/www.em.com.br\/emfoco\/","name":"Estado de Minas - Em foco","description":"Acompanhe as \u00faltimas not\u00edcias e fique bem informado sobre tudo o que acontece em Minas Gerais, Brasil e no mundo.","potentialAction":[{"@type":"SearchAction","target":{"@type":"EntryPoint","urlTemplate":"https:\/\/www.em.com.br\/emfoco\/?s={search_term_string}"},"query-input":{"@type":"PropertyValueSpecification","valueRequired":true,"valueName":"search_term_string"}}],"inLanguage":"pt-BR"},{"@type":"Person","@id":"https:\/\/www.em.com.br\/emfoco\/#\/schema\/person\/0a8186d72f2c3a5c6276d90b41f271a0","name":"Daniely Cardoso","image":{"@type":"ImageObject","inLanguage":"pt-BR","@id":"https:\/\/www.em.com.br\/emfoco\/#\/schema\/person\/image\/","url":"https:\/\/secure.gravatar.com\/avatar\/4b80ddbd124d1f071b626d52d62e5dff?s=96&d=mm&r=g","contentUrl":"https:\/\/secure.gravatar.com\/avatar\/4b80ddbd124d1f071b626d52d62e5dff?s=96&d=mm&r=g","caption":"Daniely Cardoso"},"url":"https:\/\/www.em.com.br\/emfoco\/author\/danielymyth\/"}]}},"_links":{"self":[{"href":"https:\/\/www.em.com.br\/emfoco\/wp-json\/wp\/v2\/posts\/22850","targetHints":{"allow":["GET"]}}],"collection":[{"href":"https:\/\/www.em.com.br\/emfoco\/wp-json\/wp\/v2\/posts"}],"about":[{"href":"https:\/\/www.em.com.br\/emfoco\/wp-json\/wp\/v2\/types\/post"}],"author":[{"embeddable":true,"href":"https:\/\/www.em.com.br\/emfoco\/wp-json\/wp\/v2\/users\/9"}],"replies":[{"embeddable":true,"href":"https:\/\/www.em.com.br\/emfoco\/wp-json\/wp\/v2\/comments?post=22850"}],"version-history":[{"count":3,"href":"https:\/\/www.em.com.br\/emfoco\/wp-json\/wp\/v2\/posts\/22850\/revisions"}],"predecessor-version":[{"id":22859,"href":"https:\/\/www.em.com.br\/emfoco\/wp-json\/wp\/v2\/posts\/22850\/revisions\/22859"}],"wp:featuredmedia":[{"embeddable":true,"href":"https:\/\/www.em.com.br\/emfoco\/wp-json\/wp\/v2\/media\/19362"}],"wp:attachment":[{"href":"https:\/\/www.em.com.br\/emfoco\/wp-json\/wp\/v2\/media?parent=22850"}],"wp:term":[{"taxonomy":"category","embeddable":true,"href":"https:\/\/www.em.com.br\/emfoco\/wp-json\/wp\/v2\/categories?post=22850"},{"taxonomy":"post_tag","embeddable":true,"href":"https:\/\/www.em.com.br\/emfoco\/wp-json\/wp\/v2\/tags?post=22850"}],"curies":[{"name":"wp","href":"https:\/\/api.w.org\/{rel}","templated":true}]}}