{"id":22834,"date":"2025-02-25T21:30:00","date_gmt":"2025-02-26T00:30:00","guid":{"rendered":"https:\/\/www.em.com.br\/emfoco\/?p=22834"},"modified":"2025-02-25T17:39:43","modified_gmt":"2025-02-25T20:39:43","slug":"aprenda-a-fazer-suas-orquideas-florescerem-mais-rapido-e-por-mais-tempo","status":"publish","type":"post","link":"https:\/\/www.em.com.br\/emfoco\/2025\/02\/25\/aprenda-a-fazer-suas-orquideas-florescerem-mais-rapido-e-por-mais-tempo\/","title":{"rendered":"Aprenda a fazer suas orqu\u00eddeas florescerem mais r\u00e1pido e por mais tempo"},"content":{"rendered":"\n<p>As orqu\u00eddeas s\u00e3o conhecidas por sua&nbsp;<strong>beleza ex\u00f3tica<\/strong>&nbsp;e eleg\u00e2ncia, sendo uma das flores mais apreciadas ao redor do mundo. Com uma vasta variedade de esp\u00e9cies, essas plantas podem ser cultivadas em diferentes ambientes, desde vasos at\u00e9 troncos de \u00e1rvores, proporcionando um toque de sofistica\u00e7\u00e3o a qualquer espa\u00e7o.<\/p>\n\n\n\n<p>Origin\u00e1rias de diversas partes do mundo, as orqu\u00eddeas t\u00eam uma hist\u00f3ria rica e antiga. Cultivadas h\u00e1 mais de 3.000 anos, especialmente na China e no Jap\u00e3o, elas s\u00e3o vistas como s\u00edmbolos de beleza e raridade. Segundo o site <a href=\"https:\/\/receitasdepesos.com.br\/como-plantar-orquidea-com-esse-guia-completo-para-cultivar-em-casa.html\/\" target=\"_blank\" rel=\"noreferrer noopener\">Receitas de Peso<\/a>, atualmente, essas flores continuam a encantar jardineiros e colecionadores, gra\u00e7as \u00e0 sua diversidade e capacidade de adapta\u00e7\u00e3o.<\/p>\n\n\n\n<h2 class=\"wp-block-heading\">Como cultivar orqu\u00eddeas com sucesso?<\/h2>\n\n\n\n<p>O cultivo de orqu\u00eddeas pode parecer desafiador, mas com os cuidados adequados, \u00e9 poss\u00edvel desfrutar de suas flores deslumbrantes. O tempo necess\u00e1rio para que uma orqu\u00eddea flores\u00e7a varia conforme a esp\u00e9cie, mas geralmente leva de 1 a 2 anos a partir de mudas. A escolha do tipo de orqu\u00eddea e o ambiente de cultivo s\u00e3o fatores cruciais para o sucesso.<\/p>\n\n\n\n<p>As orqu\u00eddeas podem ser divididas em dois grupos principais:&nbsp;<strong>ep\u00edfitas<\/strong>&nbsp;e&nbsp;<strong>terrestres<\/strong>. As ep\u00edfitas, como a Phalaenopsis e a Cattleya, crescem fixadas em troncos ou cascas de \u00e1rvores. J\u00e1 as terrestres, como a Cymbidium, crescem diretamente no solo. A escolha entre essas op\u00e7\u00f5es depender\u00e1 do espa\u00e7o dispon\u00edvel e das condi\u00e7\u00f5es ambientais.<\/p>\n\n\n\n<h2 class=\"wp-block-heading\">Quais s\u00e3o os materiais necess\u00e1rios para plantar orqu\u00eddeas?<\/h2>\n\n\n\n<p>Para iniciar o cultivo de orqu\u00eddeas, \u00e9 essencial ter os materiais adequados. Isso inclui:<\/p>\n\n\n\n<ul class=\"wp-block-list\">\n<li>Muda ou keiki (broto da orqu\u00eddea)<\/li>\n\n\n\n<li>Substrato espec\u00edfico, como casca de pinus, carv\u00e3o vegetal e esfagno<\/li>\n\n\n\n<li>Vaso de barro ou pl\u00e1stico com furos para drenagem<\/li>\n\n\n\n<li>Adubo para orqu\u00eddeas, podendo ser org\u00e2nico ou NPK 10-10-10<\/li>\n\n\n\n<li>Pulverizador para regas leves<\/li>\n<\/ul>\n\n\n<div class=\"wp-block-image\">\n<figure class=\"aligncenter size-large\"><img loading=\"lazy\" decoding=\"async\" width=\"1024\" height=\"576\" src=\"https:\/\/www.em.com.br\/emfoco\/wp-content\/uploads\/2025\/02\/orchide_1740515716895-1024x576.jpg\" alt=\"Aprenda a fazer suas orqu\u00eddeas florescerem mais r\u00e1pido e por mais tempo\" class=\"wp-image-22840\" srcset=\"https:\/\/www.em.com.br\/emfoco\/wp-content\/uploads\/2025\/02\/orchide_1740515716895-1024x576.jpg 1024w, https:\/\/www.em.com.br\/emfoco\/wp-content\/uploads\/2025\/02\/orchide_1740515716895-300x169.jpg 300w, https:\/\/www.em.com.br\/emfoco\/wp-content\/uploads\/2025\/02\/orchide_1740515716895-768x432.jpg 768w, https:\/\/www.em.com.br\/emfoco\/wp-content\/uploads\/2025\/02\/orchide_1740515716895-750x422.jpg 750w, https:\/\/www.em.com.br\/emfoco\/wp-content\/uploads\/2025\/02\/orchide_1740515716895-1140x641.jpg 1140w, https:\/\/www.em.com.br\/emfoco\/wp-content\/uploads\/2025\/02\/orchide_1740515716895.jpg 1280w\" sizes=\"auto, (max-width: 1024px) 100vw, 1024px\" \/><figcaption class=\"wp-element-caption\">Orqu\u00eddeas (Cr\u00e9ditos: depositphotos.com \/ bonsaitree)<\/figcaption><\/figure><\/div>\n\n\n<h2 class=\"wp-block-heading\">Passo a passo para plantar orqu\u00eddeas<\/h2>\n\n\n\n<p>O plantio de orqu\u00eddeas requer aten\u00e7\u00e3o a alguns detalhes para garantir o desenvolvimento saud\u00e1vel da <a href=\"https:\/\/www.em.com.br\/emfoco\/2025\/02\/24\/revelado-o-segredo-das-suculentas-saudaveis-e-sempre-vibrantes\/\" target=\"_blank\" rel=\"noreferrer noopener\">planta<\/a>:<\/p>\n\n\n\n<ol class=\"wp-block-list\">\n<li><strong>Escolha da orqu\u00eddea:<\/strong>\u00a0Decida entre uma esp\u00e9cie ep\u00edfita ou terrestre, conforme o ambiente dispon\u00edvel.<\/li>\n\n\n\n<li><strong>Prepara\u00e7\u00e3o do vaso:<\/strong>\u00a0Utilize um vaso com boa ventila\u00e7\u00e3o para as ra\u00edzes, essencial para o crescimento.<\/li>\n\n\n\n<li><strong>Substrato adequado:<\/strong>\u00a0Misture casca de pinus, carv\u00e3o vegetal e esfagno para criar um ambiente arejado.<\/li>\n\n\n\n<li><strong>Plantio da muda:<\/strong>\u00a0Posicione a muda no vaso, cobrindo as ra\u00edzes com o substrato, mas sem enterrar a base da planta.<\/li>\n\n\n\n<li><strong>Rega controlada:<\/strong>\u00a0Evite encharcar o substrato; regue apenas quando estiver seco ao toque.<\/li>\n\n\n\n<li><strong>Exposi\u00e7\u00e3o \u00e0 luz:<\/strong>\u00a0As orqu\u00eddeas preferem luz indireta; evite o sol direto para n\u00e3o queimar as folhas.<\/li>\n\n\n\n<li><strong>Aduba\u00e7\u00e3o regular:<\/strong>\u00a0Aplique adubo a cada 15 dias para estimular o crescimento e a flora\u00e7\u00e3o.<\/li>\n<\/ol>\n\n\n\n<h2 class=\"wp-block-heading\">Como manter orqu\u00eddeas saud\u00e1veis?<\/h2>\n\n\n\n<p>Manter orqu\u00eddeas saud\u00e1veis envolve aten\u00e7\u00e3o a alguns cuidados espec\u00edficos. A ventila\u00e7\u00e3o \u00e9 crucial; evite locais abafados que possam enfraquecer a planta. Controle a umidade, regando apenas quando necess\u00e1rio, e utilize borrifadores para manter a umidade nas folhas e ra\u00edzes expostas.<\/p>\n\n\n\n<p>Para proteger contra pragas, como cochonilhas e pulg\u00f5es, utilize \u00f3leo de neem ou uma solu\u00e7\u00e3o de \u00e1gua com detergente neutro. A troca do substrato a cada 2 a 3 anos \u00e9 recomendada para renovar os nutrientes e garantir o vigor da planta.<\/p>\n","protected":false},"excerpt":{"rendered":"<p>As orqu\u00eddeas s\u00e3o conhecidas por sua&nbsp;beleza ex\u00f3tica&nbsp;e eleg\u00e2ncia, sendo uma das flores mais apreciadas ao redor do mundo. Com uma vasta variedade de esp\u00e9cies, essas plantas podem ser cultivadas em diferentes ambientes, desde vasos at\u00e9 troncos de \u00e1rvores, proporcionando um toque de sofistica\u00e7\u00e3o a qualquer espa\u00e7o. Origin\u00e1rias de diversas partes do mundo, as orqu\u00eddeas t\u00eam [&hellip;]<\/p>\n","protected":false},"author":10,"featured_media":22836,"comment_status":"open","ping_status":"open","sticky":false,"template":"","format":"standard","meta":{"jnews-multi-image_gallery":[],"jnews_single_post":{"format":"standard"},"jnews_primary_category":[],"jnews_social_meta":[],"jnews_override_counter":[],"footnotes":""},"categories":[1],"tags":[3357,3137,3779],"class_list":["post-22834","post","type-post","status-publish","format-standard","has-post-thumbnail","hentry","category-noticias","tag-flores","tag-orquideas","tag-planta"],"yoast_head":"<!-- This site is optimized with the Yoast SEO plugin v23.8 - https:\/\/yoast.com\/wordpress\/plugins\/seo\/ -->\n<title>Aprenda a fazer suas orqu\u00eddeas florescerem mais r\u00e1pido e por mais tempo - Estado de Minas - Em foco<\/title>\n<meta name=\"description\" content=\"Orqu\u00eddeas lindas o ano todo? Sim! Conhe\u00e7a os truques essenciais para manter suas plantas saud\u00e1veis e cheias de vida com cuidados simples.\" \/>\n<meta name=\"robots\" content=\"index, follow, max-snippet:-1, max-image-preview:large, max-video-preview:-1\" \/>\n<link rel=\"canonical\" href=\"https:\/\/www.em.com.br\/emfoco\/2025\/02\/25\/aprenda-a-fazer-suas-orquideas-florescerem-mais-rapido-e-por-mais-tempo\/\" \/>\n<meta property=\"og:locale\" content=\"pt_BR\" \/>\n<meta property=\"og:type\" content=\"article\" \/>\n<meta property=\"og:title\" content=\"Aprenda a fazer suas orqu\u00eddeas florescerem mais r\u00e1pido e por mais tempo - Estado de Minas - Em foco\" \/>\n<meta property=\"og:description\" content=\"Orqu\u00eddeas lindas o ano todo? Sim! Conhe\u00e7a os truques essenciais para manter suas plantas saud\u00e1veis e cheias de vida com cuidados simples.\" \/>\n<meta property=\"og:url\" content=\"https:\/\/www.em.com.br\/emfoco\/2025\/02\/25\/aprenda-a-fazer-suas-orquideas-florescerem-mais-rapido-e-por-mais-tempo\/\" \/>\n<meta property=\"og:site_name\" content=\"Estado de Minas - Em foco\" \/>\n<meta property=\"article:published_time\" content=\"2025-02-26T00:30:00+00:00\" \/>\n<meta property=\"article:modified_time\" content=\"2025-02-25T20:39:43+00:00\" \/>\n<meta property=\"og:image\" content=\"https:\/\/www.em.com.br\/emfoco\/wp-content\/uploads\/2025\/02\/orchide_1740515568293.jpg\" \/>\n\t<meta property=\"og:image:width\" content=\"1280\" \/>\n\t<meta property=\"og:image:height\" content=\"720\" \/>\n\t<meta property=\"og:image:type\" content=\"image\/jpeg\" \/>\n<meta name=\"author\" content=\"Patryck Reinehr\" \/>\n<meta name=\"twitter:card\" content=\"summary_large_image\" \/>\n<meta name=\"twitter:label1\" content=\"Escrito por\" \/>\n\t<meta name=\"twitter:data1\" content=\"Patryck Reinehr\" \/>\n\t<meta name=\"twitter:label2\" content=\"Est. tempo de leitura\" \/>\n\t<meta name=\"twitter:data2\" content=\"4 minutos\" \/>\n<!-- \/ Yoast SEO plugin. -->","yoast_head_json":{"title":"Aprenda a fazer suas orqu\u00eddeas florescerem mais r\u00e1pido e por mais tempo - Estado de Minas - Em foco","description":"Orqu\u00eddeas lindas o ano todo? Sim! Conhe\u00e7a os truques essenciais para manter suas plantas saud\u00e1veis e cheias de vida com cuidados simples.","robots":{"index":"index","follow":"follow","max-snippet":"max-snippet:-1","max-image-preview":"max-image-preview:large","max-video-preview":"max-video-preview:-1"},"canonical":"https:\/\/www.em.com.br\/emfoco\/2025\/02\/25\/aprenda-a-fazer-suas-orquideas-florescerem-mais-rapido-e-por-mais-tempo\/","og_locale":"pt_BR","og_type":"article","og_title":"Aprenda a fazer suas orqu\u00eddeas florescerem mais r\u00e1pido e por mais tempo - Estado de Minas - Em foco","og_description":"Orqu\u00eddeas lindas o ano todo? Sim! Conhe\u00e7a os truques essenciais para manter suas plantas saud\u00e1veis e cheias de vida com cuidados simples.","og_url":"https:\/\/www.em.com.br\/emfoco\/2025\/02\/25\/aprenda-a-fazer-suas-orquideas-florescerem-mais-rapido-e-por-mais-tempo\/","og_site_name":"Estado de Minas - Em foco","article_published_time":"2025-02-26T00:30:00+00:00","article_modified_time":"2025-02-25T20:39:43+00:00","og_image":[{"width":1280,"height":720,"url":"https:\/\/www.em.com.br\/emfoco\/wp-content\/uploads\/2025\/02\/orchide_1740515568293.jpg","type":"image\/jpeg"}],"author":"Patryck Reinehr","twitter_card":"summary_large_image","twitter_misc":{"Escrito por":"Patryck Reinehr","Est. tempo de leitura":"4 minutos"},"schema":{"@context":"https:\/\/schema.org","@graph":[{"@type":"WebPage","@id":"https:\/\/www.em.com.br\/emfoco\/2025\/02\/25\/aprenda-a-fazer-suas-orquideas-florescerem-mais-rapido-e-por-mais-tempo\/","url":"https:\/\/www.em.com.br\/emfoco\/2025\/02\/25\/aprenda-a-fazer-suas-orquideas-florescerem-mais-rapido-e-por-mais-tempo\/","name":"Aprenda a fazer suas orqu\u00eddeas florescerem mais r\u00e1pido e por mais tempo - Estado de Minas - Em foco","isPartOf":{"@id":"https:\/\/www.em.com.br\/emfoco\/#website"},"primaryImageOfPage":{"@id":"https:\/\/www.em.com.br\/emfoco\/2025\/02\/25\/aprenda-a-fazer-suas-orquideas-florescerem-mais-rapido-e-por-mais-tempo\/#primaryimage"},"image":{"@id":"https:\/\/www.em.com.br\/emfoco\/2025\/02\/25\/aprenda-a-fazer-suas-orquideas-florescerem-mais-rapido-e-por-mais-tempo\/#primaryimage"},"thumbnailUrl":"https:\/\/www.em.com.br\/emfoco\/wp-content\/uploads\/2025\/02\/orchide_1740515568293.jpg","datePublished":"2025-02-26T00:30:00+00:00","dateModified":"2025-02-25T20:39:43+00:00","author":{"@id":"https:\/\/www.em.com.br\/emfoco\/#\/schema\/person\/43407752bebcbbb4d0ec79deedc0d7ce"},"description":"Orqu\u00eddeas lindas o ano todo? Sim! Conhe\u00e7a os truques essenciais para manter suas plantas saud\u00e1veis e cheias de vida com cuidados simples.","breadcrumb":{"@id":"https:\/\/www.em.com.br\/emfoco\/2025\/02\/25\/aprenda-a-fazer-suas-orquideas-florescerem-mais-rapido-e-por-mais-tempo\/#breadcrumb"},"inLanguage":"pt-BR","potentialAction":[{"@type":"ReadAction","target":["https:\/\/www.em.com.br\/emfoco\/2025\/02\/25\/aprenda-a-fazer-suas-orquideas-florescerem-mais-rapido-e-por-mais-tempo\/"]}]},{"@type":"ImageObject","inLanguage":"pt-BR","@id":"https:\/\/www.em.com.br\/emfoco\/2025\/02\/25\/aprenda-a-fazer-suas-orquideas-florescerem-mais-rapido-e-por-mais-tempo\/#primaryimage","url":"https:\/\/www.em.com.br\/emfoco\/wp-content\/uploads\/2025\/02\/orchide_1740515568293.jpg","contentUrl":"https:\/\/www.em.com.br\/emfoco\/wp-content\/uploads\/2025\/02\/orchide_1740515568293.jpg","width":1280,"height":720,"caption":"Orqu\u00eddeas (Cr\u00e9ditos: depositphotos.com \/ jslsvega)"},{"@type":"BreadcrumbList","@id":"https:\/\/www.em.com.br\/emfoco\/2025\/02\/25\/aprenda-a-fazer-suas-orquideas-florescerem-mais-rapido-e-por-mais-tempo\/#breadcrumb","itemListElement":[{"@type":"ListItem","position":1,"name":"In\u00edcio","item":"https:\/\/www.em.com.br\/emfoco\/"},{"@type":"ListItem","position":2,"name":"Aprenda a fazer suas orqu\u00eddeas florescerem mais r\u00e1pido e por mais tempo"}]},{"@type":"WebSite","@id":"https:\/\/www.em.com.br\/emfoco\/#website","url":"https:\/\/www.em.com.br\/emfoco\/","name":"Estado de Minas - Em foco","description":"Acompanhe as \u00faltimas not\u00edcias e fique bem informado sobre tudo o que acontece em Minas Gerais, Brasil e no mundo.","potentialAction":[{"@type":"SearchAction","target":{"@type":"EntryPoint","urlTemplate":"https:\/\/www.em.com.br\/emfoco\/?s={search_term_string}"},"query-input":{"@type":"PropertyValueSpecification","valueRequired":true,"valueName":"search_term_string"}}],"inLanguage":"pt-BR"},{"@type":"Person","@id":"https:\/\/www.em.com.br\/emfoco\/#\/schema\/person\/43407752bebcbbb4d0ec79deedc0d7ce","name":"Patryck Reinehr","image":{"@type":"ImageObject","inLanguage":"pt-BR","@id":"https:\/\/www.em.com.br\/emfoco\/#\/schema\/person\/image\/","url":"https:\/\/secure.gravatar.com\/avatar\/570c7fb2898c0e2df0823196891bea88?s=96&d=mm&r=g","contentUrl":"https:\/\/secure.gravatar.com\/avatar\/570c7fb2898c0e2df0823196891bea88?s=96&d=mm&r=g","caption":"Patryck Reinehr"},"url":"https:\/\/www.em.com.br\/emfoco\/author\/patryckmyth\/"}]}},"_links":{"self":[{"href":"https:\/\/www.em.com.br\/emfoco\/wp-json\/wp\/v2\/posts\/22834","targetHints":{"allow":["GET"]}}],"collection":[{"href":"https:\/\/www.em.com.br\/emfoco\/wp-json\/wp\/v2\/posts"}],"about":[{"href":"https:\/\/www.em.com.br\/emfoco\/wp-json\/wp\/v2\/types\/post"}],"author":[{"embeddable":true,"href":"https:\/\/www.em.com.br\/emfoco\/wp-json\/wp\/v2\/users\/10"}],"replies":[{"embeddable":true,"href":"https:\/\/www.em.com.br\/emfoco\/wp-json\/wp\/v2\/comments?post=22834"}],"version-history":[{"count":1,"href":"https:\/\/www.em.com.br\/emfoco\/wp-json\/wp\/v2\/posts\/22834\/revisions"}],"predecessor-version":[{"id":22842,"href":"https:\/\/www.em.com.br\/emfoco\/wp-json\/wp\/v2\/posts\/22834\/revisions\/22842"}],"wp:featuredmedia":[{"embeddable":true,"href":"https:\/\/www.em.com.br\/emfoco\/wp-json\/wp\/v2\/media\/22836"}],"wp:attachment":[{"href":"https:\/\/www.em.com.br\/emfoco\/wp-json\/wp\/v2\/media?parent=22834"}],"wp:term":[{"taxonomy":"category","embeddable":true,"href":"https:\/\/www.em.com.br\/emfoco\/wp-json\/wp\/v2\/categories?post=22834"},{"taxonomy":"post_tag","embeddable":true,"href":"https:\/\/www.em.com.br\/emfoco\/wp-json\/wp\/v2\/tags?post=22834"}],"curies":[{"name":"wp","href":"https:\/\/api.w.org\/{rel}","templated":true}]}}