{"id":22812,"date":"2025-03-07T12:20:00","date_gmt":"2025-03-07T15:20:00","guid":{"rendered":"https:\/\/www.em.com.br\/emfoco\/?p=22812"},"modified":"2025-02-25T16:15:36","modified_gmt":"2025-02-25T19:15:36","slug":"o-que-taylor-lautner-fez-apos-crepusculo-a-resposta-vai-te-chocar","status":"publish","type":"post","link":"https:\/\/www.em.com.br\/emfoco\/2025\/03\/07\/o-que-taylor-lautner-fez-apos-crepusculo-a-resposta-vai-te-chocar\/","title":{"rendered":"O que Taylor Lautner fez ap\u00f3s &#8216;Crep\u00fasculo&#8217;? A resposta vai te chocar!"},"content":{"rendered":"\n<p><strong>Taylor Lautner<\/strong>, um nome que se tornou sin\u00f4nimo de sucesso em <strong>Hollywood<\/strong>, iniciou sua <strong><a href=\"https:\/\/www.em.com.br\/emfoco\/2025\/02\/11\/atriz-de-x-men-revela-detalhes-sobre-sua-trajetoria-e-desafios-na-carreira\/\" target=\"_blank\" rel=\"noreferrer noopener\">carreira<\/a><\/strong> ainda jovem. Nascido em 11 de fevereiro de 1992, em <strong>Grand Rapids<\/strong>, <strong>Michigan<\/strong>, Lautner come\u00e7ou a atuar em comerciais e programas de televis\u00e3o na inf\u00e2ncia. Sua habilidade em artes marciais chamou a aten\u00e7\u00e3o de produtores, levando-o a pap\u00e9is que exigiam habilidades f\u00edsicas, como em &#8220;<strong>The Adventures of Sharkboy and Lavagirl<\/strong>&#8221; (2005).<\/p>\n\n\n\n<p>O talento de Lautner n\u00e3o passou despercebido, e ele rapidamente se destacou entre seus pares. Sua dedica\u00e7\u00e3o e carisma o ajudaram a conquistar pap\u00e9is mais significativos, pavimentando o caminho para uma carreira promissora no cinema. O verdadeiro ponto de virada veio com a saga &#8220;<strong>Crep\u00fasculo<\/strong>&#8220;, onde interpretou <strong>Jacob Black<\/strong>, um papel que o catapultou ao estrelato internacional.<\/p>\n\n\n\n<h2 class=\"wp-block-heading\">Quais foram os sucessos da carreira de Taylor Lautner?<\/h2>\n\n\n\n<p>O papel de Jacob Black na s\u00e9rie &#8220;<strong><a href=\"https:\/\/www.primevideo.com\/-\/pt\/detail\/Crep%C3%BAsculo\/0J7Y9TOLYLKNKWBCOO4WL0J7SB\" target=\"_blank\" rel=\"noreferrer noopener\">Crep\u00fasculo<\/a><\/strong>&#8221; foi, sem d\u00favida, o maior sucesso de Taylor Lautner. A franquia, baseada nos livros de <strong>Stephenie Meyer<\/strong>, tornou-se um fen\u00f4meno global, e Lautner se tornou um \u00eddolo adolescente. Al\u00e9m de &#8220;Crep\u00fasculo&#8221;, ele tamb\u00e9m estrelou em filmes como &#8220;<strong>Sem Sa\u00edda<\/strong>&#8221; (2011) e &#8220;<strong>Gente Grande 2<\/strong>&#8221; (2013), consolidando sua posi\u00e7\u00e3o em Hollywood.<\/p>\n\n\n\n<p>Apesar de a saga &#8220;Crep\u00fasculo&#8221; ter sido o auge de sua carreira at\u00e9 agora, Lautner continuou a explorar diferentes g\u00eaneros e pap\u00e9is. Ele participou de s\u00e9ries de televis\u00e3o, como &#8220;<strong>Scream Queens<\/strong>&#8221; e &#8220;<strong>Cuckoo<\/strong>&#8220;, demonstrando sua versatilidade como ator. Seu trabalho n\u00e3o se limita apenas a pap\u00e9is de a\u00e7\u00e3o, mas tamb\u00e9m inclui com\u00e9dia e drama, ampliando seu repert\u00f3rio art\u00edstico.<\/p>\n\n\n\n<figure class=\"wp-block-image size-large\"><img loading=\"lazy\" decoding=\"async\" width=\"1024\" height=\"576\" src=\"https:\/\/www.em.com.br\/emfoco\/wp-content\/uploads\/2024\/12\/Robert-Pattinson_1735334200727-1024x576.jpg\" alt=\"Robert Pattinson: Um dos atores mais ricos de Hollywood\" class=\"wp-image-7149\" srcset=\"https:\/\/www.em.com.br\/emfoco\/wp-content\/uploads\/2024\/12\/Robert-Pattinson_1735334200727-1024x576.jpg 1024w, https:\/\/www.em.com.br\/emfoco\/wp-content\/uploads\/2024\/12\/Robert-Pattinson_1735334200727-300x169.jpg 300w, https:\/\/www.em.com.br\/emfoco\/wp-content\/uploads\/2024\/12\/Robert-Pattinson_1735334200727-768x432.jpg 768w, https:\/\/www.em.com.br\/emfoco\/wp-content\/uploads\/2024\/12\/Robert-Pattinson_1735334200727-750x422.jpg 750w, https:\/\/www.em.com.br\/emfoco\/wp-content\/uploads\/2024\/12\/Robert-Pattinson_1735334200727-1140x641.jpg 1140w, https:\/\/www.em.com.br\/emfoco\/wp-content\/uploads\/2024\/12\/Robert-Pattinson_1735334200727.jpg 1280w\" sizes=\"auto, (max-width: 1024px) 100vw, 1024px\" \/><figcaption class=\"wp-element-caption\">Robert Pattinson, Kristen Stewart e Taylor Lautner &#8211; Cr\u00e9ditos: depositphotos.com \/ s_bukley<\/figcaption><\/figure>\n\n\n\n<h2 class=\"wp-block-heading\">Qual \u00e9 o valor estimado da fortuna de Taylor Lautner?<\/h2>\n\n\n\n<p>Em 2025, o valor estimado da fortuna de Taylor Lautner \u00e9 de aproximadamente <strong>40 milh\u00f5es de d\u00f3lares<\/strong>. Este montante \u00e9 resultado de sua bem-sucedida carreira no cinema e na televis\u00e3o, al\u00e9m de contratos publicit\u00e1rios e outros empreendimentos. Lautner foi um dos atores mais bem pagos de Hollywood durante o auge da saga &#8220;Crep\u00fasculo&#8221;, o que contribuiu significativamente para sua riqueza.<\/p>\n\n\n\n<p>Al\u00e9m dos ganhos com filmes, Lautner investiu em im\u00f3veis e outros neg\u00f3cios, o que ajudou a diversificar suas fontes de renda. Sua habilidade em gerenciar suas finan\u00e7as e investir sabiamente tem sido um fator crucial para manter e aumentar sua fortuna ao longo dos anos.<\/p>\n\n\n\n<h2 class=\"wp-block-heading\">Quais s\u00e3o as fontes de renda de Taylor Lautner?<\/h2>\n\n\n\n<p>As principais fontes de renda de Taylor Lautner incluem seus sal\u00e1rios por atua\u00e7\u00e3o em filmes e s\u00e9ries de televis\u00e3o, bem como contratos de publicidade. Durante a saga &#8220;Crep\u00fasculo&#8221;, Lautner negociou um aumento significativo em seu cach\u00ea, refletindo seu valor crescente na ind\u00fastria cinematogr\u00e1fica.<\/p>\n\n\n\n<p>Al\u00e9m do entretenimento, Lautner tamb\u00e9m investiu em im\u00f3veis, o que lhe proporciona uma renda passiva consider\u00e1vel. Ele possui propriedades em <strong>Los Angeles<\/strong> e outras \u00e1reas, que se valorizaram ao longo do tempo. Lautner tamb\u00e9m se envolveu em projetos de caridade, usando sua influ\u00eancia para apoiar causas importantes.<\/p>\n\n\n\n<h2 class=\"wp-block-heading\">Quais s\u00e3o os projetos atuais de Taylor Lautner?<\/h2>\n\n\n\n<p>Em 2025, Taylor Lautner continua a expandir seu portf\u00f3lio de atua\u00e7\u00e3o com novos projetos no cinema e na televis\u00e3o. Ele est\u00e1 envolvido em uma s\u00e9rie de televis\u00e3o que explora temas de a\u00e7\u00e3o e suspense, mostrando mais uma vez sua habilidade em pap\u00e9is desafiadores. Al\u00e9m disso, Lautner tem demonstrado interesse em produ\u00e7\u00e3o, explorando oportunidades por tr\u00e1s das c\u00e2meras.<\/p>\n\n\n\n<p>Fora das telas, Lautner se dedica a causas sociais e ambientais, usando sua plataforma para promover mudan\u00e7as positivas. Ele tamb\u00e9m est\u00e1 envolvido em projetos de desenvolvimento pessoal, incluindo workshops e palestras sobre autoconfian\u00e7a e supera\u00e7\u00e3o, inspirando jovens ao redor do mundo.<\/p>\n","protected":false},"excerpt":{"rendered":"<p>Taylor Lautner, um nome que se tornou sin\u00f4nimo de sucesso em Hollywood, iniciou sua carreira ainda jovem. Nascido em 11 de fevereiro de 1992, em Grand Rapids, Michigan, Lautner come\u00e7ou a atuar em comerciais e programas de televis\u00e3o na inf\u00e2ncia. Sua habilidade em artes marciais chamou a aten\u00e7\u00e3o de produtores, levando-o a pap\u00e9is que exigiam [&hellip;]<\/p>\n","protected":false},"author":5,"featured_media":22814,"comment_status":"open","ping_status":"open","sticky":false,"template":"","format":"standard","meta":{"jnews-multi-image_gallery":[],"jnews_single_post":{"format":"standard"},"jnews_primary_category":[],"jnews_social_meta":[],"jnews_override_counter":[],"footnotes":""},"categories":[29,137,190,1],"tags":[5573,188,5575],"class_list":["post-22812","post","type-post","status-publish","format-standard","has-post-thumbnail","hentry","category-entretenimento","category-filmes","category-fortuna","category-noticias","tag-crepusculo","tag-fortuna","tag-taylor-lautner"],"yoast_head":"<!-- This site is optimized with the Yoast SEO plugin v23.8 - https:\/\/yoast.com\/wordpress\/plugins\/seo\/ -->\n<title>O que Taylor Lautner fez ap\u00f3s &#039;Crep\u00fasculo&#039;? A resposta vai te chocar! - Estado de Minas - Em foco<\/title>\n<meta name=\"description\" content=\"De \u00edcone adolescente a ator multifacetado, Taylor Lautner tem uma fortuna de 40 milh\u00f5es de d\u00f3lares e continua a brilhar no entretenimento.\" \/>\n<meta name=\"robots\" content=\"index, follow, max-snippet:-1, max-image-preview:large, max-video-preview:-1\" \/>\n<link rel=\"canonical\" href=\"https:\/\/www.em.com.br\/emfoco\/2025\/03\/07\/o-que-taylor-lautner-fez-apos-crepusculo-a-resposta-vai-te-chocar\/\" \/>\n<meta property=\"og:locale\" content=\"pt_BR\" \/>\n<meta property=\"og:type\" content=\"article\" \/>\n<meta property=\"og:title\" content=\"O que Taylor Lautner fez ap\u00f3s &#039;Crep\u00fasculo&#039;? A resposta vai te chocar! - Estado de Minas - Em foco\" \/>\n<meta property=\"og:description\" content=\"De \u00edcone adolescente a ator multifacetado, Taylor Lautner tem uma fortuna de 40 milh\u00f5es de d\u00f3lares e continua a brilhar no entretenimento.\" \/>\n<meta property=\"og:url\" content=\"https:\/\/www.em.com.br\/emfoco\/2025\/03\/07\/o-que-taylor-lautner-fez-apos-crepusculo-a-resposta-vai-te-chocar\/\" \/>\n<meta property=\"og:site_name\" content=\"Estado de Minas - Em foco\" \/>\n<meta property=\"article:published_time\" content=\"2025-03-07T15:20:00+00:00\" \/>\n<meta property=\"article:modified_time\" content=\"2025-02-25T19:15:36+00:00\" \/>\n<meta property=\"og:image\" content=\"https:\/\/www.em.com.br\/emfoco\/wp-content\/uploads\/2025\/02\/Taylor-Lautner_1740510812839.jpg\" \/>\n\t<meta property=\"og:image:width\" content=\"1280\" \/>\n\t<meta property=\"og:image:height\" content=\"720\" \/>\n\t<meta property=\"og:image:type\" content=\"image\/jpeg\" \/>\n<meta name=\"author\" content=\"N\u00fabia Rangel\" \/>\n<meta name=\"twitter:card\" content=\"summary_large_image\" \/>\n<meta name=\"twitter:label1\" content=\"Escrito por\" \/>\n\t<meta name=\"twitter:data1\" content=\"N\u00fabia Rangel\" \/>\n\t<meta name=\"twitter:label2\" content=\"Est. tempo de leitura\" \/>\n\t<meta name=\"twitter:data2\" content=\"4 minutos\" \/>\n<!-- \/ Yoast SEO plugin. -->","yoast_head_json":{"title":"O que Taylor Lautner fez ap\u00f3s 'Crep\u00fasculo'? A resposta vai te chocar! - Estado de Minas - Em foco","description":"De \u00edcone adolescente a ator multifacetado, Taylor Lautner tem uma fortuna de 40 milh\u00f5es de d\u00f3lares e continua a brilhar no entretenimento.","robots":{"index":"index","follow":"follow","max-snippet":"max-snippet:-1","max-image-preview":"max-image-preview:large","max-video-preview":"max-video-preview:-1"},"canonical":"https:\/\/www.em.com.br\/emfoco\/2025\/03\/07\/o-que-taylor-lautner-fez-apos-crepusculo-a-resposta-vai-te-chocar\/","og_locale":"pt_BR","og_type":"article","og_title":"O que Taylor Lautner fez ap\u00f3s 'Crep\u00fasculo'? A resposta vai te chocar! - Estado de Minas - Em foco","og_description":"De \u00edcone adolescente a ator multifacetado, Taylor Lautner tem uma fortuna de 40 milh\u00f5es de d\u00f3lares e continua a brilhar no entretenimento.","og_url":"https:\/\/www.em.com.br\/emfoco\/2025\/03\/07\/o-que-taylor-lautner-fez-apos-crepusculo-a-resposta-vai-te-chocar\/","og_site_name":"Estado de Minas - Em foco","article_published_time":"2025-03-07T15:20:00+00:00","article_modified_time":"2025-02-25T19:15:36+00:00","og_image":[{"width":1280,"height":720,"url":"https:\/\/www.em.com.br\/emfoco\/wp-content\/uploads\/2025\/02\/Taylor-Lautner_1740510812839.jpg","type":"image\/jpeg"}],"author":"N\u00fabia Rangel","twitter_card":"summary_large_image","twitter_misc":{"Escrito por":"N\u00fabia Rangel","Est. tempo de leitura":"4 minutos"},"schema":{"@context":"https:\/\/schema.org","@graph":[{"@type":"WebPage","@id":"https:\/\/www.em.com.br\/emfoco\/2025\/03\/07\/o-que-taylor-lautner-fez-apos-crepusculo-a-resposta-vai-te-chocar\/","url":"https:\/\/www.em.com.br\/emfoco\/2025\/03\/07\/o-que-taylor-lautner-fez-apos-crepusculo-a-resposta-vai-te-chocar\/","name":"O que Taylor Lautner fez ap\u00f3s 'Crep\u00fasculo'? A resposta vai te chocar! - Estado de Minas - Em foco","isPartOf":{"@id":"https:\/\/www.em.com.br\/emfoco\/#website"},"primaryImageOfPage":{"@id":"https:\/\/www.em.com.br\/emfoco\/2025\/03\/07\/o-que-taylor-lautner-fez-apos-crepusculo-a-resposta-vai-te-chocar\/#primaryimage"},"image":{"@id":"https:\/\/www.em.com.br\/emfoco\/2025\/03\/07\/o-que-taylor-lautner-fez-apos-crepusculo-a-resposta-vai-te-chocar\/#primaryimage"},"thumbnailUrl":"https:\/\/www.em.com.br\/emfoco\/wp-content\/uploads\/2025\/02\/Taylor-Lautner_1740510812839.jpg","datePublished":"2025-03-07T15:20:00+00:00","dateModified":"2025-02-25T19:15:36+00:00","author":{"@id":"https:\/\/www.em.com.br\/emfoco\/#\/schema\/person\/524437ef54f8a5d32591b143307f2e20"},"description":"De \u00edcone adolescente a ator multifacetado, Taylor Lautner tem uma fortuna de 40 milh\u00f5es de d\u00f3lares e continua a brilhar no entretenimento.","breadcrumb":{"@id":"https:\/\/www.em.com.br\/emfoco\/2025\/03\/07\/o-que-taylor-lautner-fez-apos-crepusculo-a-resposta-vai-te-chocar\/#breadcrumb"},"inLanguage":"pt-BR","potentialAction":[{"@type":"ReadAction","target":["https:\/\/www.em.com.br\/emfoco\/2025\/03\/07\/o-que-taylor-lautner-fez-apos-crepusculo-a-resposta-vai-te-chocar\/"]}]},{"@type":"ImageObject","inLanguage":"pt-BR","@id":"https:\/\/www.em.com.br\/emfoco\/2025\/03\/07\/o-que-taylor-lautner-fez-apos-crepusculo-a-resposta-vai-te-chocar\/#primaryimage","url":"https:\/\/www.em.com.br\/emfoco\/wp-content\/uploads\/2025\/02\/Taylor-Lautner_1740510812839.jpg","contentUrl":"https:\/\/www.em.com.br\/emfoco\/wp-content\/uploads\/2025\/02\/Taylor-Lautner_1740510812839.jpg","width":1280,"height":720,"caption":"Taylor Lautner - Cr\u00e9ditos: depositphotos.com \/ bossmoss"},{"@type":"BreadcrumbList","@id":"https:\/\/www.em.com.br\/emfoco\/2025\/03\/07\/o-que-taylor-lautner-fez-apos-crepusculo-a-resposta-vai-te-chocar\/#breadcrumb","itemListElement":[{"@type":"ListItem","position":1,"name":"In\u00edcio","item":"https:\/\/www.em.com.br\/emfoco\/"},{"@type":"ListItem","position":2,"name":"O que Taylor Lautner fez ap\u00f3s &#8216;Crep\u00fasculo&#8217;? A resposta vai te chocar!"}]},{"@type":"WebSite","@id":"https:\/\/www.em.com.br\/emfoco\/#website","url":"https:\/\/www.em.com.br\/emfoco\/","name":"Estado de Minas - Em foco","description":"Acompanhe as \u00faltimas not\u00edcias e fique bem informado sobre tudo o que acontece em Minas Gerais, Brasil e no mundo.","potentialAction":[{"@type":"SearchAction","target":{"@type":"EntryPoint","urlTemplate":"https:\/\/www.em.com.br\/emfoco\/?s={search_term_string}"},"query-input":{"@type":"PropertyValueSpecification","valueRequired":true,"valueName":"search_term_string"}}],"inLanguage":"pt-BR"},{"@type":"Person","@id":"https:\/\/www.em.com.br\/emfoco\/#\/schema\/person\/524437ef54f8a5d32591b143307f2e20","name":"N\u00fabia Rangel","image":{"@type":"ImageObject","inLanguage":"pt-BR","@id":"https:\/\/www.em.com.br\/emfoco\/#\/schema\/person\/image\/","url":"https:\/\/secure.gravatar.com\/avatar\/47cff2827a5ba23c37e8068c86817ea4?s=96&d=mm&r=g","contentUrl":"https:\/\/secure.gravatar.com\/avatar\/47cff2827a5ba23c37e8068c86817ea4?s=96&d=mm&r=g","caption":"N\u00fabia Rangel"},"sameAs":["https:\/\/www.em.com.br\/emfoco\/"],"url":"https:\/\/www.em.com.br\/emfoco\/author\/nubiamyth\/"}]}},"_links":{"self":[{"href":"https:\/\/www.em.com.br\/emfoco\/wp-json\/wp\/v2\/posts\/22812","targetHints":{"allow":["GET"]}}],"collection":[{"href":"https:\/\/www.em.com.br\/emfoco\/wp-json\/wp\/v2\/posts"}],"about":[{"href":"https:\/\/www.em.com.br\/emfoco\/wp-json\/wp\/v2\/types\/post"}],"author":[{"embeddable":true,"href":"https:\/\/www.em.com.br\/emfoco\/wp-json\/wp\/v2\/users\/5"}],"replies":[{"embeddable":true,"href":"https:\/\/www.em.com.br\/emfoco\/wp-json\/wp\/v2\/comments?post=22812"}],"version-history":[{"count":2,"href":"https:\/\/www.em.com.br\/emfoco\/wp-json\/wp\/v2\/posts\/22812\/revisions"}],"predecessor-version":[{"id":22815,"href":"https:\/\/www.em.com.br\/emfoco\/wp-json\/wp\/v2\/posts\/22812\/revisions\/22815"}],"wp:featuredmedia":[{"embeddable":true,"href":"https:\/\/www.em.com.br\/emfoco\/wp-json\/wp\/v2\/media\/22814"}],"wp:attachment":[{"href":"https:\/\/www.em.com.br\/emfoco\/wp-json\/wp\/v2\/media?parent=22812"}],"wp:term":[{"taxonomy":"category","embeddable":true,"href":"https:\/\/www.em.com.br\/emfoco\/wp-json\/wp\/v2\/categories?post=22812"},{"taxonomy":"post_tag","embeddable":true,"href":"https:\/\/www.em.com.br\/emfoco\/wp-json\/wp\/v2\/tags?post=22812"}],"curies":[{"name":"wp","href":"https:\/\/api.w.org\/{rel}","templated":true}]}}