{"id":22765,"date":"2025-03-07T15:40:00","date_gmt":"2025-03-07T18:40:00","guid":{"rendered":"https:\/\/www.em.com.br\/emfoco\/?p=22765"},"modified":"2025-02-25T13:53:29","modified_gmt":"2025-02-25T16:53:29","slug":"laranja-engorda-ou-emagrece-a-resposta-pode-te-surpreender","status":"publish","type":"post","link":"https:\/\/www.em.com.br\/emfoco\/2025\/03\/07\/laranja-engorda-ou-emagrece-a-resposta-pode-te-surpreender\/","title":{"rendered":"Laranja engorda ou emagrece? A resposta pode te surpreender"},"content":{"rendered":"\n<p>A laranja \u00e9 uma das frutas mais populares e consumidas no mundo, conhecida por seu sabor doce e refrescante. Al\u00e9m de ser deliciosa, a laranja \u00e9 rica em nutrientes essenciais que promovem diversos benef\u00edcios \u00e0 <strong><a href=\"https:\/\/www.em.com.br\/emfoco\/2025\/02\/13\/como-pequenos-habitos-diarios-podem-elevar-seu-bem-estar-e-saude\/\" target=\"_blank\" rel=\"noreferrer noopener\">sa\u00fade<\/a><\/strong>. Este artigo explora as vantagens de incluir essa fruta c\u00edtrica na dieta di\u00e1ria, destacando suas propriedades nutricionais e efeitos positivos no organismo.<\/p>\n\n\n\n<p>Com um alto teor de vitamina C, a laranja fortalece o sistema imunol\u00f3gico, ajudando o corpo a combater infec\u00e7\u00f5es e doen\u00e7as. Al\u00e9m disso, a presen\u00e7a de antioxidantes na fruta contribui para a prote\u00e7\u00e3o das c\u00e9lulas contra danos causados por radicais livres, retardando o envelhecimento precoce e reduzindo o risco de doen\u00e7as cr\u00f4nicas.<\/p>\n\n\n\n<h2 class=\"wp-block-heading\">Por que a laranja \u00e9 considerada uma super fruta?<\/h2>\n\n\n\n<p>A laranja \u00e9 frequentemente chamada de super fruta devido \u00e0 sua composi\u00e7\u00e3o rica em nutrientes. Al\u00e9m da <strong><a href=\"https:\/\/www.msdmanuals.com\/pt\/casa\/dist%C3%BArbios-nutricionais\/vitaminas\/excesso-de-vitamina-c#:~:text=A%20vitamina%20C%20(%C3%A1cido%20asc%C3%B3rbico,funcionamento%20normal%20dos%20vasos%20sangu%C3%ADneos.\" target=\"_blank\" rel=\"noreferrer noopener\">vitamina C<\/a><\/strong>, a fruta cont\u00e9m<strong> fibras, pot\u00e1ssio, folato e tiamina<\/strong>, que s\u00e3o essenciais para o bom funcionamento do organismo. A combina\u00e7\u00e3o desses nutrientes faz da laranja uma aliada poderosa na manuten\u00e7\u00e3o da sa\u00fade cardiovascular e na regula\u00e7\u00e3o da press\u00e3o arterial.<\/p>\n\n\n\n<p>O consumo regular de laranja tamb\u00e9m est\u00e1 associado \u00e0 melhoria da digest\u00e3o. As fibras presentes na fruta auxiliam no tr\u00e2nsito intestinal, prevenindo a constipa\u00e7\u00e3o e promovendo a sa\u00fade do sistema digestivo. Al\u00e9m disso, a laranja possui propriedades anti-inflamat\u00f3rias que podem ajudar a reduzir inflama\u00e7\u00f5es no corpo.<\/p>\n\n\n\n<figure class=\"wp-block-image size-large\"><img loading=\"lazy\" decoding=\"async\" width=\"1024\" height=\"576\" src=\"https:\/\/www.em.com.br\/emfoco\/wp-content\/uploads\/2025\/01\/laranja_1738015192822-1024x576.jpg\" alt=\"Por que a Laranja \u00e9 a melhor op\u00e7\u00e3o para quem quer perder peso\" class=\"wp-image-14119\" srcset=\"https:\/\/www.em.com.br\/emfoco\/wp-content\/uploads\/2025\/01\/laranja_1738015192822-1024x576.jpg 1024w, https:\/\/www.em.com.br\/emfoco\/wp-content\/uploads\/2025\/01\/laranja_1738015192822-300x169.jpg 300w, https:\/\/www.em.com.br\/emfoco\/wp-content\/uploads\/2025\/01\/laranja_1738015192822-768x432.jpg 768w, https:\/\/www.em.com.br\/emfoco\/wp-content\/uploads\/2025\/01\/laranja_1738015192822-750x422.jpg 750w, https:\/\/www.em.com.br\/emfoco\/wp-content\/uploads\/2025\/01\/laranja_1738015192822-1140x641.jpg 1140w, https:\/\/www.em.com.br\/emfoco\/wp-content\/uploads\/2025\/01\/laranja_1738015192822.jpg 1280w\" sizes=\"auto, (max-width: 1024px) 100vw, 1024px\" \/><figcaption class=\"wp-element-caption\">Laranja &#8211; Cr\u00e9ditos: depositphotos.com \/ kazyavka<\/figcaption><\/figure>\n\n\n\n<h2 class=\"wp-block-heading\">Como a laranja pode beneficiar a pele?<\/h2>\n\n\n\n<p>O cuidado com a pele \u00e9 uma preocupa\u00e7\u00e3o comum, e a laranja pode ser uma aliada nesse aspecto. A vitamina C presente na fruta \u00e9 fundamental para a produ\u00e7\u00e3o de col\u00e1geno, uma prote\u00edna que mant\u00e9m a pele firme e el\u00e1stica. Consumir laranja regularmente pode ajudar a prevenir o aparecimento de rugas e melhorar a textura da pele.<\/p>\n\n\n\n<p>Al\u00e9m disso, os antioxidantes encontrados na laranja ajudam a proteger a pele dos danos causados pela exposi\u00e7\u00e3o ao sol e \u00e0 polui\u00e7\u00e3o. Isso contribui para uma apar\u00eancia mais saud\u00e1vel e radiante. O suco de laranja tamb\u00e9m pode ser utilizado como um t\u00f4nico natural, ajudando a limpar e revitalizar a pele.<\/p>\n\n\n\n<h2 class=\"wp-block-heading\">Quais s\u00e3o as varia\u00e7\u00f5es e formas de consumo da Laranja?<\/h2>\n\n\n\n<p>A laranja pode ser consumida de diversas maneiras, cada uma oferecendo seus pr\u00f3prios benef\u00edcios. O suco de laranja \u00e9 uma op\u00e7\u00e3o popular, mas \u00e9 importante optar por vers\u00f5es naturais e sem adi\u00e7\u00e3o de a\u00e7\u00facar para maximizar os benef\u00edcios \u00e0 sa\u00fade. Al\u00e9m disso, consumir a fruta inteira garante a ingest\u00e3o de fibras, que s\u00e3o perdidas no processo de extra\u00e7\u00e3o do suco.<\/p>\n\n\n\n<ul class=\"wp-block-list\">\n<li><strong>In natura:<\/strong> Consumir a laranja fresca \u00e9 a forma mais comum e pr\u00e1tica de aproveitar seus nutrientes.<\/li>\n\n\n\n<li><strong>Suco:<\/strong> O suco de laranja \u00e9 refrescante e uma excelente fonte de vitamina C.<\/li>\n\n\n\n<li><strong>Saladas:<\/strong> A laranja pode ser adicionada a saladas, proporcionando um toque c\u00edtrico e adocicado.<\/li>\n\n\n\n<li><strong>Sobremesas:<\/strong> Usada em sobremesas, a laranja adiciona sabor e nutrientes.<\/li>\n<\/ul>\n\n\n\n<p>Independentemente da forma de consumo, a laranja \u00e9 uma fruta vers\u00e1til que pode ser facilmente incorporada em diversas receitas, tornando-se uma adi\u00e7\u00e3o saud\u00e1vel e saborosa \u00e0 dieta.<\/p>\n\n\n\n<p>Incorporar a laranja na alimenta\u00e7\u00e3o di\u00e1ria pode trazer in\u00fameros benef\u00edcios \u00e0 sa\u00fade, desde o fortalecimento do sistema imunol\u00f3gico at\u00e9 a melhoria da sa\u00fade da pele. Com suas propriedades nutricionais e versatilidade, a laranja \u00e9 uma escolha inteligente para quem busca uma alimenta\u00e7\u00e3o equilibrada e rica em nutrientes.<\/p>\n\n\n\n<p>Ao consumir laranja, \u00e9 importante lembrar de optar por frutas frescas e, sempre que poss\u00edvel, org\u00e2nicas, para garantir a m\u00e1xima absor\u00e7\u00e3o de seus nutrientes. Dessa forma, \u00e9 poss\u00edvel aproveitar ao m\u00e1ximo os benef\u00edcios que essa super fruta tem a oferecer.<\/p>\n","protected":false},"excerpt":{"rendered":"<p>A laranja \u00e9 uma das frutas mais populares e consumidas no mundo, conhecida por seu sabor doce e refrescante. Al\u00e9m de ser deliciosa, a laranja \u00e9 rica em nutrientes essenciais que promovem diversos benef\u00edcios \u00e0 sa\u00fade. Este artigo explora as vantagens de incluir essa fruta c\u00edtrica na dieta di\u00e1ria, destacando suas propriedades nutricionais e efeitos [&hellip;]<\/p>\n","protected":false},"author":5,"featured_media":19297,"comment_status":"open","ping_status":"open","sticky":false,"template":"","format":"standard","meta":{"jnews-multi-image_gallery":[],"jnews_single_post":{"format":"standard"},"jnews_primary_category":[],"jnews_social_meta":[],"jnews_override_counter":[],"footnotes":""},"categories":[29,1],"tags":[5103,4272,415,1990],"class_list":["post-22765","post","type-post","status-publish","format-standard","has-post-thumbnail","hentry","category-entretenimento","category-noticias","tag-antioxidantes","tag-laranja","tag-saude","tag-vitamina-c"],"yoast_head":"<!-- This site is optimized with the Yoast SEO plugin v23.8 - https:\/\/yoast.com\/wordpress\/plugins\/seo\/ -->\n<title>Laranja engorda ou emagrece? A resposta pode te surpreender - Estado de Minas - Em foco<\/title>\n<meta name=\"description\" content=\"Rica em vitamina C e antioxidantes, a laranja protege o cora\u00e7\u00e3o, fortalece a imunidade e ainda melhora a sa\u00fade da pele.\" \/>\n<meta name=\"robots\" content=\"index, follow, max-snippet:-1, max-image-preview:large, max-video-preview:-1\" \/>\n<link rel=\"canonical\" href=\"https:\/\/www.em.com.br\/emfoco\/2025\/03\/07\/laranja-engorda-ou-emagrece-a-resposta-pode-te-surpreender\/\" \/>\n<meta property=\"og:locale\" content=\"pt_BR\" \/>\n<meta property=\"og:type\" content=\"article\" \/>\n<meta property=\"og:title\" content=\"Laranja engorda ou emagrece? A resposta pode te surpreender - Estado de Minas - Em foco\" \/>\n<meta property=\"og:description\" content=\"Rica em vitamina C e antioxidantes, a laranja protege o cora\u00e7\u00e3o, fortalece a imunidade e ainda melhora a sa\u00fade da pele.\" \/>\n<meta property=\"og:url\" content=\"https:\/\/www.em.com.br\/emfoco\/2025\/03\/07\/laranja-engorda-ou-emagrece-a-resposta-pode-te-surpreender\/\" \/>\n<meta property=\"og:site_name\" content=\"Estado de Minas - Em foco\" \/>\n<meta property=\"article:published_time\" content=\"2025-03-07T18:40:00+00:00\" \/>\n<meta property=\"article:modified_time\" content=\"2025-02-25T16:53:29+00:00\" \/>\n<meta property=\"og:image\" content=\"https:\/\/www.em.com.br\/emfoco\/wp-content\/uploads\/2025\/02\/laranja_1739444202916.jpg\" \/>\n\t<meta property=\"og:image:width\" content=\"1279\" \/>\n\t<meta property=\"og:image:height\" content=\"720\" \/>\n\t<meta property=\"og:image:type\" content=\"image\/jpeg\" \/>\n<meta name=\"author\" content=\"N\u00fabia Rangel\" \/>\n<meta name=\"twitter:card\" content=\"summary_large_image\" \/>\n<meta name=\"twitter:label1\" content=\"Escrito por\" \/>\n\t<meta name=\"twitter:data1\" content=\"N\u00fabia Rangel\" \/>\n\t<meta name=\"twitter:label2\" content=\"Est. tempo de leitura\" \/>\n\t<meta name=\"twitter:data2\" content=\"4 minutos\" \/>\n<!-- \/ Yoast SEO plugin. -->","yoast_head_json":{"title":"Laranja engorda ou emagrece? A resposta pode te surpreender - Estado de Minas - Em foco","description":"Rica em vitamina C e antioxidantes, a laranja protege o cora\u00e7\u00e3o, fortalece a imunidade e ainda melhora a sa\u00fade da pele.","robots":{"index":"index","follow":"follow","max-snippet":"max-snippet:-1","max-image-preview":"max-image-preview:large","max-video-preview":"max-video-preview:-1"},"canonical":"https:\/\/www.em.com.br\/emfoco\/2025\/03\/07\/laranja-engorda-ou-emagrece-a-resposta-pode-te-surpreender\/","og_locale":"pt_BR","og_type":"article","og_title":"Laranja engorda ou emagrece? A resposta pode te surpreender - Estado de Minas - Em foco","og_description":"Rica em vitamina C e antioxidantes, a laranja protege o cora\u00e7\u00e3o, fortalece a imunidade e ainda melhora a sa\u00fade da pele.","og_url":"https:\/\/www.em.com.br\/emfoco\/2025\/03\/07\/laranja-engorda-ou-emagrece-a-resposta-pode-te-surpreender\/","og_site_name":"Estado de Minas - Em foco","article_published_time":"2025-03-07T18:40:00+00:00","article_modified_time":"2025-02-25T16:53:29+00:00","og_image":[{"width":1279,"height":720,"url":"https:\/\/www.em.com.br\/emfoco\/wp-content\/uploads\/2025\/02\/laranja_1739444202916.jpg","type":"image\/jpeg"}],"author":"N\u00fabia Rangel","twitter_card":"summary_large_image","twitter_misc":{"Escrito por":"N\u00fabia Rangel","Est. tempo de leitura":"4 minutos"},"schema":{"@context":"https:\/\/schema.org","@graph":[{"@type":"WebPage","@id":"https:\/\/www.em.com.br\/emfoco\/2025\/03\/07\/laranja-engorda-ou-emagrece-a-resposta-pode-te-surpreender\/","url":"https:\/\/www.em.com.br\/emfoco\/2025\/03\/07\/laranja-engorda-ou-emagrece-a-resposta-pode-te-surpreender\/","name":"Laranja engorda ou emagrece? A resposta pode te surpreender - Estado de Minas - Em foco","isPartOf":{"@id":"https:\/\/www.em.com.br\/emfoco\/#website"},"primaryImageOfPage":{"@id":"https:\/\/www.em.com.br\/emfoco\/2025\/03\/07\/laranja-engorda-ou-emagrece-a-resposta-pode-te-surpreender\/#primaryimage"},"image":{"@id":"https:\/\/www.em.com.br\/emfoco\/2025\/03\/07\/laranja-engorda-ou-emagrece-a-resposta-pode-te-surpreender\/#primaryimage"},"thumbnailUrl":"https:\/\/www.em.com.br\/emfoco\/wp-content\/uploads\/2025\/02\/laranja_1739444202916.jpg","datePublished":"2025-03-07T18:40:00+00:00","dateModified":"2025-02-25T16:53:29+00:00","author":{"@id":"https:\/\/www.em.com.br\/emfoco\/#\/schema\/person\/524437ef54f8a5d32591b143307f2e20"},"description":"Rica em vitamina C e antioxidantes, a laranja protege o cora\u00e7\u00e3o, fortalece a imunidade e ainda melhora a sa\u00fade da pele.","breadcrumb":{"@id":"https:\/\/www.em.com.br\/emfoco\/2025\/03\/07\/laranja-engorda-ou-emagrece-a-resposta-pode-te-surpreender\/#breadcrumb"},"inLanguage":"pt-BR","potentialAction":[{"@type":"ReadAction","target":["https:\/\/www.em.com.br\/emfoco\/2025\/03\/07\/laranja-engorda-ou-emagrece-a-resposta-pode-te-surpreender\/"]}]},{"@type":"ImageObject","inLanguage":"pt-BR","@id":"https:\/\/www.em.com.br\/emfoco\/2025\/03\/07\/laranja-engorda-ou-emagrece-a-resposta-pode-te-surpreender\/#primaryimage","url":"https:\/\/www.em.com.br\/emfoco\/wp-content\/uploads\/2025\/02\/laranja_1739444202916.jpg","contentUrl":"https:\/\/www.em.com.br\/emfoco\/wp-content\/uploads\/2025\/02\/laranja_1739444202916.jpg","width":1279,"height":720,"caption":"Laranja - Cr\u00e9ditos: depositphotos.com \/ Arrfoto"},{"@type":"BreadcrumbList","@id":"https:\/\/www.em.com.br\/emfoco\/2025\/03\/07\/laranja-engorda-ou-emagrece-a-resposta-pode-te-surpreender\/#breadcrumb","itemListElement":[{"@type":"ListItem","position":1,"name":"In\u00edcio","item":"https:\/\/www.em.com.br\/emfoco\/"},{"@type":"ListItem","position":2,"name":"Laranja engorda ou emagrece? A resposta pode te surpreender"}]},{"@type":"WebSite","@id":"https:\/\/www.em.com.br\/emfoco\/#website","url":"https:\/\/www.em.com.br\/emfoco\/","name":"Estado de Minas - Em foco","description":"Acompanhe as \u00faltimas not\u00edcias e fique bem informado sobre tudo o que acontece em Minas Gerais, Brasil e no mundo.","potentialAction":[{"@type":"SearchAction","target":{"@type":"EntryPoint","urlTemplate":"https:\/\/www.em.com.br\/emfoco\/?s={search_term_string}"},"query-input":{"@type":"PropertyValueSpecification","valueRequired":true,"valueName":"search_term_string"}}],"inLanguage":"pt-BR"},{"@type":"Person","@id":"https:\/\/www.em.com.br\/emfoco\/#\/schema\/person\/524437ef54f8a5d32591b143307f2e20","name":"N\u00fabia Rangel","image":{"@type":"ImageObject","inLanguage":"pt-BR","@id":"https:\/\/www.em.com.br\/emfoco\/#\/schema\/person\/image\/","url":"https:\/\/secure.gravatar.com\/avatar\/47cff2827a5ba23c37e8068c86817ea4?s=96&d=mm&r=g","contentUrl":"https:\/\/secure.gravatar.com\/avatar\/47cff2827a5ba23c37e8068c86817ea4?s=96&d=mm&r=g","caption":"N\u00fabia Rangel"},"sameAs":["https:\/\/www.em.com.br\/emfoco\/"],"url":"https:\/\/www.em.com.br\/emfoco\/author\/nubiamyth\/"}]}},"_links":{"self":[{"href":"https:\/\/www.em.com.br\/emfoco\/wp-json\/wp\/v2\/posts\/22765","targetHints":{"allow":["GET"]}}],"collection":[{"href":"https:\/\/www.em.com.br\/emfoco\/wp-json\/wp\/v2\/posts"}],"about":[{"href":"https:\/\/www.em.com.br\/emfoco\/wp-json\/wp\/v2\/types\/post"}],"author":[{"embeddable":true,"href":"https:\/\/www.em.com.br\/emfoco\/wp-json\/wp\/v2\/users\/5"}],"replies":[{"embeddable":true,"href":"https:\/\/www.em.com.br\/emfoco\/wp-json\/wp\/v2\/comments?post=22765"}],"version-history":[{"count":3,"href":"https:\/\/www.em.com.br\/emfoco\/wp-json\/wp\/v2\/posts\/22765\/revisions"}],"predecessor-version":[{"id":22773,"href":"https:\/\/www.em.com.br\/emfoco\/wp-json\/wp\/v2\/posts\/22765\/revisions\/22773"}],"wp:featuredmedia":[{"embeddable":true,"href":"https:\/\/www.em.com.br\/emfoco\/wp-json\/wp\/v2\/media\/19297"}],"wp:attachment":[{"href":"https:\/\/www.em.com.br\/emfoco\/wp-json\/wp\/v2\/media?parent=22765"}],"wp:term":[{"taxonomy":"category","embeddable":true,"href":"https:\/\/www.em.com.br\/emfoco\/wp-json\/wp\/v2\/categories?post=22765"},{"taxonomy":"post_tag","embeddable":true,"href":"https:\/\/www.em.com.br\/emfoco\/wp-json\/wp\/v2\/tags?post=22765"}],"curies":[{"name":"wp","href":"https:\/\/api.w.org\/{rel}","templated":true}]}}