{"id":22728,"date":"2025-02-26T09:20:47","date_gmt":"2025-02-26T12:20:47","guid":{"rendered":"https:\/\/www.em.com.br\/emfoco\/?p=22728"},"modified":"2025-02-25T16:21:38","modified_gmt":"2025-02-25T19:21:38","slug":"conquiste-sua-cnh-gratuita-em-2025-agora-e-possivel","status":"publish","type":"post","link":"https:\/\/www.em.com.br\/emfoco\/2025\/02\/26\/conquiste-sua-cnh-gratuita-em-2025-agora-e-possivel\/","title":{"rendered":"Conquiste sua CNH gratuita em 2025, agora \u00e9 poss\u00edvel"},"content":{"rendered":"\n<p>Em 2025, o <strong>Departamento Estadual de Tr\u00e2nsito (<a href=\"https:\/\/www.detran.sp.gov.br\/\" target=\"_blank\" rel=\"noreferrer noopener\">Detran<\/a>)<\/strong> lan\u00e7ou um programa inovador que visa oferecer a <strong>Carteira Nacional de Habilita\u00e7\u00e3o (<a href=\"https:\/\/www.em.com.br\/emfoco\/2025\/02\/23\/cnh-fratuita-2025-menos-desigualdade-mais-mobilidade\/\" target=\"_blank\" rel=\"noreferrer noopener\">CNH<\/a>)<\/strong> sem custos para pessoas de baixa renda. Esta a\u00e7\u00e3o busca reduzir barreiras financeiras, permitindo que mais cidad\u00e3os tenham acesso a oportunidades de emprego que exigem habilita\u00e7\u00e3o.<\/p>\n\n\n\n<p>Com um total de 7 mil vagas dispon\u00edveis, o programa \u00e9 uma resposta \u00e0 crescente demanda por motoristas habilitados no mercado de trabalho. A iniciativa n\u00e3o apenas facilita o acesso \u00e0 CNH, mas tamb\u00e9m promove a inclus\u00e3o social e econ\u00f4mica de indiv\u00edduos que enfrentam dificuldades financeiras.<\/p>\n\n\n\n<h2 class=\"wp-block-heading\">Como as vagas ser\u00e3o distribu\u00eddas?<\/h2>\n\n\n\n<p>O programa ser\u00e1 implementado em duas fases distintas ao longo do ano. A primeira fase come\u00e7ar\u00e1 no in\u00edcio de 2025, oferecendo 3.500 vagas. A segunda fase, com o mesmo n\u00famero de vagas, ocorrer\u00e1 no segundo semestre. Esta abordagem em etapas permite que o Detran gerencie melhor o processo e ofere\u00e7a m\u00faltiplas oportunidades para os candidatos interessados.<\/p>\n\n\n<div class=\"wp-block-image\">\n<figure class=\"aligncenter size-large\"><img loading=\"lazy\" decoding=\"async\" width=\"1024\" height=\"576\" src=\"https:\/\/www.em.com.br\/emfoco\/wp-content\/uploads\/2024\/12\/CNH_1734573767548-1024x576.png\" alt=\"Conquiste sua CNH gratuita em 2025, agora \u00e9 poss\u00edvel\" class=\"wp-image-5676\" srcset=\"https:\/\/www.em.com.br\/emfoco\/wp-content\/uploads\/2024\/12\/CNH_1734573767548-1024x576.png 1024w, https:\/\/www.em.com.br\/emfoco\/wp-content\/uploads\/2024\/12\/CNH_1734573767548-300x169.png 300w, https:\/\/www.em.com.br\/emfoco\/wp-content\/uploads\/2024\/12\/CNH_1734573767548-768x432.png 768w, https:\/\/www.em.com.br\/emfoco\/wp-content\/uploads\/2024\/12\/CNH_1734573767548-750x422.png 750w, https:\/\/www.em.com.br\/emfoco\/wp-content\/uploads\/2024\/12\/CNH_1734573767548-1140x641.png 1140w, https:\/\/www.em.com.br\/emfoco\/wp-content\/uploads\/2024\/12\/CNH_1734573767548.png 1280w\" sizes=\"auto, (max-width: 1024px) 100vw, 1024px\" \/><figcaption class=\"wp-element-caption\">CNH &#8211; Cr\u00e9ditos: depositphotos.com \/ rafapress<\/figcaption><\/figure><\/div>\n\n\n<h2 class=\"wp-block-heading\">Quem pode participar do programa?<\/h2>\n\n\n\n<p>Para se qualificar para a CNH gratuita, os candidatos devem atender a certos crit\u00e9rios. \u00c9 essencial estar registrado no <strong>Cadastro \u00danico (Cad\u00danico)<\/strong> e ter uma renda familiar que n\u00e3o ultrapasse dois sal\u00e1rios m\u00ednimos. A prioridade ser\u00e1 dada a indiv\u00edduos desempregados ou que trabalhem informalmente.<\/p>\n\n\n\n<p>Al\u00e9m disso, os candidatos devem ter pelo menos 18 anos, residir no Esp\u00edrito Santo e ter completado o ensino fundamental. Embora os detalhes completos para 2025 ainda estejam em desenvolvimento, o programa \u00e9 esperado para seguir as diretrizes de anos anteriores.<\/p>\n\n\n\n<h2 class=\"wp-block-heading\">Benef\u00edcios da CNH gratuita para a comunidade<\/h2>\n\n\n\n<p>A concess\u00e3o da CNH sem custos \u00e9 um passo importante para melhorar a empregabilidade de muitos cidad\u00e3os. Com a habilita\u00e7\u00e3o, os benefici\u00e1rios podem acessar uma gama mais ampla de oportunidades de trabalho, especialmente em setores que exigem motoristas qualificados.<\/p>\n\n\n\n<p>O <strong>Detran-ES<\/strong>, respons\u00e1vel pela execu\u00e7\u00e3o do programa, est\u00e1 comprometido em garantir que a iniciativa alcance aqueles que mais precisam. Ao promover a mobilidade e a inclus\u00e3o, o programa de CNH gratuita n\u00e3o s\u00f3 beneficia os indiv\u00edduos, mas tamb\u00e9m contribui para o desenvolvimento econ\u00f4mico e social das comunidades locais.<\/p>\n","protected":false},"excerpt":{"rendered":"<p>Em 2025, o Departamento Estadual de Tr\u00e2nsito (Detran) lan\u00e7ou um programa inovador que visa oferecer a Carteira Nacional de Habilita\u00e7\u00e3o (CNH) sem custos para pessoas de baixa renda. Esta a\u00e7\u00e3o busca reduzir barreiras financeiras, permitindo que mais cidad\u00e3os tenham acesso a oportunidades de emprego que exigem habilita\u00e7\u00e3o. Com um total de 7 mil vagas dispon\u00edveis, [&hellip;]<\/p>\n","protected":false},"author":7,"featured_media":2374,"comment_status":"open","ping_status":"open","sticky":false,"template":"","format":"standard","meta":{"jnews-multi-image_gallery":[],"jnews_single_post":{"format":"standard"},"jnews_primary_category":[],"jnews_social_meta":[],"jnews_override_counter":[],"footnotes":""},"categories":[28],"tags":[830,1636,2384,2512],"class_list":["post-22728","post","type-post","status-publish","format-standard","has-post-thumbnail","hentry","category-economia","tag-cnh","tag-detran","tag-habilitacao","tag-programa-social"],"yoast_head":"<!-- This site is optimized with the Yoast SEO plugin v23.8 - https:\/\/yoast.com\/wordpress\/plugins\/seo\/ -->\n<title>Conquiste sua CNH gratuita em 2025, agora \u00e9 poss\u00edvel - Estado de Minas - Em foco<\/title>\n<meta name=\"description\" content=\"Quer dirigir em 2025? A CNH Gratuita \u00e9 a sua chance! Descubra como se inscrever e realizar seu sonho.\" \/>\n<meta name=\"robots\" content=\"index, follow, max-snippet:-1, max-image-preview:large, max-video-preview:-1\" \/>\n<link rel=\"canonical\" href=\"https:\/\/www.em.com.br\/emfoco\/2025\/02\/26\/conquiste-sua-cnh-gratuita-em-2025-agora-e-possivel\/\" \/>\n<meta property=\"og:locale\" content=\"pt_BR\" \/>\n<meta property=\"og:type\" content=\"article\" \/>\n<meta property=\"og:title\" content=\"Conquiste sua CNH gratuita em 2025, agora \u00e9 poss\u00edvel - Estado de Minas - Em foco\" \/>\n<meta property=\"og:description\" content=\"Quer dirigir em 2025? A CNH Gratuita \u00e9 a sua chance! Descubra como se inscrever e realizar seu sonho.\" \/>\n<meta property=\"og:url\" content=\"https:\/\/www.em.com.br\/emfoco\/2025\/02\/26\/conquiste-sua-cnh-gratuita-em-2025-agora-e-possivel\/\" \/>\n<meta property=\"og:site_name\" content=\"Estado de Minas - Em foco\" \/>\n<meta property=\"article:published_time\" content=\"2025-02-26T12:20:47+00:00\" \/>\n<meta property=\"article:modified_time\" content=\"2025-02-25T19:21:38+00:00\" \/>\n<meta property=\"og:image\" content=\"https:\/\/www.em.com.br\/emfoco\/wp-content\/uploads\/2024\/11\/CNH_1732946681501.jpg\" \/>\n\t<meta property=\"og:image:width\" content=\"1280\" \/>\n\t<meta property=\"og:image:height\" content=\"720\" \/>\n\t<meta property=\"og:image:type\" content=\"image\/jpeg\" \/>\n<meta name=\"author\" content=\"Kelvin\" \/>\n<meta name=\"twitter:card\" content=\"summary_large_image\" \/>\n<meta name=\"twitter:label1\" content=\"Escrito por\" \/>\n\t<meta name=\"twitter:data1\" content=\"Kelvin\" \/>\n\t<meta name=\"twitter:label2\" content=\"Est. tempo de leitura\" \/>\n\t<meta name=\"twitter:data2\" content=\"3 minutos\" \/>\n<!-- \/ Yoast SEO plugin. -->","yoast_head_json":{"title":"Conquiste sua CNH gratuita em 2025, agora \u00e9 poss\u00edvel - Estado de Minas - Em foco","description":"Quer dirigir em 2025? A CNH Gratuita \u00e9 a sua chance! Descubra como se inscrever e realizar seu sonho.","robots":{"index":"index","follow":"follow","max-snippet":"max-snippet:-1","max-image-preview":"max-image-preview:large","max-video-preview":"max-video-preview:-1"},"canonical":"https:\/\/www.em.com.br\/emfoco\/2025\/02\/26\/conquiste-sua-cnh-gratuita-em-2025-agora-e-possivel\/","og_locale":"pt_BR","og_type":"article","og_title":"Conquiste sua CNH gratuita em 2025, agora \u00e9 poss\u00edvel - Estado de Minas - Em foco","og_description":"Quer dirigir em 2025? A CNH Gratuita \u00e9 a sua chance! Descubra como se inscrever e realizar seu sonho.","og_url":"https:\/\/www.em.com.br\/emfoco\/2025\/02\/26\/conquiste-sua-cnh-gratuita-em-2025-agora-e-possivel\/","og_site_name":"Estado de Minas - Em foco","article_published_time":"2025-02-26T12:20:47+00:00","article_modified_time":"2025-02-25T19:21:38+00:00","og_image":[{"width":1280,"height":720,"url":"https:\/\/www.em.com.br\/emfoco\/wp-content\/uploads\/2024\/11\/CNH_1732946681501.jpg","type":"image\/jpeg"}],"author":"Kelvin","twitter_card":"summary_large_image","twitter_misc":{"Escrito por":"Kelvin","Est. tempo de leitura":"3 minutos"},"schema":{"@context":"https:\/\/schema.org","@graph":[{"@type":"WebPage","@id":"https:\/\/www.em.com.br\/emfoco\/2025\/02\/26\/conquiste-sua-cnh-gratuita-em-2025-agora-e-possivel\/","url":"https:\/\/www.em.com.br\/emfoco\/2025\/02\/26\/conquiste-sua-cnh-gratuita-em-2025-agora-e-possivel\/","name":"Conquiste sua CNH gratuita em 2025, agora \u00e9 poss\u00edvel - Estado de Minas - Em foco","isPartOf":{"@id":"https:\/\/www.em.com.br\/emfoco\/#website"},"primaryImageOfPage":{"@id":"https:\/\/www.em.com.br\/emfoco\/2025\/02\/26\/conquiste-sua-cnh-gratuita-em-2025-agora-e-possivel\/#primaryimage"},"image":{"@id":"https:\/\/www.em.com.br\/emfoco\/2025\/02\/26\/conquiste-sua-cnh-gratuita-em-2025-agora-e-possivel\/#primaryimage"},"thumbnailUrl":"https:\/\/www.em.com.br\/emfoco\/wp-content\/uploads\/2024\/11\/CNH_1732946681501.jpg","datePublished":"2025-02-26T12:20:47+00:00","dateModified":"2025-02-25T19:21:38+00:00","author":{"@id":"https:\/\/www.em.com.br\/emfoco\/#\/schema\/person\/fb0a7f48c6fbb94b83f413a80f61917d"},"description":"Quer dirigir em 2025? A CNH Gratuita \u00e9 a sua chance! Descubra como se inscrever e realizar seu sonho.","breadcrumb":{"@id":"https:\/\/www.em.com.br\/emfoco\/2025\/02\/26\/conquiste-sua-cnh-gratuita-em-2025-agora-e-possivel\/#breadcrumb"},"inLanguage":"pt-BR","potentialAction":[{"@type":"ReadAction","target":["https:\/\/www.em.com.br\/emfoco\/2025\/02\/26\/conquiste-sua-cnh-gratuita-em-2025-agora-e-possivel\/"]}]},{"@type":"ImageObject","inLanguage":"pt-BR","@id":"https:\/\/www.em.com.br\/emfoco\/2025\/02\/26\/conquiste-sua-cnh-gratuita-em-2025-agora-e-possivel\/#primaryimage","url":"https:\/\/www.em.com.br\/emfoco\/wp-content\/uploads\/2024\/11\/CNH_1732946681501.jpg","contentUrl":"https:\/\/www.em.com.br\/emfoco\/wp-content\/uploads\/2024\/11\/CNH_1732946681501.jpg","width":1280,"height":720,"caption":"CNH - Cr\u00e9ditos: depositphotos.com \/ robertohunger"},{"@type":"BreadcrumbList","@id":"https:\/\/www.em.com.br\/emfoco\/2025\/02\/26\/conquiste-sua-cnh-gratuita-em-2025-agora-e-possivel\/#breadcrumb","itemListElement":[{"@type":"ListItem","position":1,"name":"In\u00edcio","item":"https:\/\/www.em.com.br\/emfoco\/"},{"@type":"ListItem","position":2,"name":"Conquiste sua CNH gratuita em 2025, agora \u00e9 poss\u00edvel"}]},{"@type":"WebSite","@id":"https:\/\/www.em.com.br\/emfoco\/#website","url":"https:\/\/www.em.com.br\/emfoco\/","name":"Estado de Minas - Em foco","description":"Acompanhe as \u00faltimas not\u00edcias e fique bem informado sobre tudo o que acontece em Minas Gerais, Brasil e no mundo.","potentialAction":[{"@type":"SearchAction","target":{"@type":"EntryPoint","urlTemplate":"https:\/\/www.em.com.br\/emfoco\/?s={search_term_string}"},"query-input":{"@type":"PropertyValueSpecification","valueRequired":true,"valueName":"search_term_string"}}],"inLanguage":"pt-BR"},{"@type":"Person","@id":"https:\/\/www.em.com.br\/emfoco\/#\/schema\/person\/fb0a7f48c6fbb94b83f413a80f61917d","name":"Kelvin","image":{"@type":"ImageObject","inLanguage":"pt-BR","@id":"https:\/\/www.em.com.br\/emfoco\/#\/schema\/person\/image\/","url":"https:\/\/secure.gravatar.com\/avatar\/e74f84337e6bf6c4c5e88fbdffa05270?s=96&d=mm&r=g","contentUrl":"https:\/\/secure.gravatar.com\/avatar\/e74f84337e6bf6c4c5e88fbdffa05270?s=96&d=mm&r=g","caption":"Kelvin"},"sameAs":["https:\/\/www.em.com.br\/emfoco"],"url":"https:\/\/www.em.com.br\/emfoco\/author\/kelvinmyth\/"}]}},"_links":{"self":[{"href":"https:\/\/www.em.com.br\/emfoco\/wp-json\/wp\/v2\/posts\/22728","targetHints":{"allow":["GET"]}}],"collection":[{"href":"https:\/\/www.em.com.br\/emfoco\/wp-json\/wp\/v2\/posts"}],"about":[{"href":"https:\/\/www.em.com.br\/emfoco\/wp-json\/wp\/v2\/types\/post"}],"author":[{"embeddable":true,"href":"https:\/\/www.em.com.br\/emfoco\/wp-json\/wp\/v2\/users\/7"}],"replies":[{"embeddable":true,"href":"https:\/\/www.em.com.br\/emfoco\/wp-json\/wp\/v2\/comments?post=22728"}],"version-history":[{"count":2,"href":"https:\/\/www.em.com.br\/emfoco\/wp-json\/wp\/v2\/posts\/22728\/revisions"}],"predecessor-version":[{"id":22733,"href":"https:\/\/www.em.com.br\/emfoco\/wp-json\/wp\/v2\/posts\/22728\/revisions\/22733"}],"wp:featuredmedia":[{"embeddable":true,"href":"https:\/\/www.em.com.br\/emfoco\/wp-json\/wp\/v2\/media\/2374"}],"wp:attachment":[{"href":"https:\/\/www.em.com.br\/emfoco\/wp-json\/wp\/v2\/media?parent=22728"}],"wp:term":[{"taxonomy":"category","embeddable":true,"href":"https:\/\/www.em.com.br\/emfoco\/wp-json\/wp\/v2\/categories?post=22728"},{"taxonomy":"post_tag","embeddable":true,"href":"https:\/\/www.em.com.br\/emfoco\/wp-json\/wp\/v2\/tags?post=22728"}],"curies":[{"name":"wp","href":"https:\/\/api.w.org\/{rel}","templated":true}]}}