{"id":22726,"date":"2025-03-02T21:20:00","date_gmt":"2025-03-03T00:20:00","guid":{"rendered":"https:\/\/www.em.com.br\/emfoco\/?p=22726"},"modified":"2025-02-28T15:00:40","modified_gmt":"2025-02-28T18:00:40","slug":"a-verdade-por-tras-do-calcadao-mais-famoso-do-mundo","status":"publish","type":"post","link":"https:\/\/www.em.com.br\/emfoco\/2025\/03\/02\/a-verdade-por-tras-do-calcadao-mais-famoso-do-mundo\/","title":{"rendered":"A verdade por tr\u00e1s do cal\u00e7ad\u00e3o mais famoso do mundo!"},"content":{"rendered":"\n<p><strong>Copacabana <\/strong>\u00e9 um dos bairros mais ic\u00f4nicos do <strong>Rio de Janeiro<\/strong>, conhecido mundialmente por sua praia deslumbrante e seu famoso cal\u00e7ad\u00e3o. Localizado na zona sul da cidade, este bairro \u00e9 um destino tur\u00edstico popular que atrai visitantes de todas as partes do mundo, oferecendo uma combina\u00e7\u00e3o \u00fanica de beleza natural e vida urbana vibrante.<\/p>\n\n\n\n<p>Al\u00e9m de sua famosa praia, Copacabana \u00e9 um centro de atividades culturais e hist\u00f3ricas. O bairro \u00e9 conhecido por sediar eventos de grande porte, como as celebra\u00e7\u00f5es de <strong>Ano Novo<\/strong>, que atraem milhares de pessoas para assistir aos espet\u00e1culos de fogos de artif\u00edcio. Com uma rica oferta de atra\u00e7\u00f5es, Copacabana \u00e9 um destino imperd\u00edvel para quem visita o Rio de Janeiro.<\/p>\n\n\n\n<h2 class=\"wp-block-heading\">O que fazer em Copacabana?<\/h2>\n\n\n\n<p>A praia de Copacabana \u00e9 o principal atrativo do bairro, com suas areias brancas e \u00e1guas convidativas. \u00c9 um local ideal para relaxar, praticar esportes ou simplesmente apreciar a vista. O cal\u00e7ad\u00e3o, com seu design ic\u00f4nico, \u00e9 perfeito para caminhadas e passeios de bicicleta, oferecendo uma experi\u00eancia \u00fanica \u00e0 beira-mar.<\/p>\n\n\n\n<p>O <strong>Forte de Copacabana<\/strong> \u00e9 outra atra\u00e7\u00e3o importante, oferecendo vistas panor\u00e2micas do oceano e abrigando o<a href=\"https:\/\/www.mhexfc.eb.mil.br\/\" target=\"_blank\" rel=\"noreferrer noopener\"> <strong>Museu Hist\u00f3rico do Ex\u00e9rcito<\/strong><\/a>. Para os amantes da m\u00fasica, o <strong>Museu Villa-Lobos<\/strong> \u00e9 uma parada obrigat\u00f3ria, celebrando a vida e obra de um dos maiores compositores brasileiros.<\/p>\n\n\n\n<figure class=\"wp-block-image size-large\"><img loading=\"lazy\" decoding=\"async\" width=\"1024\" height=\"576\" src=\"https:\/\/www.em.com.br\/emfoco\/wp-content\/uploads\/2025\/01\/Copacabana-Rio-de-janeiro_1736426367613-1024x576.jpg\" alt=\"O bairro carioca que conquista cora\u00e7\u00f5es pelo mundo inteiro!\" class=\"wp-image-9506\" srcset=\"https:\/\/www.em.com.br\/emfoco\/wp-content\/uploads\/2025\/01\/Copacabana-Rio-de-janeiro_1736426367613-1024x576.jpg 1024w, https:\/\/www.em.com.br\/emfoco\/wp-content\/uploads\/2025\/01\/Copacabana-Rio-de-janeiro_1736426367613-300x169.jpg 300w, https:\/\/www.em.com.br\/emfoco\/wp-content\/uploads\/2025\/01\/Copacabana-Rio-de-janeiro_1736426367613-768x432.jpg 768w, https:\/\/www.em.com.br\/emfoco\/wp-content\/uploads\/2025\/01\/Copacabana-Rio-de-janeiro_1736426367613-750x422.jpg 750w, https:\/\/www.em.com.br\/emfoco\/wp-content\/uploads\/2025\/01\/Copacabana-Rio-de-janeiro_1736426367613-1140x641.jpg 1140w, https:\/\/www.em.com.br\/emfoco\/wp-content\/uploads\/2025\/01\/Copacabana-Rio-de-janeiro_1736426367613.jpg 1280w\" sizes=\"auto, (max-width: 1024px) 100vw, 1024px\" \/><figcaption class=\"wp-element-caption\">Praia de Copacabana &#8211; Cr\u00e9ditos: depositphotos.com \/ microgen<\/figcaption><\/figure>\n\n\n\n<h2 class=\"wp-block-heading\">Curiosidades sobre Copacabana<\/h2>\n\n\n\n<p>Copacabana tem uma hist\u00f3ria rica e fascinante. Originalmente uma vila de pescadores, o bairro se transformou ao longo dos anos em um dos locais mais din\u00e2micos do Rio. O cal\u00e7ad\u00e3o de Copacabana, inspirado na <strong>Pra\u00e7a do Rossio<\/strong> em <strong><a href=\"https:\/\/www.em.com.br\/emfoco\/2025\/03\/02\/cidade-historica-surpreende-com-arte-musica-e-sabores-inesqueciveis\/\" target=\"_blank\" rel=\"noreferrer noopener\">Lisboa<\/a><\/strong>, foi constru\u00eddo na d\u00e9cada de 1930 e se tornou um s\u00edmbolo da cidade.<\/p>\n\n\n\n<ul class=\"wp-block-list\">\n<li><strong>Influ\u00eancia musical:<\/strong> Copacabana foi um dos ber\u00e7os da bossa nova, um g\u00eanero musical que ganhou reconhecimento internacional nas d\u00e9cadas de 1950 e 1960.<\/li>\n\n\n\n<li><strong>Apelido famoso:<\/strong> O bairro \u00e9 carinhosamente chamado de \u201c<strong>Princesinha do Mar<\/strong>\u201d, um t\u00edtulo popularizado por uma famosa can\u00e7\u00e3o brasileira.<\/li>\n\n\n\n<li><strong>Hospitalidade:<\/strong> Com a maior concentra\u00e7\u00e3o de hot\u00e9is do Rio, Copacabana oferece uma ampla gama de op\u00e7\u00f5es de hospedagem, desde luxuosos at\u00e9 mais acess\u00edveis.<\/li>\n<\/ul>\n\n\n\n<h2 class=\"wp-block-heading\">Por que visitar Copacabana?<\/h2>\n\n\n\n<p>Copacabana oferece uma experi\u00eancia \u00fanica para visitantes de todas as idades. Com sua vibrante vida urbana e paisagens naturais deslumbrantes, o bairro captura a ess\u00eancia do Rio de Janeiro. Seja para desfrutar de um dia relaxante na praia ou explorar a rica hist\u00f3ria e cultura local, Copacabana \u00e9 um destino que promete encantar todos os que o visitam.<\/p>\n\n\n\n<p>Com diversas op\u00e7\u00f5es de lazer e uma atmosfera acolhedora, Copacabana \u00e9 o reflexo perfeito do esp\u00edrito carioca. Independentemente do que procura, uma visita a este bairro ic\u00f4nico certamente deixar\u00e1 mem\u00f3rias inesquec\u00edveis e um desejo de retornar.<\/p>\n","protected":false},"excerpt":{"rendered":"<p>Copacabana \u00e9 um dos bairros mais ic\u00f4nicos do Rio de Janeiro, conhecido mundialmente por sua praia deslumbrante e seu famoso cal\u00e7ad\u00e3o. Localizado na zona sul da cidade, este bairro \u00e9 um destino tur\u00edstico popular que atrai visitantes de todas as partes do mundo, oferecendo uma combina\u00e7\u00e3o \u00fanica de beleza natural e vida urbana vibrante. Al\u00e9m [&hellip;]<\/p>\n","protected":false},"author":5,"featured_media":9507,"comment_status":"open","ping_status":"open","sticky":false,"template":"","format":"standard","meta":{"jnews-multi-image_gallery":[],"jnews_single_post":{"format":"standard"},"jnews_primary_category":[],"jnews_social_meta":[],"jnews_override_counter":[],"footnotes":""},"categories":[26,1],"tags":[320,391,151,157],"class_list":["post-22726","post","type-post","status-publish","format-standard","has-post-thumbnail","hentry","category-cidades","category-noticias","tag-copacabana","tag-praia","tag-rio-de-janeiro","tag-turismo"],"yoast_head":"<!-- This site is optimized with the Yoast SEO plugin v23.8 - https:\/\/yoast.com\/wordpress\/plugins\/seo\/ -->\n<title>A verdade por tr\u00e1s do cal\u00e7ad\u00e3o mais famoso do mundo! - Estado de Minas - Em foco<\/title>\n<meta name=\"description\" content=\"Mergulhe em tradi\u00e7\u00f5es fascinantes e belezas naturais exuberantes. Uma experi\u00eancia \u00fanica que despertar\u00e1 todos os seus sentidos no Brasil.\" \/>\n<meta name=\"robots\" content=\"index, follow, max-snippet:-1, max-image-preview:large, max-video-preview:-1\" \/>\n<link rel=\"canonical\" href=\"https:\/\/www.em.com.br\/emfoco\/2025\/03\/02\/a-verdade-por-tras-do-calcadao-mais-famoso-do-mundo\/\" \/>\n<meta property=\"og:locale\" content=\"pt_BR\" \/>\n<meta property=\"og:type\" content=\"article\" \/>\n<meta property=\"og:title\" content=\"A verdade por tr\u00e1s do cal\u00e7ad\u00e3o mais famoso do mundo! - Estado de Minas - Em foco\" \/>\n<meta property=\"og:description\" content=\"Mergulhe em tradi\u00e7\u00f5es fascinantes e belezas naturais exuberantes. Uma experi\u00eancia \u00fanica que despertar\u00e1 todos os seus sentidos no Brasil.\" \/>\n<meta property=\"og:url\" content=\"https:\/\/www.em.com.br\/emfoco\/2025\/03\/02\/a-verdade-por-tras-do-calcadao-mais-famoso-do-mundo\/\" \/>\n<meta property=\"og:site_name\" content=\"Estado de Minas - Em foco\" \/>\n<meta property=\"article:published_time\" content=\"2025-03-03T00:20:00+00:00\" \/>\n<meta property=\"article:modified_time\" content=\"2025-02-28T18:00:40+00:00\" \/>\n<meta property=\"og:image\" content=\"https:\/\/www.em.com.br\/emfoco\/wp-content\/uploads\/2025\/01\/Copacabana-Rio-de-janeiro_1736426416806.jpg\" \/>\n\t<meta property=\"og:image:width\" content=\"1280\" \/>\n\t<meta property=\"og:image:height\" content=\"720\" \/>\n\t<meta property=\"og:image:type\" content=\"image\/jpeg\" \/>\n<meta name=\"author\" content=\"N\u00fabia Rangel\" \/>\n<meta name=\"twitter:card\" content=\"summary_large_image\" \/>\n<meta name=\"twitter:label1\" content=\"Escrito por\" \/>\n\t<meta name=\"twitter:data1\" content=\"N\u00fabia Rangel\" \/>\n\t<meta name=\"twitter:label2\" content=\"Est. tempo de leitura\" \/>\n\t<meta name=\"twitter:data2\" content=\"3 minutos\" \/>\n<!-- \/ Yoast SEO plugin. -->","yoast_head_json":{"title":"A verdade por tr\u00e1s do cal\u00e7ad\u00e3o mais famoso do mundo! - Estado de Minas - Em foco","description":"Mergulhe em tradi\u00e7\u00f5es fascinantes e belezas naturais exuberantes. Uma experi\u00eancia \u00fanica que despertar\u00e1 todos os seus sentidos no Brasil.","robots":{"index":"index","follow":"follow","max-snippet":"max-snippet:-1","max-image-preview":"max-image-preview:large","max-video-preview":"max-video-preview:-1"},"canonical":"https:\/\/www.em.com.br\/emfoco\/2025\/03\/02\/a-verdade-por-tras-do-calcadao-mais-famoso-do-mundo\/","og_locale":"pt_BR","og_type":"article","og_title":"A verdade por tr\u00e1s do cal\u00e7ad\u00e3o mais famoso do mundo! - Estado de Minas - Em foco","og_description":"Mergulhe em tradi\u00e7\u00f5es fascinantes e belezas naturais exuberantes. Uma experi\u00eancia \u00fanica que despertar\u00e1 todos os seus sentidos no Brasil.","og_url":"https:\/\/www.em.com.br\/emfoco\/2025\/03\/02\/a-verdade-por-tras-do-calcadao-mais-famoso-do-mundo\/","og_site_name":"Estado de Minas - Em foco","article_published_time":"2025-03-03T00:20:00+00:00","article_modified_time":"2025-02-28T18:00:40+00:00","og_image":[{"width":1280,"height":720,"url":"https:\/\/www.em.com.br\/emfoco\/wp-content\/uploads\/2025\/01\/Copacabana-Rio-de-janeiro_1736426416806.jpg","type":"image\/jpeg"}],"author":"N\u00fabia Rangel","twitter_card":"summary_large_image","twitter_misc":{"Escrito por":"N\u00fabia Rangel","Est. tempo de leitura":"3 minutos"},"schema":{"@context":"https:\/\/schema.org","@graph":[{"@type":"WebPage","@id":"https:\/\/www.em.com.br\/emfoco\/2025\/03\/02\/a-verdade-por-tras-do-calcadao-mais-famoso-do-mundo\/","url":"https:\/\/www.em.com.br\/emfoco\/2025\/03\/02\/a-verdade-por-tras-do-calcadao-mais-famoso-do-mundo\/","name":"A verdade por tr\u00e1s do cal\u00e7ad\u00e3o mais famoso do mundo! - Estado de Minas - Em foco","isPartOf":{"@id":"https:\/\/www.em.com.br\/emfoco\/#website"},"primaryImageOfPage":{"@id":"https:\/\/www.em.com.br\/emfoco\/2025\/03\/02\/a-verdade-por-tras-do-calcadao-mais-famoso-do-mundo\/#primaryimage"},"image":{"@id":"https:\/\/www.em.com.br\/emfoco\/2025\/03\/02\/a-verdade-por-tras-do-calcadao-mais-famoso-do-mundo\/#primaryimage"},"thumbnailUrl":"https:\/\/www.em.com.br\/emfoco\/wp-content\/uploads\/2025\/01\/Copacabana-Rio-de-janeiro_1736426416806.jpg","datePublished":"2025-03-03T00:20:00+00:00","dateModified":"2025-02-28T18:00:40+00:00","author":{"@id":"https:\/\/www.em.com.br\/emfoco\/#\/schema\/person\/524437ef54f8a5d32591b143307f2e20"},"description":"Mergulhe em tradi\u00e7\u00f5es fascinantes e belezas naturais exuberantes. Uma experi\u00eancia \u00fanica que despertar\u00e1 todos os seus sentidos no Brasil.","breadcrumb":{"@id":"https:\/\/www.em.com.br\/emfoco\/2025\/03\/02\/a-verdade-por-tras-do-calcadao-mais-famoso-do-mundo\/#breadcrumb"},"inLanguage":"pt-BR","potentialAction":[{"@type":"ReadAction","target":["https:\/\/www.em.com.br\/emfoco\/2025\/03\/02\/a-verdade-por-tras-do-calcadao-mais-famoso-do-mundo\/"]}]},{"@type":"ImageObject","inLanguage":"pt-BR","@id":"https:\/\/www.em.com.br\/emfoco\/2025\/03\/02\/a-verdade-por-tras-do-calcadao-mais-famoso-do-mundo\/#primaryimage","url":"https:\/\/www.em.com.br\/emfoco\/wp-content\/uploads\/2025\/01\/Copacabana-Rio-de-janeiro_1736426416806.jpg","contentUrl":"https:\/\/www.em.com.br\/emfoco\/wp-content\/uploads\/2025\/01\/Copacabana-Rio-de-janeiro_1736426416806.jpg","width":1280,"height":720,"caption":"Copacabana - Cr\u00e9ditos: depositphotos.com \/ Brasilnut"},{"@type":"BreadcrumbList","@id":"https:\/\/www.em.com.br\/emfoco\/2025\/03\/02\/a-verdade-por-tras-do-calcadao-mais-famoso-do-mundo\/#breadcrumb","itemListElement":[{"@type":"ListItem","position":1,"name":"In\u00edcio","item":"https:\/\/www.em.com.br\/emfoco\/"},{"@type":"ListItem","position":2,"name":"A verdade por tr\u00e1s do cal\u00e7ad\u00e3o mais famoso do mundo!"}]},{"@type":"WebSite","@id":"https:\/\/www.em.com.br\/emfoco\/#website","url":"https:\/\/www.em.com.br\/emfoco\/","name":"Estado de Minas - Em foco","description":"Acompanhe as \u00faltimas not\u00edcias e fique bem informado sobre tudo o que acontece em Minas Gerais, Brasil e no mundo.","potentialAction":[{"@type":"SearchAction","target":{"@type":"EntryPoint","urlTemplate":"https:\/\/www.em.com.br\/emfoco\/?s={search_term_string}"},"query-input":{"@type":"PropertyValueSpecification","valueRequired":true,"valueName":"search_term_string"}}],"inLanguage":"pt-BR"},{"@type":"Person","@id":"https:\/\/www.em.com.br\/emfoco\/#\/schema\/person\/524437ef54f8a5d32591b143307f2e20","name":"N\u00fabia Rangel","image":{"@type":"ImageObject","inLanguage":"pt-BR","@id":"https:\/\/www.em.com.br\/emfoco\/#\/schema\/person\/image\/","url":"https:\/\/secure.gravatar.com\/avatar\/47cff2827a5ba23c37e8068c86817ea4?s=96&d=mm&r=g","contentUrl":"https:\/\/secure.gravatar.com\/avatar\/47cff2827a5ba23c37e8068c86817ea4?s=96&d=mm&r=g","caption":"N\u00fabia Rangel"},"sameAs":["https:\/\/www.em.com.br\/emfoco\/"],"url":"https:\/\/www.em.com.br\/emfoco\/author\/nubiamyth\/"}]}},"_links":{"self":[{"href":"https:\/\/www.em.com.br\/emfoco\/wp-json\/wp\/v2\/posts\/22726","targetHints":{"allow":["GET"]}}],"collection":[{"href":"https:\/\/www.em.com.br\/emfoco\/wp-json\/wp\/v2\/posts"}],"about":[{"href":"https:\/\/www.em.com.br\/emfoco\/wp-json\/wp\/v2\/types\/post"}],"author":[{"embeddable":true,"href":"https:\/\/www.em.com.br\/emfoco\/wp-json\/wp\/v2\/users\/5"}],"replies":[{"embeddable":true,"href":"https:\/\/www.em.com.br\/emfoco\/wp-json\/wp\/v2\/comments?post=22726"}],"version-history":[{"count":2,"href":"https:\/\/www.em.com.br\/emfoco\/wp-json\/wp\/v2\/posts\/22726\/revisions"}],"predecessor-version":[{"id":22734,"href":"https:\/\/www.em.com.br\/emfoco\/wp-json\/wp\/v2\/posts\/22726\/revisions\/22734"}],"wp:featuredmedia":[{"embeddable":true,"href":"https:\/\/www.em.com.br\/emfoco\/wp-json\/wp\/v2\/media\/9507"}],"wp:attachment":[{"href":"https:\/\/www.em.com.br\/emfoco\/wp-json\/wp\/v2\/media?parent=22726"}],"wp:term":[{"taxonomy":"category","embeddable":true,"href":"https:\/\/www.em.com.br\/emfoco\/wp-json\/wp\/v2\/categories?post=22726"},{"taxonomy":"post_tag","embeddable":true,"href":"https:\/\/www.em.com.br\/emfoco\/wp-json\/wp\/v2\/tags?post=22726"}],"curies":[{"name":"wp","href":"https:\/\/api.w.org\/{rel}","templated":true}]}}