{"id":22716,"date":"2025-03-06T11:40:00","date_gmt":"2025-03-06T14:40:00","guid":{"rendered":"https:\/\/www.em.com.br\/emfoco\/?p=22716"},"modified":"2025-02-25T13:10:45","modified_gmt":"2025-02-25T16:10:45","slug":"como-sua-alimentacao-pode-ser-sua-maior-defesa-contra-o-cancer","status":"publish","type":"post","link":"https:\/\/www.em.com.br\/emfoco\/2025\/03\/06\/como-sua-alimentacao-pode-ser-sua-maior-defesa-contra-o-cancer\/","title":{"rendered":"Como sua alimenta\u00e7\u00e3o pode ser sua maior defesa contra o c\u00e2ncer"},"content":{"rendered":"\n<p>A alimenta\u00e7\u00e3o desempenha um papel crucial na promo\u00e7\u00e3o da sa\u00fade e na preven\u00e7\u00e3o de doen\u00e7as, incluindo o <strong><a href=\"https:\/\/www.gov.br\/saude\/pt-br\/assuntos\/saude-de-a-a-z\/c\/cancer\" target=\"_blank\" rel=\"noreferrer noopener\">c\u00e2ncer<\/a><\/strong>. Estudos indicam que at\u00e9 45% dos casos de c\u00e2ncer podem ser evitados por meio de h\u00e1bitos saud\u00e1veis, que incluem uma dieta balanceada. Embora nenhum alimento isoladamente possa prevenir a doen\u00e7a, uma combina\u00e7\u00e3o de nutrientes pode contribuir significativamente para a redu\u00e7\u00e3o do risco.<\/p>\n\n\n\n<p>Adotar uma alimenta\u00e7\u00e3o rica em <strong><a href=\"https:\/\/www.em.com.br\/emfoco\/2025\/02\/02\/um-alimento-versatil-e-nutritivo-para-o-seu-dia-a-dia\/\" target=\"_blank\" rel=\"noreferrer noopener\">nutrientes<\/a><\/strong> espec\u00edficos, combinada com exerc\u00edcios f\u00edsicos regulares e um estilo de vida equilibrado, pode fortalecer o sistema imunol\u00f3gico e ajudar a prevenir o desenvolvimento de doen\u00e7as cr\u00f4nicas. A seguir, s\u00e3o apresentados alguns alimentos que, quando incorporados a uma dieta saud\u00e1vel, podem auxiliar na preven\u00e7\u00e3o do c\u00e2ncer.<\/p>\n\n\n\n<h2 class=\"wp-block-heading\">Quais alimentos podem ajudar na preven\u00e7\u00e3o do c\u00e2ncer?<\/h2>\n\n\n\n<p>Existem diversos alimentos que possuem propriedades ben\u00e9ficas para a sa\u00fade e que podem ser inclu\u00eddos em uma dieta anti-c\u00e2ncer. Esses alimentos s\u00e3o ricos em antioxidantes, vitaminas e outros compostos que ajudam a proteger as c\u00e9lulas do corpo contra danos. Vamos explorar alguns deles.<\/p>\n\n\n\n<h2 class=\"wp-block-heading\">Frutas ricas em licopeno e antioxidantes<\/h2>\n\n\n\n<p>Frutas como <strong>goiaba<\/strong>, <strong>tomate<\/strong> e <strong>melancia<\/strong> s\u00e3o ricas em licopeno, um antioxidante poderoso que tem sido associado \u00e0 redu\u00e7\u00e3o do risco de c\u00e2ncer de pr\u00f3stata e mama. O tomate, em particular, \u00e9 uma excelente fonte desse composto. Al\u00e9m disso, frutas roxas e vermelhas, como <strong><em>a\u00e7a\u00ed<\/em>, <em>amora<\/em> e <em>morango<\/em><\/strong>, cont\u00eam flavonoides que ajudam a prevenir diversos tipos de c\u00e2ncer, incluindo os de c\u00f3lon e est\u00f4mago.<\/p>\n\n\n\n<figure class=\"wp-block-image size-large\"><img loading=\"lazy\" decoding=\"async\" width=\"1024\" height=\"576\" src=\"https:\/\/www.em.com.br\/emfoco\/wp-content\/uploads\/2025\/01\/cancer_1735907493660-1024x576.jpg\" alt=\"Como sua alimenta\u00e7\u00e3o pode ser sua maior defesa contra o c\u00e2ncer\" class=\"wp-image-8318\" srcset=\"https:\/\/www.em.com.br\/emfoco\/wp-content\/uploads\/2025\/01\/cancer_1735907493660-1024x576.jpg 1024w, https:\/\/www.em.com.br\/emfoco\/wp-content\/uploads\/2025\/01\/cancer_1735907493660-300x169.jpg 300w, https:\/\/www.em.com.br\/emfoco\/wp-content\/uploads\/2025\/01\/cancer_1735907493660-768x432.jpg 768w, https:\/\/www.em.com.br\/emfoco\/wp-content\/uploads\/2025\/01\/cancer_1735907493660-750x422.jpg 750w, https:\/\/www.em.com.br\/emfoco\/wp-content\/uploads\/2025\/01\/cancer_1735907493660-1140x641.jpg 1140w, https:\/\/www.em.com.br\/emfoco\/wp-content\/uploads\/2025\/01\/cancer_1735907493660.jpg 1280w\" sizes=\"auto, (max-width: 1024px) 100vw, 1024px\" \/><figcaption class=\"wp-element-caption\">Imagem Ilustrativa de Cancer &#8211; Cr\u00e9ditos: depositphotos.com \/ vitanovski<\/figcaption><\/figure>\n\n\n\n<h2 class=\"wp-block-heading\">Vegetais cruc\u00edferos e folhas verdes<\/h2>\n\n\n\n<p>Vegetais como <strong>br\u00f3colis<\/strong>, <strong>couve-flor<\/strong> e <strong>repolho<\/strong> s\u00e3o conhecidos por suas propriedades anticancer\u00edgenas devido \u00e0 presen\u00e7a de compostos como isotiocianatos e glicosinolatos. Esses vegetais s\u00e3o eficazes na preven\u00e7\u00e3o de c\u00e2nceres de c\u00f3lon e mama. Al\u00e9m disso, folhas verdes como <strong>espinafre<\/strong> e <strong>couve<\/strong> cont\u00eam lute\u00edna e zeaxantina, que ajudam a proteger contra o c\u00e2ncer de pele.<\/p>\n\n\n\n<h2 class=\"wp-block-heading\">Fontes de \u00f4mega 3 e compostos sulfurados<\/h2>\n\n\n\n<p>Peixes como <strong>salm\u00e3o<\/strong>, <strong>sardinha<\/strong> e <strong>atum<\/strong> s\u00e3o ricos em \u00f4mega 3, um \u00e1cido graxo que contribui para a preven\u00e7\u00e3o de c\u00e2nceres de mama e pr\u00f3stata. Outros alimentos, como <strong>abacate<\/strong> e <strong>azeite de oliva<\/strong>, tamb\u00e9m s\u00e3o boas fontes desse nutriente. Al\u00e9m disso, <strong>cebola<\/strong> e <strong>alho<\/strong> cont\u00eam alicina, um composto sulfurado que pode ajudar a prevenir o c\u00e2ncer de est\u00f4mago.<\/p>\n\n\n\n<h2 class=\"wp-block-heading\">Import\u00e2ncia de h\u00e1bitos saud\u00e1veis na preven\u00e7\u00e3o do c\u00e2ncer<\/h2>\n\n\n\n<p>Al\u00e9m de uma alimenta\u00e7\u00e3o rica em nutrientes, \u00e9 fundamental adotar outros h\u00e1bitos saud\u00e1veis para potencializar a preven\u00e7\u00e3o do c\u00e2ncer. Isso inclui a pr\u00e1tica regular de exerc\u00edcios f\u00edsicos, o controle do estresse e a manuten\u00e7\u00e3o de um peso saud\u00e1vel. A combina\u00e7\u00e3o desses fatores com uma dieta balanceada pode oferecer uma prote\u00e7\u00e3o significativa contra o desenvolvimento de doen\u00e7as cr\u00f4nicas.<\/p>\n\n\n\n<p>Em resumo, a alimenta\u00e7\u00e3o anti-c\u00e2ncer \u00e9 uma estrat\u00e9gia eficaz que, aliada a um estilo de vida saud\u00e1vel, pode reduzir consideravelmente o risco de c\u00e2ncer. Incorporar esses alimentos ao dia a dia \u00e9 um passo importante para promover a sa\u00fade e o bem-estar a longo prazo.<\/p>\n","protected":false},"excerpt":{"rendered":"<p>A alimenta\u00e7\u00e3o desempenha um papel crucial na promo\u00e7\u00e3o da sa\u00fade e na preven\u00e7\u00e3o de doen\u00e7as, incluindo o c\u00e2ncer. Estudos indicam que at\u00e9 45% dos casos de c\u00e2ncer podem ser evitados por meio de h\u00e1bitos saud\u00e1veis, que incluem uma dieta balanceada. Embora nenhum alimento isoladamente possa prevenir a doen\u00e7a, uma combina\u00e7\u00e3o de nutrientes pode contribuir significativamente [&hellip;]<\/p>\n","protected":false},"author":5,"featured_media":22722,"comment_status":"open","ping_status":"open","sticky":false,"template":"","format":"standard","meta":{"jnews-multi-image_gallery":[],"jnews_single_post":{"format":"standard"},"jnews_primary_category":[],"jnews_social_meta":[],"jnews_override_counter":[],"footnotes":""},"categories":[29,1],"tags":[5107,448,913,415],"class_list":["post-22716","post","type-post","status-publish","format-standard","has-post-thumbnail","hentry","category-entretenimento","category-noticias","tag-alimentos-funcionais","tag-cancer","tag-prevencao","tag-saude"],"yoast_head":"<!-- This site is optimized with the Yoast SEO plugin v23.8 - https:\/\/yoast.com\/wordpress\/plugins\/seo\/ -->\n<title>Como sua alimenta\u00e7\u00e3o pode ser sua maior defesa contra o c\u00e2ncer - Estado de Minas - Em foco<\/title>\n<meta name=\"description\" content=\"Aprenda quais alimentos, ricos em antioxidantes e compostos anticancer\u00edgenos, podem ser os aliados ideais na preven\u00e7\u00e3o do c\u00e2ncer.\" \/>\n<meta name=\"robots\" content=\"index, follow, max-snippet:-1, max-image-preview:large, max-video-preview:-1\" \/>\n<link rel=\"canonical\" href=\"https:\/\/www.em.com.br\/emfoco\/2025\/03\/06\/como-sua-alimentacao-pode-ser-sua-maior-defesa-contra-o-cancer\/\" \/>\n<meta property=\"og:locale\" content=\"pt_BR\" \/>\n<meta property=\"og:type\" content=\"article\" \/>\n<meta property=\"og:title\" content=\"Como sua alimenta\u00e7\u00e3o pode ser sua maior defesa contra o c\u00e2ncer - Estado de Minas - Em foco\" \/>\n<meta property=\"og:description\" content=\"Aprenda quais alimentos, ricos em antioxidantes e compostos anticancer\u00edgenos, podem ser os aliados ideais na preven\u00e7\u00e3o do c\u00e2ncer.\" \/>\n<meta property=\"og:url\" content=\"https:\/\/www.em.com.br\/emfoco\/2025\/03\/06\/como-sua-alimentacao-pode-ser-sua-maior-defesa-contra-o-cancer\/\" \/>\n<meta property=\"og:site_name\" content=\"Estado de Minas - Em foco\" \/>\n<meta property=\"article:published_time\" content=\"2025-03-06T14:40:00+00:00\" \/>\n<meta property=\"article:modified_time\" content=\"2025-02-25T16:10:45+00:00\" \/>\n<meta property=\"og:image\" content=\"https:\/\/www.em.com.br\/emfoco\/wp-content\/uploads\/2025\/02\/cancer_1740499457403.jpg\" \/>\n\t<meta property=\"og:image:width\" content=\"1280\" \/>\n\t<meta property=\"og:image:height\" content=\"720\" \/>\n\t<meta property=\"og:image:type\" content=\"image\/jpeg\" \/>\n<meta name=\"author\" content=\"N\u00fabia Rangel\" \/>\n<meta name=\"twitter:card\" content=\"summary_large_image\" \/>\n<meta name=\"twitter:label1\" content=\"Escrito por\" \/>\n\t<meta name=\"twitter:data1\" content=\"N\u00fabia Rangel\" \/>\n\t<meta name=\"twitter:label2\" content=\"Est. tempo de leitura\" \/>\n\t<meta name=\"twitter:data2\" content=\"4 minutos\" \/>\n<!-- \/ Yoast SEO plugin. -->","yoast_head_json":{"title":"Como sua alimenta\u00e7\u00e3o pode ser sua maior defesa contra o c\u00e2ncer - Estado de Minas - Em foco","description":"Aprenda quais alimentos, ricos em antioxidantes e compostos anticancer\u00edgenos, podem ser os aliados ideais na preven\u00e7\u00e3o do c\u00e2ncer.","robots":{"index":"index","follow":"follow","max-snippet":"max-snippet:-1","max-image-preview":"max-image-preview:large","max-video-preview":"max-video-preview:-1"},"canonical":"https:\/\/www.em.com.br\/emfoco\/2025\/03\/06\/como-sua-alimentacao-pode-ser-sua-maior-defesa-contra-o-cancer\/","og_locale":"pt_BR","og_type":"article","og_title":"Como sua alimenta\u00e7\u00e3o pode ser sua maior defesa contra o c\u00e2ncer - Estado de Minas - Em foco","og_description":"Aprenda quais alimentos, ricos em antioxidantes e compostos anticancer\u00edgenos, podem ser os aliados ideais na preven\u00e7\u00e3o do c\u00e2ncer.","og_url":"https:\/\/www.em.com.br\/emfoco\/2025\/03\/06\/como-sua-alimentacao-pode-ser-sua-maior-defesa-contra-o-cancer\/","og_site_name":"Estado de Minas - Em foco","article_published_time":"2025-03-06T14:40:00+00:00","article_modified_time":"2025-02-25T16:10:45+00:00","og_image":[{"width":1280,"height":720,"url":"https:\/\/www.em.com.br\/emfoco\/wp-content\/uploads\/2025\/02\/cancer_1740499457403.jpg","type":"image\/jpeg"}],"author":"N\u00fabia Rangel","twitter_card":"summary_large_image","twitter_misc":{"Escrito por":"N\u00fabia Rangel","Est. tempo de leitura":"4 minutos"},"schema":{"@context":"https:\/\/schema.org","@graph":[{"@type":"WebPage","@id":"https:\/\/www.em.com.br\/emfoco\/2025\/03\/06\/como-sua-alimentacao-pode-ser-sua-maior-defesa-contra-o-cancer\/","url":"https:\/\/www.em.com.br\/emfoco\/2025\/03\/06\/como-sua-alimentacao-pode-ser-sua-maior-defesa-contra-o-cancer\/","name":"Como sua alimenta\u00e7\u00e3o pode ser sua maior defesa contra o c\u00e2ncer - Estado de Minas - Em foco","isPartOf":{"@id":"https:\/\/www.em.com.br\/emfoco\/#website"},"primaryImageOfPage":{"@id":"https:\/\/www.em.com.br\/emfoco\/2025\/03\/06\/como-sua-alimentacao-pode-ser-sua-maior-defesa-contra-o-cancer\/#primaryimage"},"image":{"@id":"https:\/\/www.em.com.br\/emfoco\/2025\/03\/06\/como-sua-alimentacao-pode-ser-sua-maior-defesa-contra-o-cancer\/#primaryimage"},"thumbnailUrl":"https:\/\/www.em.com.br\/emfoco\/wp-content\/uploads\/2025\/02\/cancer_1740499457403.jpg","datePublished":"2025-03-06T14:40:00+00:00","dateModified":"2025-02-25T16:10:45+00:00","author":{"@id":"https:\/\/www.em.com.br\/emfoco\/#\/schema\/person\/524437ef54f8a5d32591b143307f2e20"},"description":"Aprenda quais alimentos, ricos em antioxidantes e compostos anticancer\u00edgenos, podem ser os aliados ideais na preven\u00e7\u00e3o do c\u00e2ncer.","breadcrumb":{"@id":"https:\/\/www.em.com.br\/emfoco\/2025\/03\/06\/como-sua-alimentacao-pode-ser-sua-maior-defesa-contra-o-cancer\/#breadcrumb"},"inLanguage":"pt-BR","potentialAction":[{"@type":"ReadAction","target":["https:\/\/www.em.com.br\/emfoco\/2025\/03\/06\/como-sua-alimentacao-pode-ser-sua-maior-defesa-contra-o-cancer\/"]}]},{"@type":"ImageObject","inLanguage":"pt-BR","@id":"https:\/\/www.em.com.br\/emfoco\/2025\/03\/06\/como-sua-alimentacao-pode-ser-sua-maior-defesa-contra-o-cancer\/#primaryimage","url":"https:\/\/www.em.com.br\/emfoco\/wp-content\/uploads\/2025\/02\/cancer_1740499457403.jpg","contentUrl":"https:\/\/www.em.com.br\/emfoco\/wp-content\/uploads\/2025\/02\/cancer_1740499457403.jpg","width":1280,"height":720,"caption":"Mulher - Cr\u00e9ditos: depositphotos.com \/ Josecarlosichiro"},{"@type":"BreadcrumbList","@id":"https:\/\/www.em.com.br\/emfoco\/2025\/03\/06\/como-sua-alimentacao-pode-ser-sua-maior-defesa-contra-o-cancer\/#breadcrumb","itemListElement":[{"@type":"ListItem","position":1,"name":"In\u00edcio","item":"https:\/\/www.em.com.br\/emfoco\/"},{"@type":"ListItem","position":2,"name":"Como sua alimenta\u00e7\u00e3o pode ser sua maior defesa contra o c\u00e2ncer"}]},{"@type":"WebSite","@id":"https:\/\/www.em.com.br\/emfoco\/#website","url":"https:\/\/www.em.com.br\/emfoco\/","name":"Estado de Minas - Em foco","description":"Acompanhe as \u00faltimas not\u00edcias e fique bem informado sobre tudo o que acontece em Minas Gerais, Brasil e no mundo.","potentialAction":[{"@type":"SearchAction","target":{"@type":"EntryPoint","urlTemplate":"https:\/\/www.em.com.br\/emfoco\/?s={search_term_string}"},"query-input":{"@type":"PropertyValueSpecification","valueRequired":true,"valueName":"search_term_string"}}],"inLanguage":"pt-BR"},{"@type":"Person","@id":"https:\/\/www.em.com.br\/emfoco\/#\/schema\/person\/524437ef54f8a5d32591b143307f2e20","name":"N\u00fabia Rangel","image":{"@type":"ImageObject","inLanguage":"pt-BR","@id":"https:\/\/www.em.com.br\/emfoco\/#\/schema\/person\/image\/","url":"https:\/\/secure.gravatar.com\/avatar\/47cff2827a5ba23c37e8068c86817ea4?s=96&d=mm&r=g","contentUrl":"https:\/\/secure.gravatar.com\/avatar\/47cff2827a5ba23c37e8068c86817ea4?s=96&d=mm&r=g","caption":"N\u00fabia Rangel"},"sameAs":["https:\/\/www.em.com.br\/emfoco\/"],"url":"https:\/\/www.em.com.br\/emfoco\/author\/nubiamyth\/"}]}},"_links":{"self":[{"href":"https:\/\/www.em.com.br\/emfoco\/wp-json\/wp\/v2\/posts\/22716","targetHints":{"allow":["GET"]}}],"collection":[{"href":"https:\/\/www.em.com.br\/emfoco\/wp-json\/wp\/v2\/posts"}],"about":[{"href":"https:\/\/www.em.com.br\/emfoco\/wp-json\/wp\/v2\/types\/post"}],"author":[{"embeddable":true,"href":"https:\/\/www.em.com.br\/emfoco\/wp-json\/wp\/v2\/users\/5"}],"replies":[{"embeddable":true,"href":"https:\/\/www.em.com.br\/emfoco\/wp-json\/wp\/v2\/comments?post=22716"}],"version-history":[{"count":3,"href":"https:\/\/www.em.com.br\/emfoco\/wp-json\/wp\/v2\/posts\/22716\/revisions"}],"predecessor-version":[{"id":22730,"href":"https:\/\/www.em.com.br\/emfoco\/wp-json\/wp\/v2\/posts\/22716\/revisions\/22730"}],"wp:featuredmedia":[{"embeddable":true,"href":"https:\/\/www.em.com.br\/emfoco\/wp-json\/wp\/v2\/media\/22722"}],"wp:attachment":[{"href":"https:\/\/www.em.com.br\/emfoco\/wp-json\/wp\/v2\/media?parent=22716"}],"wp:term":[{"taxonomy":"category","embeddable":true,"href":"https:\/\/www.em.com.br\/emfoco\/wp-json\/wp\/v2\/categories?post=22716"},{"taxonomy":"post_tag","embeddable":true,"href":"https:\/\/www.em.com.br\/emfoco\/wp-json\/wp\/v2\/tags?post=22716"}],"curies":[{"name":"wp","href":"https:\/\/api.w.org\/{rel}","templated":true}]}}