{"id":22702,"date":"2025-03-02T10:20:00","date_gmt":"2025-03-02T13:20:00","guid":{"rendered":"https:\/\/www.em.com.br\/emfoco\/?p=22702"},"modified":"2026-02-23T15:19:10","modified_gmt":"2026-02-23T18:19:10","slug":"cidade-paulista-cresce-como-nunca-e-se-torna-referencia-em-qualidade-de-vida","status":"publish","type":"post","link":"https:\/\/www.em.com.br\/emfoco\/2025\/03\/02\/cidade-paulista-cresce-como-nunca-e-se-torna-referencia-em-qualidade-de-vida\/","title":{"rendered":"Cidade paulista cresce como nunca e se torna refer\u00eancia em qualidade de vida"},"content":{"rendered":"\n<p>Desde sua emancipa\u00e7\u00e3o de <strong>Araraquara <\/strong>em 1995, <strong>Gavi\u00e3o Peixoto<\/strong>, uma cidade no interior de <strong><a href=\"https:\/\/www.em.com.br\/emfoco\/2025\/01\/02\/a-ilha-proibida-localizada-no-literal-paulista\/\" target=\"_blank\" rel=\"noreferrer noopener\">S\u00e3o Paulo<\/a><\/strong>, tem mostrado um desenvolvimento impressionante. Este progresso \u00e9 resultado de um planejamento urbano estrat\u00e9gico que tem priorizado a infraestrutura e a qualidade de vida dos moradores. A cidade se tornou um exemplo de como o crescimento pode ser gerido de forma eficaz e sustent\u00e1vel.<\/p>\n\n\n\n<p>Al\u00e9m das melhorias f\u00edsicas, Gavi\u00e3o Peixoto tem investido em suas tradi\u00e7\u00f5es culturais, o que n\u00e3o s\u00f3 melhora a vida dos residentes, mas tamb\u00e9m atrai visitantes. Este enfoque cultural tem sido crucial para fortalecer a economia local e promover um senso de comunidade entre os habitantes.<\/p>\n\n\n\n<h2 class=\"wp-block-heading\">O que o \u00cdndice de Progresso Social indica sobre Gavi\u00e3o Peixoto?<\/h2>\n\n\n\n<p>O <strong>\u00cdndice de Progresso Social<\/strong> (IPS) \u00e9 uma ferramenta que avalia o desenvolvimento humano em v\u00e1rias \u00e1reas, como sa\u00fade, educa\u00e7\u00e3o e oportunidades. Em Gavi\u00e3o Peixoto, o IPS destaca o compromisso da cidade com o bem-estar de seus cidad\u00e3os. As melhorias em saneamento e servi\u00e7os de sa\u00fade s\u00e3o evidentes, refletindo-se em uma posi\u00e7\u00e3o elevada no \u00edndice.<\/p>\n\n\n\n<p>Essas pol\u00edticas p\u00fablicas t\u00eam resultado em uma popula\u00e7\u00e3o mais satisfeita e com uma expectativa de vida crescente, demonstrando o sucesso das estrat\u00e9gias de desenvolvimento adotadas pela cidade.<\/p>\n\n\n\n<figure class=\"wp-block-image size-large\"><img loading=\"lazy\" decoding=\"async\" width=\"1024\" height=\"576\" src=\"https:\/\/www.em.com.br\/emfoco\/wp-content\/uploads\/2025\/01\/familia_1736594817040-1024x576.jpg\" alt=\"As cidades que mais investem no bem-estar das fam\u00edlias: conhe\u00e7a as melhores op\u00e7\u00f5es!\" class=\"wp-image-9851\" srcset=\"https:\/\/www.em.com.br\/emfoco\/wp-content\/uploads\/2025\/01\/familia_1736594817040-1024x576.jpg 1024w, https:\/\/www.em.com.br\/emfoco\/wp-content\/uploads\/2025\/01\/familia_1736594817040-300x169.jpg 300w, https:\/\/www.em.com.br\/emfoco\/wp-content\/uploads\/2025\/01\/familia_1736594817040-768x432.jpg 768w, https:\/\/www.em.com.br\/emfoco\/wp-content\/uploads\/2025\/01\/familia_1736594817040-750x422.jpg 750w, https:\/\/www.em.com.br\/emfoco\/wp-content\/uploads\/2025\/01\/familia_1736594817040-1140x641.jpg 1140w, https:\/\/www.em.com.br\/emfoco\/wp-content\/uploads\/2025\/01\/familia_1736594817040.jpg 1280w\" sizes=\"auto, (max-width: 1024px) 100vw, 1024px\" \/><figcaption class=\"wp-element-caption\">Imagem Ilustrativa de Fam\u00edlia &#8211; Cr\u00e9ditos: depositphotos.com \/ alebloshka<\/figcaption><\/figure>\n\n\n\n<h2 class=\"wp-block-heading\">Como a Embraer influencia a economia de Gavi\u00e3o Peixoto?<\/h2>\n\n\n\n<p>A chegada da <strong><a href=\"https:\/\/embraer.com\/br\/pt\" target=\"_blank\" rel=\"noreferrer noopener\">Embraer<\/a> <\/strong>em 2001 marcou um ponto de virada para a economia de Gavi\u00e3o Peixoto. A empresa trouxe n\u00e3o apenas empregos, mas tamb\u00e9m atraiu profissionais qualificados, elevando o padr\u00e3o de vida e promovendo a estabilidade econ\u00f4mica. Este impacto transformou a cidade em um centro de inova\u00e7\u00e3o e desenvolvimento industrial.<\/p>\n\n\n\n<p>A presen\u00e7a da Embraer tamb\u00e9m incentivou o surgimento de neg\u00f3cios complementares, criando um ambiente econ\u00f4mico vibrante que continua a beneficiar a cidade e seus habitantes.<\/p>\n\n\n\n<h2 class=\"wp-block-heading\">Por que Gavi\u00e3o Peixoto \u00e9 um bom lugar para viver?<\/h2>\n\n\n\n<p>Gavi\u00e3o Peixoto oferece uma combina\u00e7\u00e3o atraente de tranquilidade e oportunidades de crescimento. A cidade \u00e9 conhecida por seu ambiente seguro e acolhedor, ideal para fam\u00edlias que buscam qualidade de vida. Com um sistema educacional robusto e uma infraestrutura bem planejada, os moradores encontram aqui um lugar prop\u00edcio para se estabelecer e prosperar.<\/p>\n\n\n\n<p>Al\u00e9m disso, a cidade promove um forte senso de comunidade, tornando-se um local onde as pessoas podem criar ra\u00edzes e desfrutar de um estilo de vida equilibrado.<\/p>\n\n\n\n<h2 class=\"wp-block-heading\">Como Gavi\u00e3o Peixoto pode ampliar seu potencial tur\u00edstico?<\/h2>\n\n\n\n<p>Gavi\u00e3o Peixoto possui um potencial tur\u00edstico significativo, especialmente devido \u00e0 sua rica heran\u00e7a cultural e hist\u00f3rica. Para explorar esse potencial, a cidade pode adotar v\u00e1rias estrat\u00e9gias, como:<\/p>\n\n\n\n<ul class=\"wp-block-list\">\n<li>Criar roteiros tur\u00edsticos que destaquem a hist\u00f3ria local e suas tradi\u00e7\u00f5es.<\/li>\n\n\n\n<li>Organizar eventos culturais e festivais que celebrem a identidade da cidade.<\/li>\n\n\n\n<li>Revitalizar espa\u00e7os p\u00fablicos para atividades de lazer e encontros comunit\u00e1rios.<\/li>\n<\/ul>\n\n\n\n<p>Ao investir no turismo cultural, Gavi\u00e3o Peixoto pode diversificar sua economia e fortalecer sua identidade, oferecendo novas oportunidades para seus residentes e visitantes.<\/p>\n","protected":false},"excerpt":{"rendered":"<p>Desde sua emancipa\u00e7\u00e3o de Araraquara em 1995, Gavi\u00e3o Peixoto, uma cidade no interior de S\u00e3o Paulo, tem mostrado um desenvolvimento impressionante. Este progresso \u00e9 resultado de um planejamento urbano estrat\u00e9gico que tem priorizado a infraestrutura e a qualidade de vida dos moradores. A cidade se tornou um exemplo de como o crescimento pode ser gerido [&hellip;]<\/p>\n","protected":false},"author":5,"featured_media":15147,"comment_status":"open","ping_status":"open","sticky":false,"template":"","format":"standard","meta":{"jnews-multi-image_gallery":[],"jnews_single_post":{"format":"standard"},"jnews_primary_category":[],"jnews_social_meta":[],"jnews_override_counter":[],"footnotes":""},"categories":[26,1],"tags":[160,552,553],"class_list":["post-22702","post","type-post","status-publish","format-standard","has-post-thumbnail","hentry","category-cidades","category-noticias","tag-economia","tag-gaviao-peixoto","tag-sao-paulo"],"yoast_head":"<!-- This site is optimized with the Yoast SEO plugin v23.8 - https:\/\/yoast.com\/wordpress\/plugins\/seo\/ -->\n<title>Cidade paulista cresce como nunca e se torna refer\u00eancia em qualidade de vida - Estado de Minas - Em foco<\/title>\n<meta name=\"description\" content=\"Gavi\u00e3o Peixoto tem se destacado pelo crescimento sustent\u00e1vel e alta qualidade de vida. Veja o que impulsiona esse progresso!\" \/>\n<meta name=\"robots\" content=\"index, follow, max-snippet:-1, max-image-preview:large, max-video-preview:-1\" \/>\n<link rel=\"canonical\" href=\"https:\/\/www.em.com.br\/emfoco\/2025\/03\/02\/cidade-paulista-cresce-como-nunca-e-se-torna-referencia-em-qualidade-de-vida\/\" \/>\n<meta property=\"og:locale\" content=\"pt_BR\" \/>\n<meta property=\"og:type\" content=\"article\" \/>\n<meta property=\"og:title\" content=\"Cidade paulista cresce como nunca e se torna refer\u00eancia em qualidade de vida - Estado de Minas - Em foco\" \/>\n<meta property=\"og:description\" content=\"Gavi\u00e3o Peixoto tem se destacado pelo crescimento sustent\u00e1vel e alta qualidade de vida. Veja o que impulsiona esse progresso!\" \/>\n<meta property=\"og:url\" content=\"https:\/\/www.em.com.br\/emfoco\/2025\/03\/02\/cidade-paulista-cresce-como-nunca-e-se-torna-referencia-em-qualidade-de-vida\/\" \/>\n<meta property=\"og:site_name\" content=\"Estado de Minas - Em foco\" \/>\n<meta property=\"article:published_time\" content=\"2025-03-02T13:20:00+00:00\" \/>\n<meta property=\"article:modified_time\" content=\"2026-02-23T18:19:10+00:00\" \/>\n<meta property=\"og:image\" content=\"https:\/\/www.em.com.br\/emfoco\/wp-content\/uploads\/2025\/01\/esse-10.jpg\" \/>\n\t<meta property=\"og:image:width\" content=\"1280\" \/>\n\t<meta property=\"og:image:height\" content=\"720\" \/>\n\t<meta property=\"og:image:type\" content=\"image\/jpeg\" \/>\n<meta name=\"author\" content=\"N\u00fabia Rangel\" \/>\n<meta name=\"twitter:card\" content=\"summary_large_image\" \/>\n<meta name=\"twitter:label1\" content=\"Escrito por\" \/>\n\t<meta name=\"twitter:data1\" content=\"N\u00fabia Rangel\" \/>\n\t<meta name=\"twitter:label2\" content=\"Est. tempo de leitura\" \/>\n\t<meta name=\"twitter:data2\" content=\"3 minutos\" \/>\n<!-- \/ Yoast SEO plugin. -->","yoast_head_json":{"title":"Cidade paulista cresce como nunca e se torna refer\u00eancia em qualidade de vida - Estado de Minas - Em foco","description":"Gavi\u00e3o Peixoto tem se destacado pelo crescimento sustent\u00e1vel e alta qualidade de vida. Veja o que impulsiona esse progresso!","robots":{"index":"index","follow":"follow","max-snippet":"max-snippet:-1","max-image-preview":"max-image-preview:large","max-video-preview":"max-video-preview:-1"},"canonical":"https:\/\/www.em.com.br\/emfoco\/2025\/03\/02\/cidade-paulista-cresce-como-nunca-e-se-torna-referencia-em-qualidade-de-vida\/","og_locale":"pt_BR","og_type":"article","og_title":"Cidade paulista cresce como nunca e se torna refer\u00eancia em qualidade de vida - Estado de Minas - Em foco","og_description":"Gavi\u00e3o Peixoto tem se destacado pelo crescimento sustent\u00e1vel e alta qualidade de vida. Veja o que impulsiona esse progresso!","og_url":"https:\/\/www.em.com.br\/emfoco\/2025\/03\/02\/cidade-paulista-cresce-como-nunca-e-se-torna-referencia-em-qualidade-de-vida\/","og_site_name":"Estado de Minas - Em foco","article_published_time":"2025-03-02T13:20:00+00:00","article_modified_time":"2026-02-23T18:19:10+00:00","og_image":[{"width":1280,"height":720,"url":"https:\/\/www.em.com.br\/emfoco\/wp-content\/uploads\/2025\/01\/esse-10.jpg","type":"image\/jpeg"}],"author":"N\u00fabia Rangel","twitter_card":"summary_large_image","twitter_misc":{"Escrito por":"N\u00fabia Rangel","Est. tempo de leitura":"3 minutos"},"schema":{"@context":"https:\/\/schema.org","@graph":[{"@type":"WebPage","@id":"https:\/\/www.em.com.br\/emfoco\/2025\/03\/02\/cidade-paulista-cresce-como-nunca-e-se-torna-referencia-em-qualidade-de-vida\/","url":"https:\/\/www.em.com.br\/emfoco\/2025\/03\/02\/cidade-paulista-cresce-como-nunca-e-se-torna-referencia-em-qualidade-de-vida\/","name":"Cidade paulista cresce como nunca e se torna refer\u00eancia em qualidade de vida - Estado de Minas - Em foco","isPartOf":{"@id":"https:\/\/www.em.com.br\/emfoco\/#website"},"primaryImageOfPage":{"@id":"https:\/\/www.em.com.br\/emfoco\/2025\/03\/02\/cidade-paulista-cresce-como-nunca-e-se-torna-referencia-em-qualidade-de-vida\/#primaryimage"},"image":{"@id":"https:\/\/www.em.com.br\/emfoco\/2025\/03\/02\/cidade-paulista-cresce-como-nunca-e-se-torna-referencia-em-qualidade-de-vida\/#primaryimage"},"thumbnailUrl":"https:\/\/www.em.com.br\/emfoco\/wp-content\/uploads\/2025\/01\/esse-10.jpg","datePublished":"2025-03-02T13:20:00+00:00","dateModified":"2026-02-23T18:19:10+00:00","author":{"@id":"https:\/\/www.em.com.br\/emfoco\/#\/schema\/person\/524437ef54f8a5d32591b143307f2e20"},"description":"Gavi\u00e3o Peixoto tem se destacado pelo crescimento sustent\u00e1vel e alta qualidade de vida. Veja o que impulsiona esse progresso!","breadcrumb":{"@id":"https:\/\/www.em.com.br\/emfoco\/2025\/03\/02\/cidade-paulista-cresce-como-nunca-e-se-torna-referencia-em-qualidade-de-vida\/#breadcrumb"},"inLanguage":"pt-BR","potentialAction":[{"@type":"ReadAction","target":["https:\/\/www.em.com.br\/emfoco\/2025\/03\/02\/cidade-paulista-cresce-como-nunca-e-se-torna-referencia-em-qualidade-de-vida\/"]}]},{"@type":"ImageObject","inLanguage":"pt-BR","@id":"https:\/\/www.em.com.br\/emfoco\/2025\/03\/02\/cidade-paulista-cresce-como-nunca-e-se-torna-referencia-em-qualidade-de-vida\/#primaryimage","url":"https:\/\/www.em.com.br\/emfoco\/wp-content\/uploads\/2025\/01\/esse-10.jpg","contentUrl":"https:\/\/www.em.com.br\/emfoco\/wp-content\/uploads\/2025\/01\/esse-10.jpg","width":1280,"height":720,"caption":"Gavi\u00e3o Peixoto - Cr\u00e9ditos: Youtube Jr Longo"},{"@type":"BreadcrumbList","@id":"https:\/\/www.em.com.br\/emfoco\/2025\/03\/02\/cidade-paulista-cresce-como-nunca-e-se-torna-referencia-em-qualidade-de-vida\/#breadcrumb","itemListElement":[{"@type":"ListItem","position":1,"name":"In\u00edcio","item":"https:\/\/www.em.com.br\/emfoco\/"},{"@type":"ListItem","position":2,"name":"Cidade paulista cresce como nunca e se torna refer\u00eancia em qualidade de vida"}]},{"@type":"WebSite","@id":"https:\/\/www.em.com.br\/emfoco\/#website","url":"https:\/\/www.em.com.br\/emfoco\/","name":"Estado de Minas - Em foco","description":"Acompanhe as \u00faltimas not\u00edcias e fique bem informado sobre tudo o que acontece em Minas Gerais, Brasil e no mundo.","potentialAction":[{"@type":"SearchAction","target":{"@type":"EntryPoint","urlTemplate":"https:\/\/www.em.com.br\/emfoco\/?s={search_term_string}"},"query-input":{"@type":"PropertyValueSpecification","valueRequired":true,"valueName":"search_term_string"}}],"inLanguage":"pt-BR"},{"@type":"Person","@id":"https:\/\/www.em.com.br\/emfoco\/#\/schema\/person\/524437ef54f8a5d32591b143307f2e20","name":"N\u00fabia Rangel","image":{"@type":"ImageObject","inLanguage":"pt-BR","@id":"https:\/\/www.em.com.br\/emfoco\/#\/schema\/person\/image\/","url":"https:\/\/secure.gravatar.com\/avatar\/47cff2827a5ba23c37e8068c86817ea4?s=96&d=mm&r=g","contentUrl":"https:\/\/secure.gravatar.com\/avatar\/47cff2827a5ba23c37e8068c86817ea4?s=96&d=mm&r=g","caption":"N\u00fabia Rangel"},"sameAs":["https:\/\/www.em.com.br\/emfoco\/"],"url":"https:\/\/www.em.com.br\/emfoco\/author\/nubiamyth\/"}]}},"_links":{"self":[{"href":"https:\/\/www.em.com.br\/emfoco\/wp-json\/wp\/v2\/posts\/22702","targetHints":{"allow":["GET"]}}],"collection":[{"href":"https:\/\/www.em.com.br\/emfoco\/wp-json\/wp\/v2\/posts"}],"about":[{"href":"https:\/\/www.em.com.br\/emfoco\/wp-json\/wp\/v2\/types\/post"}],"author":[{"embeddable":true,"href":"https:\/\/www.em.com.br\/emfoco\/wp-json\/wp\/v2\/users\/5"}],"replies":[{"embeddable":true,"href":"https:\/\/www.em.com.br\/emfoco\/wp-json\/wp\/v2\/comments?post=22702"}],"version-history":[{"count":2,"href":"https:\/\/www.em.com.br\/emfoco\/wp-json\/wp\/v2\/posts\/22702\/revisions"}],"predecessor-version":[{"id":22708,"href":"https:\/\/www.em.com.br\/emfoco\/wp-json\/wp\/v2\/posts\/22702\/revisions\/22708"}],"wp:featuredmedia":[{"embeddable":true,"href":"https:\/\/www.em.com.br\/emfoco\/wp-json\/wp\/v2\/media\/15147"}],"wp:attachment":[{"href":"https:\/\/www.em.com.br\/emfoco\/wp-json\/wp\/v2\/media?parent=22702"}],"wp:term":[{"taxonomy":"category","embeddable":true,"href":"https:\/\/www.em.com.br\/emfoco\/wp-json\/wp\/v2\/categories?post=22702"},{"taxonomy":"post_tag","embeddable":true,"href":"https:\/\/www.em.com.br\/emfoco\/wp-json\/wp\/v2\/tags?post=22702"}],"curies":[{"name":"wp","href":"https:\/\/api.w.org\/{rel}","templated":true}]}}