{"id":22690,"date":"2025-02-26T07:20:17","date_gmt":"2025-02-26T10:20:17","guid":{"rendered":"https:\/\/www.em.com.br\/emfoco\/?p=22690"},"modified":"2025-02-25T18:04:52","modified_gmt":"2025-02-25T21:04:52","slug":"bolsa-familia-2025-libera-novos-pagamentos-para-os-beneficiarios","status":"publish","type":"post","link":"https:\/\/www.em.com.br\/emfoco\/2025\/02\/26\/bolsa-familia-2025-libera-novos-pagamentos-para-os-beneficiarios\/","title":{"rendered":"Bolsa Fam\u00edlia 2025 libera novos pagamentos para os benefici\u00e1rios"},"content":{"rendered":"\n<p>Em 2025, o <strong>Bolsa Fam\u00edlia <\/strong>continua a desempenhar um papel crucial no apoio social no <strong>Brasil<\/strong>. Com um <a href=\"https:\/\/www.em.com.br\/emfoco\/2025\/02\/20\/santa-catarina-atrai-r-2-bilhoes-em-investimentos-e-se-destaca-no-setor-tecnologico\/\" target=\"_blank\" rel=\"noreferrer noopener\">investimento <\/a>significativo de R$ 13,8 bilh\u00f5es, o programa atende a 20,56 milh\u00f5es de fam\u00edlias, beneficiando quase 54 milh\u00f5es de pessoas em todo o pa\u00eds. Este suporte \u00e9 essencial para garantir condi\u00e7\u00f5es m\u00ednimas de vida para muitos brasileiros, especialmente crian\u00e7as e adolescentes.<\/p>\n\n\n\n<p>O valor m\u00e9dio do benef\u00edcio em fevereiro de 2025 \u00e9 de R$ 671,81, ajustado conforme as necessidades espec\u00edficas de cada fam\u00edlia. Este ajuste \u00e9 fundamental para assegurar que o aux\u00edlio atenda de forma eficaz \u00e0s diferentes condi\u00e7\u00f5es sociais e econ\u00f4micas dos benefici\u00e1rios. O pagamento \u00e9 realizado de acordo com o cronograma do <strong>N\u00famero de Identifica\u00e7\u00e3o Social (<a href=\"https:\/\/www.gov.br\/pt-br\/servicos\/consultar-dados-do-cadastro-unico-cadunico\" target=\"_blank\" rel=\"noreferrer noopener\">NIS<\/a>)<\/strong>, garantindo uma distribui\u00e7\u00e3o organizada e eficiente.<\/p>\n\n\n\n<h2 class=\"wp-block-heading\">Quem s\u00e3o os benefici\u00e1rios do Bolsa Fam\u00edlia?<\/h2>\n\n\n\n<p>O Bolsa Fam\u00edlia \u00e9 destinado a uma ampla gama de benefici\u00e1rios, abrangendo diversas faixas et\u00e1rias e condi\u00e7\u00f5es sociais. Um componente importante do programa \u00e9 o <strong>Benef\u00edcio Primeira Inf\u00e2ncia<\/strong>, que oferece R$ 150 a 9,12 milh\u00f5es de crian\u00e7as de zero a seis anos. Al\u00e9m disso, cerca de 14,91 milh\u00f5es de jovens entre sete e 18 anos incompletos recebem benef\u00edcios vari\u00e1veis de R$ 50 mensais.<\/p>\n\n\n<div class=\"wp-block-image\">\n<figure class=\"aligncenter size-large\"><img loading=\"lazy\" decoding=\"async\" width=\"1024\" height=\"576\" src=\"https:\/\/www.em.com.br\/emfoco\/wp-content\/uploads\/2024\/12\/Brazil-Money_1733948646731-1024x576.jpg\" alt=\"Um futuro incerto? Os desafios do Bolsa Fam\u00edlia para o Brasil em 2025\" class=\"wp-image-4410\" srcset=\"https:\/\/www.em.com.br\/emfoco\/wp-content\/uploads\/2024\/12\/Brazil-Money_1733948646731-1024x576.jpg 1024w, https:\/\/www.em.com.br\/emfoco\/wp-content\/uploads\/2024\/12\/Brazil-Money_1733948646731-300x169.jpg 300w, https:\/\/www.em.com.br\/emfoco\/wp-content\/uploads\/2024\/12\/Brazil-Money_1733948646731-768x432.jpg 768w, https:\/\/www.em.com.br\/emfoco\/wp-content\/uploads\/2024\/12\/Brazil-Money_1733948646731-750x422.jpg 750w, https:\/\/www.em.com.br\/emfoco\/wp-content\/uploads\/2024\/12\/Brazil-Money_1733948646731-1140x641.jpg 1140w, https:\/\/www.em.com.br\/emfoco\/wp-content\/uploads\/2024\/12\/Brazil-Money_1733948646731.jpg 1280w\" sizes=\"auto, (max-width: 1024px) 100vw, 1024px\" \/><figcaption class=\"wp-element-caption\">Muito dinheiro pra um ex presidente? &#8211; Cr\u00e9ditos: depositphotos.com \/ rodrigobellizzi<\/figcaption><\/figure><\/div>\n\n\n<p>O programa tamb\u00e9m se estende a grupos em situa\u00e7\u00e3o de maior vulnerabilidade social, como fam\u00edlias ind\u00edgenas, quilombolas e pessoas em situa\u00e7\u00e3o de rua. Esta inclus\u00e3o \u00e9 vital para promover a equidade social e garantir que todos tenham acesso a condi\u00e7\u00f5es m\u00ednimas de vida digna.<\/p>\n\n\n\n<h2 class=\"wp-block-heading\">Como funciona o calend\u00e1rio de pagamentos do Bolsa Fam\u00edlia?<\/h2>\n\n\n\n<p>O calend\u00e1rio de pagamentos do Bolsa Fam\u00edlia \u00e9 organizado de acordo com o \u00faltimo d\u00edgito do <strong>NIS <\/strong>dos benefici\u00e1rios. Em fevereiro de 2025, os pagamentos come\u00e7aram no dia 17 e seguiram at\u00e9 o dia 28, conforme o seguinte cronograma:<\/p>\n\n\n\n<ul class=\"wp-block-list\">\n<li>17 de fevereiro \u2013 NIS final 1<\/li>\n\n\n\n<li>18 de fevereiro \u2013 NIS final 2<\/li>\n\n\n\n<li>19 de fevereiro \u2013 NIS final 3<\/li>\n\n\n\n<li>20 de fevereiro \u2013 NIS final 4<\/li>\n\n\n\n<li>21 de fevereiro \u2013 NIS final 5<\/li>\n\n\n\n<li>24 de fevereiro \u2013 NIS final 6<\/li>\n\n\n\n<li>25 de fevereiro \u2013 NIS final 7<\/li>\n\n\n\n<li>26 de fevereiro \u2013 NIS final 8<\/li>\n\n\n\n<li>27 de fevereiro \u2013 NIS final 9<\/li>\n\n\n\n<li>28 de fevereiro \u2013 NIS final 0<\/li>\n<\/ul>\n\n\n\n<h2 class=\"wp-block-heading\">Qual \u00e9 o objetivo do Bolsa Fam\u00edlia?<\/h2>\n\n\n\n<p>O principal objetivo do Bolsa Fam\u00edlia \u00e9 garantir que as necessidades b\u00e1sicas das fam\u00edlias em situa\u00e7\u00e3o de pobreza e extrema pobreza sejam atendidas. O programa visa promover a inclus\u00e3o social e reduzir as desigualdades, oferecendo um suporte financeiro que possibilita o acesso a alimenta\u00e7\u00e3o, educa\u00e7\u00e3o e sa\u00fade. Ao focar em grupos vulner\u00e1veis, o Bolsa Fam\u00edlia busca proporcionar uma base s\u00f3lida para que essas fam\u00edlias possam melhorar suas condi\u00e7\u00f5es de vida a longo prazo.<\/p>\n\n\n\n<p>Em suma, o Bolsa Fam\u00edlia em 2025 continua a ser um pilar essencial para milh\u00f5es de brasileiros, garantindo que as necessidades b\u00e1sicas sejam atendidas e promovendo a inclus\u00e3o social em todo o pa\u00eds. O programa n\u00e3o apenas oferece suporte financeiro, mas tamb\u00e9m representa um compromisso cont\u00ednuo com a redu\u00e7\u00e3o das desigualdades sociais no Brasil.<\/p>\n","protected":false},"excerpt":{"rendered":"<p>Em 2025, o Bolsa Fam\u00edlia continua a desempenhar um papel crucial no apoio social no Brasil. Com um investimento significativo de R$ 13,8 bilh\u00f5es, o programa atende a 20,56 milh\u00f5es de fam\u00edlias, beneficiando quase 54 milh\u00f5es de pessoas em todo o pa\u00eds. Este suporte \u00e9 essencial para garantir condi\u00e7\u00f5es m\u00ednimas de vida para muitos brasileiros, [&hellip;]<\/p>\n","protected":false},"author":7,"featured_media":19669,"comment_status":"open","ping_status":"open","sticky":false,"template":"","format":"standard","meta":{"jnews-multi-image_gallery":[],"jnews_single_post":{"format":"standard"},"jnews_primary_category":[],"jnews_social_meta":[],"jnews_override_counter":[],"footnotes":""},"categories":[28],"tags":[259,209,158,160],"class_list":["post-22690","post","type-post","status-publish","format-standard","has-post-thumbnail","hentry","category-economia","tag-beneficio","tag-bolsa-familia","tag-brasil","tag-economia"],"yoast_head":"<!-- This site is optimized with the Yoast SEO plugin v23.8 - https:\/\/yoast.com\/wordpress\/plugins\/seo\/ -->\n<title>Bolsa Fam\u00edlia 2025 libera novos pagamentos para os benefici\u00e1rios - Estado de Minas - Em foco<\/title>\n<meta name=\"description\" content=\"Bolsa Fam\u00edlia 2025 inicia novos pagamentos, trazendo mais apoio financeiro para os benefici\u00e1rios em todo o Brasil.\" \/>\n<meta name=\"robots\" content=\"index, follow, max-snippet:-1, max-image-preview:large, max-video-preview:-1\" \/>\n<link rel=\"canonical\" href=\"https:\/\/www.em.com.br\/emfoco\/2025\/02\/26\/bolsa-familia-2025-libera-novos-pagamentos-para-os-beneficiarios\/\" \/>\n<meta property=\"og:locale\" content=\"pt_BR\" \/>\n<meta property=\"og:type\" content=\"article\" \/>\n<meta property=\"og:title\" content=\"Bolsa Fam\u00edlia 2025 libera novos pagamentos para os benefici\u00e1rios - Estado de Minas - Em foco\" \/>\n<meta property=\"og:description\" content=\"Bolsa Fam\u00edlia 2025 inicia novos pagamentos, trazendo mais apoio financeiro para os benefici\u00e1rios em todo o Brasil.\" \/>\n<meta property=\"og:url\" content=\"https:\/\/www.em.com.br\/emfoco\/2025\/02\/26\/bolsa-familia-2025-libera-novos-pagamentos-para-os-beneficiarios\/\" \/>\n<meta property=\"og:site_name\" content=\"Estado de Minas - Em foco\" \/>\n<meta property=\"article:published_time\" content=\"2025-02-26T10:20:17+00:00\" \/>\n<meta property=\"article:modified_time\" content=\"2025-02-25T21:04:52+00:00\" \/>\n<meta property=\"og:image\" content=\"https:\/\/www.em.com.br\/emfoco\/wp-content\/uploads\/2025\/02\/auxilio_1739545252404.jpg\" \/>\n\t<meta property=\"og:image:width\" content=\"1280\" \/>\n\t<meta property=\"og:image:height\" content=\"720\" \/>\n\t<meta property=\"og:image:type\" content=\"image\/jpeg\" \/>\n<meta name=\"author\" content=\"Kelvin\" \/>\n<meta name=\"twitter:card\" content=\"summary_large_image\" \/>\n<meta name=\"twitter:label1\" content=\"Escrito por\" \/>\n\t<meta name=\"twitter:data1\" content=\"Kelvin\" \/>\n\t<meta name=\"twitter:label2\" content=\"Est. tempo de leitura\" \/>\n\t<meta name=\"twitter:data2\" content=\"4 minutos\" \/>\n<!-- \/ Yoast SEO plugin. -->","yoast_head_json":{"title":"Bolsa Fam\u00edlia 2025 libera novos pagamentos para os benefici\u00e1rios - Estado de Minas - Em foco","description":"Bolsa Fam\u00edlia 2025 inicia novos pagamentos, trazendo mais apoio financeiro para os benefici\u00e1rios em todo o Brasil.","robots":{"index":"index","follow":"follow","max-snippet":"max-snippet:-1","max-image-preview":"max-image-preview:large","max-video-preview":"max-video-preview:-1"},"canonical":"https:\/\/www.em.com.br\/emfoco\/2025\/02\/26\/bolsa-familia-2025-libera-novos-pagamentos-para-os-beneficiarios\/","og_locale":"pt_BR","og_type":"article","og_title":"Bolsa Fam\u00edlia 2025 libera novos pagamentos para os benefici\u00e1rios - Estado de Minas - Em foco","og_description":"Bolsa Fam\u00edlia 2025 inicia novos pagamentos, trazendo mais apoio financeiro para os benefici\u00e1rios em todo o Brasil.","og_url":"https:\/\/www.em.com.br\/emfoco\/2025\/02\/26\/bolsa-familia-2025-libera-novos-pagamentos-para-os-beneficiarios\/","og_site_name":"Estado de Minas - Em foco","article_published_time":"2025-02-26T10:20:17+00:00","article_modified_time":"2025-02-25T21:04:52+00:00","og_image":[{"width":1280,"height":720,"url":"https:\/\/www.em.com.br\/emfoco\/wp-content\/uploads\/2025\/02\/auxilio_1739545252404.jpg","type":"image\/jpeg"}],"author":"Kelvin","twitter_card":"summary_large_image","twitter_misc":{"Escrito por":"Kelvin","Est. tempo de leitura":"4 minutos"},"schema":{"@context":"https:\/\/schema.org","@graph":[{"@type":"WebPage","@id":"https:\/\/www.em.com.br\/emfoco\/2025\/02\/26\/bolsa-familia-2025-libera-novos-pagamentos-para-os-beneficiarios\/","url":"https:\/\/www.em.com.br\/emfoco\/2025\/02\/26\/bolsa-familia-2025-libera-novos-pagamentos-para-os-beneficiarios\/","name":"Bolsa Fam\u00edlia 2025 libera novos pagamentos para os benefici\u00e1rios - Estado de Minas - Em foco","isPartOf":{"@id":"https:\/\/www.em.com.br\/emfoco\/#website"},"primaryImageOfPage":{"@id":"https:\/\/www.em.com.br\/emfoco\/2025\/02\/26\/bolsa-familia-2025-libera-novos-pagamentos-para-os-beneficiarios\/#primaryimage"},"image":{"@id":"https:\/\/www.em.com.br\/emfoco\/2025\/02\/26\/bolsa-familia-2025-libera-novos-pagamentos-para-os-beneficiarios\/#primaryimage"},"thumbnailUrl":"https:\/\/www.em.com.br\/emfoco\/wp-content\/uploads\/2025\/02\/auxilio_1739545252404.jpg","datePublished":"2025-02-26T10:20:17+00:00","dateModified":"2025-02-25T21:04:52+00:00","author":{"@id":"https:\/\/www.em.com.br\/emfoco\/#\/schema\/person\/fb0a7f48c6fbb94b83f413a80f61917d"},"description":"Bolsa Fam\u00edlia 2025 inicia novos pagamentos, trazendo mais apoio financeiro para os benefici\u00e1rios em todo o Brasil.","breadcrumb":{"@id":"https:\/\/www.em.com.br\/emfoco\/2025\/02\/26\/bolsa-familia-2025-libera-novos-pagamentos-para-os-beneficiarios\/#breadcrumb"},"inLanguage":"pt-BR","potentialAction":[{"@type":"ReadAction","target":["https:\/\/www.em.com.br\/emfoco\/2025\/02\/26\/bolsa-familia-2025-libera-novos-pagamentos-para-os-beneficiarios\/"]}]},{"@type":"ImageObject","inLanguage":"pt-BR","@id":"https:\/\/www.em.com.br\/emfoco\/2025\/02\/26\/bolsa-familia-2025-libera-novos-pagamentos-para-os-beneficiarios\/#primaryimage","url":"https:\/\/www.em.com.br\/emfoco\/wp-content\/uploads\/2025\/02\/auxilio_1739545252404.jpg","contentUrl":"https:\/\/www.em.com.br\/emfoco\/wp-content\/uploads\/2025\/02\/auxilio_1739545252404.jpg","width":1280,"height":720,"caption":"Auxillio - Cr\u00e9ditos: depositphotos.com \/ rafapress"},{"@type":"BreadcrumbList","@id":"https:\/\/www.em.com.br\/emfoco\/2025\/02\/26\/bolsa-familia-2025-libera-novos-pagamentos-para-os-beneficiarios\/#breadcrumb","itemListElement":[{"@type":"ListItem","position":1,"name":"In\u00edcio","item":"https:\/\/www.em.com.br\/emfoco\/"},{"@type":"ListItem","position":2,"name":"Bolsa Fam\u00edlia 2025 libera novos pagamentos para os benefici\u00e1rios"}]},{"@type":"WebSite","@id":"https:\/\/www.em.com.br\/emfoco\/#website","url":"https:\/\/www.em.com.br\/emfoco\/","name":"Estado de Minas - Em foco","description":"Acompanhe as \u00faltimas not\u00edcias e fique bem informado sobre tudo o que acontece em Minas Gerais, Brasil e no mundo.","potentialAction":[{"@type":"SearchAction","target":{"@type":"EntryPoint","urlTemplate":"https:\/\/www.em.com.br\/emfoco\/?s={search_term_string}"},"query-input":{"@type":"PropertyValueSpecification","valueRequired":true,"valueName":"search_term_string"}}],"inLanguage":"pt-BR"},{"@type":"Person","@id":"https:\/\/www.em.com.br\/emfoco\/#\/schema\/person\/fb0a7f48c6fbb94b83f413a80f61917d","name":"Kelvin","image":{"@type":"ImageObject","inLanguage":"pt-BR","@id":"https:\/\/www.em.com.br\/emfoco\/#\/schema\/person\/image\/","url":"https:\/\/secure.gravatar.com\/avatar\/e74f84337e6bf6c4c5e88fbdffa05270?s=96&d=mm&r=g","contentUrl":"https:\/\/secure.gravatar.com\/avatar\/e74f84337e6bf6c4c5e88fbdffa05270?s=96&d=mm&r=g","caption":"Kelvin"},"sameAs":["https:\/\/www.em.com.br\/emfoco"],"url":"https:\/\/www.em.com.br\/emfoco\/author\/kelvinmyth\/"}]}},"_links":{"self":[{"href":"https:\/\/www.em.com.br\/emfoco\/wp-json\/wp\/v2\/posts\/22690","targetHints":{"allow":["GET"]}}],"collection":[{"href":"https:\/\/www.em.com.br\/emfoco\/wp-json\/wp\/v2\/posts"}],"about":[{"href":"https:\/\/www.em.com.br\/emfoco\/wp-json\/wp\/v2\/types\/post"}],"author":[{"embeddable":true,"href":"https:\/\/www.em.com.br\/emfoco\/wp-json\/wp\/v2\/users\/7"}],"replies":[{"embeddable":true,"href":"https:\/\/www.em.com.br\/emfoco\/wp-json\/wp\/v2\/comments?post=22690"}],"version-history":[{"count":3,"href":"https:\/\/www.em.com.br\/emfoco\/wp-json\/wp\/v2\/posts\/22690\/revisions"}],"predecessor-version":[{"id":22863,"href":"https:\/\/www.em.com.br\/emfoco\/wp-json\/wp\/v2\/posts\/22690\/revisions\/22863"}],"wp:featuredmedia":[{"embeddable":true,"href":"https:\/\/www.em.com.br\/emfoco\/wp-json\/wp\/v2\/media\/19669"}],"wp:attachment":[{"href":"https:\/\/www.em.com.br\/emfoco\/wp-json\/wp\/v2\/media?parent=22690"}],"wp:term":[{"taxonomy":"category","embeddable":true,"href":"https:\/\/www.em.com.br\/emfoco\/wp-json\/wp\/v2\/categories?post=22690"},{"taxonomy":"post_tag","embeddable":true,"href":"https:\/\/www.em.com.br\/emfoco\/wp-json\/wp\/v2\/tags?post=22690"}],"curies":[{"name":"wp","href":"https:\/\/api.w.org\/{rel}","templated":true}]}}