{"id":22686,"date":"2025-02-26T07:00:31","date_gmt":"2025-02-26T10:00:31","guid":{"rendered":"https:\/\/www.em.com.br\/emfoco\/?p=22686"},"modified":"2025-06-16T12:26:37","modified_gmt":"2025-06-16T15:26:37","slug":"a-montadora-que-conquistou-o-coracao-dos-brasileiros-e-marcou-epoca","status":"publish","type":"post","link":"https:\/\/www.em.com.br\/emfoco\/2025\/02\/26\/a-montadora-que-conquistou-o-coracao-dos-brasileiros-e-marcou-epoca\/","title":{"rendered":"A montadora que conquistou o cora\u00e7\u00e3o dos brasileiros e marcou \u00e9poca"},"content":{"rendered":"\n<p>A <strong><a href=\"https:\/\/www.ford.com.br\/\" target=\"_blank\" rel=\"noreferrer noopener\">Ford<\/a><\/strong> chegou ao <strong>Brasil<\/strong> em 1919 e virou parte da nossa hist\u00f3ria. Por mais de um s\u00e9culo, a marca americana esteve presente nas ruas brasileiras, criando carros que marcaram gera\u00e7\u00f5es. Quando a empresa decidiu parar de produzir por aqui em 2021, foi como se um peda\u00e7o da nossa mem\u00f3ria automotiva tivesse ido embora.<\/p>\n\n\n\n<p>Durante todo esse tempo, a <strong>Ford<\/strong> n\u00e3o s\u00f3 fez <a href=\"https:\/\/www.em.com.br\/emfoco\/2024\/12\/26\/seu-carro-te-protege-em-caso-de-acidente\/\" target=\"_blank\" rel=\"noreferrer noopener\">carros<\/a>, ela criou sonhos. Cada modelo que saiu das f\u00e1bricas brasileiras carregava um pouco da personalidade do nosso povo. Eram carros feitos para as nossas estradas, para o nosso jeito de dirigir e para o nosso bolso. Hoje, quando vemos um <strong>Ford<\/strong> antigo na rua, \u00e9 imposs\u00edvel n\u00e3o sentir nostalgia.<\/p>\n\n\n\n<h2 class=\"wp-block-heading\">Por que a Ford conseguiu conquistar tanto o cora\u00e7\u00e3o dos brasileiros?<\/h2>\n\n\n\n<p>A <strong>Ford<\/strong> entendeu desde cedo que o <strong>Brasil<\/strong> era um mercado \u00fanico, com necessidades espec\u00edficas. Em vez de simplesmente importar carros prontos, a empresa investiu pesado em adaptar seus modelos para a realidade brasileira. Isso significava carros mais robustos, econ\u00f4micos e adequados \u00e0s nossas condi\u00e7\u00f5es de uso.<\/p>\n\n\n\n<p>Outro segredo do sucesso foi a capacidade da <strong>Ford<\/strong> de democratizar tecnologias. A marca trouxe novidades como c\u00e2mbio autom\u00e1tico, dire\u00e7\u00e3o hidr\u00e1ulica e ar-condicionado para carros que estavam ao alcance da classe m\u00e9dia. Era como se cada lan\u00e7amento fosse um convite para experimentar o futuro, sem precisar gastar uma fortuna.<\/p>\n\n\n\n<h2 class=\"wp-block-heading\">Quais modelos Ford marcaram \u00e9poca no mercado nacional?<\/h2>\n\n\n\n<p>O <strong>Ford Corcel<\/strong> foi o primeiro grande amor dos brasileiros pela marca. Lan\u00e7ado nos anos 1960, esse carro conquistou fam\u00edlias inteiras com sua confiabilidade e design moderno para a \u00e9poca. O <strong>Corcel<\/strong> provou que era poss\u00edvel ter um carro bonito, eficiente e dur\u00e1vel ao mesmo tempo. Muita gente aprendeu a dirigir num <strong>Corcel<\/strong> e guardou mem\u00f3rias afetivas desse modelo para sempre.<\/p>\n\n\n\n<p>J\u00e1 o <strong>Ford Escort<\/strong> virou sin\u00f4nimo de carro jovem e esportivo. O <strong>XR3<\/strong>, especialmente, era o sonho de consumo de qualquer rapaz nos anos 1980 e 1990. Com seu motor potente e design arrojado, o <strong>Escort<\/strong> representava liberdade e aventura. Era o tipo de carro que voc\u00ea comprava n\u00e3o s\u00f3 para se locomover, mas para se sentir especial.<\/p>\n\n\n\n<h2 class=\"wp-block-heading\">Como o EcoSport revolucionou o conceito de SUV no Brasil?<\/h2>\n\n\n\n<p>O <strong>Ford EcoSport<\/strong> chegou em 2003 e mudou completamente o jeito como os brasileiros viam os carros utilit\u00e1rios. Antes dele, SUV era coisa de rico ou de quem precisava mesmo de um carro robusto. O <strong>EcoSport<\/strong> democratizou esse conceito, oferecendo a experi\u00eancia de dirigir um carro alto e imponente por um pre\u00e7o que cabia no or\u00e7amento da classe m\u00e9dia.<\/p>\n\n\n\n<p>O segredo do <strong>EcoSport<\/strong> estava no equil\u00edbrio perfeito entre praticidade e estilo. Ele tinha cara de aventura, mas era perfeitamente adequado para o uso urbano. Dava para levar a fam\u00edlia no shopping ou partir para uma trilha no fim de semana. Essa versatilidade conquistou uma gera\u00e7\u00e3o inteira de brasileiros que queriam mais do que apenas um meio de transporte.<\/p>\n\n\n\n<h2 class=\"wp-block-heading\">Qual foi o impacto do Ford Ka na democratiza\u00e7\u00e3o dos carros?<\/h2>\n\n\n<div class=\"wp-block-image\">\n<figure class=\"aligncenter size-large\"><img loading=\"lazy\" decoding=\"async\" width=\"1024\" height=\"576\" src=\"https:\/\/www.em.com.br\/emfoco\/wp-content\/uploads\/2025\/01\/Old-Car_1736568109993-1024x576.jpg\" alt=\"A montadora que conquistou o cora\u00e7\u00e3o dos brasileiros e marcou \u00e9poca\" class=\"wp-image-9781\" srcset=\"https:\/\/www.em.com.br\/emfoco\/wp-content\/uploads\/2025\/01\/Old-Car_1736568109993-1024x576.jpg 1024w, https:\/\/www.em.com.br\/emfoco\/wp-content\/uploads\/2025\/01\/Old-Car_1736568109993-300x169.jpg 300w, https:\/\/www.em.com.br\/emfoco\/wp-content\/uploads\/2025\/01\/Old-Car_1736568109993-768x432.jpg 768w, https:\/\/www.em.com.br\/emfoco\/wp-content\/uploads\/2025\/01\/Old-Car_1736568109993-750x422.jpg 750w, https:\/\/www.em.com.br\/emfoco\/wp-content\/uploads\/2025\/01\/Old-Car_1736568109993-1140x641.jpg 1140w, https:\/\/www.em.com.br\/emfoco\/wp-content\/uploads\/2025\/01\/Old-Car_1736568109993.jpg 1280w\" sizes=\"auto, (max-width: 1024px) 100vw, 1024px\" \/><figcaption class=\"wp-element-caption\">Carros &#8211; Cr\u00e9ditos: depositphotos.com \/ Y-Boychenko<\/figcaption><\/figure><\/div>\n\n\n<p>O <strong>Ford Ka<\/strong> foi um divisor de \u00e1guas no mercado brasileiro. Lan\u00e7ado em 1997, ele provou que era poss\u00edvel fazer um carro pequeno, econ\u00f4mico e com personalidade pr\u00f3pria. O <strong>Ka<\/strong> n\u00e3o era apenas barato &#8211; ele tinha charme. Seu design inovador e despojado conquistou desde jovens comprando o primeiro carro at\u00e9 pessoas mais maduras que queriam praticidade sem abrir m\u00e3o do estilo.<\/p>\n\n\n\n<p>A grande revolu\u00e7\u00e3o do <strong>Ka<\/strong> foi mostrar que carro popular n\u00e3o precisava ser sem gra\u00e7a. A <strong>Ford<\/strong> investiu em um visual \u00fanico, que chamava aten\u00e7\u00e3o e despertava desejo. Era comum ver filas nas concession\u00e1rias quando chegavam as novas cores ou vers\u00f5es especiais. O <strong>Ka<\/strong> transformou o segmento de entrada e for\u00e7ou outras marcas a repensarem seus conceitos de carros populares.<\/p>\n\n\n\n<h2 class=\"wp-block-heading\">Por que o fim da Ford no Brasil foi t\u00e3o sentido pelos consumidores?<\/h2>\n\n\n\n<p>A sa\u00edda da <strong>Ford<\/strong> do mercado brasileiro em 2021 pegou todo mundo de surpresa. N\u00e3o era s\u00f3 uma empresa fechando as portas &#8211; era o fim de uma era. A <strong>Ford<\/strong> fazia parte da identidade automotiva brasileira, e sua aus\u00eancia deixou um vazio que ainda n\u00e3o foi preenchido. Muitas fam\u00edlias tinham uma hist\u00f3ria com a marca, passando de pai para filho a prefer\u00eancia pelos carros da oval azul.<\/p>\n\n\n\n<p>O sentimento de perda foi amplificado pelo fato de que a <strong>Ford<\/strong> sempre foi vista como uma marca pr\u00f3xima do consumidor brasileiro. Seus carros eram confi\u00e1veis, tinham pe\u00e7as f\u00e1ceis de encontrar e mec\u00e2nicos em qualquer cidade sabiam consert\u00e1-los. Perder isso significava perder uma seguran\u00e7a que foi constru\u00edda ao longo de d\u00e9cadas. Hoje, quem ainda tem um <strong>Ford<\/strong> antigo o trata como uma rel\u00edquia, sabendo que faz parte de um cap\u00edtulo especial da nossa hist\u00f3ria automobil\u00edstica.<\/p>\n","protected":false},"excerpt":{"rendered":"<p>A Ford chegou ao Brasil em 1919 e virou parte da nossa hist\u00f3ria. Por mais de um s\u00e9culo, a marca americana esteve presente nas ruas brasileiras, criando carros que marcaram gera\u00e7\u00f5es. Quando a empresa decidiu parar de produzir por aqui em 2021, foi como se um peda\u00e7o da nossa mem\u00f3ria automotiva tivesse ido embora. Durante [&hellip;]<\/p>\n","protected":false},"author":7,"featured_media":15221,"comment_status":"open","ping_status":"open","sticky":false,"template":"","format":"standard","meta":{"jnews-multi-image_gallery":[],"jnews_single_post":{"format":"standard"},"jnews_primary_category":[],"jnews_social_meta":[],"jnews_override_counter":[],"footnotes":""},"categories":[27],"tags":[5551,158,1116,1906],"class_list":["post-22686","post","type-post","status-publish","format-standard","has-post-thumbnail","hentry","category-carros","tag-antigo","tag-brasil","tag-carros","tag-ford"],"yoast_head":"<!-- This site is optimized with the Yoast SEO plugin v23.8 - https:\/\/yoast.com\/wordpress\/plugins\/seo\/ -->\n<title>A montadora que conquistou o cora\u00e7\u00e3o dos brasileiros e marcou \u00e9poca - Estado de Minas - Em foco<\/title>\n<meta name=\"description\" content=\"Descubra a hist\u00f3ria da montadora que conquistou o cora\u00e7\u00e3o dos brasileiros e marcou \u00e9poca no pa\u00eds. Uma saga de sucesso, inova\u00e7\u00e3o e paix\u00e3o.\" \/>\n<meta name=\"robots\" content=\"index, follow, max-snippet:-1, max-image-preview:large, max-video-preview:-1\" \/>\n<link rel=\"canonical\" href=\"https:\/\/www.em.com.br\/emfoco\/2025\/02\/26\/a-montadora-que-conquistou-o-coracao-dos-brasileiros-e-marcou-epoca\/\" \/>\n<meta property=\"og:locale\" content=\"pt_BR\" \/>\n<meta property=\"og:type\" content=\"article\" \/>\n<meta property=\"og:title\" content=\"A montadora que conquistou o cora\u00e7\u00e3o dos brasileiros e marcou \u00e9poca - Estado de Minas - Em foco\" \/>\n<meta property=\"og:description\" content=\"Descubra a hist\u00f3ria da montadora que conquistou o cora\u00e7\u00e3o dos brasileiros e marcou \u00e9poca no pa\u00eds. Uma saga de sucesso, inova\u00e7\u00e3o e paix\u00e3o.\" \/>\n<meta property=\"og:url\" content=\"https:\/\/www.em.com.br\/emfoco\/2025\/02\/26\/a-montadora-que-conquistou-o-coracao-dos-brasileiros-e-marcou-epoca\/\" \/>\n<meta property=\"og:site_name\" content=\"Estado de Minas - Em foco\" \/>\n<meta property=\"article:published_time\" content=\"2025-02-26T10:00:31+00:00\" \/>\n<meta property=\"article:modified_time\" content=\"2025-06-16T15:26:37+00:00\" \/>\n<meta property=\"og:image\" content=\"https:\/\/www.em.com.br\/emfoco\/wp-content\/uploads\/2025\/02\/Ford-_1738332825672.jpg\" \/>\n\t<meta property=\"og:image:width\" content=\"1280\" \/>\n\t<meta property=\"og:image:height\" content=\"720\" \/>\n\t<meta property=\"og:image:type\" content=\"image\/jpeg\" \/>\n<meta name=\"author\" content=\"Kelvin\" \/>\n<meta name=\"twitter:card\" content=\"summary_large_image\" \/>\n<meta name=\"twitter:label1\" content=\"Escrito por\" \/>\n\t<meta name=\"twitter:data1\" content=\"Kelvin\" \/>\n\t<meta name=\"twitter:label2\" content=\"Est. tempo de leitura\" \/>\n\t<meta name=\"twitter:data2\" content=\"5 minutos\" \/>\n<!-- \/ Yoast SEO plugin. -->","yoast_head_json":{"title":"A montadora que conquistou o cora\u00e7\u00e3o dos brasileiros e marcou \u00e9poca - Estado de Minas - Em foco","description":"Descubra a hist\u00f3ria da montadora que conquistou o cora\u00e7\u00e3o dos brasileiros e marcou \u00e9poca no pa\u00eds. Uma saga de sucesso, inova\u00e7\u00e3o e paix\u00e3o.","robots":{"index":"index","follow":"follow","max-snippet":"max-snippet:-1","max-image-preview":"max-image-preview:large","max-video-preview":"max-video-preview:-1"},"canonical":"https:\/\/www.em.com.br\/emfoco\/2025\/02\/26\/a-montadora-que-conquistou-o-coracao-dos-brasileiros-e-marcou-epoca\/","og_locale":"pt_BR","og_type":"article","og_title":"A montadora que conquistou o cora\u00e7\u00e3o dos brasileiros e marcou \u00e9poca - Estado de Minas - Em foco","og_description":"Descubra a hist\u00f3ria da montadora que conquistou o cora\u00e7\u00e3o dos brasileiros e marcou \u00e9poca no pa\u00eds. Uma saga de sucesso, inova\u00e7\u00e3o e paix\u00e3o.","og_url":"https:\/\/www.em.com.br\/emfoco\/2025\/02\/26\/a-montadora-que-conquistou-o-coracao-dos-brasileiros-e-marcou-epoca\/","og_site_name":"Estado de Minas - Em foco","article_published_time":"2025-02-26T10:00:31+00:00","article_modified_time":"2025-06-16T15:26:37+00:00","og_image":[{"width":1280,"height":720,"url":"https:\/\/www.em.com.br\/emfoco\/wp-content\/uploads\/2025\/02\/Ford-_1738332825672.jpg","type":"image\/jpeg"}],"author":"Kelvin","twitter_card":"summary_large_image","twitter_misc":{"Escrito por":"Kelvin","Est. tempo de leitura":"5 minutos"},"schema":{"@context":"https:\/\/schema.org","@graph":[{"@type":"WebPage","@id":"https:\/\/www.em.com.br\/emfoco\/2025\/02\/26\/a-montadora-que-conquistou-o-coracao-dos-brasileiros-e-marcou-epoca\/","url":"https:\/\/www.em.com.br\/emfoco\/2025\/02\/26\/a-montadora-que-conquistou-o-coracao-dos-brasileiros-e-marcou-epoca\/","name":"A montadora que conquistou o cora\u00e7\u00e3o dos brasileiros e marcou \u00e9poca - Estado de Minas - Em foco","isPartOf":{"@id":"https:\/\/www.em.com.br\/emfoco\/#website"},"primaryImageOfPage":{"@id":"https:\/\/www.em.com.br\/emfoco\/2025\/02\/26\/a-montadora-que-conquistou-o-coracao-dos-brasileiros-e-marcou-epoca\/#primaryimage"},"image":{"@id":"https:\/\/www.em.com.br\/emfoco\/2025\/02\/26\/a-montadora-que-conquistou-o-coracao-dos-brasileiros-e-marcou-epoca\/#primaryimage"},"thumbnailUrl":"https:\/\/www.em.com.br\/emfoco\/wp-content\/uploads\/2025\/02\/Ford-_1738332825672.jpg","datePublished":"2025-02-26T10:00:31+00:00","dateModified":"2025-06-16T15:26:37+00:00","author":{"@id":"https:\/\/www.em.com.br\/emfoco\/#\/schema\/person\/fb0a7f48c6fbb94b83f413a80f61917d"},"description":"Descubra a hist\u00f3ria da montadora que conquistou o cora\u00e7\u00e3o dos brasileiros e marcou \u00e9poca no pa\u00eds. Uma saga de sucesso, inova\u00e7\u00e3o e paix\u00e3o.","breadcrumb":{"@id":"https:\/\/www.em.com.br\/emfoco\/2025\/02\/26\/a-montadora-que-conquistou-o-coracao-dos-brasileiros-e-marcou-epoca\/#breadcrumb"},"inLanguage":"pt-BR","potentialAction":[{"@type":"ReadAction","target":["https:\/\/www.em.com.br\/emfoco\/2025\/02\/26\/a-montadora-que-conquistou-o-coracao-dos-brasileiros-e-marcou-epoca\/"]}]},{"@type":"ImageObject","inLanguage":"pt-BR","@id":"https:\/\/www.em.com.br\/emfoco\/2025\/02\/26\/a-montadora-que-conquistou-o-coracao-dos-brasileiros-e-marcou-epoca\/#primaryimage","url":"https:\/\/www.em.com.br\/emfoco\/wp-content\/uploads\/2025\/02\/Ford-_1738332825672.jpg","contentUrl":"https:\/\/www.em.com.br\/emfoco\/wp-content\/uploads\/2025\/02\/Ford-_1738332825672.jpg","width":1280,"height":720,"caption":"Ford - Cr\u00e9ditos: depositphotos.com \/ josekube"},{"@type":"BreadcrumbList","@id":"https:\/\/www.em.com.br\/emfoco\/2025\/02\/26\/a-montadora-que-conquistou-o-coracao-dos-brasileiros-e-marcou-epoca\/#breadcrumb","itemListElement":[{"@type":"ListItem","position":1,"name":"In\u00edcio","item":"https:\/\/www.em.com.br\/emfoco\/"},{"@type":"ListItem","position":2,"name":"A montadora que conquistou o cora\u00e7\u00e3o dos brasileiros e marcou \u00e9poca"}]},{"@type":"WebSite","@id":"https:\/\/www.em.com.br\/emfoco\/#website","url":"https:\/\/www.em.com.br\/emfoco\/","name":"Estado de Minas - Em foco","description":"Acompanhe as \u00faltimas not\u00edcias e fique bem informado sobre tudo o que acontece em Minas Gerais, Brasil e no mundo.","potentialAction":[{"@type":"SearchAction","target":{"@type":"EntryPoint","urlTemplate":"https:\/\/www.em.com.br\/emfoco\/?s={search_term_string}"},"query-input":{"@type":"PropertyValueSpecification","valueRequired":true,"valueName":"search_term_string"}}],"inLanguage":"pt-BR"},{"@type":"Person","@id":"https:\/\/www.em.com.br\/emfoco\/#\/schema\/person\/fb0a7f48c6fbb94b83f413a80f61917d","name":"Kelvin","image":{"@type":"ImageObject","inLanguage":"pt-BR","@id":"https:\/\/www.em.com.br\/emfoco\/#\/schema\/person\/image\/","url":"https:\/\/secure.gravatar.com\/avatar\/e74f84337e6bf6c4c5e88fbdffa05270?s=96&d=mm&r=g","contentUrl":"https:\/\/secure.gravatar.com\/avatar\/e74f84337e6bf6c4c5e88fbdffa05270?s=96&d=mm&r=g","caption":"Kelvin"},"sameAs":["https:\/\/www.em.com.br\/emfoco"],"url":"https:\/\/www.em.com.br\/emfoco\/author\/kelvinmyth\/"}]}},"_links":{"self":[{"href":"https:\/\/www.em.com.br\/emfoco\/wp-json\/wp\/v2\/posts\/22686","targetHints":{"allow":["GET"]}}],"collection":[{"href":"https:\/\/www.em.com.br\/emfoco\/wp-json\/wp\/v2\/posts"}],"about":[{"href":"https:\/\/www.em.com.br\/emfoco\/wp-json\/wp\/v2\/types\/post"}],"author":[{"embeddable":true,"href":"https:\/\/www.em.com.br\/emfoco\/wp-json\/wp\/v2\/users\/7"}],"replies":[{"embeddable":true,"href":"https:\/\/www.em.com.br\/emfoco\/wp-json\/wp\/v2\/comments?post=22686"}],"version-history":[{"count":4,"href":"https:\/\/www.em.com.br\/emfoco\/wp-json\/wp\/v2\/posts\/22686\/revisions"}],"predecessor-version":[{"id":61555,"href":"https:\/\/www.em.com.br\/emfoco\/wp-json\/wp\/v2\/posts\/22686\/revisions\/61555"}],"wp:featuredmedia":[{"embeddable":true,"href":"https:\/\/www.em.com.br\/emfoco\/wp-json\/wp\/v2\/media\/15221"}],"wp:attachment":[{"href":"https:\/\/www.em.com.br\/emfoco\/wp-json\/wp\/v2\/media?parent=22686"}],"wp:term":[{"taxonomy":"category","embeddable":true,"href":"https:\/\/www.em.com.br\/emfoco\/wp-json\/wp\/v2\/categories?post=22686"},{"taxonomy":"post_tag","embeddable":true,"href":"https:\/\/www.em.com.br\/emfoco\/wp-json\/wp\/v2\/tags?post=22686"}],"curies":[{"name":"wp","href":"https:\/\/api.w.org\/{rel}","templated":true}]}}