{"id":22558,"date":"2025-02-24T21:30:00","date_gmt":"2025-02-25T00:30:00","guid":{"rendered":"https:\/\/www.em.com.br\/emfoco\/?p=22558"},"modified":"2025-02-24T18:10:40","modified_gmt":"2025-02-24T21:10:40","slug":"revelado-o-segredo-das-suculentas-saudaveis-e-sempre-vibrantes","status":"publish","type":"post","link":"https:\/\/www.em.com.br\/emfoco\/2025\/02\/24\/revelado-o-segredo-das-suculentas-saudaveis-e-sempre-vibrantes\/","title":{"rendered":"Revelado o segredo das suculentas saud\u00e1veis e sempre vibrantes"},"content":{"rendered":"\n<p>As suculentas t\u00eam conquistado espa\u00e7o em lares e escrit\u00f3rios ao redor do mundo, gra\u00e7as \u00e0 sua\u00a0<strong>resist\u00eancia<\/strong>\u00a0e\u00a0<strong>versatilidade<\/strong>. Origin\u00e1rias de regi\u00f5es \u00e1ridas, essas plantas s\u00e3o capazes de armazenar \u00e1gua em suas folhas, o que as torna ideais para quem busca um toque verde sem a necessidade de cuidados constantes. Al\u00e9m de pr\u00e1ticas, as suculentas oferecem uma variedade de formas e cores, adicionando charme a qualquer ambiente, conforme explica o site <a href=\"https:\/\/receitasdepesos.com.br\/suculentas-em-casa-como-cuidar-e-fazer-crescer-mais-rapido.html\/\" target=\"_blank\" rel=\"noreferrer noopener\">Receitas de Peso.<\/a><\/p>\n\n\n\n<p>Com a crescente popularidade, muitos se perguntam sobre a melhor forma de cultivar essas plantas. Embora sejam conhecidas por sua facilidade de manuten\u00e7\u00e3o, algumas dicas podem ajudar a garantir que as suculentas permane\u00e7am saud\u00e1veis e vibrantes. Desde a escolha do vaso at\u00e9 a frequ\u00eancia de rega, cada detalhe pode influenciar no desenvolvimento dessas plantas.<\/p>\n\n\n\n<h2 class=\"wp-block-heading\">Como cuidar de suculentas em casa?<\/h2>\n\n\n\n<p>Para garantir que as suculentas prosperem, \u00e9 importante considerar o ambiente em que ser\u00e3o cultivadas. Elas precisam de&nbsp;<strong>luz solar<\/strong>&nbsp;direta por pelo menos quatro horas di\u00e1rias. Em ambientes internos, \u00e9 essencial posicion\u00e1-las perto de janelas bem iluminadas. Al\u00e9m disso, o solo deve ser bem drenado para evitar o apodrecimento das ra\u00edzes.<\/p>\n\n\n\n<p>O vaso escolhido tamb\u00e9m desempenha um papel crucial. Vasos de barro ou cer\u00e2mica s\u00e3o preferidos, pois ajudam a absorver a umidade extra. Certifique-se de que o vaso possua furos no fundo para permitir a drenagem adequada. A rega deve ser feita com modera\u00e7\u00e3o, apenas quando o solo estiver completamente seco.<\/p>\n\n\n\n<h2 class=\"wp-block-heading\">Quais s\u00e3o os materiais necess\u00e1rios para plantar suculentas?<\/h2>\n\n\n\n<p>Para iniciar o <a href=\"https:\/\/www.em.com.br\/emfoco\/2025\/02\/23\/como-cultivar-manjericao-do-jeito-certo-e-colher-folhas-aromaticas-sempre\/\" target=\"_blank\" rel=\"noreferrer noopener\">cultivo<\/a> de suculentas, alguns materiais s\u00e3o essenciais. Primeiramente, \u00e9 necess\u00e1rio adquirir mudas ou folhas de suculentas para propaga\u00e7\u00e3o. O solo deve ser uma mistura de terra comum, areia grossa e um pouco de h\u00famus de minhoca, garantindo nutrientes e boa drenagem.<\/p>\n\n\n\n<ul class=\"wp-block-list\">\n<li><strong>Mudas ou folhas de suculentas:<\/strong>\u00a0Escolha a esp\u00e9cie que mais lhe agrada.<\/li>\n\n\n\n<li><strong>Solo arenoso e bem drenado:<\/strong>\u00a0Mistura de terra e areia.<\/li>\n\n\n\n<li><strong>Vaso de barro ou cer\u00e2mica:<\/strong>\u00a0Com furos para drenagem.<\/li>\n\n\n\n<li><strong>Pedrinhas ou argila expandida:<\/strong>\u00a0Para evitar ac\u00famulo de \u00e1gua.<\/li>\n\n\n\n<li><strong>Pulverizador:<\/strong>\u00a0Para rega leve.<\/li>\n<\/ul>\n\n\n<div class=\"wp-block-image\">\n<figure class=\"aligncenter size-large\"><img loading=\"lazy\" decoding=\"async\" width=\"1024\" height=\"576\" src=\"https:\/\/www.em.com.br\/emfoco\/wp-content\/uploads\/2025\/02\/suculentas_1740431128583-1024x576.jpg\" alt=\"Revelado o segredo das suculentas saud\u00e1veis e sempre vibrantes\" class=\"wp-image-22560\" srcset=\"https:\/\/www.em.com.br\/emfoco\/wp-content\/uploads\/2025\/02\/suculentas_1740431128583-1024x576.jpg 1024w, https:\/\/www.em.com.br\/emfoco\/wp-content\/uploads\/2025\/02\/suculentas_1740431128583-300x169.jpg 300w, https:\/\/www.em.com.br\/emfoco\/wp-content\/uploads\/2025\/02\/suculentas_1740431128583-768x432.jpg 768w, https:\/\/www.em.com.br\/emfoco\/wp-content\/uploads\/2025\/02\/suculentas_1740431128583-750x422.jpg 750w, https:\/\/www.em.com.br\/emfoco\/wp-content\/uploads\/2025\/02\/suculentas_1740431128583-1140x641.jpg 1140w, https:\/\/www.em.com.br\/emfoco\/wp-content\/uploads\/2025\/02\/suculentas_1740431128583.jpg 1280w\" sizes=\"auto, (max-width: 1024px) 100vw, 1024px\" \/><figcaption class=\"wp-element-caption\">Suculenta (Cr\u00e9ditos: depositphotos.com \/ leungchopan)<\/figcaption><\/figure><\/div>\n\n\n<h2 class=\"wp-block-heading\">Passo a passo: como plantar suculentas<\/h2>\n\n\n\n<p>Plantar suculentas pode ser uma atividade relaxante e recompensadora. Siga este passo a passo para garantir um cultivo bem-sucedido:<\/p>\n\n\n\n<ol class=\"wp-block-list\">\n<li><strong>Escolha a forma de cultivo:<\/strong>\u00a0Utilize mudas para um m\u00e9todo mais r\u00e1pido ou folhas para propaga\u00e7\u00e3o mais lenta.<\/li>\n\n\n\n<li><strong>Prepare o solo:<\/strong>\u00a0Misture terra comum, areia grossa e h\u00famus de minhoca.<\/li>\n\n\n\n<li><strong>Escolha um vaso adequado:<\/strong>\u00a0Prefira vasos de barro ou cer\u00e2mica com boa drenagem.<\/li>\n\n\n\n<li><strong>Plante a suculenta:<\/strong>\u00a0Insira a muda no solo ou deixe a folha sobre a terra para enraizar.<\/li>\n\n\n\n<li><strong>Regue com modera\u00e7\u00e3o:<\/strong>\u00a0Apenas quando o solo estiver seco.<\/li>\n\n\n\n<li><strong>Garanta luz e temperatura ideais:<\/strong>\u00a0Pelo menos quatro horas de sol por dia.<\/li>\n\n\n\n<li><strong>Adube ocasionalmente:<\/strong>\u00a0Use fertilizantes pr\u00f3prios para suculentas a cada dois meses.<\/li>\n<\/ol>\n\n\n\n<h2 class=\"wp-block-heading\">Como evitar problemas comuns no cultivo de suculentas?<\/h2>\n\n\n\n<p>Mesmo sendo plantas resistentes, as suculentas podem enfrentar alguns problemas. Pragas como cochonilhas e fungos s\u00e3o comuns, mas podem ser controladas com o uso de \u00f3leo de neem ou \u00e1lcool. Evite regar as folhas diretamente para prevenir o apodrecimento.<\/p>\n\n\n\n<p>O replantio \u00e9 necess\u00e1rio quando a planta cresce demais, o que geralmente ocorre a cada dois anos. Para propagar novas suculentas, corte um peda\u00e7o da planta e deixe secar por 24 horas antes de replantar. Se as folhas estiverem enrugadas, pode ser um sinal de que a planta precisa de \u00e1gua.<\/p>\n","protected":false},"excerpt":{"rendered":"<p>As suculentas t\u00eam conquistado espa\u00e7o em lares e escrit\u00f3rios ao redor do mundo, gra\u00e7as \u00e0 sua\u00a0resist\u00eancia\u00a0e\u00a0versatilidade. Origin\u00e1rias de regi\u00f5es \u00e1ridas, essas plantas s\u00e3o capazes de armazenar \u00e1gua em suas folhas, o que as torna ideais para quem busca um toque verde sem a necessidade de cuidados constantes. Al\u00e9m de pr\u00e1ticas, as suculentas oferecem uma variedade [&hellip;]<\/p>\n","protected":false},"author":10,"featured_media":22559,"comment_status":"open","ping_status":"open","sticky":false,"template":"","format":"standard","meta":{"jnews-multi-image_gallery":[],"jnews_single_post":{"format":"standard"},"jnews_primary_category":[],"jnews_social_meta":[],"jnews_override_counter":[],"footnotes":""},"categories":[29,1],"tags":[3139,3779,5520],"class_list":["post-22558","post","type-post","status-publish","format-standard","has-post-thumbnail","hentry","category-entretenimento","category-noticias","tag-cultivo","tag-planta","tag-suculentas"],"yoast_head":"<!-- This site is optimized with the Yoast SEO plugin v23.8 - https:\/\/yoast.com\/wordpress\/plugins\/seo\/ -->\n<title>Revelado o segredo das suculentas saud\u00e1veis e sempre vibrantes - Estado de Minas - Em foco<\/title>\n<meta name=\"description\" content=\"Aprenda a cultivar suculentas do jeito certo, evitando pragas e apodrecimento. Descubra as melhores dicas para ter plantas sempre saud\u00e1veis.\" \/>\n<meta name=\"robots\" content=\"index, follow, max-snippet:-1, max-image-preview:large, max-video-preview:-1\" \/>\n<link rel=\"canonical\" href=\"https:\/\/www.em.com.br\/emfoco\/2025\/02\/24\/revelado-o-segredo-das-suculentas-saudaveis-e-sempre-vibrantes\/\" \/>\n<meta property=\"og:locale\" content=\"pt_BR\" \/>\n<meta property=\"og:type\" content=\"article\" \/>\n<meta property=\"og:title\" content=\"Revelado o segredo das suculentas saud\u00e1veis e sempre vibrantes - Estado de Minas - Em foco\" \/>\n<meta property=\"og:description\" content=\"Aprenda a cultivar suculentas do jeito certo, evitando pragas e apodrecimento. Descubra as melhores dicas para ter plantas sempre saud\u00e1veis.\" \/>\n<meta property=\"og:url\" content=\"https:\/\/www.em.com.br\/emfoco\/2025\/02\/24\/revelado-o-segredo-das-suculentas-saudaveis-e-sempre-vibrantes\/\" \/>\n<meta property=\"og:site_name\" content=\"Estado de Minas - Em foco\" \/>\n<meta property=\"article:published_time\" content=\"2025-02-25T00:30:00+00:00\" \/>\n<meta property=\"article:modified_time\" content=\"2025-02-24T21:10:40+00:00\" \/>\n<meta property=\"og:image\" content=\"https:\/\/www.em.com.br\/emfoco\/wp-content\/uploads\/2025\/02\/suculentas_1740430994346.jpg\" \/>\n\t<meta property=\"og:image:width\" content=\"1280\" \/>\n\t<meta property=\"og:image:height\" content=\"720\" \/>\n\t<meta property=\"og:image:type\" content=\"image\/jpeg\" \/>\n<meta name=\"author\" content=\"Patryck Reinehr\" \/>\n<meta name=\"twitter:card\" content=\"summary_large_image\" \/>\n<meta name=\"twitter:label1\" content=\"Escrito por\" \/>\n\t<meta name=\"twitter:data1\" content=\"Patryck Reinehr\" \/>\n\t<meta name=\"twitter:label2\" content=\"Est. tempo de leitura\" \/>\n\t<meta name=\"twitter:data2\" content=\"4 minutos\" \/>\n<!-- \/ Yoast SEO plugin. -->","yoast_head_json":{"title":"Revelado o segredo das suculentas saud\u00e1veis e sempre vibrantes - Estado de Minas - Em foco","description":"Aprenda a cultivar suculentas do jeito certo, evitando pragas e apodrecimento. Descubra as melhores dicas para ter plantas sempre saud\u00e1veis.","robots":{"index":"index","follow":"follow","max-snippet":"max-snippet:-1","max-image-preview":"max-image-preview:large","max-video-preview":"max-video-preview:-1"},"canonical":"https:\/\/www.em.com.br\/emfoco\/2025\/02\/24\/revelado-o-segredo-das-suculentas-saudaveis-e-sempre-vibrantes\/","og_locale":"pt_BR","og_type":"article","og_title":"Revelado o segredo das suculentas saud\u00e1veis e sempre vibrantes - Estado de Minas - Em foco","og_description":"Aprenda a cultivar suculentas do jeito certo, evitando pragas e apodrecimento. Descubra as melhores dicas para ter plantas sempre saud\u00e1veis.","og_url":"https:\/\/www.em.com.br\/emfoco\/2025\/02\/24\/revelado-o-segredo-das-suculentas-saudaveis-e-sempre-vibrantes\/","og_site_name":"Estado de Minas - Em foco","article_published_time":"2025-02-25T00:30:00+00:00","article_modified_time":"2025-02-24T21:10:40+00:00","og_image":[{"width":1280,"height":720,"url":"https:\/\/www.em.com.br\/emfoco\/wp-content\/uploads\/2025\/02\/suculentas_1740430994346.jpg","type":"image\/jpeg"}],"author":"Patryck Reinehr","twitter_card":"summary_large_image","twitter_misc":{"Escrito por":"Patryck Reinehr","Est. tempo de leitura":"4 minutos"},"schema":{"@context":"https:\/\/schema.org","@graph":[{"@type":"WebPage","@id":"https:\/\/www.em.com.br\/emfoco\/2025\/02\/24\/revelado-o-segredo-das-suculentas-saudaveis-e-sempre-vibrantes\/","url":"https:\/\/www.em.com.br\/emfoco\/2025\/02\/24\/revelado-o-segredo-das-suculentas-saudaveis-e-sempre-vibrantes\/","name":"Revelado o segredo das suculentas saud\u00e1veis e sempre vibrantes - Estado de Minas - Em foco","isPartOf":{"@id":"https:\/\/www.em.com.br\/emfoco\/#website"},"primaryImageOfPage":{"@id":"https:\/\/www.em.com.br\/emfoco\/2025\/02\/24\/revelado-o-segredo-das-suculentas-saudaveis-e-sempre-vibrantes\/#primaryimage"},"image":{"@id":"https:\/\/www.em.com.br\/emfoco\/2025\/02\/24\/revelado-o-segredo-das-suculentas-saudaveis-e-sempre-vibrantes\/#primaryimage"},"thumbnailUrl":"https:\/\/www.em.com.br\/emfoco\/wp-content\/uploads\/2025\/02\/suculentas_1740430994346.jpg","datePublished":"2025-02-25T00:30:00+00:00","dateModified":"2025-02-24T21:10:40+00:00","author":{"@id":"https:\/\/www.em.com.br\/emfoco\/#\/schema\/person\/43407752bebcbbb4d0ec79deedc0d7ce"},"description":"Aprenda a cultivar suculentas do jeito certo, evitando pragas e apodrecimento. Descubra as melhores dicas para ter plantas sempre saud\u00e1veis.","breadcrumb":{"@id":"https:\/\/www.em.com.br\/emfoco\/2025\/02\/24\/revelado-o-segredo-das-suculentas-saudaveis-e-sempre-vibrantes\/#breadcrumb"},"inLanguage":"pt-BR","potentialAction":[{"@type":"ReadAction","target":["https:\/\/www.em.com.br\/emfoco\/2025\/02\/24\/revelado-o-segredo-das-suculentas-saudaveis-e-sempre-vibrantes\/"]}]},{"@type":"ImageObject","inLanguage":"pt-BR","@id":"https:\/\/www.em.com.br\/emfoco\/2025\/02\/24\/revelado-o-segredo-das-suculentas-saudaveis-e-sempre-vibrantes\/#primaryimage","url":"https:\/\/www.em.com.br\/emfoco\/wp-content\/uploads\/2025\/02\/suculentas_1740430994346.jpg","contentUrl":"https:\/\/www.em.com.br\/emfoco\/wp-content\/uploads\/2025\/02\/suculentas_1740430994346.jpg","width":1280,"height":720,"caption":"Suculentas (Cr\u00e9ditos: depositphotos.com \/ jusakas)"},{"@type":"BreadcrumbList","@id":"https:\/\/www.em.com.br\/emfoco\/2025\/02\/24\/revelado-o-segredo-das-suculentas-saudaveis-e-sempre-vibrantes\/#breadcrumb","itemListElement":[{"@type":"ListItem","position":1,"name":"In\u00edcio","item":"https:\/\/www.em.com.br\/emfoco\/"},{"@type":"ListItem","position":2,"name":"Revelado o segredo das suculentas saud\u00e1veis e sempre vibrantes"}]},{"@type":"WebSite","@id":"https:\/\/www.em.com.br\/emfoco\/#website","url":"https:\/\/www.em.com.br\/emfoco\/","name":"Estado de Minas - Em foco","description":"Acompanhe as \u00faltimas not\u00edcias e fique bem informado sobre tudo o que acontece em Minas Gerais, Brasil e no mundo.","potentialAction":[{"@type":"SearchAction","target":{"@type":"EntryPoint","urlTemplate":"https:\/\/www.em.com.br\/emfoco\/?s={search_term_string}"},"query-input":{"@type":"PropertyValueSpecification","valueRequired":true,"valueName":"search_term_string"}}],"inLanguage":"pt-BR"},{"@type":"Person","@id":"https:\/\/www.em.com.br\/emfoco\/#\/schema\/person\/43407752bebcbbb4d0ec79deedc0d7ce","name":"Patryck Reinehr","image":{"@type":"ImageObject","inLanguage":"pt-BR","@id":"https:\/\/www.em.com.br\/emfoco\/#\/schema\/person\/image\/","url":"https:\/\/secure.gravatar.com\/avatar\/570c7fb2898c0e2df0823196891bea88?s=96&d=mm&r=g","contentUrl":"https:\/\/secure.gravatar.com\/avatar\/570c7fb2898c0e2df0823196891bea88?s=96&d=mm&r=g","caption":"Patryck Reinehr"},"url":"https:\/\/www.em.com.br\/emfoco\/author\/patryckmyth\/"}]}},"_links":{"self":[{"href":"https:\/\/www.em.com.br\/emfoco\/wp-json\/wp\/v2\/posts\/22558","targetHints":{"allow":["GET"]}}],"collection":[{"href":"https:\/\/www.em.com.br\/emfoco\/wp-json\/wp\/v2\/posts"}],"about":[{"href":"https:\/\/www.em.com.br\/emfoco\/wp-json\/wp\/v2\/types\/post"}],"author":[{"embeddable":true,"href":"https:\/\/www.em.com.br\/emfoco\/wp-json\/wp\/v2\/users\/10"}],"replies":[{"embeddable":true,"href":"https:\/\/www.em.com.br\/emfoco\/wp-json\/wp\/v2\/comments?post=22558"}],"version-history":[{"count":1,"href":"https:\/\/www.em.com.br\/emfoco\/wp-json\/wp\/v2\/posts\/22558\/revisions"}],"predecessor-version":[{"id":22561,"href":"https:\/\/www.em.com.br\/emfoco\/wp-json\/wp\/v2\/posts\/22558\/revisions\/22561"}],"wp:featuredmedia":[{"embeddable":true,"href":"https:\/\/www.em.com.br\/emfoco\/wp-json\/wp\/v2\/media\/22559"}],"wp:attachment":[{"href":"https:\/\/www.em.com.br\/emfoco\/wp-json\/wp\/v2\/media?parent=22558"}],"wp:term":[{"taxonomy":"category","embeddable":true,"href":"https:\/\/www.em.com.br\/emfoco\/wp-json\/wp\/v2\/categories?post=22558"},{"taxonomy":"post_tag","embeddable":true,"href":"https:\/\/www.em.com.br\/emfoco\/wp-json\/wp\/v2\/tags?post=22558"}],"curies":[{"name":"wp","href":"https:\/\/api.w.org\/{rel}","templated":true}]}}