{"id":22531,"date":"2025-02-24T17:30:00","date_gmt":"2025-02-24T20:30:00","guid":{"rendered":"https:\/\/www.em.com.br\/emfoco\/?p=22531"},"modified":"2025-02-24T17:26:44","modified_gmt":"2025-02-24T20:26:44","slug":"de-uma-garagem-ao-shark-tank-o-sucesso-da-kaans-designs","status":"publish","type":"post","link":"https:\/\/www.em.com.br\/emfoco\/2025\/02\/24\/de-uma-garagem-ao-shark-tank-o-sucesso-da-kaans-designs\/","title":{"rendered":"De uma garagem ao Shark Tank! O sucesso da Kaans Designs"},"content":{"rendered":"\n<p>A <strong>Kaans Designs<\/strong> surgiu de uma necessidade pessoal de <strong>Ashley Green<\/strong>, que, ap\u00f3s uma perda familiar significativa, percebeu a import\u00e2ncia de preservar mem\u00f3rias com entes queridos. Essa percep\u00e7\u00e3o a motivou a criar uma empresa que oferecesse roupas coordenadas para fam\u00edlias, com o intuito de fortalecer la\u00e7os e criar lembran\u00e7as duradouras. Em 2014, Ashley e seu marido, Kenny Green, deram in\u00edcio a essa jornada com um investimento inicial modesto.<\/p>\n\n\n\n<p>Segundo o site <a href=\"https:\/\/bmcnews.com.br\/2025\/01\/12\/empreendedorismo-e-financas-licoes-de-sucesso-da-kaans-designs-no-shark-tank\/\" target=\"_blank\" rel=\"noreferrer noopener\">BM&amp;C News<\/a>, o casal come\u00e7ou a operar a partir de sua garagem em Fort Wayne, Indiana, enfrentando o desafio de equilibrar suas carreiras profissionais com o novo empreendimento. Apesar das dificuldades, a dedica\u00e7\u00e3o de Ashley e Kenny resultou em um crescimento constante da empresa, que em 2023 j\u00e1 apresentava um faturamento significativo, com proje\u00e7\u00f5es otimistas para o futuro.<\/p>\n\n\n\n<h2 class=\"wp-block-heading\">Participa\u00e7\u00e3o da Kaans Designs no Shark Tank<\/h2>\n\n\n\n<p>Em busca de expans\u00e3o e diversifica\u00e7\u00e3o, a Kaans Designs participou do programa Shark Tank, onde Ashley e Kenny apresentaram sua proposta de investimento. Eles buscavam US$ 75 mil em troca de uma participa\u00e7\u00e3o na empresa. Durante o programa, receberam feedback valioso dos investidores, o que culminou em uma oferta que lhes permitiu manter o controle sobre a empresa enquanto recebiam o apoio financeiro necess\u00e1rio para crescer.<\/p>\n\n\n\n<h2 class=\"wp-block-heading\">A relev\u00e2ncia da gest\u00e3o financeira no sucesso da Kaans Designs<\/h2>\n\n\n\n<p>A habilidade de gerenciar as finan\u00e7as foi essencial para o sucesso da Kaans Designs. Ashley e Kenny demonstraram compet\u00eancia ao administrar o capital inicial e buscar investimentos de forma estrat\u00e9gica. <\/p>\n\n\n\n<p>Essa abordagem permitiu que a empresa mantivesse sua independ\u00eancia financeira e criativa, destacando a import\u00e2ncia de uma s\u00f3lida compreens\u00e3o de finan\u00e7as corporativas para o crescimento sustent\u00e1vel de qualquer neg\u00f3cio.<\/p>\n\n\n<div class=\"wp-block-image\">\n<figure class=\"aligncenter size-large\"><img loading=\"lazy\" decoding=\"async\" width=\"1024\" height=\"685\" src=\"https:\/\/www.em.com.br\/emfoco\/wp-content\/uploads\/2025\/02\/Snapinsta.app_467997130_18477728050054176_6108225832669803042_n_1080-1024x685.jpg\" alt=\"De uma garagem ao Shark Tank! O sucesso da Kaans Designs\" class=\"wp-image-22534\" srcset=\"https:\/\/www.em.com.br\/emfoco\/wp-content\/uploads\/2025\/02\/Snapinsta.app_467997130_18477728050054176_6108225832669803042_n_1080-1024x685.jpg 1024w, https:\/\/www.em.com.br\/emfoco\/wp-content\/uploads\/2025\/02\/Snapinsta.app_467997130_18477728050054176_6108225832669803042_n_1080-300x201.jpg 300w, https:\/\/www.em.com.br\/emfoco\/wp-content\/uploads\/2025\/02\/Snapinsta.app_467997130_18477728050054176_6108225832669803042_n_1080-768x513.jpg 768w, https:\/\/www.em.com.br\/emfoco\/wp-content\/uploads\/2025\/02\/Snapinsta.app_467997130_18477728050054176_6108225832669803042_n_1080-750x501.jpg 750w, https:\/\/www.em.com.br\/emfoco\/wp-content\/uploads\/2025\/02\/Snapinsta.app_467997130_18477728050054176_6108225832669803042_n_1080.jpg 1080w\" sizes=\"auto, (max-width: 1024px) 100vw, 1024px\" \/><figcaption class=\"wp-element-caption\">Kaans Designs (Foto: Instagram @kaansdesigns)<\/figcaption><\/figure><\/div>\n\n\n<h2 class=\"wp-block-heading\">Li\u00e7\u00f5es para empreendedores<\/h2>\n\n\n\n<p>A trajet\u00f3ria de Ashley e Kenny oferece importantes li\u00e7\u00f5es para outros <a href=\"https:\/\/www.em.com.br\/emfoco\/2025\/02\/23\/bilionarios-controlam-a-politica-dos-eua-em-2025-e-assustam-especialistas\/\" target=\"_blank\" rel=\"noreferrer noopener\">empreendedores<\/a>. Preservar a autonomia nas decis\u00f5es de neg\u00f3cios \u00e9 crucial, especialmente ao buscar financiamento externo. <\/p>\n\n\n\n<p>Al\u00e9m disso, saber quando buscar ajuda externa pode ser decisivo para expandir opera\u00e7\u00f5es sem comprometer a sa\u00fade financeira do neg\u00f3cio. Estrat\u00e9gias como aceitar mentorias podem acelerar o crescimento e abrir novas oportunidades.<\/p>\n\n\n\n<h2 class=\"wp-block-heading\">Capacita\u00e7\u00e3o em finan\u00e7as empresariais<\/h2>\n\n\n\n<p>Para empreendedores que desejam aprofundar seus conhecimentos em finan\u00e7as corporativas, existem cursos especializados que oferecem uma compreens\u00e3o abrangente sobre o tema. <\/p>\n\n\n\n<p>Esses cursos utilizam casos reais de sucesso para proporcionar insights sobre administra\u00e7\u00e3o estrat\u00e9gica, permitindo que os participantes entendam como pr\u00e1ticas financeiras s\u00f3lidas podem impactar positivamente o desempenho empresarial.<\/p>\n","protected":false},"excerpt":{"rendered":"<p>A Kaans Designs surgiu de uma necessidade pessoal de Ashley Green, que, ap\u00f3s uma perda familiar significativa, percebeu a import\u00e2ncia de preservar mem\u00f3rias com entes queridos. Essa percep\u00e7\u00e3o a motivou a criar uma empresa que oferecesse roupas coordenadas para fam\u00edlias, com o intuito de fortalecer la\u00e7os e criar lembran\u00e7as duradouras. Em 2014, Ashley e seu [&hellip;]<\/p>\n","protected":false},"author":10,"featured_media":22535,"comment_status":"open","ping_status":"open","sticky":false,"template":"","format":"standard","meta":{"jnews-multi-image_gallery":[],"jnews_single_post":{"format":"standard"},"jnews_primary_category":[],"jnews_social_meta":[],"jnews_override_counter":[],"footnotes":""},"categories":[28,1],"tags":[378,5517,5518,377],"class_list":["post-22531","post","type-post","status-publish","format-standard","has-post-thumbnail","hentry","category-economia","category-noticias","tag-investimentos","tag-kaans-designs","tag-shark-tank","tag-sucesso"],"yoast_head":"<!-- This site is optimized with the Yoast SEO plugin v23.8 - https:\/\/yoast.com\/wordpress\/plugins\/seo\/ -->\n<title>De uma garagem ao Shark Tank! O sucesso da Kaans Designs - Estado de Minas - Em foco<\/title>\n<meta name=\"description\" content=\"De um pequeno investimento a um neg\u00f3cio de sucesso! Saiba como a Kaans Designs expandiu e recebeu uma oferta no Shark Tank.\" \/>\n<meta name=\"robots\" content=\"index, follow, max-snippet:-1, max-image-preview:large, max-video-preview:-1\" \/>\n<link rel=\"canonical\" href=\"https:\/\/www.em.com.br\/emfoco\/2025\/02\/24\/de-uma-garagem-ao-shark-tank-o-sucesso-da-kaans-designs\/\" \/>\n<meta property=\"og:locale\" content=\"pt_BR\" \/>\n<meta property=\"og:type\" content=\"article\" \/>\n<meta property=\"og:title\" content=\"De uma garagem ao Shark Tank! O sucesso da Kaans Designs - Estado de Minas - Em foco\" \/>\n<meta property=\"og:description\" content=\"De um pequeno investimento a um neg\u00f3cio de sucesso! Saiba como a Kaans Designs expandiu e recebeu uma oferta no Shark Tank.\" \/>\n<meta property=\"og:url\" content=\"https:\/\/www.em.com.br\/emfoco\/2025\/02\/24\/de-uma-garagem-ao-shark-tank-o-sucesso-da-kaans-designs\/\" \/>\n<meta property=\"og:site_name\" content=\"Estado de Minas - Em foco\" \/>\n<meta property=\"article:published_time\" content=\"2025-02-24T20:30:00+00:00\" \/>\n<meta property=\"article:modified_time\" content=\"2025-02-24T20:26:44+00:00\" \/>\n<meta property=\"og:image\" content=\"https:\/\/www.em.com.br\/emfoco\/wp-content\/uploads\/2025\/02\/Snapinsta.app_468108469_18477728041054176_8079479238564872277_n_1080.jpg\" \/>\n\t<meta property=\"og:image:width\" content=\"1080\" \/>\n\t<meta property=\"og:image:height\" content=\"722\" \/>\n\t<meta property=\"og:image:type\" content=\"image\/jpeg\" \/>\n<meta name=\"author\" content=\"Patryck Reinehr\" \/>\n<meta name=\"twitter:card\" content=\"summary_large_image\" \/>\n<meta name=\"twitter:label1\" content=\"Escrito por\" \/>\n\t<meta name=\"twitter:data1\" content=\"Patryck Reinehr\" \/>\n\t<meta name=\"twitter:label2\" content=\"Est. tempo de leitura\" \/>\n\t<meta name=\"twitter:data2\" content=\"3 minutos\" \/>\n<!-- \/ Yoast SEO plugin. -->","yoast_head_json":{"title":"De uma garagem ao Shark Tank! O sucesso da Kaans Designs - Estado de Minas - Em foco","description":"De um pequeno investimento a um neg\u00f3cio de sucesso! Saiba como a Kaans Designs expandiu e recebeu uma oferta no Shark Tank.","robots":{"index":"index","follow":"follow","max-snippet":"max-snippet:-1","max-image-preview":"max-image-preview:large","max-video-preview":"max-video-preview:-1"},"canonical":"https:\/\/www.em.com.br\/emfoco\/2025\/02\/24\/de-uma-garagem-ao-shark-tank-o-sucesso-da-kaans-designs\/","og_locale":"pt_BR","og_type":"article","og_title":"De uma garagem ao Shark Tank! O sucesso da Kaans Designs - Estado de Minas - Em foco","og_description":"De um pequeno investimento a um neg\u00f3cio de sucesso! Saiba como a Kaans Designs expandiu e recebeu uma oferta no Shark Tank.","og_url":"https:\/\/www.em.com.br\/emfoco\/2025\/02\/24\/de-uma-garagem-ao-shark-tank-o-sucesso-da-kaans-designs\/","og_site_name":"Estado de Minas - Em foco","article_published_time":"2025-02-24T20:30:00+00:00","article_modified_time":"2025-02-24T20:26:44+00:00","og_image":[{"width":1080,"height":722,"url":"https:\/\/www.em.com.br\/emfoco\/wp-content\/uploads\/2025\/02\/Snapinsta.app_468108469_18477728041054176_8079479238564872277_n_1080.jpg","type":"image\/jpeg"}],"author":"Patryck Reinehr","twitter_card":"summary_large_image","twitter_misc":{"Escrito por":"Patryck Reinehr","Est. tempo de leitura":"3 minutos"},"schema":{"@context":"https:\/\/schema.org","@graph":[{"@type":"WebPage","@id":"https:\/\/www.em.com.br\/emfoco\/2025\/02\/24\/de-uma-garagem-ao-shark-tank-o-sucesso-da-kaans-designs\/","url":"https:\/\/www.em.com.br\/emfoco\/2025\/02\/24\/de-uma-garagem-ao-shark-tank-o-sucesso-da-kaans-designs\/","name":"De uma garagem ao Shark Tank! O sucesso da Kaans Designs - Estado de Minas - Em foco","isPartOf":{"@id":"https:\/\/www.em.com.br\/emfoco\/#website"},"primaryImageOfPage":{"@id":"https:\/\/www.em.com.br\/emfoco\/2025\/02\/24\/de-uma-garagem-ao-shark-tank-o-sucesso-da-kaans-designs\/#primaryimage"},"image":{"@id":"https:\/\/www.em.com.br\/emfoco\/2025\/02\/24\/de-uma-garagem-ao-shark-tank-o-sucesso-da-kaans-designs\/#primaryimage"},"thumbnailUrl":"https:\/\/www.em.com.br\/emfoco\/wp-content\/uploads\/2025\/02\/Snapinsta.app_468108469_18477728041054176_8079479238564872277_n_1080.jpg","datePublished":"2025-02-24T20:30:00+00:00","dateModified":"2025-02-24T20:26:44+00:00","author":{"@id":"https:\/\/www.em.com.br\/emfoco\/#\/schema\/person\/43407752bebcbbb4d0ec79deedc0d7ce"},"description":"De um pequeno investimento a um neg\u00f3cio de sucesso! Saiba como a Kaans Designs expandiu e recebeu uma oferta no Shark Tank.","breadcrumb":{"@id":"https:\/\/www.em.com.br\/emfoco\/2025\/02\/24\/de-uma-garagem-ao-shark-tank-o-sucesso-da-kaans-designs\/#breadcrumb"},"inLanguage":"pt-BR","potentialAction":[{"@type":"ReadAction","target":["https:\/\/www.em.com.br\/emfoco\/2025\/02\/24\/de-uma-garagem-ao-shark-tank-o-sucesso-da-kaans-designs\/"]}]},{"@type":"ImageObject","inLanguage":"pt-BR","@id":"https:\/\/www.em.com.br\/emfoco\/2025\/02\/24\/de-uma-garagem-ao-shark-tank-o-sucesso-da-kaans-designs\/#primaryimage","url":"https:\/\/www.em.com.br\/emfoco\/wp-content\/uploads\/2025\/02\/Snapinsta.app_468108469_18477728041054176_8079479238564872277_n_1080.jpg","contentUrl":"https:\/\/www.em.com.br\/emfoco\/wp-content\/uploads\/2025\/02\/Snapinsta.app_468108469_18477728041054176_8079479238564872277_n_1080.jpg","width":1080,"height":722,"caption":"Kaans Designs (Foto: Instagram @kaansdesigns)"},{"@type":"BreadcrumbList","@id":"https:\/\/www.em.com.br\/emfoco\/2025\/02\/24\/de-uma-garagem-ao-shark-tank-o-sucesso-da-kaans-designs\/#breadcrumb","itemListElement":[{"@type":"ListItem","position":1,"name":"In\u00edcio","item":"https:\/\/www.em.com.br\/emfoco\/"},{"@type":"ListItem","position":2,"name":"De uma garagem ao Shark Tank! O sucesso da Kaans Designs"}]},{"@type":"WebSite","@id":"https:\/\/www.em.com.br\/emfoco\/#website","url":"https:\/\/www.em.com.br\/emfoco\/","name":"Estado de Minas - Em foco","description":"Acompanhe as \u00faltimas not\u00edcias e fique bem informado sobre tudo o que acontece em Minas Gerais, Brasil e no mundo.","potentialAction":[{"@type":"SearchAction","target":{"@type":"EntryPoint","urlTemplate":"https:\/\/www.em.com.br\/emfoco\/?s={search_term_string}"},"query-input":{"@type":"PropertyValueSpecification","valueRequired":true,"valueName":"search_term_string"}}],"inLanguage":"pt-BR"},{"@type":"Person","@id":"https:\/\/www.em.com.br\/emfoco\/#\/schema\/person\/43407752bebcbbb4d0ec79deedc0d7ce","name":"Patryck Reinehr","image":{"@type":"ImageObject","inLanguage":"pt-BR","@id":"https:\/\/www.em.com.br\/emfoco\/#\/schema\/person\/image\/","url":"https:\/\/secure.gravatar.com\/avatar\/570c7fb2898c0e2df0823196891bea88?s=96&d=mm&r=g","contentUrl":"https:\/\/secure.gravatar.com\/avatar\/570c7fb2898c0e2df0823196891bea88?s=96&d=mm&r=g","caption":"Patryck Reinehr"},"url":"https:\/\/www.em.com.br\/emfoco\/author\/patryckmyth\/"}]}},"_links":{"self":[{"href":"https:\/\/www.em.com.br\/emfoco\/wp-json\/wp\/v2\/posts\/22531","targetHints":{"allow":["GET"]}}],"collection":[{"href":"https:\/\/www.em.com.br\/emfoco\/wp-json\/wp\/v2\/posts"}],"about":[{"href":"https:\/\/www.em.com.br\/emfoco\/wp-json\/wp\/v2\/types\/post"}],"author":[{"embeddable":true,"href":"https:\/\/www.em.com.br\/emfoco\/wp-json\/wp\/v2\/users\/10"}],"replies":[{"embeddable":true,"href":"https:\/\/www.em.com.br\/emfoco\/wp-json\/wp\/v2\/comments?post=22531"}],"version-history":[{"count":1,"href":"https:\/\/www.em.com.br\/emfoco\/wp-json\/wp\/v2\/posts\/22531\/revisions"}],"predecessor-version":[{"id":22538,"href":"https:\/\/www.em.com.br\/emfoco\/wp-json\/wp\/v2\/posts\/22531\/revisions\/22538"}],"wp:featuredmedia":[{"embeddable":true,"href":"https:\/\/www.em.com.br\/emfoco\/wp-json\/wp\/v2\/media\/22535"}],"wp:attachment":[{"href":"https:\/\/www.em.com.br\/emfoco\/wp-json\/wp\/v2\/media?parent=22531"}],"wp:term":[{"taxonomy":"category","embeddable":true,"href":"https:\/\/www.em.com.br\/emfoco\/wp-json\/wp\/v2\/categories?post=22531"},{"taxonomy":"post_tag","embeddable":true,"href":"https:\/\/www.em.com.br\/emfoco\/wp-json\/wp\/v2\/tags?post=22531"}],"curies":[{"name":"wp","href":"https:\/\/api.w.org\/{rel}","templated":true}]}}