{"id":22410,"date":"2025-02-25T17:00:21","date_gmt":"2025-02-25T20:00:21","guid":{"rendered":"https:\/\/www.em.com.br\/emfoco\/?p=22410"},"modified":"2025-02-24T17:44:10","modified_gmt":"2025-02-24T20:44:10","slug":"entenda-como-funciona-o-beneficio-que-oferece-suporte-a-quem-mais-precisa","status":"publish","type":"post","link":"https:\/\/www.em.com.br\/emfoco\/2025\/02\/25\/entenda-como-funciona-o-beneficio-que-oferece-suporte-a-quem-mais-precisa\/","title":{"rendered":"Entenda como funciona o benef\u00edcio que oferece suporte a quem mais precisa"},"content":{"rendered":"\n<p>O <strong>Benef\u00edcio de Presta\u00e7\u00e3o Continuada (<a href=\"https:\/\/www.gov.br\/mds\/pt-br\/acoes-e-programas\/suas\/beneficios-assistenciais\/beneficio-assistencial-ao-idoso-e-a-pessoa-com-deficiencia-bpc\" target=\"_blank\" rel=\"noreferrer noopener\">BPC<\/a>)<\/strong> \u00e9 um programa social brasileiro que visa garantir uma renda m\u00ednima para pessoas em situa\u00e7\u00e3o de vulnerabilidade econ\u00f4mica. Administrado pelo <strong>Instituto Nacional do Seguro Social (<a href=\"https:\/\/www.em.com.br\/emfoco\/2025\/02\/24\/inss-estende-a-mao-e-oferece-suporte-financeiro-urgente\/\" target=\"_blank\" rel=\"noreferrer noopener\">INSS<\/a>)<\/strong>, o BPC \u00e9 destinado a idosos com mais de 65 anos e pessoas com defici\u00eancia que comprovem viver em condi\u00e7\u00f5es de baixa renda. O benef\u00edcio \u00e9 equivalente a um sal\u00e1rio m\u00ednimo mensal, proporcionando um al\u00edvio financeiro significativo para aqueles que se enquadram nos crit\u00e9rios de elegibilidade.<\/p>\n\n\n\n<h2 class=\"wp-block-heading\">Como o novo sal\u00e1rio m\u00ednimo afeta o BPC em 2025?<\/h2>\n\n\n\n<p>Com o reajuste do sal\u00e1rio m\u00ednimo em 2025, o valor do BPC tamb\u00e9m foi atualizado. A partir de janeiro de 2025, o benef\u00edcio passou a ser de R$ 1.518, um aumento em rela\u00e7\u00e3o ao valor de R$ 1.412 de 2024. Essa altera\u00e7\u00e3o n\u00e3o apenas ajusta o valor recebido pelos benefici\u00e1rios, mas tamb\u00e9m redefine o crit\u00e9rio de renda familiar para a concess\u00e3o do benef\u00edcio. Agora, a renda per capita familiar n\u00e3o pode ultrapassar 25% do sal\u00e1rio m\u00ednimo, o que corresponde a R$ 379,50 por pessoa.<\/p>\n\n\n\n<h2 class=\"wp-block-heading\">Quais s\u00e3o os crit\u00e9rios para receber o BPC?<\/h2>\n\n\n\n<p>Para ter direito ao BPC, \u00e9 necess\u00e1rio atender a alguns crit\u00e9rios espec\u00edficos. Primeiramente, o solicitante deve ser um idoso com mais de 65 anos ou uma pessoa com defici\u00eancia. Al\u00e9m disso, a renda familiar per capita deve ser inferior a 25% do sal\u00e1rio m\u00ednimo vigente. \u00c9 essencial que o solicitante esteja inscrito no <strong>Cadastro \u00danico<\/strong>, um sistema que verifica a situa\u00e7\u00e3o de pobreza do cidad\u00e3o. No c\u00e1lculo da renda per capita, s\u00e3o considerados todos os rendimentos dos moradores da mesma resid\u00eancia, exceto os benef\u00edcios sociais.<\/p>\n\n\n<div class=\"wp-block-image\">\n<figure class=\"aligncenter size-large\"><img loading=\"lazy\" decoding=\"async\" width=\"1024\" height=\"576\" src=\"https:\/\/www.em.com.br\/emfoco\/wp-content\/uploads\/2024\/12\/Idoso-Brasileiro_1733800902102-1024x576.jpg\" alt=\"Entenda como funciona o benef\u00edcio que oferece suporte a quem mais precisa\" class=\"wp-image-4095\" srcset=\"https:\/\/www.em.com.br\/emfoco\/wp-content\/uploads\/2024\/12\/Idoso-Brasileiro_1733800902102-1024x576.jpg 1024w, https:\/\/www.em.com.br\/emfoco\/wp-content\/uploads\/2024\/12\/Idoso-Brasileiro_1733800902102-300x169.jpg 300w, https:\/\/www.em.com.br\/emfoco\/wp-content\/uploads\/2024\/12\/Idoso-Brasileiro_1733800902102-768x432.jpg 768w, https:\/\/www.em.com.br\/emfoco\/wp-content\/uploads\/2024\/12\/Idoso-Brasileiro_1733800902102-750x422.jpg 750w, https:\/\/www.em.com.br\/emfoco\/wp-content\/uploads\/2024\/12\/Idoso-Brasileiro_1733800902102-1140x641.jpg 1140w, https:\/\/www.em.com.br\/emfoco\/wp-content\/uploads\/2024\/12\/Idoso-Brasileiro_1733800902102.jpg 1280w\" sizes=\"auto, (max-width: 1024px) 100vw, 1024px\" \/><figcaption class=\"wp-element-caption\">BPC &#8211; Cr\u00e9ditos: depositphotos.com \/ verganifotografia<\/figcaption><\/figure><\/div>\n\n\n<h2 class=\"wp-block-heading\">Como se inscrever no Cadastro \u00danico?<\/h2>\n\n\n\n<p>O Cadastro \u00danico \u00e9 uma ferramenta fundamental para a concess\u00e3o do BPC e outros programas sociais. Para se inscrever, o respons\u00e1vel pela fam\u00edlia deve comparecer a um <strong>Centro de Refer\u00eancia de Assist\u00eancia Social (CRAS)<\/strong> ou a um posto de atendimento do Cadastro \u00danico em sua cidade. \u00c9 necess\u00e1rio apresentar documentos de identifica\u00e7\u00e3o de todos os membros da fam\u00edlia, como <strong>CPF<\/strong>, <strong>RG <\/strong>e comprovante de resid\u00eancia. A inscri\u00e7\u00e3o no Cadastro \u00danico \u00e9 um passo crucial para acessar o BPC e outros benef\u00edcios sociais.<\/p>\n\n\n\n<h2 class=\"wp-block-heading\">Quais s\u00e3o os impactos do BPC na vida dos benefici\u00e1rios?<\/h2>\n\n\n\n<p>O BPC desempenha um papel vital na vida dos benefici\u00e1rios, proporcionando uma fonte de renda est\u00e1vel para aqueles que vivem em condi\u00e7\u00f5es de vulnerabilidade. Para muitos idosos e pessoas com defici\u00eancia, o benef\u00edcio \u00e9 a principal ou \u00fanica fonte de renda, garantindo o acesso a necessidades b\u00e1sicas como alimenta\u00e7\u00e3o, medicamentos e moradia. Al\u00e9m disso, o BPC contribui para a inclus\u00e3o social, permitindo que os benefici\u00e1rios participem mais ativamente da sociedade.<\/p>\n","protected":false},"excerpt":{"rendered":"<p>O Benef\u00edcio de Presta\u00e7\u00e3o Continuada (BPC) \u00e9 um programa social brasileiro que visa garantir uma renda m\u00ednima para pessoas em situa\u00e7\u00e3o de vulnerabilidade econ\u00f4mica. Administrado pelo Instituto Nacional do Seguro Social (INSS), o BPC \u00e9 destinado a idosos com mais de 65 anos e pessoas com defici\u00eancia que comprovem viver em condi\u00e7\u00f5es de baixa renda. [&hellip;]<\/p>\n","protected":false},"author":7,"featured_media":5121,"comment_status":"open","ping_status":"open","sticky":false,"template":"","format":"standard","meta":{"jnews-multi-image_gallery":[],"jnews_single_post":{"format":"standard"},"jnews_primary_category":[],"jnews_social_meta":[],"jnews_override_counter":[],"footnotes":""},"categories":[28],"tags":[257,260,2512,717],"class_list":["post-22410","post","type-post","status-publish","format-standard","has-post-thumbnail","hentry","category-economia","tag-bpc","tag-idosos","tag-programa-social","tag-salario-minimo"],"yoast_head":"<!-- This site is optimized with the Yoast SEO plugin v23.8 - https:\/\/yoast.com\/wordpress\/plugins\/seo\/ -->\n<title>Entenda como funciona o benef\u00edcio que oferece suporte a quem mais precisa - Estado de Minas - Em foco<\/title>\n<meta name=\"description\" content=\"Descubra como funciona o benef\u00edcio que oferece suporte a quem mais precisa. Guia completo e informa\u00e7\u00f5es importantes.\" \/>\n<meta name=\"robots\" content=\"index, follow, max-snippet:-1, max-image-preview:large, max-video-preview:-1\" \/>\n<link rel=\"canonical\" href=\"https:\/\/www.em.com.br\/emfoco\/2025\/02\/25\/entenda-como-funciona-o-beneficio-que-oferece-suporte-a-quem-mais-precisa\/\" \/>\n<meta property=\"og:locale\" content=\"pt_BR\" \/>\n<meta property=\"og:type\" content=\"article\" \/>\n<meta property=\"og:title\" content=\"Entenda como funciona o benef\u00edcio que oferece suporte a quem mais precisa - Estado de Minas - Em foco\" \/>\n<meta property=\"og:description\" content=\"Descubra como funciona o benef\u00edcio que oferece suporte a quem mais precisa. Guia completo e informa\u00e7\u00f5es importantes.\" \/>\n<meta property=\"og:url\" content=\"https:\/\/www.em.com.br\/emfoco\/2025\/02\/25\/entenda-como-funciona-o-beneficio-que-oferece-suporte-a-quem-mais-precisa\/\" \/>\n<meta property=\"og:site_name\" content=\"Estado de Minas - Em foco\" \/>\n<meta property=\"article:published_time\" content=\"2025-02-25T20:00:21+00:00\" \/>\n<meta property=\"article:modified_time\" content=\"2025-02-24T20:44:10+00:00\" \/>\n<meta property=\"og:image\" content=\"https:\/\/www.em.com.br\/emfoco\/wp-content\/uploads\/2024\/12\/old-man-money_1734294503577.jpg\" \/>\n\t<meta property=\"og:image:width\" content=\"1280\" \/>\n\t<meta property=\"og:image:height\" content=\"720\" \/>\n\t<meta property=\"og:image:type\" content=\"image\/jpeg\" \/>\n<meta name=\"author\" content=\"Kelvin\" \/>\n<meta name=\"twitter:card\" content=\"summary_large_image\" \/>\n<meta name=\"twitter:label1\" content=\"Escrito por\" \/>\n\t<meta name=\"twitter:data1\" content=\"Kelvin\" \/>\n\t<meta name=\"twitter:label2\" content=\"Est. tempo de leitura\" \/>\n\t<meta name=\"twitter:data2\" content=\"1 minuto\" \/>\n<!-- \/ Yoast SEO plugin. -->","yoast_head_json":{"title":"Entenda como funciona o benef\u00edcio que oferece suporte a quem mais precisa - Estado de Minas - Em foco","description":"Descubra como funciona o benef\u00edcio que oferece suporte a quem mais precisa. Guia completo e informa\u00e7\u00f5es importantes.","robots":{"index":"index","follow":"follow","max-snippet":"max-snippet:-1","max-image-preview":"max-image-preview:large","max-video-preview":"max-video-preview:-1"},"canonical":"https:\/\/www.em.com.br\/emfoco\/2025\/02\/25\/entenda-como-funciona-o-beneficio-que-oferece-suporte-a-quem-mais-precisa\/","og_locale":"pt_BR","og_type":"article","og_title":"Entenda como funciona o benef\u00edcio que oferece suporte a quem mais precisa - Estado de Minas - Em foco","og_description":"Descubra como funciona o benef\u00edcio que oferece suporte a quem mais precisa. Guia completo e informa\u00e7\u00f5es importantes.","og_url":"https:\/\/www.em.com.br\/emfoco\/2025\/02\/25\/entenda-como-funciona-o-beneficio-que-oferece-suporte-a-quem-mais-precisa\/","og_site_name":"Estado de Minas - Em foco","article_published_time":"2025-02-25T20:00:21+00:00","article_modified_time":"2025-02-24T20:44:10+00:00","og_image":[{"width":1280,"height":720,"url":"https:\/\/www.em.com.br\/emfoco\/wp-content\/uploads\/2024\/12\/old-man-money_1734294503577.jpg","type":"image\/jpeg"}],"author":"Kelvin","twitter_card":"summary_large_image","twitter_misc":{"Escrito por":"Kelvin","Est. tempo de leitura":"1 minuto"},"schema":{"@context":"https:\/\/schema.org","@graph":[{"@type":"WebPage","@id":"https:\/\/www.em.com.br\/emfoco\/2025\/02\/25\/entenda-como-funciona-o-beneficio-que-oferece-suporte-a-quem-mais-precisa\/","url":"https:\/\/www.em.com.br\/emfoco\/2025\/02\/25\/entenda-como-funciona-o-beneficio-que-oferece-suporte-a-quem-mais-precisa\/","name":"Entenda como funciona o benef\u00edcio que oferece suporte a quem mais precisa - Estado de Minas - Em foco","isPartOf":{"@id":"https:\/\/www.em.com.br\/emfoco\/#website"},"primaryImageOfPage":{"@id":"https:\/\/www.em.com.br\/emfoco\/2025\/02\/25\/entenda-como-funciona-o-beneficio-que-oferece-suporte-a-quem-mais-precisa\/#primaryimage"},"image":{"@id":"https:\/\/www.em.com.br\/emfoco\/2025\/02\/25\/entenda-como-funciona-o-beneficio-que-oferece-suporte-a-quem-mais-precisa\/#primaryimage"},"thumbnailUrl":"https:\/\/www.em.com.br\/emfoco\/wp-content\/uploads\/2024\/12\/old-man-money_1734294503577.jpg","datePublished":"2025-02-25T20:00:21+00:00","dateModified":"2025-02-24T20:44:10+00:00","author":{"@id":"https:\/\/www.em.com.br\/emfoco\/#\/schema\/person\/fb0a7f48c6fbb94b83f413a80f61917d"},"description":"Descubra como funciona o benef\u00edcio que oferece suporte a quem mais precisa. Guia completo e informa\u00e7\u00f5es importantes.","breadcrumb":{"@id":"https:\/\/www.em.com.br\/emfoco\/2025\/02\/25\/entenda-como-funciona-o-beneficio-que-oferece-suporte-a-quem-mais-precisa\/#breadcrumb"},"inLanguage":"pt-BR","potentialAction":[{"@type":"ReadAction","target":["https:\/\/www.em.com.br\/emfoco\/2025\/02\/25\/entenda-como-funciona-o-beneficio-que-oferece-suporte-a-quem-mais-precisa\/"]}]},{"@type":"ImageObject","inLanguage":"pt-BR","@id":"https:\/\/www.em.com.br\/emfoco\/2025\/02\/25\/entenda-como-funciona-o-beneficio-que-oferece-suporte-a-quem-mais-precisa\/#primaryimage","url":"https:\/\/www.em.com.br\/emfoco\/wp-content\/uploads\/2024\/12\/old-man-money_1734294503577.jpg","contentUrl":"https:\/\/www.em.com.br\/emfoco\/wp-content\/uploads\/2024\/12\/old-man-money_1734294503577.jpg","width":1280,"height":720,"caption":"BPC - Cr\u00e9ditos: depositphotos.com \/ glowonconcept"},{"@type":"BreadcrumbList","@id":"https:\/\/www.em.com.br\/emfoco\/2025\/02\/25\/entenda-como-funciona-o-beneficio-que-oferece-suporte-a-quem-mais-precisa\/#breadcrumb","itemListElement":[{"@type":"ListItem","position":1,"name":"In\u00edcio","item":"https:\/\/www.em.com.br\/emfoco\/"},{"@type":"ListItem","position":2,"name":"Entenda como funciona o benef\u00edcio que oferece suporte a quem mais precisa"}]},{"@type":"WebSite","@id":"https:\/\/www.em.com.br\/emfoco\/#website","url":"https:\/\/www.em.com.br\/emfoco\/","name":"Estado de Minas - Em foco","description":"Acompanhe as \u00faltimas not\u00edcias e fique bem informado sobre tudo o que acontece em Minas Gerais, Brasil e no mundo.","potentialAction":[{"@type":"SearchAction","target":{"@type":"EntryPoint","urlTemplate":"https:\/\/www.em.com.br\/emfoco\/?s={search_term_string}"},"query-input":{"@type":"PropertyValueSpecification","valueRequired":true,"valueName":"search_term_string"}}],"inLanguage":"pt-BR"},{"@type":"Person","@id":"https:\/\/www.em.com.br\/emfoco\/#\/schema\/person\/fb0a7f48c6fbb94b83f413a80f61917d","name":"Kelvin","image":{"@type":"ImageObject","inLanguage":"pt-BR","@id":"https:\/\/www.em.com.br\/emfoco\/#\/schema\/person\/image\/","url":"https:\/\/secure.gravatar.com\/avatar\/e74f84337e6bf6c4c5e88fbdffa05270?s=96&d=mm&r=g","contentUrl":"https:\/\/secure.gravatar.com\/avatar\/e74f84337e6bf6c4c5e88fbdffa05270?s=96&d=mm&r=g","caption":"Kelvin"},"sameAs":["https:\/\/www.em.com.br\/emfoco"],"url":"https:\/\/www.em.com.br\/emfoco\/author\/kelvinmyth\/"}]}},"_links":{"self":[{"href":"https:\/\/www.em.com.br\/emfoco\/wp-json\/wp\/v2\/posts\/22410","targetHints":{"allow":["GET"]}}],"collection":[{"href":"https:\/\/www.em.com.br\/emfoco\/wp-json\/wp\/v2\/posts"}],"about":[{"href":"https:\/\/www.em.com.br\/emfoco\/wp-json\/wp\/v2\/types\/post"}],"author":[{"embeddable":true,"href":"https:\/\/www.em.com.br\/emfoco\/wp-json\/wp\/v2\/users\/7"}],"replies":[{"embeddable":true,"href":"https:\/\/www.em.com.br\/emfoco\/wp-json\/wp\/v2\/comments?post=22410"}],"version-history":[{"count":3,"href":"https:\/\/www.em.com.br\/emfoco\/wp-json\/wp\/v2\/posts\/22410\/revisions"}],"predecessor-version":[{"id":22413,"href":"https:\/\/www.em.com.br\/emfoco\/wp-json\/wp\/v2\/posts\/22410\/revisions\/22413"}],"wp:featuredmedia":[{"embeddable":true,"href":"https:\/\/www.em.com.br\/emfoco\/wp-json\/wp\/v2\/media\/5121"}],"wp:attachment":[{"href":"https:\/\/www.em.com.br\/emfoco\/wp-json\/wp\/v2\/media?parent=22410"}],"wp:term":[{"taxonomy":"category","embeddable":true,"href":"https:\/\/www.em.com.br\/emfoco\/wp-json\/wp\/v2\/categories?post=22410"},{"taxonomy":"post_tag","embeddable":true,"href":"https:\/\/www.em.com.br\/emfoco\/wp-json\/wp\/v2\/tags?post=22410"}],"curies":[{"name":"wp","href":"https:\/\/api.w.org\/{rel}","templated":true}]}}