{"id":22399,"date":"2025-02-25T11:20:43","date_gmt":"2025-02-25T14:20:43","guid":{"rendered":"https:\/\/www.em.com.br\/emfoco\/?p=22399"},"modified":"2025-02-24T17:15:31","modified_gmt":"2025-02-24T20:15:31","slug":"seguro-desemprego-um-direito-um-apoio-um-recomeco-para-o-trabalhador-brasileiro","status":"publish","type":"post","link":"https:\/\/www.em.com.br\/emfoco\/2025\/02\/25\/seguro-desemprego-um-direito-um-apoio-um-recomeco-para-o-trabalhador-brasileiro\/","title":{"rendered":"Seguro-Desemprego registra aumento de pedidos! Entenda o que est\u00e1 acontecendo"},"content":{"rendered":"\n<p>O <strong>seguro-desemprego<\/strong> \u00e9 um <a href=\"https:\/\/www.em.com.br\/emfoco\/2025\/02\/24\/governo-oferece-varios-beneficios-para-quem-tem-60-anos-ou-mais-saiba-como-aproveitar\/\" target=\"_blank\" rel=\"noreferrer noopener\">benef\u00edcio <\/a>essencial para trabalhadores que perderam seus empregos sem justa causa no <strong>Brasil<\/strong>. Em 2024, o n\u00famero de pedidos desse benef\u00edcio atingiu um patamar significativo, com 7,44 milh\u00f5es de solicita\u00e7\u00f5es registradas. Este aumento de 4% em rela\u00e7\u00e3o a 2023 destaca a import\u00e2ncia do seguro-desemprego em tempos de incerteza econ\u00f4mica e instabilidade no mercado de trabalho.<\/p>\n\n\n\n<p>O crescimento no n\u00famero de pedidos de seguro-desemprego em 2024 foi o maior desde 2016, quando o pa\u00eds enfrentava um cen\u00e1rio econ\u00f4mico desafiador. Este aumento pode ser atribu\u00eddo a diversos fatores, incluindo a maior rotatividade no mercado de trabalho e o crescimento das contrata\u00e7\u00f5es formais, que ampliam o n\u00famero de trabalhadores eleg\u00edveis para o benef\u00edcio.<\/p>\n\n\n\n<h2 class=\"wp-block-heading\">Por que o Seguro-Desemprego est\u00e1 em alta?<\/h2>\n\n\n\n<p>O aumento nos pedidos de seguro-desemprego em 2024 pode ser explicado por uma s\u00e9rie de fatores. Em primeiro lugar, a economia brasileira tem mostrado sinais de recupera\u00e7\u00e3o, com um aumento nas contrata\u00e7\u00f5es formais. Isso, por sua vez, eleva o n\u00famero de trabalhadores com carteira assinada, que s\u00e3o os principais benefici\u00e1rios do seguro-desemprego.<\/p>\n\n\n\n<p>Al\u00e9m disso, a taxa de desemprego no Brasil atingiu o menor n\u00edvel desde o in\u00edcio da s\u00e9rie hist\u00f3rica do <strong>IBGE<\/strong>, fechando 2024 em 6,6%. Apesar disso, a rotatividade no mercado de trabalho continua alta, o que pode levar a um aumento nos pedidos de seguro-desemprego. A informalidade tamb\u00e9m apresentou um leve recuo, passando de 39,2% em 2023 para 39,0% em 2024, o que pode indicar uma tend\u00eancia de formaliza\u00e7\u00e3o do trabalho.<\/p>\n\n\n<div class=\"wp-block-image\">\n<figure class=\"aligncenter size-large\"><img loading=\"lazy\" decoding=\"async\" width=\"1024\" height=\"576\" src=\"https:\/\/www.em.com.br\/emfoco\/wp-content\/uploads\/2025\/02\/auxilio_1739545217404-1024x576.jpg\" alt=\"Seguro-Desemprego Um direito, um apoio, um recome\u00e7o para o trabalhador brasileiro\" class=\"wp-image-19668\" srcset=\"https:\/\/www.em.com.br\/emfoco\/wp-content\/uploads\/2025\/02\/auxilio_1739545217404-1024x576.jpg 1024w, https:\/\/www.em.com.br\/emfoco\/wp-content\/uploads\/2025\/02\/auxilio_1739545217404-300x169.jpg 300w, https:\/\/www.em.com.br\/emfoco\/wp-content\/uploads\/2025\/02\/auxilio_1739545217404-768x432.jpg 768w, https:\/\/www.em.com.br\/emfoco\/wp-content\/uploads\/2025\/02\/auxilio_1739545217404-750x422.jpg 750w, https:\/\/www.em.com.br\/emfoco\/wp-content\/uploads\/2025\/02\/auxilio_1739545217404-1140x641.jpg 1140w, https:\/\/www.em.com.br\/emfoco\/wp-content\/uploads\/2025\/02\/auxilio_1739545217404.jpg 1280w\" sizes=\"auto, (max-width: 1024px) 100vw, 1024px\" \/><figcaption class=\"wp-element-caption\">Auxillio &#8211; Cr\u00e9ditos: depositphotos.com \/ rafapress<\/figcaption><\/figure><\/div>\n\n\n<h2 class=\"wp-block-heading\">Como solicitar o Seguro-Desemprego?<\/h2>\n\n\n\n<p>Para solicitar o seguro-desemprego, os trabalhadores devem seguir alguns passos simples. Primeiramente, \u00e9 necess\u00e1rio baixar o <strong><a href=\"https:\/\/www.gov.br\/pt-br\/temas\/carteira-de-trabalho-digital\" target=\"_blank\" rel=\"noreferrer noopener\">aplicativo Carteira de Trabalho Digital<\/a> <\/strong>no dispositivo m\u00f3vel. Em seguida, o usu\u00e1rio deve acessar a op\u00e7\u00e3o &#8220;Entrar com <a href=\"https:\/\/www.gov.br\/pt-br\" target=\"_blank\" rel=\"noreferrer noopener\">gov.br&#8221;<\/a> e fazer o login com sua conta Gov.br. Na aba &#8220;Benef\u00edcios&#8221;, localizada na parte inferior da tela, o trabalhador deve selecionar &#8220;Solicitar&#8221; na categoria &#8220;Seguro-Desemprego&#8221;.<\/p>\n\n\n\n<ol class=\"wp-block-list\">\n<li>Baixar o aplicativo Carteira de Trabalho Digital no dispositivo m\u00f3vel.<\/li>\n\n\n\n<li>Acessar \u201cEntrar com gov.br\u201d.<\/li>\n\n\n\n<li>Fazer o login com a conta Gov.br.<\/li>\n\n\n\n<li>Acessar a aba \u201cBenef\u00edcios\u201d, localizada na parte inferior da tela.<\/li>\n\n\n\n<li>Na categoria \u201cSeguro-Desemprego\u201d, selecionar \u201cSolicitar\u201d.<\/li>\n\n\n\n<li>Escolher a modalidade do benef\u00edcio.<\/li>\n\n\n\n<li>Informar o n\u00famero do requerimento.<\/li>\n\n\n\n<li>Aceitar os termos apresentados e iniciar a solicita\u00e7\u00e3o.<\/li>\n<\/ol>\n\n\n\n<h2 class=\"wp-block-heading\">Quais s\u00e3o os impactos do Seguro-Desemprego na economia?<\/h2>\n\n\n\n<p>O seguro-desemprego desempenha um papel crucial na economia brasileira, especialmente em tempos de instabilidade. Ele oferece uma rede de seguran\u00e7a para trabalhadores que perderam seus empregos, permitindo que eles mantenham um n\u00edvel b\u00e1sico de consumo enquanto buscam novas oportunidades de trabalho. Isso ajuda a sustentar a demanda agregada na economia, mitigando os efeitos negativos do desemprego.<\/p>\n\n\n\n<p>Al\u00e9m disso, o seguro-desemprego pode incentivar a formaliza\u00e7\u00e3o do trabalho, j\u00e1 que apenas trabalhadores com carteira assinada t\u00eam direito ao benef\u00edcio. Isso pode levar a uma maior arrecada\u00e7\u00e3o de impostos e contribui\u00e7\u00f5es previdenci\u00e1rias, fortalecendo as finan\u00e7as p\u00fablicas.<\/p>\n\n\n\n<h2 class=\"wp-block-heading\">O futuro do Seguro-Desemprego no Brasil<\/h2>\n\n\n\n<p>O seguro-desemprego continuar\u00e1 a ser uma ferramenta vital para proteger os trabalhadores brasileiros em tempos de transi\u00e7\u00e3o e incerteza econ\u00f4mica. Com a expectativa de recupera\u00e7\u00e3o econ\u00f4mica e a poss\u00edvel cria\u00e7\u00e3o de mais empregos formais, \u00e9 prov\u00e1vel que o n\u00famero de pedidos de seguro-desemprego se estabilize ou at\u00e9 diminua nos pr\u00f3ximos anos. No entanto, \u00e9 essencial que o governo continue a monitorar o mercado de trabalho e ajuste as pol\u00edticas de emprego conforme necess\u00e1rio para garantir que o seguro-desemprego continue a atender \u00e0s necessidades dos trabalhadores brasileiros.<\/p>\n","protected":false},"excerpt":{"rendered":"<p>O seguro-desemprego \u00e9 um benef\u00edcio essencial para trabalhadores que perderam seus empregos sem justa causa no Brasil. Em 2024, o n\u00famero de pedidos desse benef\u00edcio atingiu um patamar significativo, com 7,44 milh\u00f5es de solicita\u00e7\u00f5es registradas. Este aumento de 4% em rela\u00e7\u00e3o a 2023 destaca a import\u00e2ncia do seguro-desemprego em tempos de incerteza econ\u00f4mica e instabilidade [&hellip;]<\/p>\n","protected":false},"author":7,"featured_media":19677,"comment_status":"open","ping_status":"open","sticky":false,"template":"","format":"standard","meta":{"jnews-multi-image_gallery":[],"jnews_single_post":{"format":"standard"},"jnews_primary_category":[],"jnews_social_meta":[],"jnews_override_counter":[],"footnotes":""},"categories":[28],"tags":[5497,160,1832],"class_list":["post-22399","post","type-post","status-publish","format-standard","has-post-thumbnail","hentry","category-economia","tag-brasil-beneficio","tag-economia","tag-seguro-desemprego"],"yoast_head":"<!-- This site is optimized with the Yoast SEO plugin v23.8 - https:\/\/yoast.com\/wordpress\/plugins\/seo\/ -->\n<title>Seguro-Desemprego registra aumento de pedidos! Entenda o que est\u00e1 acontecendo - Estado de Minas - Em foco<\/title>\n<meta name=\"description\" content=\"Perdeu o emprego? Saiba como o Seguro-Desemprego pode te ajudar. Entenda seus direitos, benef\u00edcios e como solicitar o aux\u00edlio financeiro.\" \/>\n<meta name=\"robots\" content=\"index, follow, max-snippet:-1, max-image-preview:large, max-video-preview:-1\" \/>\n<link rel=\"canonical\" href=\"https:\/\/www.em.com.br\/emfoco\/2025\/02\/25\/seguro-desemprego-um-direito-um-apoio-um-recomeco-para-o-trabalhador-brasileiro\/\" \/>\n<meta property=\"og:locale\" content=\"pt_BR\" \/>\n<meta property=\"og:type\" content=\"article\" \/>\n<meta property=\"og:title\" content=\"Seguro-Desemprego registra aumento de pedidos! Entenda o que est\u00e1 acontecendo - Estado de Minas - Em foco\" \/>\n<meta property=\"og:description\" content=\"Perdeu o emprego? Saiba como o Seguro-Desemprego pode te ajudar. Entenda seus direitos, benef\u00edcios e como solicitar o aux\u00edlio financeiro.\" \/>\n<meta property=\"og:url\" content=\"https:\/\/www.em.com.br\/emfoco\/2025\/02\/25\/seguro-desemprego-um-direito-um-apoio-um-recomeco-para-o-trabalhador-brasileiro\/\" \/>\n<meta property=\"og:site_name\" content=\"Estado de Minas - Em foco\" \/>\n<meta property=\"article:published_time\" content=\"2025-02-25T14:20:43+00:00\" \/>\n<meta property=\"article:modified_time\" content=\"2025-02-24T20:15:31+00:00\" \/>\n<meta property=\"og:image\" content=\"https:\/\/www.em.com.br\/emfoco\/wp-content\/uploads\/2025\/02\/dinheiro_1739545473839.jpg\" \/>\n\t<meta property=\"og:image:width\" content=\"1280\" \/>\n\t<meta property=\"og:image:height\" content=\"720\" \/>\n\t<meta property=\"og:image:type\" content=\"image\/jpeg\" \/>\n<meta name=\"author\" content=\"Kelvin\" \/>\n<meta name=\"twitter:card\" content=\"summary_large_image\" \/>\n<meta name=\"twitter:label1\" content=\"Escrito por\" \/>\n\t<meta name=\"twitter:data1\" content=\"Kelvin\" \/>\n\t<meta name=\"twitter:label2\" content=\"Est. tempo de leitura\" \/>\n\t<meta name=\"twitter:data2\" content=\"4 minutos\" \/>\n<!-- \/ Yoast SEO plugin. -->","yoast_head_json":{"title":"Seguro-Desemprego registra aumento de pedidos! Entenda o que est\u00e1 acontecendo - Estado de Minas - Em foco","description":"Perdeu o emprego? Saiba como o Seguro-Desemprego pode te ajudar. Entenda seus direitos, benef\u00edcios e como solicitar o aux\u00edlio financeiro.","robots":{"index":"index","follow":"follow","max-snippet":"max-snippet:-1","max-image-preview":"max-image-preview:large","max-video-preview":"max-video-preview:-1"},"canonical":"https:\/\/www.em.com.br\/emfoco\/2025\/02\/25\/seguro-desemprego-um-direito-um-apoio-um-recomeco-para-o-trabalhador-brasileiro\/","og_locale":"pt_BR","og_type":"article","og_title":"Seguro-Desemprego registra aumento de pedidos! Entenda o que est\u00e1 acontecendo - Estado de Minas - Em foco","og_description":"Perdeu o emprego? Saiba como o Seguro-Desemprego pode te ajudar. Entenda seus direitos, benef\u00edcios e como solicitar o aux\u00edlio financeiro.","og_url":"https:\/\/www.em.com.br\/emfoco\/2025\/02\/25\/seguro-desemprego-um-direito-um-apoio-um-recomeco-para-o-trabalhador-brasileiro\/","og_site_name":"Estado de Minas - Em foco","article_published_time":"2025-02-25T14:20:43+00:00","article_modified_time":"2025-02-24T20:15:31+00:00","og_image":[{"width":1280,"height":720,"url":"https:\/\/www.em.com.br\/emfoco\/wp-content\/uploads\/2025\/02\/dinheiro_1739545473839.jpg","type":"image\/jpeg"}],"author":"Kelvin","twitter_card":"summary_large_image","twitter_misc":{"Escrito por":"Kelvin","Est. tempo de leitura":"4 minutos"},"schema":{"@context":"https:\/\/schema.org","@graph":[{"@type":"WebPage","@id":"https:\/\/www.em.com.br\/emfoco\/2025\/02\/25\/seguro-desemprego-um-direito-um-apoio-um-recomeco-para-o-trabalhador-brasileiro\/","url":"https:\/\/www.em.com.br\/emfoco\/2025\/02\/25\/seguro-desemprego-um-direito-um-apoio-um-recomeco-para-o-trabalhador-brasileiro\/","name":"Seguro-Desemprego registra aumento de pedidos! Entenda o que est\u00e1 acontecendo - Estado de Minas - Em foco","isPartOf":{"@id":"https:\/\/www.em.com.br\/emfoco\/#website"},"primaryImageOfPage":{"@id":"https:\/\/www.em.com.br\/emfoco\/2025\/02\/25\/seguro-desemprego-um-direito-um-apoio-um-recomeco-para-o-trabalhador-brasileiro\/#primaryimage"},"image":{"@id":"https:\/\/www.em.com.br\/emfoco\/2025\/02\/25\/seguro-desemprego-um-direito-um-apoio-um-recomeco-para-o-trabalhador-brasileiro\/#primaryimage"},"thumbnailUrl":"https:\/\/www.em.com.br\/emfoco\/wp-content\/uploads\/2025\/02\/dinheiro_1739545473839.jpg","datePublished":"2025-02-25T14:20:43+00:00","dateModified":"2025-02-24T20:15:31+00:00","author":{"@id":"https:\/\/www.em.com.br\/emfoco\/#\/schema\/person\/fb0a7f48c6fbb94b83f413a80f61917d"},"description":"Perdeu o emprego? Saiba como o Seguro-Desemprego pode te ajudar. Entenda seus direitos, benef\u00edcios e como solicitar o aux\u00edlio financeiro.","breadcrumb":{"@id":"https:\/\/www.em.com.br\/emfoco\/2025\/02\/25\/seguro-desemprego-um-direito-um-apoio-um-recomeco-para-o-trabalhador-brasileiro\/#breadcrumb"},"inLanguage":"pt-BR","potentialAction":[{"@type":"ReadAction","target":["https:\/\/www.em.com.br\/emfoco\/2025\/02\/25\/seguro-desemprego-um-direito-um-apoio-um-recomeco-para-o-trabalhador-brasileiro\/"]}]},{"@type":"ImageObject","inLanguage":"pt-BR","@id":"https:\/\/www.em.com.br\/emfoco\/2025\/02\/25\/seguro-desemprego-um-direito-um-apoio-um-recomeco-para-o-trabalhador-brasileiro\/#primaryimage","url":"https:\/\/www.em.com.br\/emfoco\/wp-content\/uploads\/2025\/02\/dinheiro_1739545473839.jpg","contentUrl":"https:\/\/www.em.com.br\/emfoco\/wp-content\/uploads\/2025\/02\/dinheiro_1739545473839.jpg","width":1280,"height":720,"caption":"Auxilio - Cr\u00e9ditos: depositphotos.com \/ rafapress"},{"@type":"BreadcrumbList","@id":"https:\/\/www.em.com.br\/emfoco\/2025\/02\/25\/seguro-desemprego-um-direito-um-apoio-um-recomeco-para-o-trabalhador-brasileiro\/#breadcrumb","itemListElement":[{"@type":"ListItem","position":1,"name":"In\u00edcio","item":"https:\/\/www.em.com.br\/emfoco\/"},{"@type":"ListItem","position":2,"name":"Seguro-Desemprego registra aumento de pedidos! Entenda o que est\u00e1 acontecendo"}]},{"@type":"WebSite","@id":"https:\/\/www.em.com.br\/emfoco\/#website","url":"https:\/\/www.em.com.br\/emfoco\/","name":"Estado de Minas - Em foco","description":"Acompanhe as \u00faltimas not\u00edcias e fique bem informado sobre tudo o que acontece em Minas Gerais, Brasil e no mundo.","potentialAction":[{"@type":"SearchAction","target":{"@type":"EntryPoint","urlTemplate":"https:\/\/www.em.com.br\/emfoco\/?s={search_term_string}"},"query-input":{"@type":"PropertyValueSpecification","valueRequired":true,"valueName":"search_term_string"}}],"inLanguage":"pt-BR"},{"@type":"Person","@id":"https:\/\/www.em.com.br\/emfoco\/#\/schema\/person\/fb0a7f48c6fbb94b83f413a80f61917d","name":"Kelvin","image":{"@type":"ImageObject","inLanguage":"pt-BR","@id":"https:\/\/www.em.com.br\/emfoco\/#\/schema\/person\/image\/","url":"https:\/\/secure.gravatar.com\/avatar\/e74f84337e6bf6c4c5e88fbdffa05270?s=96&d=mm&r=g","contentUrl":"https:\/\/secure.gravatar.com\/avatar\/e74f84337e6bf6c4c5e88fbdffa05270?s=96&d=mm&r=g","caption":"Kelvin"},"sameAs":["https:\/\/www.em.com.br\/emfoco"],"url":"https:\/\/www.em.com.br\/emfoco\/author\/kelvinmyth\/"}]}},"_links":{"self":[{"href":"https:\/\/www.em.com.br\/emfoco\/wp-json\/wp\/v2\/posts\/22399","targetHints":{"allow":["GET"]}}],"collection":[{"href":"https:\/\/www.em.com.br\/emfoco\/wp-json\/wp\/v2\/posts"}],"about":[{"href":"https:\/\/www.em.com.br\/emfoco\/wp-json\/wp\/v2\/types\/post"}],"author":[{"embeddable":true,"href":"https:\/\/www.em.com.br\/emfoco\/wp-json\/wp\/v2\/users\/7"}],"replies":[{"embeddable":true,"href":"https:\/\/www.em.com.br\/emfoco\/wp-json\/wp\/v2\/comments?post=22399"}],"version-history":[{"count":4,"href":"https:\/\/www.em.com.br\/emfoco\/wp-json\/wp\/v2\/posts\/22399\/revisions"}],"predecessor-version":[{"id":22517,"href":"https:\/\/www.em.com.br\/emfoco\/wp-json\/wp\/v2\/posts\/22399\/revisions\/22517"}],"wp:featuredmedia":[{"embeddable":true,"href":"https:\/\/www.em.com.br\/emfoco\/wp-json\/wp\/v2\/media\/19677"}],"wp:attachment":[{"href":"https:\/\/www.em.com.br\/emfoco\/wp-json\/wp\/v2\/media?parent=22399"}],"wp:term":[{"taxonomy":"category","embeddable":true,"href":"https:\/\/www.em.com.br\/emfoco\/wp-json\/wp\/v2\/categories?post=22399"},{"taxonomy":"post_tag","embeddable":true,"href":"https:\/\/www.em.com.br\/emfoco\/wp-json\/wp\/v2\/tags?post=22399"}],"curies":[{"name":"wp","href":"https:\/\/api.w.org\/{rel}","templated":true}]}}