{"id":22392,"date":"2025-02-25T09:40:07","date_gmt":"2025-02-25T12:40:07","guid":{"rendered":"https:\/\/www.em.com.br\/emfoco\/?p=22392"},"modified":"2025-06-23T11:50:07","modified_gmt":"2025-06-23T14:50:07","slug":"os-atores-que-conquistaram-o-reconhecimento-no-sag-awards","status":"publish","type":"post","link":"https:\/\/www.em.com.br\/emfoco\/2025\/02\/25\/os-atores-que-conquistaram-o-reconhecimento-no-sag-awards\/","title":{"rendered":"Os atores que conquistaram o reconhecimento no SAG Awards"},"content":{"rendered":"\n<p>A 31\u00aa edi\u00e7\u00e3o dos <strong>Screen Actors Guild Awards<\/strong> ser\u00e1 transmitida pela <a href=\"https:\/\/www.em.com.br\/emfoco\/2025\/02\/05\/filme-emocionante-com-95-de-aprovacao-chega-a-netflix-uma-historia-que-vai-tocar-sua-alma\/\" target=\"_blank\" rel=\"noreferrer noopener\"><strong>Netflix<\/strong> <\/a>em 23 de fevereiro, consolidando uma parceria estrat\u00e9gica que revoluciona o formato tradicional das premia\u00e7\u00f5es hollywoodianas. O evento acontecer\u00e1 no <strong>Shrine Auditorium<\/strong>, em <strong>Los Angeles<\/strong>, marcando o segundo ano consecutivo da plataforma como transmissora oficial. A divulga\u00e7\u00e3o dos indicados foi afetada pelos inc\u00eandios florestais na regi\u00e3o, for\u00e7ando o cancelamento da cerim\u00f4nia de an\u00fancio ao vivo originalmente planejada.<\/p>\n\n\n\n<p>A apresenta\u00e7\u00e3o ficar\u00e1 por conta de <strong>Kristen Bell<\/strong>, que retorna ao comando do <strong>SAG Awards<\/strong> ap\u00f3s sua participa\u00e7\u00e3o em 2018. A veterana <strong>Jane Fonda<\/strong> receber\u00e1 uma homenagem especial durante a cerim\u00f4nia, reconhecendo suas d\u00e9cadas de contribui\u00e7\u00e3o ao entretenimento. A transmiss\u00e3o iniciar\u00e1 \u00e0s 20h com cobertura do tapete vermelho, seguida pela premia\u00e7\u00e3o \u00e0s 22h no hor\u00e1rio de <strong>Bras\u00edlia<\/strong>.<\/p>\n\n\n\n<h2 class=\"wp-block-heading\"><strong>Como a Netflix revolucionou o formato das premia\u00e7\u00f5es?<\/strong><\/h2>\n\n\n\n<p>A parceria entre o <strong>SAG Awards<\/strong> e a <strong>Netflix<\/strong> representa uma transforma\u00e7\u00e3o fundamental no modelo de distribui\u00e7\u00e3o das premia\u00e7\u00f5es. Desde 2024, a plataforma det\u00e9m os direitos exclusivos de transmiss\u00e3o global, expandindo dramaticamente o alcance da cerim\u00f4nia. Esta estrat\u00e9gia contrasta com d\u00e9cadas de exibi\u00e7\u00e3o pelos canais tradicionais <strong>TNT<\/strong> e <strong>TBS<\/strong>, demonstrando como o streaming redefine o consumo de eventos ao vivo.<\/p>\n\n\n\n<p>O sucesso da iniciativa reflete uma tend\u00eancia maior da <strong>Netflix<\/strong> em eventos ao vivo, incluindo competi\u00e7\u00f5es esportivas e shows especiais. A decis\u00e3o estrat\u00e9gica permite que milh\u00f5es de assinantes globais acompanhem simultaneamente uma das premia\u00e7\u00f5es mais influentes da temporada. A abordagem da plataforma elimina barreiras geogr\u00e1ficas tradicionais, democratizando o acesso a um evento historicamente restrito a audi\u00eancias espec\u00edficas de televis\u00e3o paga.<\/p>\n\n\n\n<blockquote class=\"instagram-media\" data-instgrm-captioned data-instgrm-permalink=\"https:\/\/www.instagram.com\/reel\/DGcX776x7Vx\/?utm_source=ig_embed&amp;utm_campaign=loading\" data-instgrm-version=\"14\" style=\" background:#FFF; border:0; border-radius:3px; box-shadow:0 0 1px 0 rgba(0,0,0,0.5),0 1px 10px 0 rgba(0,0,0,0.15); margin: 1px; max-width:540px; min-width:326px; padding:0; width:99.375%; width:-webkit-calc(100% - 2px); width:calc(100% - 2px);\"><div style=\"padding:16px;\"> <a href=\"https:\/\/www.instagram.com\/reel\/DGcX776x7Vx\/?utm_source=ig_embed&amp;utm_campaign=loading\" style=\" background:#FFFFFF; line-height:0; padding:0 0; text-align:center; text-decoration:none; width:100%;\" target=\"_blank\"> <div style=\" display: flex; flex-direction: row; align-items: center;\"> <div style=\"background-color: #F4F4F4; border-radius: 50%; flex-grow: 0; height: 40px; margin-right: 14px; width: 40px;\"><\/div> <div style=\"display: flex; flex-direction: column; flex-grow: 1; justify-content: center;\"> <div style=\" background-color: #F4F4F4; border-radius: 4px; flex-grow: 0; height: 14px; margin-bottom: 6px; width: 100px;\"><\/div> <div style=\" background-color: #F4F4F4; border-radius: 4px; flex-grow: 0; height: 14px; width: 60px;\"><\/div><\/div><\/div><div style=\"padding: 19% 0;\"><\/div> <div style=\"display:block; height:50px; margin:0 auto 12px; width:50px;\"><svg width=\"50px\" height=\"50px\" viewBox=\"0 0 60 60\" version=\"1.1\" xmlns=\"https:\/\/www.w3.org\/2000\/svg\" xmlns:xlink=\"https:\/\/www.w3.org\/1999\/xlink\"><g stroke=\"none\" stroke-width=\"1\" fill=\"none\" fill-rule=\"evenodd\"><g transform=\"translate(-511.000000, -20.000000)\" fill=\"#000000\"><g><path d=\"M556.869,30.41 C554.814,30.41 553.148,32.076 553.148,34.131 C553.148,36.186 554.814,37.852 556.869,37.852 C558.924,37.852 560.59,36.186 560.59,34.131 C560.59,32.076 558.924,30.41 556.869,30.41 M541,60.657 C535.114,60.657 530.342,55.887 530.342,50 C530.342,44.114 535.114,39.342 541,39.342 C546.887,39.342 551.658,44.114 551.658,50 C551.658,55.887 546.887,60.657 541,60.657 M541,33.886 C532.1,33.886 524.886,41.1 524.886,50 C524.886,58.899 532.1,66.113 541,66.113 C549.9,66.113 557.115,58.899 557.115,50 C557.115,41.1 549.9,33.886 541,33.886 M565.378,62.101 C565.244,65.022 564.756,66.606 564.346,67.663 C563.803,69.06 563.154,70.057 562.106,71.106 C561.058,72.155 560.06,72.803 558.662,73.347 C557.607,73.757 556.021,74.244 553.102,74.378 C549.944,74.521 548.997,74.552 541,74.552 C533.003,74.552 532.056,74.521 528.898,74.378 C525.979,74.244 524.393,73.757 523.338,73.347 C521.94,72.803 520.942,72.155 519.894,71.106 C518.846,70.057 518.197,69.06 517.654,67.663 C517.244,66.606 516.755,65.022 516.623,62.101 C516.479,58.943 516.448,57.996 516.448,50 C516.448,42.003 516.479,41.056 516.623,37.899 C516.755,34.978 517.244,33.391 517.654,32.338 C518.197,30.938 518.846,29.942 519.894,28.894 C520.942,27.846 521.94,27.196 523.338,26.654 C524.393,26.244 525.979,25.756 528.898,25.623 C532.057,25.479 533.004,25.448 541,25.448 C548.997,25.448 549.943,25.479 553.102,25.623 C556.021,25.756 557.607,26.244 558.662,26.654 C560.06,27.196 561.058,27.846 562.106,28.894 C563.154,29.942 563.803,30.938 564.346,32.338 C564.756,33.391 565.244,34.978 565.378,37.899 C565.522,41.056 565.552,42.003 565.552,50 C565.552,57.996 565.522,58.943 565.378,62.101 M570.82,37.631 C570.674,34.438 570.167,32.258 569.425,30.349 C568.659,28.377 567.633,26.702 565.965,25.035 C564.297,23.368 562.623,22.342 560.652,21.575 C558.743,20.834 556.562,20.326 553.369,20.18 C550.169,20.033 549.148,20 541,20 C532.853,20 531.831,20.033 528.631,20.18 C525.438,20.326 523.257,20.834 521.349,21.575 C519.376,22.342 517.703,23.368 516.035,25.035 C514.368,26.702 513.342,28.377 512.574,30.349 C511.834,32.258 511.326,34.438 511.181,37.631 C511.035,40.831 511,41.851 511,50 C511,58.147 511.035,59.17 511.181,62.369 C511.326,65.562 511.834,67.743 512.574,69.651 C513.342,71.625 514.368,73.296 516.035,74.965 C517.703,76.634 519.376,77.658 521.349,78.425 C523.257,79.167 525.438,79.673 528.631,79.82 C531.831,79.965 532.853,80.001 541,80.001 C549.148,80.001 550.169,79.965 553.369,79.82 C556.562,79.673 558.743,79.167 560.652,78.425 C562.623,77.658 564.297,76.634 565.965,74.965 C567.633,73.296 568.659,71.625 569.425,69.651 C570.167,67.743 570.674,65.562 570.82,62.369 C570.966,59.17 571,58.147 571,50 C571,41.851 570.966,40.831 570.82,37.631\"><\/path><\/g><\/g><\/g><\/svg><\/div><div style=\"padding-top: 8px;\"> <div style=\" color:#3897f0; font-family:Arial,sans-serif; font-size:14px; font-style:normal; font-weight:550; line-height:18px;\">Ver essa foto no Instagram<\/div><\/div><div style=\"padding: 12.5% 0;\"><\/div> <div style=\"display: flex; flex-direction: row; margin-bottom: 14px; align-items: center;\"><div> <div style=\"background-color: #F4F4F4; border-radius: 50%; height: 12.5px; width: 12.5px; transform: translateX(0px) translateY(7px);\"><\/div> <div style=\"background-color: #F4F4F4; height: 12.5px; transform: rotate(-45deg) translateX(3px) translateY(1px); width: 12.5px; flex-grow: 0; margin-right: 14px; margin-left: 2px;\"><\/div> <div style=\"background-color: #F4F4F4; border-radius: 50%; height: 12.5px; width: 12.5px; transform: translateX(9px) translateY(-18px);\"><\/div><\/div><div style=\"margin-left: 8px;\"> <div style=\" background-color: #F4F4F4; border-radius: 50%; flex-grow: 0; height: 20px; width: 20px;\"><\/div> <div style=\" width: 0; height: 0; border-top: 2px solid transparent; border-left: 6px solid #f4f4f4; border-bottom: 2px solid transparent; transform: translateX(16px) translateY(-4px) rotate(30deg)\"><\/div><\/div><div style=\"margin-left: auto;\"> <div style=\" width: 0px; border-top: 8px solid #F4F4F4; border-right: 8px solid transparent; transform: translateY(16px);\"><\/div> <div style=\" background-color: #F4F4F4; flex-grow: 0; height: 12px; width: 16px; transform: translateY(-4px);\"><\/div> <div style=\" width: 0; height: 0; border-top: 8px solid #F4F4F4; border-left: 8px solid transparent; transform: translateY(-4px) translateX(8px);\"><\/div><\/div><\/div> <div style=\"display: flex; flex-direction: column; flex-grow: 1; justify-content: center; margin-bottom: 24px;\"> <div style=\" background-color: #F4F4F4; border-radius: 4px; flex-grow: 0; height: 14px; margin-bottom: 6px; width: 224px;\"><\/div> <div style=\" background-color: #F4F4F4; border-radius: 4px; flex-grow: 0; height: 14px; width: 144px;\"><\/div><\/div><\/a><p style=\" color:#c9c8cd; font-family:Arial,sans-serif; font-size:14px; line-height:17px; margin-bottom:0; margin-top:8px; overflow:hidden; padding:8px 0 7px; text-align:center; text-overflow:ellipsis; white-space:nowrap;\"><a href=\"https:\/\/www.instagram.com\/reel\/DGcX776x7Vx\/?utm_source=ig_embed&amp;utm_campaign=loading\" style=\" color:#c9c8cd; font-family:Arial,sans-serif; font-size:14px; font-style:normal; font-weight:normal; line-height:17px; text-decoration:none;\" target=\"_blank\">Uma publica\u00e7\u00e3o compartilhada por SAG Awards\u00ae (@sagawards)<\/a><\/p><\/div><\/blockquote>\n<script async src=\"\/\/www.instagram.com\/embed.js\"><\/script>\n\n\n\n<h2 class=\"wp-block-heading\"><strong>Quais produ\u00e7\u00f5es dominam as indica\u00e7\u00f5es de 2025?<\/strong><\/h2>\n\n\n\n<p><strong>&#8220;Wicked&#8221;<\/strong> e <strong>&#8220;Um Completo Desconhecido&#8221;<\/strong> lideram as indica\u00e7\u00f5es cinematogr\u00e1ficas com quatro nomea\u00e7\u00f5es cada, refletindo o dom\u00ednio de musicais e biografias no cen\u00e1rio atual. <strong>&#8220;Emilia P\u00e9rez&#8221;<\/strong>, <strong>&#8220;Anora&#8221;<\/strong> e <strong>&#8220;Conclave&#8221;<\/strong> completam a disputa pela categoria principal de <strong>Melhor Elenco em Filme<\/strong>. As s\u00e9ries <strong>&#8220;O Urso&#8221;<\/strong> e <strong>&#8220;X\u00f3gum: A Gloriosa Saga do Jap\u00e3o&#8221;<\/strong> se destacam nas categorias televisivas, demonstrando a diversidade crescente das produ\u00e7\u00f5es contempor\u00e2neas.<\/p>\n\n\n\n<p>A aus\u00eancia de <strong>Fernanda Torres<\/strong> entre as indicadas chamou aten\u00e7\u00e3o da cr\u00edtica internacional, especialmente ap\u00f3s sua vit\u00f3ria no <strong>Globo de Ouro<\/strong> por <strong>&#8220;Ainda Estou Aqui&#8221;<\/strong>. Esta discrep\u00e2ncia evidencia diferen\u00e7as nos crit\u00e9rios de vota\u00e7\u00e3o entre as premia\u00e7\u00f5es, j\u00e1 que o <strong>SAG Awards<\/strong> \u00e9 decidido exclusivamente por atores profissionais. <strong>Timoth\u00e9e Chalamet<\/strong>, <strong>Adrien Brody<\/strong> e <strong>Daniel Craig<\/strong> competem na categoria masculina principal, enquanto <strong>Cynthia Erivo<\/strong> e <strong>Pamela Anderson<\/strong> figuram entre as favoritas femininas.<\/p>\n\n\n\n<h2 class=\"wp-block-heading\"><strong>Por que Kristen Bell \u00e9 a escolha perfeita para apresentar?<\/strong><\/h2>\n\n\n\n<p><strong>Kristen Bell<\/strong> traz uma combina\u00e7\u00e3o \u00fanica de experi\u00eancia teatral e carisma televisivo para o comando dos <strong>SAG Awards<\/strong> 2025. A atriz, conhecida por <strong>&#8220;Veronica Mars&#8221;<\/strong>, <strong>&#8220;Frozen&#8221;<\/strong> e mais recentemente <strong>&#8220;The Good Place&#8221;<\/strong>, possui um hist\u00f3rico s\u00f3lido como apresentadora, tendo comandado a cerim\u00f4nia em 2018. Sua versatilidade abrange desde dramas adolescentes at\u00e9 com\u00e9dias filos\u00f3ficas, refletindo a diversidade celebrada pela premia\u00e7\u00e3o.<\/p>\n\n\n\n<p>Ironicamente, <strong>Bell<\/strong> tamb\u00e9m figura como indicada nesta edi\u00e7\u00e3o por seu trabalho em <strong>&#8220;Ningu\u00e9m Quer&#8221;<\/strong>, da pr\u00f3pria <strong>Netflix<\/strong>. Esta situa\u00e7\u00e3o cria uma din\u00e2mica interessante onde a apresentadora compete pelos pr\u00eamios que ela pr\u00f3pria entregar\u00e1. A trajet\u00f3ria da atriz inclui passagens marcantes pela <strong>Broadway<\/strong> em produ\u00e7\u00f5es como <strong>&#8220;As Bruxas de Salem&#8221;<\/strong> ao lado de <strong>Liam Neeson<\/strong>, demonstrando seu respeito pela arte da interpreta\u00e7\u00e3o que o <strong>SAG Awards<\/strong> celebra.<\/p>\n\n\n\n<h2 class=\"wp-block-heading\"><strong>Qual \u00e9 a verdadeira influ\u00eancia dos SAG Awards no Oscar?<\/strong><\/h2>\n\n\n\n<p>Estat\u00edsticas revelam que 33 dos 40 vencedores do <strong>Oscar<\/strong> nas \u00faltimas dez edi\u00e7\u00f5es tamb\u00e9m conquistaram o <strong>SAG Awards<\/strong> nas categorias de atua\u00e7\u00e3o correspondentes. Esta correla\u00e7\u00e3o de 82,5% estabelece a premia\u00e7\u00e3o como o mais confi\u00e1vel preditor dos resultados da <strong>Academia<\/strong>. As exce\u00e7\u00f5es not\u00e1veis incluem <strong>Lily Gladstone<\/strong> em 2024 e <strong>Glenn Close<\/strong> em 2019, que venceram o <strong>SAG<\/strong> mas perderam o <strong>Oscar<\/strong>.<\/p>\n\n\n\n<p>A sobreposi\u00e7\u00e3o de votantes explica esta precis\u00e3o preditiva: mais de 1.000 membros da <strong>Academia<\/strong> que decidem as categorias de atua\u00e7\u00e3o do <strong>Oscar<\/strong> tamb\u00e9m integram o <strong>SAG-AFTRA<\/strong>. Este fen\u00f4meno cria um efeito cascata onde as escolhas dos atores influenciam diretamente as decis\u00f5es subsequentes da <strong>Academia<\/strong>. A premia\u00e7\u00e3o funciona como um term\u00f4metro confi\u00e1vel das prefer\u00eancias profissionais, j\u00e1 que reconhece exclusivamente o trabalho interpretativo avaliado pelos pr\u00f3prios pares.<\/p>\n\n\n\n<h2 class=\"wp-block-heading\"><strong>Como o evento se adapta aos desafios contempor\u00e2neos?<\/strong><\/h2>\n\n\n\n<p>Os inc\u00eandios florestais em <strong>Los Angeles<\/strong> for\u00e7aram adapta\u00e7\u00f5es significativas no cronograma tradicional dos <strong>SAG Awards<\/strong> 2025. A cerim\u00f4nia original de divulga\u00e7\u00e3o dos indicados foi cancelada, com a lista sendo divulgada diretamente nos canais oficiais do sindicato. Esta flexibilidade demonstra a capacidade da organiza\u00e7\u00e3o de priorizar a seguran\u00e7a sem comprometer a relev\u00e2ncia do evento.<\/p>\n\n\n\n<p>A escolha da <strong>Netflix<\/strong> como plataforma de transmiss\u00e3o tamb\u00e9m reflete uma adapta\u00e7\u00e3o \u00e0s mudan\u00e7as nos h\u00e1bitos de consumo de m\u00eddia. Com audi\u00eancias cada vez mais fragmentadas entre m\u00faltiplas plataformas, a premia\u00e7\u00e3o encontrou uma forma de manter sua relev\u00e2ncia cultural atrav\u00e9s de um parceiro que oferece alcance global instant\u00e2neo. Esta estrat\u00e9gia posiciona o <strong>SAG Awards<\/strong> na vanguarda da evolu\u00e7\u00e3o digital das premia\u00e7\u00f5es tradicionais.<\/p>\n\n\n\n<h2 class=\"wp-block-heading\"><strong>Qual \u00e9 o impacto cultural da homenagem a Jane Fonda?<\/strong><\/h2>\n\n\n\n<p>A escolha de <strong>Jane Fonda<\/strong> para receber a homenagem especial dos <strong>SAG Awards<\/strong> 2025 reconhece n\u00e3o apenas suas d\u00e9cadas de excel\u00eancia art\u00edstica, mas tamb\u00e9m seu papel como ativista e pioneira em quest\u00f5es sociais. A atriz de <strong>&#8220;Klute&#8221;<\/strong> e <strong>&#8220;Voltando pra Casa&#8221;<\/strong> representa uma gera\u00e7\u00e3o que transformou <strong>Hollywood<\/strong> tanto atrav\u00e9s de suas performances quanto de seu engajamento pol\u00edtico.<\/p>\n\n\n\n<p><strong>Fonda<\/strong> simboliza a evolu\u00e7\u00e3o do papel dos artistas como vozes sociais influentes, estabelecendo precedentes para gera\u00e7\u00f5es posteriores de atores-ativistas. Sua trajet\u00f3ria abrange desde sucessos comerciais at\u00e9 filmes de protesto, demonstrando como a arte pode servir tanto ao entretenimento quanto \u00e0 consci\u00eancia social. A homenagem refor\u00e7a a import\u00e2ncia hist\u00f3rica do <strong>SAG Awards<\/strong> em celebrar n\u00e3o apenas talento t\u00e9cnico, mas tamb\u00e9m impacto cultural duradouro.<\/p>\n","protected":false},"excerpt":{"rendered":"<p>A 31\u00aa edi\u00e7\u00e3o dos Screen Actors Guild Awards ser\u00e1 transmitida pela Netflix em 23 de fevereiro, consolidando uma parceria estrat\u00e9gica que revoluciona o formato tradicional das premia\u00e7\u00f5es hollywoodianas. O evento acontecer\u00e1 no Shrine Auditorium, em Los Angeles, marcando o segundo ano consecutivo da plataforma como transmissora oficial. A divulga\u00e7\u00e3o dos indicados foi afetada pelos inc\u00eandios [&hellip;]<\/p>\n","protected":false},"author":7,"featured_media":22394,"comment_status":"open","ping_status":"open","sticky":false,"template":"","format":"standard","meta":{"jnews-multi-image_gallery":[],"jnews_single_post":{"format":"standard"},"jnews_primary_category":[],"jnews_social_meta":[],"jnews_override_counter":[],"footnotes":""},"categories":[29,137],"tags":[5495,637,402,1509],"class_list":["post-22392","post","type-post","status-publish","format-standard","has-post-thumbnail","hentry","category-entretenimento","category-filmes","tag-atuacoes","tag-cinema","tag-premios","tag-televisao"],"yoast_head":"<!-- This site is optimized with the Yoast SEO plugin v23.8 - https:\/\/yoast.com\/wordpress\/plugins\/seo\/ -->\n<title>Os atores que conquistaram o reconhecimento no SAG Awards - Estado de Minas - Em foco<\/title>\n<meta name=\"description\" content=\"Descubra os vencedores e os momentos mais emocionantes do SAG Awards 2025. Uma noite de gala que celebrou o talento.\" \/>\n<meta name=\"robots\" content=\"index, follow, max-snippet:-1, max-image-preview:large, max-video-preview:-1\" \/>\n<link rel=\"canonical\" href=\"https:\/\/www.em.com.br\/emfoco\/2025\/02\/25\/os-atores-que-conquistaram-o-reconhecimento-no-sag-awards\/\" \/>\n<meta property=\"og:locale\" content=\"pt_BR\" \/>\n<meta property=\"og:type\" content=\"article\" \/>\n<meta property=\"og:title\" content=\"Os atores que conquistaram o reconhecimento no SAG Awards - Estado de Minas - Em foco\" \/>\n<meta property=\"og:description\" content=\"Descubra os vencedores e os momentos mais emocionantes do SAG Awards 2025. Uma noite de gala que celebrou o talento.\" \/>\n<meta property=\"og:url\" content=\"https:\/\/www.em.com.br\/emfoco\/2025\/02\/25\/os-atores-que-conquistaram-o-reconhecimento-no-sag-awards\/\" \/>\n<meta property=\"og:site_name\" content=\"Estado de Minas - Em foco\" \/>\n<meta property=\"article:published_time\" content=\"2025-02-25T12:40:07+00:00\" \/>\n<meta property=\"article:modified_time\" content=\"2025-06-23T14:50:07+00:00\" \/>\n<meta property=\"og:image\" content=\"https:\/\/www.em.com.br\/emfoco\/wp-content\/uploads\/2025\/02\/Screen-Actors-Guild-Awards_1740414123515.jpg\" \/>\n\t<meta property=\"og:image:width\" content=\"1280\" \/>\n\t<meta property=\"og:image:height\" content=\"720\" \/>\n\t<meta property=\"og:image:type\" content=\"image\/jpeg\" \/>\n<meta name=\"author\" content=\"Kelvin\" \/>\n<meta name=\"twitter:card\" content=\"summary_large_image\" \/>\n<meta name=\"twitter:label1\" content=\"Escrito por\" \/>\n\t<meta name=\"twitter:data1\" content=\"Kelvin\" \/>\n\t<meta name=\"twitter:label2\" content=\"Est. tempo de leitura\" \/>\n\t<meta name=\"twitter:data2\" content=\"6 minutos\" \/>\n<!-- \/ Yoast SEO plugin. -->","yoast_head_json":{"title":"Os atores que conquistaram o reconhecimento no SAG Awards - Estado de Minas - Em foco","description":"Descubra os vencedores e os momentos mais emocionantes do SAG Awards 2025. Uma noite de gala que celebrou o talento.","robots":{"index":"index","follow":"follow","max-snippet":"max-snippet:-1","max-image-preview":"max-image-preview:large","max-video-preview":"max-video-preview:-1"},"canonical":"https:\/\/www.em.com.br\/emfoco\/2025\/02\/25\/os-atores-que-conquistaram-o-reconhecimento-no-sag-awards\/","og_locale":"pt_BR","og_type":"article","og_title":"Os atores que conquistaram o reconhecimento no SAG Awards - Estado de Minas - Em foco","og_description":"Descubra os vencedores e os momentos mais emocionantes do SAG Awards 2025. Uma noite de gala que celebrou o talento.","og_url":"https:\/\/www.em.com.br\/emfoco\/2025\/02\/25\/os-atores-que-conquistaram-o-reconhecimento-no-sag-awards\/","og_site_name":"Estado de Minas - Em foco","article_published_time":"2025-02-25T12:40:07+00:00","article_modified_time":"2025-06-23T14:50:07+00:00","og_image":[{"width":1280,"height":720,"url":"https:\/\/www.em.com.br\/emfoco\/wp-content\/uploads\/2025\/02\/Screen-Actors-Guild-Awards_1740414123515.jpg","type":"image\/jpeg"}],"author":"Kelvin","twitter_card":"summary_large_image","twitter_misc":{"Escrito por":"Kelvin","Est. tempo de leitura":"6 minutos"},"schema":{"@context":"https:\/\/schema.org","@graph":[{"@type":"WebPage","@id":"https:\/\/www.em.com.br\/emfoco\/2025\/02\/25\/os-atores-que-conquistaram-o-reconhecimento-no-sag-awards\/","url":"https:\/\/www.em.com.br\/emfoco\/2025\/02\/25\/os-atores-que-conquistaram-o-reconhecimento-no-sag-awards\/","name":"Os atores que conquistaram o reconhecimento no SAG Awards - Estado de Minas - Em foco","isPartOf":{"@id":"https:\/\/www.em.com.br\/emfoco\/#website"},"primaryImageOfPage":{"@id":"https:\/\/www.em.com.br\/emfoco\/2025\/02\/25\/os-atores-que-conquistaram-o-reconhecimento-no-sag-awards\/#primaryimage"},"image":{"@id":"https:\/\/www.em.com.br\/emfoco\/2025\/02\/25\/os-atores-que-conquistaram-o-reconhecimento-no-sag-awards\/#primaryimage"},"thumbnailUrl":"https:\/\/www.em.com.br\/emfoco\/wp-content\/uploads\/2025\/02\/Screen-Actors-Guild-Awards_1740414123515.jpg","datePublished":"2025-02-25T12:40:07+00:00","dateModified":"2025-06-23T14:50:07+00:00","author":{"@id":"https:\/\/www.em.com.br\/emfoco\/#\/schema\/person\/fb0a7f48c6fbb94b83f413a80f61917d"},"description":"Descubra os vencedores e os momentos mais emocionantes do SAG Awards 2025. Uma noite de gala que celebrou o talento.","breadcrumb":{"@id":"https:\/\/www.em.com.br\/emfoco\/2025\/02\/25\/os-atores-que-conquistaram-o-reconhecimento-no-sag-awards\/#breadcrumb"},"inLanguage":"pt-BR","potentialAction":[{"@type":"ReadAction","target":["https:\/\/www.em.com.br\/emfoco\/2025\/02\/25\/os-atores-que-conquistaram-o-reconhecimento-no-sag-awards\/"]}]},{"@type":"ImageObject","inLanguage":"pt-BR","@id":"https:\/\/www.em.com.br\/emfoco\/2025\/02\/25\/os-atores-que-conquistaram-o-reconhecimento-no-sag-awards\/#primaryimage","url":"https:\/\/www.em.com.br\/emfoco\/wp-content\/uploads\/2025\/02\/Screen-Actors-Guild-Awards_1740414123515.jpg","contentUrl":"https:\/\/www.em.com.br\/emfoco\/wp-content\/uploads\/2025\/02\/Screen-Actors-Guild-Awards_1740414123515.jpg","width":1280,"height":720,"caption":"Screen Actors Guild Awards - Cr\u00e9ditos: depositphotos.com \/ imagepressagency"},{"@type":"BreadcrumbList","@id":"https:\/\/www.em.com.br\/emfoco\/2025\/02\/25\/os-atores-que-conquistaram-o-reconhecimento-no-sag-awards\/#breadcrumb","itemListElement":[{"@type":"ListItem","position":1,"name":"In\u00edcio","item":"https:\/\/www.em.com.br\/emfoco\/"},{"@type":"ListItem","position":2,"name":"Os atores que conquistaram o reconhecimento no SAG Awards"}]},{"@type":"WebSite","@id":"https:\/\/www.em.com.br\/emfoco\/#website","url":"https:\/\/www.em.com.br\/emfoco\/","name":"Estado de Minas - Em foco","description":"Acompanhe as \u00faltimas not\u00edcias e fique bem informado sobre tudo o que acontece em Minas Gerais, Brasil e no mundo.","potentialAction":[{"@type":"SearchAction","target":{"@type":"EntryPoint","urlTemplate":"https:\/\/www.em.com.br\/emfoco\/?s={search_term_string}"},"query-input":{"@type":"PropertyValueSpecification","valueRequired":true,"valueName":"search_term_string"}}],"inLanguage":"pt-BR"},{"@type":"Person","@id":"https:\/\/www.em.com.br\/emfoco\/#\/schema\/person\/fb0a7f48c6fbb94b83f413a80f61917d","name":"Kelvin","image":{"@type":"ImageObject","inLanguage":"pt-BR","@id":"https:\/\/www.em.com.br\/emfoco\/#\/schema\/person\/image\/","url":"https:\/\/secure.gravatar.com\/avatar\/e74f84337e6bf6c4c5e88fbdffa05270?s=96&d=mm&r=g","contentUrl":"https:\/\/secure.gravatar.com\/avatar\/e74f84337e6bf6c4c5e88fbdffa05270?s=96&d=mm&r=g","caption":"Kelvin"},"sameAs":["https:\/\/www.em.com.br\/emfoco"],"url":"https:\/\/www.em.com.br\/emfoco\/author\/kelvinmyth\/"}]}},"_links":{"self":[{"href":"https:\/\/www.em.com.br\/emfoco\/wp-json\/wp\/v2\/posts\/22392","targetHints":{"allow":["GET"]}}],"collection":[{"href":"https:\/\/www.em.com.br\/emfoco\/wp-json\/wp\/v2\/posts"}],"about":[{"href":"https:\/\/www.em.com.br\/emfoco\/wp-json\/wp\/v2\/types\/post"}],"author":[{"embeddable":true,"href":"https:\/\/www.em.com.br\/emfoco\/wp-json\/wp\/v2\/users\/7"}],"replies":[{"embeddable":true,"href":"https:\/\/www.em.com.br\/emfoco\/wp-json\/wp\/v2\/comments?post=22392"}],"version-history":[{"count":3,"href":"https:\/\/www.em.com.br\/emfoco\/wp-json\/wp\/v2\/posts\/22392\/revisions"}],"predecessor-version":[{"id":65603,"href":"https:\/\/www.em.com.br\/emfoco\/wp-json\/wp\/v2\/posts\/22392\/revisions\/65603"}],"wp:featuredmedia":[{"embeddable":true,"href":"https:\/\/www.em.com.br\/emfoco\/wp-json\/wp\/v2\/media\/22394"}],"wp:attachment":[{"href":"https:\/\/www.em.com.br\/emfoco\/wp-json\/wp\/v2\/media?parent=22392"}],"wp:term":[{"taxonomy":"category","embeddable":true,"href":"https:\/\/www.em.com.br\/emfoco\/wp-json\/wp\/v2\/categories?post=22392"},{"taxonomy":"post_tag","embeddable":true,"href":"https:\/\/www.em.com.br\/emfoco\/wp-json\/wp\/v2\/tags?post=22392"}],"curies":[{"name":"wp","href":"https:\/\/api.w.org\/{rel}","templated":true}]}}