{"id":22381,"date":"2025-02-25T07:20:09","date_gmt":"2025-02-25T10:20:09","guid":{"rendered":"https:\/\/www.em.com.br\/emfoco\/?p=22381"},"modified":"2025-02-24T16:54:31","modified_gmt":"2025-02-24T19:54:31","slug":"bolsa-familia-em-marco-de-2025-novidades-a-vista-confira","status":"publish","type":"post","link":"https:\/\/www.em.com.br\/emfoco\/2025\/02\/25\/bolsa-familia-em-marco-de-2025-novidades-a-vista-confira\/","title":{"rendered":"Bolsa Fam\u00edlia em mar\u00e7o de 2025, novidades \u00e0 vista? Confira!"},"content":{"rendered":"\n<p>O <strong><a href=\"https:\/\/www.em.com.br\/emfoco\/2025\/02\/23\/bolsa-familia-um-guia-simples-e-completo-para-voce\/\" target=\"_blank\" rel=\"noreferrer noopener\">Bolsa Fam\u00edlia<\/a><\/strong>, um dos principais programas sociais do <strong><a href=\"https:\/\/pt.wikipedia.org\/wiki\/Brasil\" target=\"_blank\" rel=\"noreferrer noopener\">Brasil<\/a><\/strong>, continua a desempenhar um papel crucial no apoio \u00e0s fam\u00edlias de baixa renda. Em mar\u00e7o de 2025, o <strong>Minist\u00e9rio do Desenvolvimento<\/strong> e <strong>Assist\u00eancia Social<\/strong>,<strong> Fam\u00edlia<\/strong> e <strong>Combate <\/strong>\u00e0 <strong>Fome <\/strong>j\u00e1 divulgou o cronograma de pagamentos, que ser\u00e1 realizado de forma escalonada ao longo dos \u00faltimos dez dias \u00fateis do m\u00eas. Essa estrat\u00e9gia visa garantir que os benefici\u00e1rios recebam seus pagamentos de maneira organizada e sem contratempos.<\/p>\n\n\n\n<p>Os pagamentos do Bolsa Fam\u00edlia s\u00e3o feitos com base no \u00faltimo d\u00edgito do <strong>N\u00famero de Identifica\u00e7\u00e3o Social (NIS)<\/strong> de cada benefici\u00e1rio. Este m\u00e9todo permite uma distribui\u00e7\u00e3o mais eficiente dos recursos, evitando sobrecargas nos sistemas de pagamento e filas nos pontos de saque. A seguir, detalharemos o calend\u00e1rio de pagamentos e como os benefici\u00e1rios podem consultar suas informa\u00e7\u00f5es.<\/p>\n\n\n\n<h2 class=\"wp-block-heading\">Calend\u00e1rio de pagamentos do Bolsa Fam\u00edlia em mar\u00e7o de 2025<\/h2>\n\n\n\n<p>O cronograma de pagamentos do Bolsa Fam\u00edlia para mar\u00e7o de 2025 j\u00e1 est\u00e1 definido. Os benefici\u00e1rios devem estar atentos \u00e0s datas espec\u00edficas de acordo com o final do seu NIS. O pagamento come\u00e7ar\u00e1 no dia 18 de mar\u00e7o e se estender\u00e1 at\u00e9 o final do m\u00eas. Confira as datas abaixo:<\/p>\n\n\n<div class=\"wp-block-image\">\n<figure class=\"aligncenter size-large\"><img loading=\"lazy\" decoding=\"async\" width=\"1024\" height=\"576\" src=\"https:\/\/www.em.com.br\/emfoco\/wp-content\/uploads\/2024\/12\/Banco-do-Brasil_1734461359873-1024x576.jpg\" alt=\"Bolsa Fam\u00edlia em mar\u00e7o de 2025, novidades \u00e0 vista? Confira\" class=\"wp-image-5452\" srcset=\"https:\/\/www.em.com.br\/emfoco\/wp-content\/uploads\/2024\/12\/Banco-do-Brasil_1734461359873-1024x576.jpg 1024w, https:\/\/www.em.com.br\/emfoco\/wp-content\/uploads\/2024\/12\/Banco-do-Brasil_1734461359873-300x169.jpg 300w, https:\/\/www.em.com.br\/emfoco\/wp-content\/uploads\/2024\/12\/Banco-do-Brasil_1734461359873-768x432.jpg 768w, https:\/\/www.em.com.br\/emfoco\/wp-content\/uploads\/2024\/12\/Banco-do-Brasil_1734461359873-750x422.jpg 750w, https:\/\/www.em.com.br\/emfoco\/wp-content\/uploads\/2024\/12\/Banco-do-Brasil_1734461359873-1140x641.jpg 1140w, https:\/\/www.em.com.br\/emfoco\/wp-content\/uploads\/2024\/12\/Banco-do-Brasil_1734461359873.jpg 1280w\" sizes=\"auto, (max-width: 1024px) 100vw, 1024px\" \/><figcaption class=\"wp-element-caption\">Dinheiro Extra &#8211; Cr\u00e9ditos: depositphotos.com \/ rmcarvalhobsb<\/figcaption><\/figure><\/div>\n\n\n<ul class=\"wp-block-list\">\n<li><strong>NIS final 1:<\/strong> 18 de mar\u00e7o<\/li>\n\n\n\n<li><strong>NIS final 2:<\/strong> 19 de mar\u00e7o<\/li>\n\n\n\n<li><strong>NIS final 3:<\/strong> 20 de mar\u00e7o<\/li>\n\n\n\n<li><strong>NIS final 4:<\/strong> 21 de mar\u00e7o<\/li>\n\n\n\n<li><strong>NIS final 5:<\/strong> 24 de mar\u00e7o<\/li>\n\n\n\n<li><strong>NIS final 6:<\/strong> 25 de mar\u00e7o<\/li>\n\n\n\n<li><strong>NIS final 7:<\/strong> 26 de mar\u00e7o<\/li>\n\n\n\n<li><strong>NIS final 8:<\/strong> 27 de mar\u00e7o<\/li>\n\n\n\n<li><strong>NIS final 9:<\/strong> 28 de mar\u00e7o<\/li>\n\n\n\n<li><strong>NIS final 0:<\/strong> 31 de mar\u00e7o<\/li>\n<\/ul>\n\n\n\n<h2 class=\"wp-block-heading\">Como consultar o benef\u00edcio do Bolsa Fam\u00edlia?<\/h2>\n\n\n\n<p>Os benefici\u00e1rios do Bolsa Fam\u00edlia podem acessar informa\u00e7\u00f5es atualizadas sobre seus pagamentos atrav\u00e9s de diversos canais oficiais. Essa consulta antecipada \u00e9 fundamental para que as fam\u00edlias possam se planejar financeiramente. As informa\u00e7\u00f5es podem ser acessadas por meio dos seguintes recursos:<\/p>\n\n\n\n<ul class=\"wp-block-list\">\n<li><strong>Aplicativo Bolsa Fam\u00edlia:<\/strong> Dispon\u00edvel para download em smartphones, permite o acesso r\u00e1pido e f\u00e1cil \u00e0s informa\u00e7\u00f5es do benef\u00edcio.<\/li>\n\n\n\n<li><strong>Aplicativo Cadastro \u00danico:<\/strong> Oferece informa\u00e7\u00f5es detalhadas sobre o cadastro e benef\u00edcios associados.<\/li>\n\n\n\n<li><strong>Portal Cidad\u00e3o da Caixa:<\/strong> Um recurso online que fornece acesso a diversos servi\u00e7os relacionados ao programa.<\/li>\n\n\n\n<li><strong>Consulta pelo telefone 121:<\/strong> Uma linha direta para esclarecer d\u00favidas e obter informa\u00e7\u00f5es sobre o benef\u00edcio.<\/li>\n<\/ul>\n\n\n\n<h2 class=\"wp-block-heading\">Quais s\u00e3o os crit\u00e9rios de elegibilidade para o Bolsa Fam\u00edlia?<\/h2>\n\n\n\n<p>Para continuar recebendo o Bolsa Fam\u00edlia, as fam\u00edlias devem cumprir certos crit\u00e9rios de elegibilidade. Esses requisitos s\u00e3o projetados para garantir que o benef\u00edcio alcance aqueles que realmente necessitam e para promover o desenvolvimento social e econ\u00f4mico das fam\u00edlias. Os crit\u00e9rios incluem:<\/p>\n\n\n\n<ol class=\"wp-block-list\">\n<li><strong>Frequ\u00eancia escolar:<\/strong> Crian\u00e7as e adolescentes entre 4 e 17 anos devem manter uma frequ\u00eancia escolar regular.<\/li>\n\n\n\n<li><strong>Acompanhamento pr\u00e9-natal:<\/strong> Gestantes devem realizar o acompanhamento pr\u00e9-natal regularmente.<\/li>\n\n\n\n<li><strong>Acompanhamento nutricional:<\/strong> Crian\u00e7as at\u00e9 sete anos devem ter seu desenvolvimento nutricional monitorado.<\/li>\n\n\n\n<li><strong>Vacina\u00e7\u00e3o:<\/strong> As fam\u00edlias devem cumprir o calend\u00e1rio nacional de vacina\u00e7\u00e3o.<\/li>\n\n\n\n<li><strong>Informa\u00e7\u00e3o de benefici\u00e1rio:<\/strong> Ao matricular uma crian\u00e7a na escola ou vacin\u00e1-la, deve-se informar que a fam\u00edlia \u00e9 benefici\u00e1ria do Bolsa Fam\u00edlia.<\/li>\n<\/ol>\n\n\n\n<p>Esses crit\u00e9rios n\u00e3o apenas garantem a continuidade do benef\u00edcio, mas tamb\u00e9m incentivam pr\u00e1ticas que promovem a sa\u00fade e a educa\u00e7\u00e3o, contribuindo para o desenvolvimento integral das crian\u00e7as e adolescentes beneficiados.<\/p>\n","protected":false},"excerpt":{"rendered":"<p>O Bolsa Fam\u00edlia, um dos principais programas sociais do Brasil, continua a desempenhar um papel crucial no apoio \u00e0s fam\u00edlias de baixa renda. Em mar\u00e7o de 2025, o Minist\u00e9rio do Desenvolvimento e Assist\u00eancia Social, Fam\u00edlia e Combate \u00e0 Fome j\u00e1 divulgou o cronograma de pagamentos, que ser\u00e1 realizado de forma escalonada ao longo dos \u00faltimos [&hellip;]<\/p>\n","protected":false},"author":7,"featured_media":2184,"comment_status":"open","ping_status":"open","sticky":false,"template":"","format":"standard","meta":{"jnews-multi-image_gallery":[],"jnews_single_post":{"format":"standard"},"jnews_primary_category":[],"jnews_social_meta":[],"jnews_override_counter":[],"footnotes":""},"categories":[28],"tags":[256,209,658,164],"class_list":["post-22381","post","type-post","status-publish","format-standard","has-post-thumbnail","hentry","category-economia","tag-beneficios","tag-bolsa-familia","tag-pagamentos","tag-programas-sociais"],"yoast_head":"<!-- This site is optimized with the Yoast SEO plugin v23.8 - https:\/\/yoast.com\/wordpress\/plugins\/seo\/ -->\n<title>Bolsa Fam\u00edlia em mar\u00e7o de 2025, novidades \u00e0 vista? Confira! - Estado de Minas - Em foco<\/title>\n<meta name=\"description\" content=\"Fique por dentro de todas as informa\u00e7\u00f5es sobre o Bolsa Fam\u00edlia em Mar\u00e7o de 2025. Descubra o calend\u00e1rio de pagamentos.\" \/>\n<meta name=\"robots\" content=\"index, follow, max-snippet:-1, max-image-preview:large, max-video-preview:-1\" \/>\n<link rel=\"canonical\" href=\"https:\/\/www.em.com.br\/emfoco\/2025\/02\/25\/bolsa-familia-em-marco-de-2025-novidades-a-vista-confira\/\" \/>\n<meta property=\"og:locale\" content=\"pt_BR\" \/>\n<meta property=\"og:type\" content=\"article\" \/>\n<meta property=\"og:title\" content=\"Bolsa Fam\u00edlia em mar\u00e7o de 2025, novidades \u00e0 vista? Confira! - Estado de Minas - Em foco\" \/>\n<meta property=\"og:description\" content=\"Fique por dentro de todas as informa\u00e7\u00f5es sobre o Bolsa Fam\u00edlia em Mar\u00e7o de 2025. Descubra o calend\u00e1rio de pagamentos.\" \/>\n<meta property=\"og:url\" content=\"https:\/\/www.em.com.br\/emfoco\/2025\/02\/25\/bolsa-familia-em-marco-de-2025-novidades-a-vista-confira\/\" \/>\n<meta property=\"og:site_name\" content=\"Estado de Minas - Em foco\" \/>\n<meta property=\"article:published_time\" content=\"2025-02-25T10:20:09+00:00\" \/>\n<meta property=\"article:modified_time\" content=\"2025-02-24T19:54:31+00:00\" \/>\n<meta property=\"og:image\" content=\"https:\/\/www.em.com.br\/emfoco\/wp-content\/uploads\/2024\/11\/Bolsa-familia_1732875413139.jpg\" \/>\n\t<meta property=\"og:image:width\" content=\"1280\" \/>\n\t<meta property=\"og:image:height\" content=\"720\" \/>\n\t<meta property=\"og:image:type\" content=\"image\/jpeg\" \/>\n<meta name=\"author\" content=\"Kelvin\" \/>\n<meta name=\"twitter:card\" content=\"summary_large_image\" \/>\n<meta name=\"twitter:label1\" content=\"Escrito por\" \/>\n\t<meta name=\"twitter:data1\" content=\"Kelvin\" \/>\n\t<meta name=\"twitter:label2\" content=\"Est. tempo de leitura\" \/>\n\t<meta name=\"twitter:data2\" content=\"4 minutos\" \/>\n<!-- \/ Yoast SEO plugin. -->","yoast_head_json":{"title":"Bolsa Fam\u00edlia em mar\u00e7o de 2025, novidades \u00e0 vista? Confira! - Estado de Minas - Em foco","description":"Fique por dentro de todas as informa\u00e7\u00f5es sobre o Bolsa Fam\u00edlia em Mar\u00e7o de 2025. Descubra o calend\u00e1rio de pagamentos.","robots":{"index":"index","follow":"follow","max-snippet":"max-snippet:-1","max-image-preview":"max-image-preview:large","max-video-preview":"max-video-preview:-1"},"canonical":"https:\/\/www.em.com.br\/emfoco\/2025\/02\/25\/bolsa-familia-em-marco-de-2025-novidades-a-vista-confira\/","og_locale":"pt_BR","og_type":"article","og_title":"Bolsa Fam\u00edlia em mar\u00e7o de 2025, novidades \u00e0 vista? Confira! - Estado de Minas - Em foco","og_description":"Fique por dentro de todas as informa\u00e7\u00f5es sobre o Bolsa Fam\u00edlia em Mar\u00e7o de 2025. Descubra o calend\u00e1rio de pagamentos.","og_url":"https:\/\/www.em.com.br\/emfoco\/2025\/02\/25\/bolsa-familia-em-marco-de-2025-novidades-a-vista-confira\/","og_site_name":"Estado de Minas - Em foco","article_published_time":"2025-02-25T10:20:09+00:00","article_modified_time":"2025-02-24T19:54:31+00:00","og_image":[{"width":1280,"height":720,"url":"https:\/\/www.em.com.br\/emfoco\/wp-content\/uploads\/2024\/11\/Bolsa-familia_1732875413139.jpg","type":"image\/jpeg"}],"author":"Kelvin","twitter_card":"summary_large_image","twitter_misc":{"Escrito por":"Kelvin","Est. tempo de leitura":"4 minutos"},"schema":{"@context":"https:\/\/schema.org","@graph":[{"@type":"WebPage","@id":"https:\/\/www.em.com.br\/emfoco\/2025\/02\/25\/bolsa-familia-em-marco-de-2025-novidades-a-vista-confira\/","url":"https:\/\/www.em.com.br\/emfoco\/2025\/02\/25\/bolsa-familia-em-marco-de-2025-novidades-a-vista-confira\/","name":"Bolsa Fam\u00edlia em mar\u00e7o de 2025, novidades \u00e0 vista? Confira! - Estado de Minas - Em foco","isPartOf":{"@id":"https:\/\/www.em.com.br\/emfoco\/#website"},"primaryImageOfPage":{"@id":"https:\/\/www.em.com.br\/emfoco\/2025\/02\/25\/bolsa-familia-em-marco-de-2025-novidades-a-vista-confira\/#primaryimage"},"image":{"@id":"https:\/\/www.em.com.br\/emfoco\/2025\/02\/25\/bolsa-familia-em-marco-de-2025-novidades-a-vista-confira\/#primaryimage"},"thumbnailUrl":"https:\/\/www.em.com.br\/emfoco\/wp-content\/uploads\/2024\/11\/Bolsa-familia_1732875413139.jpg","datePublished":"2025-02-25T10:20:09+00:00","dateModified":"2025-02-24T19:54:31+00:00","author":{"@id":"https:\/\/www.em.com.br\/emfoco\/#\/schema\/person\/fb0a7f48c6fbb94b83f413a80f61917d"},"description":"Fique por dentro de todas as informa\u00e7\u00f5es sobre o Bolsa Fam\u00edlia em Mar\u00e7o de 2025. Descubra o calend\u00e1rio de pagamentos.","breadcrumb":{"@id":"https:\/\/www.em.com.br\/emfoco\/2025\/02\/25\/bolsa-familia-em-marco-de-2025-novidades-a-vista-confira\/#breadcrumb"},"inLanguage":"pt-BR","potentialAction":[{"@type":"ReadAction","target":["https:\/\/www.em.com.br\/emfoco\/2025\/02\/25\/bolsa-familia-em-marco-de-2025-novidades-a-vista-confira\/"]}]},{"@type":"ImageObject","inLanguage":"pt-BR","@id":"https:\/\/www.em.com.br\/emfoco\/2025\/02\/25\/bolsa-familia-em-marco-de-2025-novidades-a-vista-confira\/#primaryimage","url":"https:\/\/www.em.com.br\/emfoco\/wp-content\/uploads\/2024\/11\/Bolsa-familia_1732875413139.jpg","contentUrl":"https:\/\/www.em.com.br\/emfoco\/wp-content\/uploads\/2024\/11\/Bolsa-familia_1732875413139.jpg","width":1280,"height":720,"caption":"Bolsa Familia - Cr\u00e9ditos: depositphotos.com \/ joasouza"},{"@type":"BreadcrumbList","@id":"https:\/\/www.em.com.br\/emfoco\/2025\/02\/25\/bolsa-familia-em-marco-de-2025-novidades-a-vista-confira\/#breadcrumb","itemListElement":[{"@type":"ListItem","position":1,"name":"In\u00edcio","item":"https:\/\/www.em.com.br\/emfoco\/"},{"@type":"ListItem","position":2,"name":"Bolsa Fam\u00edlia em mar\u00e7o de 2025, novidades \u00e0 vista? Confira!"}]},{"@type":"WebSite","@id":"https:\/\/www.em.com.br\/emfoco\/#website","url":"https:\/\/www.em.com.br\/emfoco\/","name":"Estado de Minas - Em foco","description":"Acompanhe as \u00faltimas not\u00edcias e fique bem informado sobre tudo o que acontece em Minas Gerais, Brasil e no mundo.","potentialAction":[{"@type":"SearchAction","target":{"@type":"EntryPoint","urlTemplate":"https:\/\/www.em.com.br\/emfoco\/?s={search_term_string}"},"query-input":{"@type":"PropertyValueSpecification","valueRequired":true,"valueName":"search_term_string"}}],"inLanguage":"pt-BR"},{"@type":"Person","@id":"https:\/\/www.em.com.br\/emfoco\/#\/schema\/person\/fb0a7f48c6fbb94b83f413a80f61917d","name":"Kelvin","image":{"@type":"ImageObject","inLanguage":"pt-BR","@id":"https:\/\/www.em.com.br\/emfoco\/#\/schema\/person\/image\/","url":"https:\/\/secure.gravatar.com\/avatar\/e74f84337e6bf6c4c5e88fbdffa05270?s=96&d=mm&r=g","contentUrl":"https:\/\/secure.gravatar.com\/avatar\/e74f84337e6bf6c4c5e88fbdffa05270?s=96&d=mm&r=g","caption":"Kelvin"},"sameAs":["https:\/\/www.em.com.br\/emfoco"],"url":"https:\/\/www.em.com.br\/emfoco\/author\/kelvinmyth\/"}]}},"_links":{"self":[{"href":"https:\/\/www.em.com.br\/emfoco\/wp-json\/wp\/v2\/posts\/22381","targetHints":{"allow":["GET"]}}],"collection":[{"href":"https:\/\/www.em.com.br\/emfoco\/wp-json\/wp\/v2\/posts"}],"about":[{"href":"https:\/\/www.em.com.br\/emfoco\/wp-json\/wp\/v2\/types\/post"}],"author":[{"embeddable":true,"href":"https:\/\/www.em.com.br\/emfoco\/wp-json\/wp\/v2\/users\/7"}],"replies":[{"embeddable":true,"href":"https:\/\/www.em.com.br\/emfoco\/wp-json\/wp\/v2\/comments?post=22381"}],"version-history":[{"count":4,"href":"https:\/\/www.em.com.br\/emfoco\/wp-json\/wp\/v2\/posts\/22381\/revisions"}],"predecessor-version":[{"id":22501,"href":"https:\/\/www.em.com.br\/emfoco\/wp-json\/wp\/v2\/posts\/22381\/revisions\/22501"}],"wp:featuredmedia":[{"embeddable":true,"href":"https:\/\/www.em.com.br\/emfoco\/wp-json\/wp\/v2\/media\/2184"}],"wp:attachment":[{"href":"https:\/\/www.em.com.br\/emfoco\/wp-json\/wp\/v2\/media?parent=22381"}],"wp:term":[{"taxonomy":"category","embeddable":true,"href":"https:\/\/www.em.com.br\/emfoco\/wp-json\/wp\/v2\/categories?post=22381"},{"taxonomy":"post_tag","embeddable":true,"href":"https:\/\/www.em.com.br\/emfoco\/wp-json\/wp\/v2\/tags?post=22381"}],"curies":[{"name":"wp","href":"https:\/\/api.w.org\/{rel}","templated":true}]}}