{"id":22322,"date":"2025-02-26T14:00:07","date_gmt":"2025-02-26T17:00:07","guid":{"rendered":"https:\/\/www.em.com.br\/emfoco\/?p=22322"},"modified":"2025-02-26T14:00:08","modified_gmt":"2025-02-26T17:00:08","slug":"alerta-de-nova-pandemia-china-revela-a-nova-cepa-de-coronavirus-que-pode-ser-ainda-mais-infecciosa-que-covid-19","status":"publish","type":"post","link":"https:\/\/www.em.com.br\/emfoco\/2025\/02\/26\/alerta-de-nova-pandemia-china-revela-a-nova-cepa-de-coronavirus-que-pode-ser-ainda-mais-infecciosa-que-covid-19\/","title":{"rendered":"Alerta de nova pandemia? China revela a nova cepa de coronav\u00edrus que pode ser ainda mais infecciosa que Covid-19"},"content":{"rendered":"\n<p>Uma nova variante de coronav\u00edrus foi descoberta em morcegos pelo <strong>Instituto de Virologia de Wuhan, na China<\/strong>. Esta cepa, denominada <strong>HKU5-CoV-2<\/strong>, apresenta semelhan\u00e7as significativas com o <strong>Sars-CoV-2<\/strong>, o v\u00edrus respons\u00e1vel pela pandemia de <strong>Covid-19<\/strong> iniciada em 2020. A descoberta foi publicada na revista cient\u00edfica <strong>Cell<\/strong>, gerando preocupa\u00e7\u00f5es sobre o potencial de transmiss\u00e3o entre humanos.<\/p>\n\n\n\n<p>O HKU5-CoV-2 pertence \u00e0 fam\u00edlia dos <strong>merbecov\u00edrus<\/strong> e, al\u00e9m de morcegos, pode ser encontrado em<strong> visons e pangolins<\/strong>. Acredita-se que os pangolins possam atuar como vetores intermedi\u00e1rios, facilitando a transmiss\u00e3o do v\u00edrus dos morcegos para os seres humanos. Esta nova cepa utiliza o mesmo receptor <strong>ACE2<\/strong> que o Sars-CoV-2 para invadir c\u00e9lulas humanas, o que aumenta a preocupa\u00e7\u00e3o sobre sua capacidade de infec\u00e7\u00e3o.<\/p>\n\n\n\n<h2 class=\"wp-block-heading\">Como o HKU5-CoV-2 se compara ao Sars-CoV-2?<\/h2>\n\n\n\n<p>Ambas as cepas, HKU5-CoV-2 e Sars-CoV-2, compartilham a habilidade de utilizar o receptor ACE2 para entrar nas c\u00e9lulas humanas. Este mecanismo de entrada \u00e9 crucial para a infec\u00e7\u00e3o e prolifera\u00e7\u00e3o do v\u00edrus dentro do organismo. A similaridade no uso do receptor sugere que o HKU5-CoV-2 poderia ter um comportamento infeccioso semelhante ao do Sars-CoV-2, embora mais estudos sejam necess\u00e1rios para confirmar essa hip\u00f3tese.<\/p>\n\n\n\n<p>Os merbecov\u00edrus, como o HKU5-CoV-2, s\u00e3o conhecidos por sua rela\u00e7\u00e3o filogen\u00e9tica com o <strong>MERS-CoV<\/strong>, outro coronav\u00edrus que causou surtos no passado. Esta rela\u00e7\u00e3o sugere que eles podem representar um risco significativo de propaga\u00e7\u00e3o entre humanos, seja por transmiss\u00e3o direta ou atrav\u00e9s de hospedeiros intermedi\u00e1rios.<\/p>\n\n\n\n<figure class=\"wp-block-image size-large\"><img loading=\"lazy\" decoding=\"async\" width=\"1024\" height=\"576\" src=\"https:\/\/www.em.com.br\/emfoco\/wp-content\/uploads\/2025\/02\/covid_1740402456722-1024x576.jpg\" alt=\"Alerta de nova pandemia! China revela a nova cepa de coronav\u00edrus que pode ser ainda mais infecciosa que Covid-19\" class=\"wp-image-22326\" srcset=\"https:\/\/www.em.com.br\/emfoco\/wp-content\/uploads\/2025\/02\/covid_1740402456722-1024x576.jpg 1024w, https:\/\/www.em.com.br\/emfoco\/wp-content\/uploads\/2025\/02\/covid_1740402456722-300x169.jpg 300w, https:\/\/www.em.com.br\/emfoco\/wp-content\/uploads\/2025\/02\/covid_1740402456722-768x432.jpg 768w, https:\/\/www.em.com.br\/emfoco\/wp-content\/uploads\/2025\/02\/covid_1740402456722-750x422.jpg 750w, https:\/\/www.em.com.br\/emfoco\/wp-content\/uploads\/2025\/02\/covid_1740402456722-1140x641.jpg 1140w, https:\/\/www.em.com.br\/emfoco\/wp-content\/uploads\/2025\/02\/covid_1740402456722.jpg 1280w\" sizes=\"auto, (max-width: 1024px) 100vw, 1024px\" \/><figcaption class=\"wp-element-caption\">Covid &#8211; Cr\u00e9ditos: depositphotos.com \/ Volurol<\/figcaption><\/figure>\n\n\n\n<h2 class=\"wp-block-heading\">Quais s\u00e3o as implica\u00e7\u00f5es para a sa\u00fade p\u00fablica?<\/h2>\n\n\n\n<p>A descoberta do HKU5-CoV-2 levanta quest\u00f5es importantes sobre a vigil\u00e2ncia e preven\u00e7\u00e3o de novas pandemias. A capacidade do v\u00edrus de infectar c\u00e9lulas humanas foi confirmada por testes laboratoriais, mas o potencial de prolifera\u00e7\u00e3o em larga escala ainda precisa ser investigado. Especialistas destacam a import\u00e2ncia de monitorar essas variantes em popula\u00e7\u00f5es de animais selvagens e dom\u00e9sticos para prevenir poss\u00edveis surtos.<\/p>\n\n\n\n<p>Al\u00e9m disso, a identifica\u00e7\u00e3o de novos coronav\u00edrus em morcegos refor\u00e7a a necessidade de pol\u00edticas de sa\u00fade p\u00fablica que incluam a conserva\u00e7\u00e3o de habitats naturais e a redu\u00e7\u00e3o do contato humano com animais selvagens. Essas medidas s\u00e3o essenciais para minimizar o risco de transmiss\u00e3o de zoonoses, que s\u00e3o doen\u00e7as transmitidas de animais para humanos.<\/p>\n\n\n\n<h2 class=\"wp-block-heading\">Quais medidas podem ser tomadas para prevenir novas pandemias?<\/h2>\n\n\n\n<p>Para mitigar o risco de novas pandemias, \u00e9 crucial implementar estrat\u00e9gias de vigil\u00e2ncia cont\u00ednua em popula\u00e7\u00f5es de animais selvagens e em mercados de animais vivos. A pesquisa cient\u00edfica deve ser apoiada para desenvolver vacinas e tratamentos eficazes contra uma ampla gama de coronav\u00edrus. Al\u00e9m disso, a coopera\u00e7\u00e3o internacional \u00e9 fundamental para compartilhar informa\u00e7\u00f5es e recursos rapidamente em resposta a amea\u00e7as emergentes.<\/p>\n\n\n\n<p>Educar o p\u00fablico sobre os riscos associados ao contato com animais selvagens e promover pr\u00e1ticas de higiene adequadas tamb\u00e9m s\u00e3o passos importantes para prevenir a dissemina\u00e7\u00e3o de novos v\u00edrus. A prepara\u00e7\u00e3o e a resposta r\u00e1pidas a surtos potenciais podem ajudar a conter a propaga\u00e7\u00e3o antes que se tornem pandemias globais.<\/p>\n","protected":false},"excerpt":{"rendered":"<p>Uma nova variante de coronav\u00edrus foi descoberta em morcegos pelo Instituto de Virologia de Wuhan, na China. Esta cepa, denominada HKU5-CoV-2, apresenta semelhan\u00e7as significativas com o Sars-CoV-2, o v\u00edrus respons\u00e1vel pela pandemia de Covid-19 iniciada em 2020. A descoberta foi publicada na revista cient\u00edfica Cell, gerando preocupa\u00e7\u00f5es sobre o potencial de transmiss\u00e3o entre humanos. O [&hellip;]<\/p>\n","protected":false},"author":5,"featured_media":22325,"comment_status":"open","ping_status":"open","sticky":false,"template":"","format":"standard","meta":{"jnews-multi-image_gallery":[],"jnews_single_post":{"format":"standard"},"jnews_primary_category":[],"jnews_social_meta":[],"jnews_override_counter":[],"footnotes":""},"categories":[29,138,1],"tags":[5475,5476,4352,2026],"class_list":["post-22322","post","type-post","status-publish","format-standard","has-post-thumbnail","hentry","category-entretenimento","category-mundo","category-noticias","tag-coronavirus","tag-hku5-cov-2","tag-pandemia","tag-saude-publica"],"yoast_head":"<!-- This site is optimized with the Yoast SEO plugin v23.8 - https:\/\/yoast.com\/wordpress\/plugins\/seo\/ -->\n<title>Alerta de nova pandemia? China revela a nova cepa de coronav\u00edrus que pode ser ainda mais infecciosa que Covid-19 - Estado de Minas - Em foco<\/title>\n<meta name=\"description\" content=\"A nova cepa HKU5-CoV-2 pode representar uma nova amea\u00e7a \u00e0 sa\u00fade p\u00fablica. Saiba tudo sobre essa descoberta alarmante.\" \/>\n<meta name=\"robots\" content=\"index, follow, max-snippet:-1, max-image-preview:large, max-video-preview:-1\" \/>\n<link rel=\"canonical\" href=\"https:\/\/www.em.com.br\/emfoco\/2025\/02\/26\/alerta-de-nova-pandemia-china-revela-a-nova-cepa-de-coronavirus-que-pode-ser-ainda-mais-infecciosa-que-covid-19\/\" \/>\n<meta property=\"og:locale\" content=\"pt_BR\" \/>\n<meta property=\"og:type\" content=\"article\" \/>\n<meta property=\"og:title\" content=\"Alerta de nova pandemia? China revela a nova cepa de coronav\u00edrus que pode ser ainda mais infecciosa que Covid-19 - Estado de Minas - Em foco\" \/>\n<meta property=\"og:description\" content=\"A nova cepa HKU5-CoV-2 pode representar uma nova amea\u00e7a \u00e0 sa\u00fade p\u00fablica. Saiba tudo sobre essa descoberta alarmante.\" \/>\n<meta property=\"og:url\" content=\"https:\/\/www.em.com.br\/emfoco\/2025\/02\/26\/alerta-de-nova-pandemia-china-revela-a-nova-cepa-de-coronavirus-que-pode-ser-ainda-mais-infecciosa-que-covid-19\/\" \/>\n<meta property=\"og:site_name\" content=\"Estado de Minas - Em foco\" \/>\n<meta property=\"article:published_time\" content=\"2025-02-26T17:00:07+00:00\" \/>\n<meta property=\"article:modified_time\" content=\"2025-02-26T17:00:08+00:00\" \/>\n<meta property=\"og:image\" content=\"https:\/\/www.em.com.br\/emfoco\/wp-content\/uploads\/2025\/02\/covid_1740402408890.jpg\" \/>\n\t<meta property=\"og:image:width\" content=\"1280\" \/>\n\t<meta property=\"og:image:height\" content=\"720\" \/>\n\t<meta property=\"og:image:type\" content=\"image\/jpeg\" \/>\n<meta name=\"author\" content=\"N\u00fabia Rangel\" \/>\n<meta name=\"twitter:card\" content=\"summary_large_image\" \/>\n<meta name=\"twitter:label1\" content=\"Escrito por\" \/>\n\t<meta name=\"twitter:data1\" content=\"N\u00fabia Rangel\" \/>\n\t<meta name=\"twitter:label2\" content=\"Est. tempo de leitura\" \/>\n\t<meta name=\"twitter:data2\" content=\"4 minutos\" \/>\n<!-- \/ Yoast SEO plugin. -->","yoast_head_json":{"title":"Alerta de nova pandemia? China revela a nova cepa de coronav\u00edrus que pode ser ainda mais infecciosa que Covid-19 - Estado de Minas - Em foco","description":"A nova cepa HKU5-CoV-2 pode representar uma nova amea\u00e7a \u00e0 sa\u00fade p\u00fablica. Saiba tudo sobre essa descoberta alarmante.","robots":{"index":"index","follow":"follow","max-snippet":"max-snippet:-1","max-image-preview":"max-image-preview:large","max-video-preview":"max-video-preview:-1"},"canonical":"https:\/\/www.em.com.br\/emfoco\/2025\/02\/26\/alerta-de-nova-pandemia-china-revela-a-nova-cepa-de-coronavirus-que-pode-ser-ainda-mais-infecciosa-que-covid-19\/","og_locale":"pt_BR","og_type":"article","og_title":"Alerta de nova pandemia? China revela a nova cepa de coronav\u00edrus que pode ser ainda mais infecciosa que Covid-19 - Estado de Minas - Em foco","og_description":"A nova cepa HKU5-CoV-2 pode representar uma nova amea\u00e7a \u00e0 sa\u00fade p\u00fablica. Saiba tudo sobre essa descoberta alarmante.","og_url":"https:\/\/www.em.com.br\/emfoco\/2025\/02\/26\/alerta-de-nova-pandemia-china-revela-a-nova-cepa-de-coronavirus-que-pode-ser-ainda-mais-infecciosa-que-covid-19\/","og_site_name":"Estado de Minas - Em foco","article_published_time":"2025-02-26T17:00:07+00:00","article_modified_time":"2025-02-26T17:00:08+00:00","og_image":[{"width":1280,"height":720,"url":"https:\/\/www.em.com.br\/emfoco\/wp-content\/uploads\/2025\/02\/covid_1740402408890.jpg","type":"image\/jpeg"}],"author":"N\u00fabia Rangel","twitter_card":"summary_large_image","twitter_misc":{"Escrito por":"N\u00fabia Rangel","Est. tempo de leitura":"4 minutos"},"schema":{"@context":"https:\/\/schema.org","@graph":[{"@type":"WebPage","@id":"https:\/\/www.em.com.br\/emfoco\/2025\/02\/26\/alerta-de-nova-pandemia-china-revela-a-nova-cepa-de-coronavirus-que-pode-ser-ainda-mais-infecciosa-que-covid-19\/","url":"https:\/\/www.em.com.br\/emfoco\/2025\/02\/26\/alerta-de-nova-pandemia-china-revela-a-nova-cepa-de-coronavirus-que-pode-ser-ainda-mais-infecciosa-que-covid-19\/","name":"Alerta de nova pandemia? China revela a nova cepa de coronav\u00edrus que pode ser ainda mais infecciosa que Covid-19 - Estado de Minas - Em foco","isPartOf":{"@id":"https:\/\/www.em.com.br\/emfoco\/#website"},"primaryImageOfPage":{"@id":"https:\/\/www.em.com.br\/emfoco\/2025\/02\/26\/alerta-de-nova-pandemia-china-revela-a-nova-cepa-de-coronavirus-que-pode-ser-ainda-mais-infecciosa-que-covid-19\/#primaryimage"},"image":{"@id":"https:\/\/www.em.com.br\/emfoco\/2025\/02\/26\/alerta-de-nova-pandemia-china-revela-a-nova-cepa-de-coronavirus-que-pode-ser-ainda-mais-infecciosa-que-covid-19\/#primaryimage"},"thumbnailUrl":"https:\/\/www.em.com.br\/emfoco\/wp-content\/uploads\/2025\/02\/covid_1740402408890.jpg","datePublished":"2025-02-26T17:00:07+00:00","dateModified":"2025-02-26T17:00:08+00:00","author":{"@id":"https:\/\/www.em.com.br\/emfoco\/#\/schema\/person\/524437ef54f8a5d32591b143307f2e20"},"description":"A nova cepa HKU5-CoV-2 pode representar uma nova amea\u00e7a \u00e0 sa\u00fade p\u00fablica. Saiba tudo sobre essa descoberta alarmante.","breadcrumb":{"@id":"https:\/\/www.em.com.br\/emfoco\/2025\/02\/26\/alerta-de-nova-pandemia-china-revela-a-nova-cepa-de-coronavirus-que-pode-ser-ainda-mais-infecciosa-que-covid-19\/#breadcrumb"},"inLanguage":"pt-BR","potentialAction":[{"@type":"ReadAction","target":["https:\/\/www.em.com.br\/emfoco\/2025\/02\/26\/alerta-de-nova-pandemia-china-revela-a-nova-cepa-de-coronavirus-que-pode-ser-ainda-mais-infecciosa-que-covid-19\/"]}]},{"@type":"ImageObject","inLanguage":"pt-BR","@id":"https:\/\/www.em.com.br\/emfoco\/2025\/02\/26\/alerta-de-nova-pandemia-china-revela-a-nova-cepa-de-coronavirus-que-pode-ser-ainda-mais-infecciosa-que-covid-19\/#primaryimage","url":"https:\/\/www.em.com.br\/emfoco\/wp-content\/uploads\/2025\/02\/covid_1740402408890.jpg","contentUrl":"https:\/\/www.em.com.br\/emfoco\/wp-content\/uploads\/2025\/02\/covid_1740402408890.jpg","width":1280,"height":720,"caption":"Covid - Cr\u00e9ditos: depositphotos.com \/ HayDmitriy"},{"@type":"BreadcrumbList","@id":"https:\/\/www.em.com.br\/emfoco\/2025\/02\/26\/alerta-de-nova-pandemia-china-revela-a-nova-cepa-de-coronavirus-que-pode-ser-ainda-mais-infecciosa-que-covid-19\/#breadcrumb","itemListElement":[{"@type":"ListItem","position":1,"name":"In\u00edcio","item":"https:\/\/www.em.com.br\/emfoco\/"},{"@type":"ListItem","position":2,"name":"Alerta de nova pandemia? China revela a nova cepa de coronav\u00edrus que pode ser ainda mais infecciosa que Covid-19"}]},{"@type":"WebSite","@id":"https:\/\/www.em.com.br\/emfoco\/#website","url":"https:\/\/www.em.com.br\/emfoco\/","name":"Estado de Minas - Em foco","description":"Acompanhe as \u00faltimas not\u00edcias e fique bem informado sobre tudo o que acontece em Minas Gerais, Brasil e no mundo.","potentialAction":[{"@type":"SearchAction","target":{"@type":"EntryPoint","urlTemplate":"https:\/\/www.em.com.br\/emfoco\/?s={search_term_string}"},"query-input":{"@type":"PropertyValueSpecification","valueRequired":true,"valueName":"search_term_string"}}],"inLanguage":"pt-BR"},{"@type":"Person","@id":"https:\/\/www.em.com.br\/emfoco\/#\/schema\/person\/524437ef54f8a5d32591b143307f2e20","name":"N\u00fabia Rangel","image":{"@type":"ImageObject","inLanguage":"pt-BR","@id":"https:\/\/www.em.com.br\/emfoco\/#\/schema\/person\/image\/","url":"https:\/\/secure.gravatar.com\/avatar\/47cff2827a5ba23c37e8068c86817ea4?s=96&d=mm&r=g","contentUrl":"https:\/\/secure.gravatar.com\/avatar\/47cff2827a5ba23c37e8068c86817ea4?s=96&d=mm&r=g","caption":"N\u00fabia Rangel"},"sameAs":["https:\/\/www.em.com.br\/emfoco\/"],"url":"https:\/\/www.em.com.br\/emfoco\/author\/nubiamyth\/"}]}},"_links":{"self":[{"href":"https:\/\/www.em.com.br\/emfoco\/wp-json\/wp\/v2\/posts\/22322","targetHints":{"allow":["GET"]}}],"collection":[{"href":"https:\/\/www.em.com.br\/emfoco\/wp-json\/wp\/v2\/posts"}],"about":[{"href":"https:\/\/www.em.com.br\/emfoco\/wp-json\/wp\/v2\/types\/post"}],"author":[{"embeddable":true,"href":"https:\/\/www.em.com.br\/emfoco\/wp-json\/wp\/v2\/users\/5"}],"replies":[{"embeddable":true,"href":"https:\/\/www.em.com.br\/emfoco\/wp-json\/wp\/v2\/comments?post=22322"}],"version-history":[{"count":4,"href":"https:\/\/www.em.com.br\/emfoco\/wp-json\/wp\/v2\/posts\/22322\/revisions"}],"predecessor-version":[{"id":22333,"href":"https:\/\/www.em.com.br\/emfoco\/wp-json\/wp\/v2\/posts\/22322\/revisions\/22333"}],"wp:featuredmedia":[{"embeddable":true,"href":"https:\/\/www.em.com.br\/emfoco\/wp-json\/wp\/v2\/media\/22325"}],"wp:attachment":[{"href":"https:\/\/www.em.com.br\/emfoco\/wp-json\/wp\/v2\/media?parent=22322"}],"wp:term":[{"taxonomy":"category","embeddable":true,"href":"https:\/\/www.em.com.br\/emfoco\/wp-json\/wp\/v2\/categories?post=22322"},{"taxonomy":"post_tag","embeddable":true,"href":"https:\/\/www.em.com.br\/emfoco\/wp-json\/wp\/v2\/tags?post=22322"}],"curies":[{"name":"wp","href":"https:\/\/api.w.org\/{rel}","templated":true}]}}