{"id":22311,"date":"2025-02-25T08:20:00","date_gmt":"2025-02-25T11:20:00","guid":{"rendered":"https:\/\/www.em.com.br\/emfoco\/?p=22311"},"modified":"2025-02-24T17:12:38","modified_gmt":"2025-02-24T20:12:38","slug":"seu-mapa-astral-pede-atencao-veja-as-energias-de-hoje","status":"publish","type":"post","link":"https:\/\/www.em.com.br\/emfoco\/2025\/02\/25\/seu-mapa-astral-pede-atencao-veja-as-energias-de-hoje\/","title":{"rendered":"Seu mapa Astral pede aten\u00e7\u00e3o! Veja as energias de hoje"},"content":{"rendered":"\n<p><strong>Bicha, segura esse close astral!<\/strong> A Lua t\u00e1 toda trabalhada em <a href=\"https:\/\/www.em.com.br\/emfoco\/2024\/11\/10\/previsao-dos-signos-de-11-a-17-de-novembro-de-2024-sol-em-escorpiao-mantenha-a-calma-nas-tensoes\/\" target=\"_blank\" rel=\"noreferrer noopener\">Escorpi\u00e3o<\/a>, trazendo intensidade, mist\u00e9rio e aquela vontade de dar um perdido e sumir no meio da semana. Mas calma, n\u00e3o precisa fugir do mapa! O Sol em Peixes deixa tudo mais sens\u00edvel e sonhador, ent\u00e3o bora equilibrar emo\u00e7\u00e3o com raz\u00e3o, t\u00e1? Agora vem ver o que os astros prepararam pra voc\u00ea!<\/p>\n\n\n\n<h3 class=\"wp-block-heading\">\u2648 \u00c1ries \u2013 Entre o fogo e a fa\u00edsca \ud83d\udd25<\/h3>\n\n\n\n<p>Hoje seu lado impulsivo t\u00e1 no talo! A Lua em Escorpi\u00e3o ativa sua intensidade, e o Sol pisciano traz uma vibe mais emocional. Ou seja, voc\u00ea pode surtar por um text\u00e3o n\u00e3o respondido e, cinco minutos depois, querer casar. Respira, amore!<\/p>\n\n\n\n<h3 class=\"wp-block-heading\">\u2649 Touro \u2013 Sensualidade e contas pagas \ud83d\udcb0<\/h3>\n\n\n\n<p>Sua energia t\u00e1 poderosa, e sua sensualidade, no \u00faltimo volume! Hoje \u00e9 dia de atrair olhares e talvez uns boletos inesperados (ningu\u00e9m merece). No amor, algu\u00e9m pode te surpreender. No trabalho, foca nos detalhes antes de tomar decis\u00f5es importantes.<\/p>\n\n\n\n<h3 class=\"wp-block-heading\">\u264a G\u00eameos \u2013 Boca de sacola ativada \ud83d\udde3\ufe0f<\/h3>\n\n\n\n<p>Seu lado fofoqueiro t\u00e1 como? ON! Mas \u00f3, cuidado com as informa\u00e7\u00f5es que voc\u00ea espalha, porque tem energia de segredos no ar. No amor, pode rolar um papo intenso com o crush, daqueles que fazem a temperatura subir.<\/p>\n\n\n\n<h3 class=\"wp-block-heading\">\u264b C\u00e2ncer \u2013 Cora\u00e7\u00e3o de cristal \ud83d\udc96<\/h3>\n\n\n\n<p>O dia pede pra voc\u00ea <strong>ouvir seu cora\u00e7\u00e3o<\/strong>, mas sem cair no drama de novela mexicana, t\u00e1? Sua intui\u00e7\u00e3o t\u00e1 afiada, ent\u00e3o confia no feeling. Se precisar de um ombro amigo, chama aquela pessoa que sempre te entende.<\/p>\n\n\n\n<h3 class=\"wp-block-heading\">\u264c Le\u00e3o \u2013 Carisma e poder \ud83d\udc51<\/h3>\n\n\n\n<p>A Lua em Escorpi\u00e3o te deixa ainda mais magn\u00e9tico. Hoje, se voc\u00ea quiser, ningu\u00e9m resiste ao seu brilho! Mas cuidado pra n\u00e3o exagerar na dose e acabar intimidando geral. No trabalho, momento perfeito pra dar aquele close estrat\u00e9gico.<\/p>\n\n\n\n<h3 class=\"wp-block-heading\">\u264d Virgem \u2013 Xeroque Holmes da vida real \ud83d\udd0d<\/h3>\n\n\n\n<p>Hoje voc\u00ea t\u00e1 mais observador que detetive em final de s\u00e9rie. Seu sexto sentido t\u00e1 apurado, ent\u00e3o presta aten\u00e7\u00e3o nos sinais! No trabalho, seu lado perfeccionista pode salvar o dia. No amor, uma conversa pode esclarecer algo importante.<\/p>\n\n\n<div class=\"wp-block-image\">\n<figure class=\"aligncenter size-large\"><img loading=\"lazy\" decoding=\"async\" width=\"1024\" height=\"576\" src=\"https:\/\/www.em.com.br\/emfoco\/wp-content\/uploads\/2024\/12\/Horoscopo_Virgem-1024x576.jpg\" alt=\"Seu mapa Astral pede aten\u00e7\u00e3o! Veja as energias de hoje\" class=\"wp-image-4233\" srcset=\"https:\/\/www.em.com.br\/emfoco\/wp-content\/uploads\/2024\/12\/Horoscopo_Virgem-1024x576.jpg 1024w, https:\/\/www.em.com.br\/emfoco\/wp-content\/uploads\/2024\/12\/Horoscopo_Virgem-300x169.jpg 300w, https:\/\/www.em.com.br\/emfoco\/wp-content\/uploads\/2024\/12\/Horoscopo_Virgem-768x432.jpg 768w, https:\/\/www.em.com.br\/emfoco\/wp-content\/uploads\/2024\/12\/Horoscopo_Virgem-750x422.jpg 750w, https:\/\/www.em.com.br\/emfoco\/wp-content\/uploads\/2024\/12\/Horoscopo_Virgem-1140x641.jpg 1140w, https:\/\/www.em.com.br\/emfoco\/wp-content\/uploads\/2024\/12\/Horoscopo_Virgem.jpg 1280w\" sizes=\"auto, (max-width: 1024px) 100vw, 1024px\" \/><figcaption class=\"wp-element-caption\">Horoscopo_Virgem Cr\u00e9ditos: depositphotos.com \/ HayDmitriy<\/figcaption><\/figure><\/div>\n\n\n<h3 class=\"wp-block-heading\">\u264e Libra \u2013 Social, mas seletiva \ud83d\udc85<\/h3>\n\n\n\n<p>A Lua em Escorpi\u00e3o te deixa mais misteriosa que nunca, e isso s\u00f3 aumenta seu charme. No amor, pode rolar uma conex\u00e3o intensa com algu\u00e9m que te entende de verdade. No trabalho, negocia\u00e7\u00f5es podem fluir melhor do que voc\u00ea espera.<\/p>\n\n\n\n<h3 class=\"wp-block-heading\">\u264f Escorpi\u00e3o \u2013 Plena e perigosa \ud83d\ude0f<\/h3>\n\n\n\n<p>Seu magnetismo t\u00e1 nas alturas, ent\u00e3o hoje voc\u00ea <strong>atrai tudo o que quiser<\/strong>. Mas \u00f3, cuidado pra n\u00e3o acabar envolvida em confus\u00f5es desnecess\u00e1rias. No amor, momento perfeito pra conversas profundas (ou aquelas trocas de olhares fatais).<\/p>\n\n\n\n<h3 class=\"wp-block-heading\">\u2650 Sagit\u00e1rio \u2013 Liberdade, mas com modera\u00e7\u00e3o \ud83c\udff9<\/h3>\n\n\n\n<p>Voc\u00ea quer se jogar no mundo, mas os astros pedem um pouco mais de <strong>estrat\u00e9gia<\/strong>. N\u00e3o \u00e9 hora de sair metendo o p\u00e9 em tudo sem pensar. No amor, se quer algo s\u00e9rio, mostre que t\u00e1 disposto a investir de verdade.<\/p>\n\n\n\n<h3 class=\"wp-block-heading\">\u2651 Capric\u00f3rnio \u2013 Trabalho, mas com emo\u00e7\u00e3o \ud83d\udcbc<\/h3>\n\n\n\n<p>O foco segue no sucesso, mas hoje os astros pedem pra voc\u00ea <strong>dar aten\u00e7\u00e3o ao seu lado emocional tamb\u00e9m<\/strong>. Equilibre raz\u00e3o e cora\u00e7\u00e3o, sen\u00e3o a vida fica s\u00f3 um grande Excel sem gra\u00e7a. No amor, abra espa\u00e7o pra novas experi\u00eancias.<\/p>\n\n\n\n<h3 class=\"wp-block-heading\">\u2652 Aqu\u00e1rio \u2013 Revolu\u00e7\u00e3o e romance \ud83d\udc7d<\/h3>\n\n\n\n<p>Seu lado vision\u00e1rio t\u00e1 a mil, e hoje voc\u00ea pode ter sacadas incr\u00edveis. No amor, a Lua em Escorpi\u00e3o pode trazer um crush inesperado ou um momento intenso. No trabalho, boas ideias podem surgir \u2013 anote tudo!<\/p>\n\n\n\n<h3 class=\"wp-block-heading\">\u2653 Peixes \u2013 Sonhos e revela\u00e7\u00f5es \ud83c\udf0a<\/h3>\n\n\n\n<p>O Sol t\u00e1 brilhando no seu signo e trazendo ainda mais intui\u00e7\u00e3o pra sua vida! Fica de olho nos sinais do universo, porque eles est\u00e3o te guiando. No amor, algo profundo pode acontecer \u2013 e sim, pode ser aquele crush que voc\u00ea nem esperava!<\/p>\n\n\n\n<h3 class=\"wp-block-heading\">\u2728 Resumo do dia:<\/h3>\n\n\n\n<p>O clima t\u00e1 intenso, emocional e misterioso. Hoje \u00e9 dia de confiar na intui\u00e7\u00e3o, evitar tretas desnecess\u00e1rias e usar sua sensualidade com responsabilidade! \ud83c\udf19\ud83d\udc9c<\/p>\n","protected":false},"excerpt":{"rendered":"<p>Bicha, segura esse close astral! A Lua t\u00e1 toda trabalhada em Escorpi\u00e3o, trazendo intensidade, mist\u00e9rio e aquela vontade de dar um perdido e sumir no meio da semana. Mas calma, n\u00e3o precisa fugir do mapa! O Sol em Peixes deixa tudo mais sens\u00edvel e sonhador, ent\u00e3o bora equilibrar emo\u00e7\u00e3o com raz\u00e3o, t\u00e1? Agora vem ver [&hellip;]<\/p>\n","protected":false},"author":7,"featured_media":5735,"comment_status":"open","ping_status":"open","sticky":false,"template":"","format":"standard","meta":{"jnews-multi-image_gallery":[],"jnews_single_post":{"format":"standard"},"jnews_primary_category":[],"jnews_social_meta":[],"jnews_override_counter":[],"footnotes":""},"categories":[25],"tags":[297,171,1215,168],"class_list":["post-22311","post","type-post","status-publish","format-standard","has-post-thumbnail","hentry","category-signos","tag-astrologia","tag-horoscopo","tag-previsoes","tag-signos"],"yoast_head":"<!-- This site is optimized with the Yoast SEO plugin v23.8 - https:\/\/yoast.com\/wordpress\/plugins\/seo\/ -->\n<title>Seu mapa Astral pede aten\u00e7\u00e3o! Veja as energias de hoje - Estado de Minas - Em foco<\/title>\n<meta name=\"description\" content=\"Hoje a energia t\u00e1 intensa! Segredos, paix\u00f5es e intui\u00e7\u00e3o em alta \u2013 descubra o que os astros reservam para voc\u00ea e prepare-se para surpresas!\" \/>\n<meta name=\"robots\" content=\"index, follow, max-snippet:-1, max-image-preview:large, max-video-preview:-1\" \/>\n<link rel=\"canonical\" href=\"https:\/\/www.em.com.br\/emfoco\/2025\/02\/25\/seu-mapa-astral-pede-atencao-veja-as-energias-de-hoje\/\" \/>\n<meta property=\"og:locale\" content=\"pt_BR\" \/>\n<meta property=\"og:type\" content=\"article\" \/>\n<meta property=\"og:title\" content=\"Seu mapa Astral pede aten\u00e7\u00e3o! Veja as energias de hoje - Estado de Minas - Em foco\" \/>\n<meta property=\"og:description\" content=\"Hoje a energia t\u00e1 intensa! Segredos, paix\u00f5es e intui\u00e7\u00e3o em alta \u2013 descubra o que os astros reservam para voc\u00ea e prepare-se para surpresas!\" \/>\n<meta property=\"og:url\" content=\"https:\/\/www.em.com.br\/emfoco\/2025\/02\/25\/seu-mapa-astral-pede-atencao-veja-as-energias-de-hoje\/\" \/>\n<meta property=\"og:site_name\" content=\"Estado de Minas - Em foco\" \/>\n<meta property=\"article:published_time\" content=\"2025-02-25T11:20:00+00:00\" \/>\n<meta property=\"article:modified_time\" content=\"2025-02-24T20:12:38+00:00\" \/>\n<meta property=\"og:image\" content=\"https:\/\/www.em.com.br\/emfoco\/wp-content\/uploads\/2024\/12\/Zodiac_1734625980487.jpg\" \/>\n\t<meta property=\"og:image:width\" content=\"1280\" \/>\n\t<meta property=\"og:image:height\" content=\"720\" \/>\n\t<meta property=\"og:image:type\" content=\"image\/jpeg\" \/>\n<meta name=\"author\" content=\"Kelvin\" \/>\n<meta name=\"twitter:card\" content=\"summary_large_image\" \/>\n<meta name=\"twitter:label1\" content=\"Escrito por\" \/>\n\t<meta name=\"twitter:data1\" content=\"Kelvin\" \/>\n\t<meta name=\"twitter:label2\" content=\"Est. tempo de leitura\" \/>\n\t<meta name=\"twitter:data2\" content=\"4 minutos\" \/>\n<!-- \/ Yoast SEO plugin. -->","yoast_head_json":{"title":"Seu mapa Astral pede aten\u00e7\u00e3o! Veja as energias de hoje - Estado de Minas - Em foco","description":"Hoje a energia t\u00e1 intensa! Segredos, paix\u00f5es e intui\u00e7\u00e3o em alta \u2013 descubra o que os astros reservam para voc\u00ea e prepare-se para surpresas!","robots":{"index":"index","follow":"follow","max-snippet":"max-snippet:-1","max-image-preview":"max-image-preview:large","max-video-preview":"max-video-preview:-1"},"canonical":"https:\/\/www.em.com.br\/emfoco\/2025\/02\/25\/seu-mapa-astral-pede-atencao-veja-as-energias-de-hoje\/","og_locale":"pt_BR","og_type":"article","og_title":"Seu mapa Astral pede aten\u00e7\u00e3o! Veja as energias de hoje - Estado de Minas - Em foco","og_description":"Hoje a energia t\u00e1 intensa! Segredos, paix\u00f5es e intui\u00e7\u00e3o em alta \u2013 descubra o que os astros reservam para voc\u00ea e prepare-se para surpresas!","og_url":"https:\/\/www.em.com.br\/emfoco\/2025\/02\/25\/seu-mapa-astral-pede-atencao-veja-as-energias-de-hoje\/","og_site_name":"Estado de Minas - Em foco","article_published_time":"2025-02-25T11:20:00+00:00","article_modified_time":"2025-02-24T20:12:38+00:00","og_image":[{"width":1280,"height":720,"url":"https:\/\/www.em.com.br\/emfoco\/wp-content\/uploads\/2024\/12\/Zodiac_1734625980487.jpg","type":"image\/jpeg"}],"author":"Kelvin","twitter_card":"summary_large_image","twitter_misc":{"Escrito por":"Kelvin","Est. tempo de leitura":"4 minutos"},"schema":{"@context":"https:\/\/schema.org","@graph":[{"@type":"WebPage","@id":"https:\/\/www.em.com.br\/emfoco\/2025\/02\/25\/seu-mapa-astral-pede-atencao-veja-as-energias-de-hoje\/","url":"https:\/\/www.em.com.br\/emfoco\/2025\/02\/25\/seu-mapa-astral-pede-atencao-veja-as-energias-de-hoje\/","name":"Seu mapa Astral pede aten\u00e7\u00e3o! Veja as energias de hoje - Estado de Minas - Em foco","isPartOf":{"@id":"https:\/\/www.em.com.br\/emfoco\/#website"},"primaryImageOfPage":{"@id":"https:\/\/www.em.com.br\/emfoco\/2025\/02\/25\/seu-mapa-astral-pede-atencao-veja-as-energias-de-hoje\/#primaryimage"},"image":{"@id":"https:\/\/www.em.com.br\/emfoco\/2025\/02\/25\/seu-mapa-astral-pede-atencao-veja-as-energias-de-hoje\/#primaryimage"},"thumbnailUrl":"https:\/\/www.em.com.br\/emfoco\/wp-content\/uploads\/2024\/12\/Zodiac_1734625980487.jpg","datePublished":"2025-02-25T11:20:00+00:00","dateModified":"2025-02-24T20:12:38+00:00","author":{"@id":"https:\/\/www.em.com.br\/emfoco\/#\/schema\/person\/fb0a7f48c6fbb94b83f413a80f61917d"},"description":"Hoje a energia t\u00e1 intensa! Segredos, paix\u00f5es e intui\u00e7\u00e3o em alta \u2013 descubra o que os astros reservam para voc\u00ea e prepare-se para surpresas!","breadcrumb":{"@id":"https:\/\/www.em.com.br\/emfoco\/2025\/02\/25\/seu-mapa-astral-pede-atencao-veja-as-energias-de-hoje\/#breadcrumb"},"inLanguage":"pt-BR","potentialAction":[{"@type":"ReadAction","target":["https:\/\/www.em.com.br\/emfoco\/2025\/02\/25\/seu-mapa-astral-pede-atencao-veja-as-energias-de-hoje\/"]}]},{"@type":"ImageObject","inLanguage":"pt-BR","@id":"https:\/\/www.em.com.br\/emfoco\/2025\/02\/25\/seu-mapa-astral-pede-atencao-veja-as-energias-de-hoje\/#primaryimage","url":"https:\/\/www.em.com.br\/emfoco\/wp-content\/uploads\/2024\/12\/Zodiac_1734625980487.jpg","contentUrl":"https:\/\/www.em.com.br\/emfoco\/wp-content\/uploads\/2024\/12\/Zodiac_1734625980487.jpg","width":1280,"height":720,"caption":"Hor\u00f3scopo - Cr\u00e9ditos: depositphotos.com \/ ple_sunisa@hotmail.com"},{"@type":"BreadcrumbList","@id":"https:\/\/www.em.com.br\/emfoco\/2025\/02\/25\/seu-mapa-astral-pede-atencao-veja-as-energias-de-hoje\/#breadcrumb","itemListElement":[{"@type":"ListItem","position":1,"name":"In\u00edcio","item":"https:\/\/www.em.com.br\/emfoco\/"},{"@type":"ListItem","position":2,"name":"Seu mapa Astral pede aten\u00e7\u00e3o! Veja as energias de hoje"}]},{"@type":"WebSite","@id":"https:\/\/www.em.com.br\/emfoco\/#website","url":"https:\/\/www.em.com.br\/emfoco\/","name":"Estado de Minas - Em foco","description":"Acompanhe as \u00faltimas not\u00edcias e fique bem informado sobre tudo o que acontece em Minas Gerais, Brasil e no mundo.","potentialAction":[{"@type":"SearchAction","target":{"@type":"EntryPoint","urlTemplate":"https:\/\/www.em.com.br\/emfoco\/?s={search_term_string}"},"query-input":{"@type":"PropertyValueSpecification","valueRequired":true,"valueName":"search_term_string"}}],"inLanguage":"pt-BR"},{"@type":"Person","@id":"https:\/\/www.em.com.br\/emfoco\/#\/schema\/person\/fb0a7f48c6fbb94b83f413a80f61917d","name":"Kelvin","image":{"@type":"ImageObject","inLanguage":"pt-BR","@id":"https:\/\/www.em.com.br\/emfoco\/#\/schema\/person\/image\/","url":"https:\/\/secure.gravatar.com\/avatar\/e74f84337e6bf6c4c5e88fbdffa05270?s=96&d=mm&r=g","contentUrl":"https:\/\/secure.gravatar.com\/avatar\/e74f84337e6bf6c4c5e88fbdffa05270?s=96&d=mm&r=g","caption":"Kelvin"},"sameAs":["https:\/\/www.em.com.br\/emfoco"],"url":"https:\/\/www.em.com.br\/emfoco\/author\/kelvinmyth\/"}]}},"_links":{"self":[{"href":"https:\/\/www.em.com.br\/emfoco\/wp-json\/wp\/v2\/posts\/22311","targetHints":{"allow":["GET"]}}],"collection":[{"href":"https:\/\/www.em.com.br\/emfoco\/wp-json\/wp\/v2\/posts"}],"about":[{"href":"https:\/\/www.em.com.br\/emfoco\/wp-json\/wp\/v2\/types\/post"}],"author":[{"embeddable":true,"href":"https:\/\/www.em.com.br\/emfoco\/wp-json\/wp\/v2\/users\/7"}],"replies":[{"embeddable":true,"href":"https:\/\/www.em.com.br\/emfoco\/wp-json\/wp\/v2\/comments?post=22311"}],"version-history":[{"count":1,"href":"https:\/\/www.em.com.br\/emfoco\/wp-json\/wp\/v2\/posts\/22311\/revisions"}],"predecessor-version":[{"id":22356,"href":"https:\/\/www.em.com.br\/emfoco\/wp-json\/wp\/v2\/posts\/22311\/revisions\/22356"}],"wp:featuredmedia":[{"embeddable":true,"href":"https:\/\/www.em.com.br\/emfoco\/wp-json\/wp\/v2\/media\/5735"}],"wp:attachment":[{"href":"https:\/\/www.em.com.br\/emfoco\/wp-json\/wp\/v2\/media?parent=22311"}],"wp:term":[{"taxonomy":"category","embeddable":true,"href":"https:\/\/www.em.com.br\/emfoco\/wp-json\/wp\/v2\/categories?post=22311"},{"taxonomy":"post_tag","embeddable":true,"href":"https:\/\/www.em.com.br\/emfoco\/wp-json\/wp\/v2\/tags?post=22311"}],"curies":[{"name":"wp","href":"https:\/\/api.w.org\/{rel}","templated":true}]}}