{"id":2223,"date":"2024-11-29T13:59:22","date_gmt":"2024-11-29T16:59:22","guid":{"rendered":"https:\/\/www.em.com.br\/emfoco\/?p=2223"},"modified":"2024-11-29T13:59:22","modified_gmt":"2024-11-29T16:59:22","slug":"estas-doencas-dao-direito-a-isencao-do-imposto-de-renda-confira","status":"publish","type":"post","link":"https:\/\/www.em.com.br\/emfoco\/2024\/11\/29\/estas-doencas-dao-direito-a-isencao-do-imposto-de-renda-confira\/","title":{"rendered":"Estas doen\u00e7as d\u00e3o direito \u00e0 isen\u00e7\u00e3o do Imposto de\u00a0Renda. Confira!"},"content":{"rendered":"\n<p>O governo brasileiro anunciou ajustes significativos na pol\u00edtica de isen\u00e7\u00e3o do <strong>Imposto de Renda<\/strong> para aposentados com doen\u00e7as graves. De acordo com as novas diretrizes, a isen\u00e7\u00e3o continuar\u00e1 a se aplicar para aqueles que recebem at\u00e9 R$ 20 mil mensais. Esta medida faz parte de um pacote de ajuste fiscal que visa equilibrar o or\u00e7amento federal.<\/p>\n\n\n\n<p>Atualmente, aposentados e pensionistas do <strong>INSS (Instituto Nacional do Seguro Social)<\/strong> acometidos por doen\u00e7as graves t\u00eam direito \u00e0 isen\u00e7\u00e3o do imposto sobre o valor de seus benef\u00edcios. Esta pol\u00edtica permanece, mas com um novo limite de recebimento mensal que determinar\u00e1 a aplica\u00e7\u00e3o da isen\u00e7\u00e3o. O teto atual do INSS, estipulado para 2024, \u00e9 de R$ 7.786,02.<\/p>\n\n\n\n<h2 class=\"wp-block-heading\">Quais Doen\u00e7as Garantem a Isen\u00e7\u00e3o do Imposto de Renda na Aposentadoria?<\/h2>\n\n\n\n<p>Existem doen\u00e7as espec\u00edficas listadas na <em>lei 7.713\/88<\/em> que garantem isen\u00e7\u00e3o de Imposto de Renda para aposentados. Entre elas, destacam-se condi\u00e7\u00f5es como:<\/p>\n\n\n\n<ul class=\"wp-block-list\">\n<li>Aliena\u00e7\u00e3o mental<\/li>\n\n\n\n<li>Cardiopatia grave<\/li>\n\n\n\n<li>Cegueira<\/li>\n\n\n\n<li>Contamina\u00e7\u00e3o por radia\u00e7\u00e3o<\/li>\n\n\n\n<li>Doen\u00e7a de Parkinson<\/li>\n\n\n\n<li>Esclerose m\u00faltipla<\/li>\n\n\n\n<li>Espondiloartrose anquilosante<\/li>\n\n\n\n<li>Estados avan\u00e7ados da doen\u00e7a de Paget<\/li>\n\n\n\n<li>Hansen\u00edase<\/li>\n\n\n\n<li>Hepatopatia grave<\/li>\n\n\n\n<li>Nefropatia grave<\/li>\n\n\n\n<li>Neoplasia maligna<\/li>\n\n\n\n<li>Paralisia irrevers\u00edvel e incapacitante<\/li>\n\n\n\n<li>Aids<\/li>\n\n\n\n<li>Tuberculose ativa<\/li>\n<\/ul>\n\n\n\n<p>Al\u00e9m dessas condi\u00e7\u00f5es, aposentadorias geradas por acidentes em servi\u00e7o ou<a href=\"https:\/\/www.gov.br\/receitafederal\/pt-br\/acesso-a-informacao\/perguntas-frequentes\/imposto-de-renda\/dirpf\/isencao\/quais-doencas-dao-direito-a\" target=\"_blank\" rel=\"noreferrer noopener nofollow\"> doen\u00e7as profissionais tamb\u00e9m se qualificam para isen\u00e7\u00e3o<\/a>.<\/p>\n\n\n\n<figure class=\"wp-block-image size-large\"><img loading=\"lazy\" decoding=\"async\" width=\"1024\" height=\"576\" src=\"https:\/\/www.em.com.br\/emfoco\/wp-content\/uploads\/2024\/11\/auxilio-emergencial-Creditos-depositphotos.com-rmcarvalhobsb-1024x576.jpg\" alt=\"aux\u00edlio emergencial - Cr\u00e9ditos depositphotos.com rmcarvalhobsb\" class=\"wp-image-1514\" srcset=\"https:\/\/www.em.com.br\/emfoco\/wp-content\/uploads\/2024\/11\/auxilio-emergencial-Creditos-depositphotos.com-rmcarvalhobsb-1024x576.jpg 1024w, https:\/\/www.em.com.br\/emfoco\/wp-content\/uploads\/2024\/11\/auxilio-emergencial-Creditos-depositphotos.com-rmcarvalhobsb-300x169.jpg 300w, https:\/\/www.em.com.br\/emfoco\/wp-content\/uploads\/2024\/11\/auxilio-emergencial-Creditos-depositphotos.com-rmcarvalhobsb-768x432.jpg 768w, https:\/\/www.em.com.br\/emfoco\/wp-content\/uploads\/2024\/11\/auxilio-emergencial-Creditos-depositphotos.com-rmcarvalhobsb-750x422.jpg 750w, https:\/\/www.em.com.br\/emfoco\/wp-content\/uploads\/2024\/11\/auxilio-emergencial-Creditos-depositphotos.com-rmcarvalhobsb-1140x641.jpg 1140w, https:\/\/www.em.com.br\/emfoco\/wp-content\/uploads\/2024\/11\/auxilio-emergencial-Creditos-depositphotos.com-rmcarvalhobsb.jpg 1280w\" sizes=\"auto, (max-width: 1024px) 100vw, 1024px\" \/><figcaption class=\"wp-element-caption\">aux\u00edlio emergencial &#8211; Cr\u00e9ditos depositphotos.com rmcarvalhobsb<\/figcaption><\/figure>\n\n\n\n<h2 class=\"wp-block-heading\">Como Funciona a Avalia\u00e7\u00e3o do INSS para Isen\u00e7\u00e3o?<\/h2>\n\n\n\n<p>Para efetivar a isen\u00e7\u00e3o do <strong>Imposto de Renda<\/strong>, \u00e9 necess\u00e1rio que o INSS avalie a documenta\u00e7\u00e3o m\u00e9dica do segurado. Este processo envolve a apresenta\u00e7\u00e3o de laudos m\u00e9dicos que comprovem a condi\u00e7\u00e3o m\u00e9dica que garante o benef\u00edcio. A comprova\u00e7\u00e3o deve ser respaldada por conclus\u00f5es emitidas por especialistas na \u00e1rea m\u00e9dica correspondente.<\/p>\n\n\n\n<p>\u00c9 importante destacar que mesmo com as mudan\u00e7as, as dedu\u00e7\u00f5es por despesas m\u00e9dicas continuam a valer para todos os contribuintes sem limite de gastos. Isso significa que tratamentos, cl\u00ednicas e outros pagamentos de sa\u00fade poder\u00e3o ser abatidos na declara\u00e7\u00e3o anual do imposto.<\/p>\n\n\n\n<h2 class=\"wp-block-heading\">Implica\u00e7\u00f5es das Novas Regras para Aposentados<\/h2>\n\n\n\n<p>As<a href=\"https:\/\/www.em.com.br\/emfoco\/categoria\/economia\/\" target=\"_blank\" rel=\"noopener\"> novas regras<\/a> principalmente impactam aposentados que ganham acima de R$ 20 mil mensais. Estes passar\u00e3o a ser taxados, mas poder\u00e3o deduzir todas as despesas m\u00e9dicas realizadas ao longo do ano. Isso representa uma mudan\u00e7a not\u00e1vel para muitos que, at\u00e9 ent\u00e3o, estavam totalmente isentos de tal obriga\u00e7\u00e3o tribut\u00e1ria.<\/p>\n\n\n\n<p>Em conclus\u00e3o, as altera\u00e7\u00f5es visam redefinir a <strong>isen\u00e7\u00e3o fiscal<\/strong> para aposentados com foco na sustentabilidade econ\u00f4mica do pa\u00eds. \u00c9 essencial que os aposentados acompanhem essas mudan\u00e7as de perto para garantir que estejam sempre em conformidade com as obriga\u00e7\u00f5es fiscais atualizadas.<\/p>\n","protected":false},"excerpt":{"rendered":"<p>O governo brasileiro anunciou ajustes significativos na pol\u00edtica de isen\u00e7\u00e3o do Imposto de Renda para aposentados com doen\u00e7as graves. <\/p>\n","protected":false},"author":2,"featured_media":2224,"comment_status":"open","ping_status":"open","sticky":false,"template":"","format":"standard","meta":{"jnews-multi-image_gallery":[],"jnews_single_post":{"format":"standard"},"jnews_primary_category":[],"jnews_social_meta":[],"jnews_override_counter":[],"footnotes":""},"categories":[28,1],"tags":[172,1198,713,1199,1200],"class_list":["post-2223","post","type-post","status-publish","format-standard","has-post-thumbnail","hentry","category-economia","category-noticias","tag-aposentadoria","tag-doenca-grave","tag-imposto-de-renda","tag-isencao-fiscal","tag-politica-brasileira"],"yoast_head":"<!-- This site is optimized with the Yoast SEO plugin v23.8 - https:\/\/yoast.com\/wordpress\/plugins\/seo\/ -->\n<title>Estas doen\u00e7as d\u00e3o direito \u00e0 isen\u00e7\u00e3o do Imposto de\u00a0Renda. Confira! - Estado de Minas - Em foco<\/title>\n<meta name=\"description\" content=\"O governo brasileiro anunciou ajustes significativos na pol\u00edtica de isen\u00e7\u00e3o do Imposto de Renda para aposentados com doen\u00e7as graves.\" \/>\n<meta name=\"robots\" content=\"index, follow, max-snippet:-1, max-image-preview:large, max-video-preview:-1\" \/>\n<link rel=\"canonical\" href=\"https:\/\/www.em.com.br\/emfoco\/2024\/11\/29\/estas-doencas-dao-direito-a-isencao-do-imposto-de-renda-confira\/\" \/>\n<meta property=\"og:locale\" content=\"pt_BR\" \/>\n<meta property=\"og:type\" content=\"article\" \/>\n<meta property=\"og:title\" content=\"Estas doen\u00e7as d\u00e3o direito \u00e0 isen\u00e7\u00e3o do Imposto de\u00a0Renda. Confira! - Estado de Minas - Em foco\" \/>\n<meta property=\"og:description\" content=\"O governo brasileiro anunciou ajustes significativos na pol\u00edtica de isen\u00e7\u00e3o do Imposto de Renda para aposentados com doen\u00e7as graves.\" \/>\n<meta property=\"og:url\" content=\"https:\/\/www.em.com.br\/emfoco\/2024\/11\/29\/estas-doencas-dao-direito-a-isencao-do-imposto-de-renda-confira\/\" \/>\n<meta property=\"og:site_name\" content=\"Estado de Minas - Em foco\" \/>\n<meta property=\"article:published_time\" content=\"2024-11-29T16:59:22+00:00\" \/>\n<meta property=\"og:image\" content=\"https:\/\/www.em.com.br\/emfoco\/wp-content\/uploads\/2024\/11\/httpsneural.myth_.devstaticcache4f06334e-4a53-4941-bfc4-6c004c91b3bc.jpeg\" \/>\n\t<meta property=\"og:image:width\" content=\"1280\" \/>\n\t<meta property=\"og:image:height\" content=\"720\" \/>\n\t<meta property=\"og:image:type\" content=\"image\/jpeg\" \/>\n<meta name=\"author\" content=\"Guilherme\" \/>\n<meta name=\"twitter:card\" content=\"summary_large_image\" \/>\n<meta name=\"twitter:label1\" content=\"Escrito por\" \/>\n\t<meta name=\"twitter:data1\" content=\"Guilherme\" \/>\n\t<meta name=\"twitter:label2\" content=\"Est. tempo de leitura\" \/>\n\t<meta name=\"twitter:data2\" content=\"3 minutos\" \/>\n<!-- \/ Yoast SEO plugin. -->","yoast_head_json":{"title":"Estas doen\u00e7as d\u00e3o direito \u00e0 isen\u00e7\u00e3o do Imposto de\u00a0Renda. Confira! - Estado de Minas - Em foco","description":"O governo brasileiro anunciou ajustes significativos na pol\u00edtica de isen\u00e7\u00e3o do Imposto de Renda para aposentados com doen\u00e7as graves.","robots":{"index":"index","follow":"follow","max-snippet":"max-snippet:-1","max-image-preview":"max-image-preview:large","max-video-preview":"max-video-preview:-1"},"canonical":"https:\/\/www.em.com.br\/emfoco\/2024\/11\/29\/estas-doencas-dao-direito-a-isencao-do-imposto-de-renda-confira\/","og_locale":"pt_BR","og_type":"article","og_title":"Estas doen\u00e7as d\u00e3o direito \u00e0 isen\u00e7\u00e3o do Imposto de\u00a0Renda. Confira! - Estado de Minas - Em foco","og_description":"O governo brasileiro anunciou ajustes significativos na pol\u00edtica de isen\u00e7\u00e3o do Imposto de Renda para aposentados com doen\u00e7as graves.","og_url":"https:\/\/www.em.com.br\/emfoco\/2024\/11\/29\/estas-doencas-dao-direito-a-isencao-do-imposto-de-renda-confira\/","og_site_name":"Estado de Minas - Em foco","article_published_time":"2024-11-29T16:59:22+00:00","og_image":[{"width":1280,"height":720,"url":"https:\/\/www.em.com.br\/emfoco\/wp-content\/uploads\/2024\/11\/httpsneural.myth_.devstaticcache4f06334e-4a53-4941-bfc4-6c004c91b3bc.jpeg","type":"image\/jpeg"}],"author":"Guilherme","twitter_card":"summary_large_image","twitter_misc":{"Escrito por":"Guilherme","Est. tempo de leitura":"3 minutos"},"schema":{"@context":"https:\/\/schema.org","@graph":[{"@type":"WebPage","@id":"https:\/\/www.em.com.br\/emfoco\/2024\/11\/29\/estas-doencas-dao-direito-a-isencao-do-imposto-de-renda-confira\/","url":"https:\/\/www.em.com.br\/emfoco\/2024\/11\/29\/estas-doencas-dao-direito-a-isencao-do-imposto-de-renda-confira\/","name":"Estas doen\u00e7as d\u00e3o direito \u00e0 isen\u00e7\u00e3o do Imposto de\u00a0Renda. Confira! - Estado de Minas - Em foco","isPartOf":{"@id":"https:\/\/www.em.com.br\/emfoco\/#website"},"primaryImageOfPage":{"@id":"https:\/\/www.em.com.br\/emfoco\/2024\/11\/29\/estas-doencas-dao-direito-a-isencao-do-imposto-de-renda-confira\/#primaryimage"},"image":{"@id":"https:\/\/www.em.com.br\/emfoco\/2024\/11\/29\/estas-doencas-dao-direito-a-isencao-do-imposto-de-renda-confira\/#primaryimage"},"thumbnailUrl":"https:\/\/www.em.com.br\/emfoco\/wp-content\/uploads\/2024\/11\/httpsneural.myth_.devstaticcache4f06334e-4a53-4941-bfc4-6c004c91b3bc.jpeg","datePublished":"2024-11-29T16:59:22+00:00","dateModified":"2024-11-29T16:59:22+00:00","author":{"@id":"https:\/\/www.em.com.br\/emfoco\/#\/schema\/person\/097c4a57cc4dc96be3b74aaf7185dd84"},"description":"O governo brasileiro anunciou ajustes significativos na pol\u00edtica de isen\u00e7\u00e3o do Imposto de Renda para aposentados com doen\u00e7as graves.","breadcrumb":{"@id":"https:\/\/www.em.com.br\/emfoco\/2024\/11\/29\/estas-doencas-dao-direito-a-isencao-do-imposto-de-renda-confira\/#breadcrumb"},"inLanguage":"pt-BR","potentialAction":[{"@type":"ReadAction","target":["https:\/\/www.em.com.br\/emfoco\/2024\/11\/29\/estas-doencas-dao-direito-a-isencao-do-imposto-de-renda-confira\/"]}]},{"@type":"ImageObject","inLanguage":"pt-BR","@id":"https:\/\/www.em.com.br\/emfoco\/2024\/11\/29\/estas-doencas-dao-direito-a-isencao-do-imposto-de-renda-confira\/#primaryimage","url":"https:\/\/www.em.com.br\/emfoco\/wp-content\/uploads\/2024\/11\/httpsneural.myth_.devstaticcache4f06334e-4a53-4941-bfc4-6c004c91b3bc.jpeg","contentUrl":"https:\/\/www.em.com.br\/emfoco\/wp-content\/uploads\/2024\/11\/httpsneural.myth_.devstaticcache4f06334e-4a53-4941-bfc4-6c004c91b3bc.jpeg","width":1280,"height":720,"caption":"Estas doen\u00e7as d\u00e3o direito \u00e0 isen\u00e7\u00e3o do Imposto de\u00a0Renda. Confira! Cr\u00e9ditos: depositphotos.com \/ joelfotos"},{"@type":"BreadcrumbList","@id":"https:\/\/www.em.com.br\/emfoco\/2024\/11\/29\/estas-doencas-dao-direito-a-isencao-do-imposto-de-renda-confira\/#breadcrumb","itemListElement":[{"@type":"ListItem","position":1,"name":"In\u00edcio","item":"https:\/\/www.em.com.br\/emfoco\/"},{"@type":"ListItem","position":2,"name":"Estas doen\u00e7as d\u00e3o direito \u00e0 isen\u00e7\u00e3o do Imposto de\u00a0Renda. Confira!"}]},{"@type":"WebSite","@id":"https:\/\/www.em.com.br\/emfoco\/#website","url":"https:\/\/www.em.com.br\/emfoco\/","name":"Estado de Minas - Em foco","description":"Acompanhe as \u00faltimas not\u00edcias e fique bem informado sobre tudo o que acontece em Minas Gerais, Brasil e no mundo.","potentialAction":[{"@type":"SearchAction","target":{"@type":"EntryPoint","urlTemplate":"https:\/\/www.em.com.br\/emfoco\/?s={search_term_string}"},"query-input":{"@type":"PropertyValueSpecification","valueRequired":true,"valueName":"search_term_string"}}],"inLanguage":"pt-BR"},{"@type":"Person","@id":"https:\/\/www.em.com.br\/emfoco\/#\/schema\/person\/097c4a57cc4dc96be3b74aaf7185dd84","name":"Guilherme","image":{"@type":"ImageObject","inLanguage":"pt-BR","@id":"https:\/\/www.em.com.br\/emfoco\/#\/schema\/person\/image\/","url":"https:\/\/secure.gravatar.com\/avatar\/6a059d20d980bdeb1d1d6b0fa2b4633c?s=96&d=mm&r=g","contentUrl":"https:\/\/secure.gravatar.com\/avatar\/6a059d20d980bdeb1d1d6b0fa2b4633c?s=96&d=mm&r=g","caption":"Guilherme"},"url":"https:\/\/www.em.com.br\/emfoco\/author\/guilhermemyth\/"}]}},"_links":{"self":[{"href":"https:\/\/www.em.com.br\/emfoco\/wp-json\/wp\/v2\/posts\/2223","targetHints":{"allow":["GET"]}}],"collection":[{"href":"https:\/\/www.em.com.br\/emfoco\/wp-json\/wp\/v2\/posts"}],"about":[{"href":"https:\/\/www.em.com.br\/emfoco\/wp-json\/wp\/v2\/types\/post"}],"author":[{"embeddable":true,"href":"https:\/\/www.em.com.br\/emfoco\/wp-json\/wp\/v2\/users\/2"}],"replies":[{"embeddable":true,"href":"https:\/\/www.em.com.br\/emfoco\/wp-json\/wp\/v2\/comments?post=2223"}],"version-history":[{"count":3,"href":"https:\/\/www.em.com.br\/emfoco\/wp-json\/wp\/v2\/posts\/2223\/revisions"}],"predecessor-version":[{"id":2228,"href":"https:\/\/www.em.com.br\/emfoco\/wp-json\/wp\/v2\/posts\/2223\/revisions\/2228"}],"wp:featuredmedia":[{"embeddable":true,"href":"https:\/\/www.em.com.br\/emfoco\/wp-json\/wp\/v2\/media\/2224"}],"wp:attachment":[{"href":"https:\/\/www.em.com.br\/emfoco\/wp-json\/wp\/v2\/media?parent=2223"}],"wp:term":[{"taxonomy":"category","embeddable":true,"href":"https:\/\/www.em.com.br\/emfoco\/wp-json\/wp\/v2\/categories?post=2223"},{"taxonomy":"post_tag","embeddable":true,"href":"https:\/\/www.em.com.br\/emfoco\/wp-json\/wp\/v2\/tags?post=2223"}],"curies":[{"name":"wp","href":"https:\/\/api.w.org\/{rel}","templated":true}]}}