{"id":22228,"date":"2025-02-23T21:30:00","date_gmt":"2025-02-24T00:30:00","guid":{"rendered":"https:\/\/www.em.com.br\/emfoco\/?p=22228"},"modified":"2025-02-23T16:45:26","modified_gmt":"2025-02-23T19:45:26","slug":"bilionarios-controlam-a-politica-dos-eua-em-2025-e-assustam-especialistas","status":"publish","type":"post","link":"https:\/\/www.em.com.br\/emfoco\/2025\/02\/23\/bilionarios-controlam-a-politica-dos-eua-em-2025-e-assustam-especialistas\/","title":{"rendered":"Bilion\u00e1rios controlam a pol\u00edtica dos EUA em 2025 e assustam especialistas"},"content":{"rendered":"\n<p>Em 2025, a pol\u00edtica nos <strong>Estados Unidos<\/strong> \u00e9 fortemente influenciada por bilion\u00e1rios que desempenham pap\u00e9is significativos nas campanhas eleitorais e na formula\u00e7\u00e3o de pol\u00edticas. Figuras como Elon Musk e Jeff Bezos est\u00e3o ativamente envolvidas no apoio a candidatos e na defini\u00e7\u00e3o de agendas pol\u00edticas, refletindo uma tend\u00eancia crescente de participa\u00e7\u00e3o de grandes fortunas na pol\u00edtica.<\/p>\n\n\n\n<p>Segundo o site <a href=\"https:\/\/bmcnews.com.br\/2025\/01\/11\/bilionarios-da-tesla-e-amazon-estao-com-trump-na-campanha-cenario-economico-em-2025\/\" target=\"_blank\" rel=\"noreferrer noopener\">BM&amp;C News<\/a>, o apoio de bilion\u00e1rios a pol\u00edticos como Donald Trump, que busca um segundo mandato, levanta quest\u00f5es sobre o impacto da riqueza concentrada na democracia e na governan\u00e7a. Essa colabora\u00e7\u00e3o entre capital e pol\u00edtica se tornou uma caracter\u00edstica marcante do cen\u00e1rio atual, gerando debates sobre suas implica\u00e7\u00f5es para o futuro do pa\u00eds.<\/p>\n\n\n\n<h2 class=\"wp-block-heading\">Elon Musk e sua estrat\u00e9gia de influ\u00eancia<\/h2>\n\n\n\n<p>Elon Musk, conhecido por sua lideran\u00e7a na Tesla e SpaceX, tem se destacado como um influente apoiador de Donald Trump. Al\u00e9m de contribuir financeiramente para a campanha de Trump, Musk busca implementar inova\u00e7\u00f5es que tornem a administra\u00e7\u00e3o p\u00fablica mais eficiente e menos burocr\u00e1tica.<\/p>\n\n\n\n<p>O alcance da influ\u00eancia de Musk vai al\u00e9m das fronteiras dos Estados Unidos, pois ele tamb\u00e9m se posiciona sobre quest\u00f5es pol\u00edticas internacionais. Essa atua\u00e7\u00e3o global destaca o poder que os bilion\u00e1rios podem exercer em diversas esferas, moldando pol\u00edticas e decis\u00f5es em diferentes pa\u00edses.<\/p>\n\n\n\n<h2 class=\"wp-block-heading\">Jeff Bezos e a rela\u00e7\u00e3o com a administra\u00e7\u00e3o Trump<\/h2>\n\n\n\n<p>Jeff Bezos, fundador da Amazon, tem uma rela\u00e7\u00e3o complexa com Donald Trump. Apesar de um hist\u00f3rico de tens\u00f5es, Bezos agora participa de reuni\u00f5es estrat\u00e9gicas e eventos promovidos pela administra\u00e7\u00e3o Trump. Essa aproxima\u00e7\u00e3o sugere uma disposi\u00e7\u00e3o para colocar interesses empresariais acima de desaven\u00e7as pessoais.<\/p>\n\n\n\n<p>A <a href=\"https:\/\/www.em.com.br\/emfoco\/2025\/02\/22\/alerta-para-investidores-os-negocios-mais-promissores-de-2025-foram-revelados\/\" target=\"_blank\" rel=\"noreferrer noopener\">colabora\u00e7\u00e3o<\/a> entre Bezos e Trump exemplifica como interesses econ\u00f4micos podem superar conflitos anteriores, destacando a import\u00e2ncia do pragmatismo nas rela\u00e7\u00f5es entre grandes empres\u00e1rios e pol\u00edticos.<\/p>\n\n\n\n<h2 class=\"wp-block-heading\">Mark Zuckerberg e as mudan\u00e7as na Meta<\/h2>\n\n\n\n<p>Mark Zuckerberg, l\u00edder da Meta, tamb\u00e9m est\u00e1 alinhando suas estrat\u00e9gias empresariais com as diretrizes do governo Trump. Recentemente, a Meta decidiu descontinuar seu programa de checagem de fatos, uma mudan\u00e7a que pode influenciar significativamente a dissemina\u00e7\u00e3o de informa\u00e7\u00f5es nas redes sociais.<\/p>\n\n\n<div class=\"wp-block-image\">\n<figure class=\"aligncenter size-large\"><img loading=\"lazy\" decoding=\"async\" width=\"1024\" height=\"576\" src=\"https:\/\/www.em.com.br\/emfoco\/wp-content\/uploads\/2025\/02\/Zuckerberg-_1740339747763-1024x576.jpg\" alt=\"Bilion\u00e1rios controlam a pol\u00edtica dos EUA em 2025 e assustam especialistas\" class=\"wp-image-22230\" srcset=\"https:\/\/www.em.com.br\/emfoco\/wp-content\/uploads\/2025\/02\/Zuckerberg-_1740339747763-1024x576.jpg 1024w, https:\/\/www.em.com.br\/emfoco\/wp-content\/uploads\/2025\/02\/Zuckerberg-_1740339747763-300x169.jpg 300w, https:\/\/www.em.com.br\/emfoco\/wp-content\/uploads\/2025\/02\/Zuckerberg-_1740339747763-768x432.jpg 768w, https:\/\/www.em.com.br\/emfoco\/wp-content\/uploads\/2025\/02\/Zuckerberg-_1740339747763-750x422.jpg 750w, https:\/\/www.em.com.br\/emfoco\/wp-content\/uploads\/2025\/02\/Zuckerberg-_1740339747763-1140x641.jpg 1140w, https:\/\/www.em.com.br\/emfoco\/wp-content\/uploads\/2025\/02\/Zuckerberg-_1740339747763.jpg 1280w\" sizes=\"auto, (max-width: 1024px) 100vw, 1024px\" \/><figcaption class=\"wp-element-caption\">Mark Zuckerberg (Cr\u00e9ditos: depositphotos.com \/ Ale_Mi)<\/figcaption><\/figure><\/div>\n\n\n<p>Essa decis\u00e3o destaca o papel das plataformas digitais na pol\u00edtica moderna e como elas podem ser utilizadas para moldar a opini\u00e3o p\u00fablica e influenciar resultados eleitorais.<\/p>\n\n\n\n<h2 class=\"wp-block-heading\">Impactos das alian\u00e7as entre bilion\u00e1rios e pol\u00edticos<\/h2>\n\n\n\n<p>A crescente influ\u00eancia de bilion\u00e1rios na pol\u00edtica americana levanta preocupa\u00e7\u00f5es sobre a concentra\u00e7\u00e3o de poder e a integridade do processo democr\u00e1tico. A rela\u00e7\u00e3o entre riqueza e pol\u00edtica pode ter consequ\u00eancias significativas para o futuro das elei\u00e7\u00f5es e das pol\u00edticas p\u00fablicas nos Estados Unidos.<\/p>\n\n\n\n<p>Essas alian\u00e7as exigem uma an\u00e1lise cuidadosa para garantir que a democracia seja preservada e que todos os cidad\u00e3os tenham representa\u00e7\u00e3o equitativa. O equil\u00edbrio entre poder econ\u00f4mico e pol\u00edtico \u00e9 essencial para promover justi\u00e7a e igualdade no sistema pol\u00edtico.<\/p>\n","protected":false},"excerpt":{"rendered":"<p>Em 2025, a pol\u00edtica nos Estados Unidos \u00e9 fortemente influenciada por bilion\u00e1rios que desempenham pap\u00e9is significativos nas campanhas eleitorais e na formula\u00e7\u00e3o de pol\u00edticas. Figuras como Elon Musk e Jeff Bezos est\u00e3o ativamente envolvidas no apoio a candidatos e na defini\u00e7\u00e3o de agendas pol\u00edticas, refletindo uma tend\u00eancia crescente de participa\u00e7\u00e3o de grandes fortunas na pol\u00edtica. [&hellip;]<\/p>\n","protected":false},"author":10,"featured_media":22229,"comment_status":"open","ping_status":"open","sticky":false,"template":"","format":"standard","meta":{"jnews-multi-image_gallery":[],"jnews_single_post":{"format":"standard"},"jnews_primary_category":[],"jnews_social_meta":[],"jnews_override_counter":[],"footnotes":""},"categories":[28,1],"tags":[1796,2059,5457],"class_list":["post-22228","post","type-post","status-publish","format-standard","has-post-thumbnail","hentry","category-economia","category-noticias","tag-bilionarios","tag-estados-unidos","tag-politicos"],"yoast_head":"<!-- This site is optimized with the Yoast SEO plugin v23.8 - https:\/\/yoast.com\/wordpress\/plugins\/seo\/ -->\n<title>Bilion\u00e1rios controlam a pol\u00edtica dos EUA em 2025 e assustam especialistas - Estado de Minas - Em foco<\/title>\n<meta name=\"description\" content=\"A influ\u00eancia de bilion\u00e1rios como Musk e Bezos cresce nas elei\u00e7\u00f5es dos EUA em 2025. Saiba como essa movimenta\u00e7\u00e3o pode afetar o governo Trump.\" \/>\n<meta name=\"robots\" content=\"index, follow, max-snippet:-1, max-image-preview:large, max-video-preview:-1\" \/>\n<link rel=\"canonical\" href=\"https:\/\/www.em.com.br\/emfoco\/2025\/02\/23\/bilionarios-controlam-a-politica-dos-eua-em-2025-e-assustam-especialistas\/\" \/>\n<meta property=\"og:locale\" content=\"pt_BR\" \/>\n<meta property=\"og:type\" content=\"article\" \/>\n<meta property=\"og:title\" content=\"Bilion\u00e1rios controlam a pol\u00edtica dos EUA em 2025 e assustam especialistas - Estado de Minas - Em foco\" \/>\n<meta property=\"og:description\" content=\"A influ\u00eancia de bilion\u00e1rios como Musk e Bezos cresce nas elei\u00e7\u00f5es dos EUA em 2025. Saiba como essa movimenta\u00e7\u00e3o pode afetar o governo Trump.\" \/>\n<meta property=\"og:url\" content=\"https:\/\/www.em.com.br\/emfoco\/2025\/02\/23\/bilionarios-controlam-a-politica-dos-eua-em-2025-e-assustam-especialistas\/\" \/>\n<meta property=\"og:site_name\" content=\"Estado de Minas - Em foco\" \/>\n<meta property=\"article:published_time\" content=\"2025-02-24T00:30:00+00:00\" \/>\n<meta property=\"article:modified_time\" content=\"2025-02-23T19:45:26+00:00\" \/>\n<meta property=\"og:image\" content=\"https:\/\/www.em.com.br\/emfoco\/wp-content\/uploads\/2025\/02\/Musk_1740339635721.jpg\" \/>\n\t<meta property=\"og:image:width\" content=\"1280\" \/>\n\t<meta property=\"og:image:height\" content=\"720\" \/>\n\t<meta property=\"og:image:type\" content=\"image\/jpeg\" \/>\n<meta name=\"author\" content=\"Patryck Reinehr\" \/>\n<meta name=\"twitter:card\" content=\"summary_large_image\" \/>\n<meta name=\"twitter:label1\" content=\"Escrito por\" \/>\n\t<meta name=\"twitter:data1\" content=\"Patryck Reinehr\" \/>\n\t<meta name=\"twitter:label2\" content=\"Est. tempo de leitura\" \/>\n\t<meta name=\"twitter:data2\" content=\"3 minutos\" \/>\n<!-- \/ Yoast SEO plugin. -->","yoast_head_json":{"title":"Bilion\u00e1rios controlam a pol\u00edtica dos EUA em 2025 e assustam especialistas - Estado de Minas - Em foco","description":"A influ\u00eancia de bilion\u00e1rios como Musk e Bezos cresce nas elei\u00e7\u00f5es dos EUA em 2025. Saiba como essa movimenta\u00e7\u00e3o pode afetar o governo Trump.","robots":{"index":"index","follow":"follow","max-snippet":"max-snippet:-1","max-image-preview":"max-image-preview:large","max-video-preview":"max-video-preview:-1"},"canonical":"https:\/\/www.em.com.br\/emfoco\/2025\/02\/23\/bilionarios-controlam-a-politica-dos-eua-em-2025-e-assustam-especialistas\/","og_locale":"pt_BR","og_type":"article","og_title":"Bilion\u00e1rios controlam a pol\u00edtica dos EUA em 2025 e assustam especialistas - Estado de Minas - Em foco","og_description":"A influ\u00eancia de bilion\u00e1rios como Musk e Bezos cresce nas elei\u00e7\u00f5es dos EUA em 2025. Saiba como essa movimenta\u00e7\u00e3o pode afetar o governo Trump.","og_url":"https:\/\/www.em.com.br\/emfoco\/2025\/02\/23\/bilionarios-controlam-a-politica-dos-eua-em-2025-e-assustam-especialistas\/","og_site_name":"Estado de Minas - Em foco","article_published_time":"2025-02-24T00:30:00+00:00","article_modified_time":"2025-02-23T19:45:26+00:00","og_image":[{"width":1280,"height":720,"url":"https:\/\/www.em.com.br\/emfoco\/wp-content\/uploads\/2025\/02\/Musk_1740339635721.jpg","type":"image\/jpeg"}],"author":"Patryck Reinehr","twitter_card":"summary_large_image","twitter_misc":{"Escrito por":"Patryck Reinehr","Est. tempo de leitura":"3 minutos"},"schema":{"@context":"https:\/\/schema.org","@graph":[{"@type":"WebPage","@id":"https:\/\/www.em.com.br\/emfoco\/2025\/02\/23\/bilionarios-controlam-a-politica-dos-eua-em-2025-e-assustam-especialistas\/","url":"https:\/\/www.em.com.br\/emfoco\/2025\/02\/23\/bilionarios-controlam-a-politica-dos-eua-em-2025-e-assustam-especialistas\/","name":"Bilion\u00e1rios controlam a pol\u00edtica dos EUA em 2025 e assustam especialistas - Estado de Minas - Em foco","isPartOf":{"@id":"https:\/\/www.em.com.br\/emfoco\/#website"},"primaryImageOfPage":{"@id":"https:\/\/www.em.com.br\/emfoco\/2025\/02\/23\/bilionarios-controlam-a-politica-dos-eua-em-2025-e-assustam-especialistas\/#primaryimage"},"image":{"@id":"https:\/\/www.em.com.br\/emfoco\/2025\/02\/23\/bilionarios-controlam-a-politica-dos-eua-em-2025-e-assustam-especialistas\/#primaryimage"},"thumbnailUrl":"https:\/\/www.em.com.br\/emfoco\/wp-content\/uploads\/2025\/02\/Musk_1740339635721.jpg","datePublished":"2025-02-24T00:30:00+00:00","dateModified":"2025-02-23T19:45:26+00:00","author":{"@id":"https:\/\/www.em.com.br\/emfoco\/#\/schema\/person\/43407752bebcbbb4d0ec79deedc0d7ce"},"description":"A influ\u00eancia de bilion\u00e1rios como Musk e Bezos cresce nas elei\u00e7\u00f5es dos EUA em 2025. Saiba como essa movimenta\u00e7\u00e3o pode afetar o governo Trump.","breadcrumb":{"@id":"https:\/\/www.em.com.br\/emfoco\/2025\/02\/23\/bilionarios-controlam-a-politica-dos-eua-em-2025-e-assustam-especialistas\/#breadcrumb"},"inLanguage":"pt-BR","potentialAction":[{"@type":"ReadAction","target":["https:\/\/www.em.com.br\/emfoco\/2025\/02\/23\/bilionarios-controlam-a-politica-dos-eua-em-2025-e-assustam-especialistas\/"]}]},{"@type":"ImageObject","inLanguage":"pt-BR","@id":"https:\/\/www.em.com.br\/emfoco\/2025\/02\/23\/bilionarios-controlam-a-politica-dos-eua-em-2025-e-assustam-especialistas\/#primaryimage","url":"https:\/\/www.em.com.br\/emfoco\/wp-content\/uploads\/2025\/02\/Musk_1740339635721.jpg","contentUrl":"https:\/\/www.em.com.br\/emfoco\/wp-content\/uploads\/2025\/02\/Musk_1740339635721.jpg","width":1280,"height":720,"caption":"Elon Musk e Trump (Cr\u00e9ditos: depositphotos.com \/ ifeelstock)"},{"@type":"BreadcrumbList","@id":"https:\/\/www.em.com.br\/emfoco\/2025\/02\/23\/bilionarios-controlam-a-politica-dos-eua-em-2025-e-assustam-especialistas\/#breadcrumb","itemListElement":[{"@type":"ListItem","position":1,"name":"In\u00edcio","item":"https:\/\/www.em.com.br\/emfoco\/"},{"@type":"ListItem","position":2,"name":"Bilion\u00e1rios controlam a pol\u00edtica dos EUA em 2025 e assustam especialistas"}]},{"@type":"WebSite","@id":"https:\/\/www.em.com.br\/emfoco\/#website","url":"https:\/\/www.em.com.br\/emfoco\/","name":"Estado de Minas - Em foco","description":"Acompanhe as \u00faltimas not\u00edcias e fique bem informado sobre tudo o que acontece em Minas Gerais, Brasil e no mundo.","potentialAction":[{"@type":"SearchAction","target":{"@type":"EntryPoint","urlTemplate":"https:\/\/www.em.com.br\/emfoco\/?s={search_term_string}"},"query-input":{"@type":"PropertyValueSpecification","valueRequired":true,"valueName":"search_term_string"}}],"inLanguage":"pt-BR"},{"@type":"Person","@id":"https:\/\/www.em.com.br\/emfoco\/#\/schema\/person\/43407752bebcbbb4d0ec79deedc0d7ce","name":"Patryck Reinehr","image":{"@type":"ImageObject","inLanguage":"pt-BR","@id":"https:\/\/www.em.com.br\/emfoco\/#\/schema\/person\/image\/","url":"https:\/\/secure.gravatar.com\/avatar\/570c7fb2898c0e2df0823196891bea88?s=96&d=mm&r=g","contentUrl":"https:\/\/secure.gravatar.com\/avatar\/570c7fb2898c0e2df0823196891bea88?s=96&d=mm&r=g","caption":"Patryck Reinehr"},"url":"https:\/\/www.em.com.br\/emfoco\/author\/patryckmyth\/"}]}},"_links":{"self":[{"href":"https:\/\/www.em.com.br\/emfoco\/wp-json\/wp\/v2\/posts\/22228","targetHints":{"allow":["GET"]}}],"collection":[{"href":"https:\/\/www.em.com.br\/emfoco\/wp-json\/wp\/v2\/posts"}],"about":[{"href":"https:\/\/www.em.com.br\/emfoco\/wp-json\/wp\/v2\/types\/post"}],"author":[{"embeddable":true,"href":"https:\/\/www.em.com.br\/emfoco\/wp-json\/wp\/v2\/users\/10"}],"replies":[{"embeddable":true,"href":"https:\/\/www.em.com.br\/emfoco\/wp-json\/wp\/v2\/comments?post=22228"}],"version-history":[{"count":1,"href":"https:\/\/www.em.com.br\/emfoco\/wp-json\/wp\/v2\/posts\/22228\/revisions"}],"predecessor-version":[{"id":22231,"href":"https:\/\/www.em.com.br\/emfoco\/wp-json\/wp\/v2\/posts\/22228\/revisions\/22231"}],"wp:featuredmedia":[{"embeddable":true,"href":"https:\/\/www.em.com.br\/emfoco\/wp-json\/wp\/v2\/media\/22229"}],"wp:attachment":[{"href":"https:\/\/www.em.com.br\/emfoco\/wp-json\/wp\/v2\/media?parent=22228"}],"wp:term":[{"taxonomy":"category","embeddable":true,"href":"https:\/\/www.em.com.br\/emfoco\/wp-json\/wp\/v2\/categories?post=22228"},{"taxonomy":"post_tag","embeddable":true,"href":"https:\/\/www.em.com.br\/emfoco\/wp-json\/wp\/v2\/tags?post=22228"}],"curies":[{"name":"wp","href":"https:\/\/api.w.org\/{rel}","templated":true}]}}