{"id":22224,"date":"2025-02-23T19:30:00","date_gmt":"2025-02-23T22:30:00","guid":{"rendered":"https:\/\/www.em.com.br\/emfoco\/?p=22224"},"modified":"2025-02-23T16:45:07","modified_gmt":"2025-02-23T19:45:07","slug":"como-cultivar-manjericao-do-jeito-certo-e-colher-folhas-aromaticas-sempre","status":"publish","type":"post","link":"https:\/\/www.em.com.br\/emfoco\/2025\/02\/23\/como-cultivar-manjericao-do-jeito-certo-e-colher-folhas-aromaticas-sempre\/","title":{"rendered":"Como cultivar manjeric\u00e3o do jeito certo e colher folhas arom\u00e1ticas sempre"},"content":{"rendered":"\n<p>O manjeric\u00e3o \u00e9 uma erva arom\u00e1tica amplamente utilizada na culin\u00e1ria mundial, especialmente em pratos italianos como molhos e saladas. Segundo o site <a href=\"https:\/\/receitasdepesos.com.br\/dicas-essenciais-para-ter-manjericao-fresco-o-ano-todo.html\/\" target=\"_blank\" rel=\"noreferrer noopener\">Receitas de Peso<\/a>, al\u00e9m de seu uso gastron\u00f4mico, o manjeric\u00e3o \u00e9 conhecido por suas propriedades medicinais e facilidade de cultivo, tornando-se uma escolha popular para jardineiros iniciantes e experientes.<\/p>\n\n\n\n<p>Origin\u00e1rio da <strong>\u00c1sia <\/strong>e do <strong>Mediterr\u00e2neo<\/strong>, o manjeric\u00e3o tem sido cultivado por mais de 5.000 anos. Sua popularidade se deve n\u00e3o apenas ao seu aroma intenso, mas tamb\u00e9m \u00e0s suas propriedades ben\u00e9ficas para a sa\u00fade. Cultivar manjeric\u00e3o em casa \u00e9 uma maneira pr\u00e1tica de garantir folhas frescas sempre \u00e0 m\u00e3o, al\u00e9m de adicionar um toque verde e perfumado ao ambiente.<\/p>\n\n\n\n<h2 class=\"wp-block-heading\">Como cultivar manjeric\u00e3o em casa?<\/h2>\n\n\n\n<p>O cultivo do manjeric\u00e3o \u00e9 relativamente simples, o que o torna uma excelente op\u00e7\u00e3o para quem deseja iniciar uma horta caseira. O processo come\u00e7a com a escolha entre sementes ou mudas. As sementes s\u00e3o f\u00e1ceis de germinar e devem ser plantadas diretamente no solo, enquanto as mudas crescem mais rapidamente e podem ser propagadas a partir de galhos cortados.<\/p>\n\n\n\n<p>Para um crescimento saud\u00e1vel, \u00e9 essencial preparar o solo adequadamente. O manjeric\u00e3o prefere um solo rico em mat\u00e9ria org\u00e2nica e bem drenado, com um pH entre 5,5 e 7,0. A rega deve ser feita de 2 a 3 vezes por semana, sempre pela manh\u00e3 ou no fim da tarde, mantendo o solo \u00famido, mas n\u00e3o encharcado.<\/p>\n\n\n\n<h2 class=\"wp-block-heading\">Quais s\u00e3o os cuidados essenciais para o manjeric\u00e3o?<\/h2>\n\n\n\n<p>Para que o manjeric\u00e3o cres\u00e7a saud\u00e1vel e arom\u00e1tico, \u00e9 necess\u00e1rio garantir que receba de 4 a 6 horas de sol por dia. A aduba\u00e7\u00e3o \u00e9 outro aspecto importante, devendo ser feita a cada 30 dias com adubo org\u00e2nico ou NPK 10-10-10 para estimular o crescimento de folhas verdes e cheirosas.<\/p>\n\n\n\n<p>O controle de pragas \u00e9 fundamental para manter a <a href=\"https:\/\/www.em.com.br\/emfoco\/2025\/02\/22\/o-segredo-para-plantar-abobora-e-ter-uma-colheita-farta\/\" target=\"_blank\" rel=\"noreferrer noopener\">planta saud\u00e1vel. <\/a>Pulg\u00f5es e lagartas s\u00e3o as pragas mais comuns que podem atacar o manjeric\u00e3o. O uso de \u00f3leo de neem \u00e9 uma solu\u00e7\u00e3o natural eficaz para o controle dessas pragas. Al\u00e9m disso, \u00e9 importante evitar a umidade excessiva, que pode favorecer o surgimento de fungos e mofo nas folhas.<\/p>\n\n\n<div class=\"wp-block-image\">\n<figure class=\"aligncenter size-large\"><img loading=\"lazy\" decoding=\"async\" width=\"1024\" height=\"576\" src=\"https:\/\/www.em.com.br\/emfoco\/wp-content\/uploads\/2025\/02\/manjericao_1740339318593-1024x576.jpg\" alt=\"Como cultivar manjeric\u00e3o do jeito certo e colher folhas arom\u00e1ticas sempre\" class=\"wp-image-22226\" srcset=\"https:\/\/www.em.com.br\/emfoco\/wp-content\/uploads\/2025\/02\/manjericao_1740339318593-1024x576.jpg 1024w, https:\/\/www.em.com.br\/emfoco\/wp-content\/uploads\/2025\/02\/manjericao_1740339318593-300x169.jpg 300w, https:\/\/www.em.com.br\/emfoco\/wp-content\/uploads\/2025\/02\/manjericao_1740339318593-768x432.jpg 768w, https:\/\/www.em.com.br\/emfoco\/wp-content\/uploads\/2025\/02\/manjericao_1740339318593-750x422.jpg 750w, https:\/\/www.em.com.br\/emfoco\/wp-content\/uploads\/2025\/02\/manjericao_1740339318593-1140x641.jpg 1140w, https:\/\/www.em.com.br\/emfoco\/wp-content\/uploads\/2025\/02\/manjericao_1740339318593.jpg 1280w\" sizes=\"auto, (max-width: 1024px) 100vw, 1024px\" \/><figcaption class=\"wp-element-caption\">Manjeric\u00e3o (Cr\u00e9ditos: depositphotos.com \/ tab62)<\/figcaption><\/figure><\/div>\n\n\n<h2 class=\"wp-block-heading\">Como colher e armazenar o manjeric\u00e3o?<\/h2>\n\n\n\n<p>A colheita do manjeric\u00e3o pode come\u00e7ar a partir de 30 dias ap\u00f3s o plantio. Para estimular o crescimento cont\u00ednuo, \u00e9 recomendado cortar sempre os ramos superiores e nunca retirar todas as folhas de uma vez. Caso o manjeric\u00e3o comece a florescer, \u00e9 aconselh\u00e1vel cortar as flores para prolongar a vida da planta.<\/p>\n\n\n\n<p>O armazenamento do manjeric\u00e3o pode ser feito de v\u00e1rias maneiras. Fresco, ele pode ser mantido na geladeira por at\u00e9 5 dias, enrolado em papel \u00famido. Seco, pode ser desidratado e armazenado em potes herm\u00e9ticos por meses. Outra op\u00e7\u00e3o \u00e9 congelar o manjeric\u00e3o batido com azeite em cubos, ideal para uso em molhos.<\/p>\n\n\n\n<h2 class=\"wp-block-heading\">O manjeric\u00e3o na cozinha e no jardim<\/h2>\n\n\n\n<p>O manjeric\u00e3o \u00e9 uma erva vers\u00e1til e f\u00e1cil de cultivar, essencial para quem aprecia cozinhar. Com cuidados simples, \u00e9 poss\u00edvel ter folhas frescas e perfumadas durante todo o ano. Al\u00e9m de seu uso culin\u00e1rio, o manjeric\u00e3o pode ser uma adi\u00e7\u00e3o valiosa ao jardim, repelindo pragas naturalmente e trazendo beleza e aroma ao ambiente.<\/p>\n","protected":false},"excerpt":{"rendered":"<p>O manjeric\u00e3o \u00e9 uma erva arom\u00e1tica amplamente utilizada na culin\u00e1ria mundial, especialmente em pratos italianos como molhos e saladas. Segundo o site Receitas de Peso, al\u00e9m de seu uso gastron\u00f4mico, o manjeric\u00e3o \u00e9 conhecido por suas propriedades medicinais e facilidade de cultivo, tornando-se uma escolha popular para jardineiros iniciantes e experientes. Origin\u00e1rio da \u00c1sia e [&hellip;]<\/p>\n","protected":false},"author":10,"featured_media":22225,"comment_status":"open","ping_status":"open","sticky":false,"template":"","format":"standard","meta":{"jnews-multi-image_gallery":[],"jnews_single_post":{"format":"standard"},"jnews_primary_category":[],"jnews_social_meta":[],"jnews_override_counter":[],"footnotes":""},"categories":[29,1],"tags":[3139,5456,3779],"class_list":["post-22224","post","type-post","status-publish","format-standard","has-post-thumbnail","hentry","category-entretenimento","category-noticias","tag-cultivo","tag-manjericao","tag-planta"],"yoast_head":"<!-- This site is optimized with the Yoast SEO plugin v23.8 - https:\/\/yoast.com\/wordpress\/plugins\/seo\/ -->\n<title>Como cultivar manjeric\u00e3o do jeito certo e colher folhas arom\u00e1ticas sempre - Estado de Minas - Em foco<\/title>\n<meta name=\"description\" content=\"Saiba como evitar pragas no seu manjeric\u00e3o e garantir folhas sempre frescas e saud\u00e1veis. O detalhe que faz toda a diferen\u00e7a no cultivo.\" \/>\n<meta name=\"robots\" content=\"index, follow, max-snippet:-1, max-image-preview:large, max-video-preview:-1\" \/>\n<link rel=\"canonical\" href=\"https:\/\/www.em.com.br\/emfoco\/2025\/02\/23\/como-cultivar-manjericao-do-jeito-certo-e-colher-folhas-aromaticas-sempre\/\" \/>\n<meta property=\"og:locale\" content=\"pt_BR\" \/>\n<meta property=\"og:type\" content=\"article\" \/>\n<meta property=\"og:title\" content=\"Como cultivar manjeric\u00e3o do jeito certo e colher folhas arom\u00e1ticas sempre - Estado de Minas - Em foco\" \/>\n<meta property=\"og:description\" content=\"Saiba como evitar pragas no seu manjeric\u00e3o e garantir folhas sempre frescas e saud\u00e1veis. O detalhe que faz toda a diferen\u00e7a no cultivo.\" \/>\n<meta property=\"og:url\" content=\"https:\/\/www.em.com.br\/emfoco\/2025\/02\/23\/como-cultivar-manjericao-do-jeito-certo-e-colher-folhas-aromaticas-sempre\/\" \/>\n<meta property=\"og:site_name\" content=\"Estado de Minas - Em foco\" \/>\n<meta property=\"article:published_time\" content=\"2025-02-23T22:30:00+00:00\" \/>\n<meta property=\"article:modified_time\" content=\"2025-02-23T19:45:07+00:00\" \/>\n<meta property=\"og:image\" content=\"https:\/\/www.em.com.br\/emfoco\/wp-content\/uploads\/2025\/02\/manjericao_1740339222356.jpg\" \/>\n\t<meta property=\"og:image:width\" content=\"1280\" \/>\n\t<meta property=\"og:image:height\" content=\"720\" \/>\n\t<meta property=\"og:image:type\" content=\"image\/jpeg\" \/>\n<meta name=\"author\" content=\"Patryck Reinehr\" \/>\n<meta name=\"twitter:card\" content=\"summary_large_image\" \/>\n<meta name=\"twitter:label1\" content=\"Escrito por\" \/>\n\t<meta name=\"twitter:data1\" content=\"Patryck Reinehr\" \/>\n\t<meta name=\"twitter:label2\" content=\"Est. tempo de leitura\" \/>\n\t<meta name=\"twitter:data2\" content=\"4 minutos\" \/>\n<!-- \/ Yoast SEO plugin. -->","yoast_head_json":{"title":"Como cultivar manjeric\u00e3o do jeito certo e colher folhas arom\u00e1ticas sempre - Estado de Minas - Em foco","description":"Saiba como evitar pragas no seu manjeric\u00e3o e garantir folhas sempre frescas e saud\u00e1veis. O detalhe que faz toda a diferen\u00e7a no cultivo.","robots":{"index":"index","follow":"follow","max-snippet":"max-snippet:-1","max-image-preview":"max-image-preview:large","max-video-preview":"max-video-preview:-1"},"canonical":"https:\/\/www.em.com.br\/emfoco\/2025\/02\/23\/como-cultivar-manjericao-do-jeito-certo-e-colher-folhas-aromaticas-sempre\/","og_locale":"pt_BR","og_type":"article","og_title":"Como cultivar manjeric\u00e3o do jeito certo e colher folhas arom\u00e1ticas sempre - Estado de Minas - Em foco","og_description":"Saiba como evitar pragas no seu manjeric\u00e3o e garantir folhas sempre frescas e saud\u00e1veis. O detalhe que faz toda a diferen\u00e7a no cultivo.","og_url":"https:\/\/www.em.com.br\/emfoco\/2025\/02\/23\/como-cultivar-manjericao-do-jeito-certo-e-colher-folhas-aromaticas-sempre\/","og_site_name":"Estado de Minas - Em foco","article_published_time":"2025-02-23T22:30:00+00:00","article_modified_time":"2025-02-23T19:45:07+00:00","og_image":[{"width":1280,"height":720,"url":"https:\/\/www.em.com.br\/emfoco\/wp-content\/uploads\/2025\/02\/manjericao_1740339222356.jpg","type":"image\/jpeg"}],"author":"Patryck Reinehr","twitter_card":"summary_large_image","twitter_misc":{"Escrito por":"Patryck Reinehr","Est. tempo de leitura":"4 minutos"},"schema":{"@context":"https:\/\/schema.org","@graph":[{"@type":"WebPage","@id":"https:\/\/www.em.com.br\/emfoco\/2025\/02\/23\/como-cultivar-manjericao-do-jeito-certo-e-colher-folhas-aromaticas-sempre\/","url":"https:\/\/www.em.com.br\/emfoco\/2025\/02\/23\/como-cultivar-manjericao-do-jeito-certo-e-colher-folhas-aromaticas-sempre\/","name":"Como cultivar manjeric\u00e3o do jeito certo e colher folhas arom\u00e1ticas sempre - Estado de Minas - Em foco","isPartOf":{"@id":"https:\/\/www.em.com.br\/emfoco\/#website"},"primaryImageOfPage":{"@id":"https:\/\/www.em.com.br\/emfoco\/2025\/02\/23\/como-cultivar-manjericao-do-jeito-certo-e-colher-folhas-aromaticas-sempre\/#primaryimage"},"image":{"@id":"https:\/\/www.em.com.br\/emfoco\/2025\/02\/23\/como-cultivar-manjericao-do-jeito-certo-e-colher-folhas-aromaticas-sempre\/#primaryimage"},"thumbnailUrl":"https:\/\/www.em.com.br\/emfoco\/wp-content\/uploads\/2025\/02\/manjericao_1740339222356.jpg","datePublished":"2025-02-23T22:30:00+00:00","dateModified":"2025-02-23T19:45:07+00:00","author":{"@id":"https:\/\/www.em.com.br\/emfoco\/#\/schema\/person\/43407752bebcbbb4d0ec79deedc0d7ce"},"description":"Saiba como evitar pragas no seu manjeric\u00e3o e garantir folhas sempre frescas e saud\u00e1veis. O detalhe que faz toda a diferen\u00e7a no cultivo.","breadcrumb":{"@id":"https:\/\/www.em.com.br\/emfoco\/2025\/02\/23\/como-cultivar-manjericao-do-jeito-certo-e-colher-folhas-aromaticas-sempre\/#breadcrumb"},"inLanguage":"pt-BR","potentialAction":[{"@type":"ReadAction","target":["https:\/\/www.em.com.br\/emfoco\/2025\/02\/23\/como-cultivar-manjericao-do-jeito-certo-e-colher-folhas-aromaticas-sempre\/"]}]},{"@type":"ImageObject","inLanguage":"pt-BR","@id":"https:\/\/www.em.com.br\/emfoco\/2025\/02\/23\/como-cultivar-manjericao-do-jeito-certo-e-colher-folhas-aromaticas-sempre\/#primaryimage","url":"https:\/\/www.em.com.br\/emfoco\/wp-content\/uploads\/2025\/02\/manjericao_1740339222356.jpg","contentUrl":"https:\/\/www.em.com.br\/emfoco\/wp-content\/uploads\/2025\/02\/manjericao_1740339222356.jpg","width":1280,"height":720,"caption":"Manjeric\u00e3o (Cr\u00e9ditos: depositphotos.com \/ duskbabe)"},{"@type":"BreadcrumbList","@id":"https:\/\/www.em.com.br\/emfoco\/2025\/02\/23\/como-cultivar-manjericao-do-jeito-certo-e-colher-folhas-aromaticas-sempre\/#breadcrumb","itemListElement":[{"@type":"ListItem","position":1,"name":"In\u00edcio","item":"https:\/\/www.em.com.br\/emfoco\/"},{"@type":"ListItem","position":2,"name":"Como cultivar manjeric\u00e3o do jeito certo e colher folhas arom\u00e1ticas sempre"}]},{"@type":"WebSite","@id":"https:\/\/www.em.com.br\/emfoco\/#website","url":"https:\/\/www.em.com.br\/emfoco\/","name":"Estado de Minas - Em foco","description":"Acompanhe as \u00faltimas not\u00edcias e fique bem informado sobre tudo o que acontece em Minas Gerais, Brasil e no mundo.","potentialAction":[{"@type":"SearchAction","target":{"@type":"EntryPoint","urlTemplate":"https:\/\/www.em.com.br\/emfoco\/?s={search_term_string}"},"query-input":{"@type":"PropertyValueSpecification","valueRequired":true,"valueName":"search_term_string"}}],"inLanguage":"pt-BR"},{"@type":"Person","@id":"https:\/\/www.em.com.br\/emfoco\/#\/schema\/person\/43407752bebcbbb4d0ec79deedc0d7ce","name":"Patryck Reinehr","image":{"@type":"ImageObject","inLanguage":"pt-BR","@id":"https:\/\/www.em.com.br\/emfoco\/#\/schema\/person\/image\/","url":"https:\/\/secure.gravatar.com\/avatar\/570c7fb2898c0e2df0823196891bea88?s=96&d=mm&r=g","contentUrl":"https:\/\/secure.gravatar.com\/avatar\/570c7fb2898c0e2df0823196891bea88?s=96&d=mm&r=g","caption":"Patryck Reinehr"},"url":"https:\/\/www.em.com.br\/emfoco\/author\/patryckmyth\/"}]}},"_links":{"self":[{"href":"https:\/\/www.em.com.br\/emfoco\/wp-json\/wp\/v2\/posts\/22224","targetHints":{"allow":["GET"]}}],"collection":[{"href":"https:\/\/www.em.com.br\/emfoco\/wp-json\/wp\/v2\/posts"}],"about":[{"href":"https:\/\/www.em.com.br\/emfoco\/wp-json\/wp\/v2\/types\/post"}],"author":[{"embeddable":true,"href":"https:\/\/www.em.com.br\/emfoco\/wp-json\/wp\/v2\/users\/10"}],"replies":[{"embeddable":true,"href":"https:\/\/www.em.com.br\/emfoco\/wp-json\/wp\/v2\/comments?post=22224"}],"version-history":[{"count":1,"href":"https:\/\/www.em.com.br\/emfoco\/wp-json\/wp\/v2\/posts\/22224\/revisions"}],"predecessor-version":[{"id":22227,"href":"https:\/\/www.em.com.br\/emfoco\/wp-json\/wp\/v2\/posts\/22224\/revisions\/22227"}],"wp:featuredmedia":[{"embeddable":true,"href":"https:\/\/www.em.com.br\/emfoco\/wp-json\/wp\/v2\/media\/22225"}],"wp:attachment":[{"href":"https:\/\/www.em.com.br\/emfoco\/wp-json\/wp\/v2\/media?parent=22224"}],"wp:term":[{"taxonomy":"category","embeddable":true,"href":"https:\/\/www.em.com.br\/emfoco\/wp-json\/wp\/v2\/categories?post=22224"},{"taxonomy":"post_tag","embeddable":true,"href":"https:\/\/www.em.com.br\/emfoco\/wp-json\/wp\/v2\/tags?post=22224"}],"curies":[{"name":"wp","href":"https:\/\/api.w.org\/{rel}","templated":true}]}}