{"id":22157,"date":"2025-02-22T21:30:00","date_gmt":"2025-02-23T00:30:00","guid":{"rendered":"https:\/\/www.em.com.br\/emfoco\/?p=22157"},"modified":"2025-02-22T17:30:59","modified_gmt":"2025-02-22T20:30:59","slug":"o-segredo-para-plantar-abobora-e-ter-uma-colheita-farta","status":"publish","type":"post","link":"https:\/\/www.em.com.br\/emfoco\/2025\/02\/22\/o-segredo-para-plantar-abobora-e-ter-uma-colheita-farta\/","title":{"rendered":"O segredo para plantar ab\u00f3bora e ter uma colheita farta"},"content":{"rendered":"\n<p>A ab\u00f3bora \u00e9 uma hortali\u00e7a vers\u00e1til e nutritiva, amplamente cultivada em hortas caseiras devido \u00e0 sua facilidade de cultivo e valor nutricional. Origin\u00e1ria da Am\u00e9rica Central, a ab\u00f3bora tem sido parte da dieta humana por milhares de anos. Este artigo oferece um guia passo a passo para cultivar ab\u00f3bora com sucesso, garantindo uma colheita abundante e saud\u00e1vel, com dicas do site <a href=\"https:\/\/receitasdepesos.com.br\/guia-completo-de-como-plantar-abobora-de-forma-simples.html\/\" target=\"_blank\" rel=\"noreferrer noopener\">Receitas de Peso.<\/a><\/p>\n\n\n\n<p>Com um conte\u00fado cal\u00f3rico baixo, cerca de 26 calorias por 100g, a ab\u00f3bora \u00e9 rica em fibras, vitaminas A e C, al\u00e9m de antioxidantes. Esses nutrientes fazem dela uma excelente escolha para uma alimenta\u00e7\u00e3o equilibrada. Vamos explorar como plantar e cuidar dessa hortali\u00e7a em casa.<\/p>\n\n\n\n<h2 class=\"wp-block-heading\">Quais s\u00e3o os passos para plantar ab\u00f3bora?<\/h2>\n\n\n\n<p>Para come\u00e7ar o <a href=\"https:\/\/www.em.com.br\/emfoco\/2025\/02\/21\/revelado-o-segredo-para-cultivar-melancia-suculenta-em-casa-com-sucesso\/\" target=\"_blank\" rel=\"noreferrer noopener\">cultivo<\/a> de ab\u00f3bora, \u00e9 importante seguir algumas etapas essenciais. Desde a escolha do local at\u00e9 os cuidados durante o crescimento, cada passo \u00e9 crucial para o sucesso da planta\u00e7\u00e3o.<\/p>\n\n\n\n<ol class=\"wp-block-list\">\n<li><strong>Escolhendo o Local Ideal:<\/strong>\u00a0A ab\u00f3bora precisa de espa\u00e7o para crescer, pois suas ramas se espalham bastante. Em locais com espa\u00e7o limitado, vasos grandes e suportes verticais podem ser uma solu\u00e7\u00e3o eficaz.<\/li>\n\n\n\n<li><strong>Preparando o Solo:<\/strong>\u00a0O solo deve ser f\u00e9rtil, bem drenado e profundo. Misturar terra vegetal com composto org\u00e2nico ou h\u00famus de minhoca \u00e9 uma boa pr\u00e1tica para promover um crescimento saud\u00e1vel.<\/li>\n\n\n\n<li><strong>Plantando as Sementes ou Mudas:<\/strong>\u00a0As sementes devem ser plantadas a 3 cm de profundidade, enquanto as mudas precisam de espa\u00e7amento de 1,5 a 2 metros entre cada planta.<\/li>\n\n\n\n<li><strong>Regando Corretamente:<\/strong>\u00a0A rega deve ser regular, especialmente nos est\u00e1gios iniciais. \u00c9 recomendado regar 3 a 4 vezes por semana, evitando o encharcamento.<\/li>\n\n\n\n<li><strong>Cuidados Durante o Crescimento:<\/strong>\u00a0Adubar a cada 20 dias e proteger contra pragas s\u00e3o medidas importantes. O uso de \u00f3leo de neem pode ajudar a controlar insetos indesejados.<\/li>\n<\/ol>\n\n\n\n<h2 class=\"wp-block-heading\">Como garantir uma colheita saud\u00e1vel de ab\u00f3boras?<\/h2>\n\n\n\n<p>Para garantir uma colheita saud\u00e1vel, \u00e9 essencial seguir algumas pr\u00e1ticas durante o crescimento das plantas. A poliniza\u00e7\u00e3o manual pode ser necess\u00e1ria se os frutos n\u00e3o estiverem se formando corretamente. Al\u00e9m disso, apoiar os frutos grandes com madeira ou tijolos pode prevenir o apodrecimento.<\/p>\n\n\n\n<ul class=\"wp-block-list\">\n<li><strong>Aduba\u00e7\u00e3o Regular:<\/strong>\u00a0Utilize mat\u00e9ria org\u00e2nica para estimular o desenvolvimento dos frutos.<\/li>\n\n\n\n<li><strong>Prote\u00e7\u00e3o Contra Pragas:<\/strong>\u00a0Al\u00e9m do \u00f3leo de neem, plantar ervas repelentes como manjeric\u00e3o e hortel\u00e3 pode ajudar.<\/li>\n\n\n\n<li><strong>Colheita no Momento Certo:<\/strong>\u00a0As ab\u00f3boras devem ser colhidas entre 90 a 150 dias ap\u00f3s o plantio, quando a casca estiver firme e a cor bem definida.<\/li>\n<\/ul>\n\n\n<div class=\"wp-block-image\">\n<figure class=\"aligncenter size-large\"><img loading=\"lazy\" decoding=\"async\" width=\"1024\" height=\"576\" src=\"https:\/\/www.em.com.br\/emfoco\/wp-content\/uploads\/2025\/02\/abobora_1740256107175-1024x576.jpg\" alt=\"O segredo para plantar ab\u00f3bora e ter uma colheita farta\" class=\"wp-image-22159\" srcset=\"https:\/\/www.em.com.br\/emfoco\/wp-content\/uploads\/2025\/02\/abobora_1740256107175-1024x576.jpg 1024w, https:\/\/www.em.com.br\/emfoco\/wp-content\/uploads\/2025\/02\/abobora_1740256107175-300x169.jpg 300w, https:\/\/www.em.com.br\/emfoco\/wp-content\/uploads\/2025\/02\/abobora_1740256107175-768x432.jpg 768w, https:\/\/www.em.com.br\/emfoco\/wp-content\/uploads\/2025\/02\/abobora_1740256107175-750x422.jpg 750w, https:\/\/www.em.com.br\/emfoco\/wp-content\/uploads\/2025\/02\/abobora_1740256107175-1140x641.jpg 1140w, https:\/\/www.em.com.br\/emfoco\/wp-content\/uploads\/2025\/02\/abobora_1740256107175.jpg 1280w\" sizes=\"auto, (max-width: 1024px) 100vw, 1024px\" \/><figcaption class=\"wp-element-caption\">Ab\u00f3bora (Cr\u00e9ditos: depositphotos.com \/ AntonMatyukha)<\/figcaption><\/figure><\/div>\n\n\n<h2 class=\"wp-block-heading\">Quais s\u00e3o as melhores formas de utilizar e armazenar ab\u00f3bora?<\/h2>\n\n\n\n<p>A ab\u00f3bora \u00e9 extremamente vers\u00e1til na cozinha, podendo ser utilizada em uma variedade de pratos. Desde pur\u00eas e sopas at\u00e9 sobremesas, suas possibilidades s\u00e3o vastas. Para armazenamento, \u00e9 importante seguir algumas dicas para manter a ab\u00f3bora fresca por mais tempo.<\/p>\n\n\n\n<ul class=\"wp-block-list\">\n<li><strong>Em Local Seco e Arejado:<\/strong>\u00a0A ab\u00f3bora inteira pode ser armazenada por at\u00e9 3 meses.<\/li>\n\n\n\n<li><strong>Na Geladeira:<\/strong>\u00a0Ap\u00f3s cortada, deve ser guardada em recipiente fechado por at\u00e9 5 dias.<\/li>\n\n\n\n<li><strong>Congelada:<\/strong>\u00a0Cozinhe e congele em peda\u00e7os ou pur\u00ea para maior durabilidade.<\/li>\n<\/ul>\n\n\n\n<p>Plantar ab\u00f3bora \u00e9 uma maneira gratificante de ter alimentos frescos e nutritivos em casa. Com os cuidados adequados, \u00e9 poss\u00edvel desfrutar de uma colheita rica e saborosa. Inicie seu cultivo e aproveite todos os benef\u00edcios que essa hortali\u00e7a pode oferecer!<\/p>\n","protected":false},"excerpt":{"rendered":"<p>A ab\u00f3bora \u00e9 uma hortali\u00e7a vers\u00e1til e nutritiva, amplamente cultivada em hortas caseiras devido \u00e0 sua facilidade de cultivo e valor nutricional. Origin\u00e1ria da Am\u00e9rica Central, a ab\u00f3bora tem sido parte da dieta humana por milhares de anos. Este artigo oferece um guia passo a passo para cultivar ab\u00f3bora com sucesso, garantindo uma colheita abundante [&hellip;]<\/p>\n","protected":false},"author":10,"featured_media":22158,"comment_status":"open","ping_status":"open","sticky":false,"template":"","format":"standard","meta":{"jnews-multi-image_gallery":[],"jnews_single_post":{"format":"standard"},"jnews_primary_category":[],"jnews_social_meta":[],"jnews_override_counter":[],"footnotes":""},"categories":[29,1],"tags":[5454,3139,3779],"class_list":["post-22157","post","type-post","status-publish","format-standard","has-post-thumbnail","hentry","category-entretenimento","category-noticias","tag-abobora","tag-cultivo","tag-planta"],"yoast_head":"<!-- This site is optimized with the Yoast SEO plugin v23.8 - https:\/\/yoast.com\/wordpress\/plugins\/seo\/ -->\n<title>O segredo para plantar ab\u00f3bora e ter uma colheita farta - Estado de Minas - Em foco<\/title>\n<meta name=\"description\" content=\"Plantar ab\u00f3bora pode ser mais simples do que voc\u00ea imagina! Veja o guia completo e colha frutos saud\u00e1veis e saborosos.\" \/>\n<meta name=\"robots\" content=\"index, follow, max-snippet:-1, max-image-preview:large, max-video-preview:-1\" \/>\n<link rel=\"canonical\" href=\"https:\/\/www.em.com.br\/emfoco\/2025\/02\/22\/o-segredo-para-plantar-abobora-e-ter-uma-colheita-farta\/\" \/>\n<meta property=\"og:locale\" content=\"pt_BR\" \/>\n<meta property=\"og:type\" content=\"article\" \/>\n<meta property=\"og:title\" content=\"O segredo para plantar ab\u00f3bora e ter uma colheita farta - Estado de Minas - Em foco\" \/>\n<meta property=\"og:description\" content=\"Plantar ab\u00f3bora pode ser mais simples do que voc\u00ea imagina! Veja o guia completo e colha frutos saud\u00e1veis e saborosos.\" \/>\n<meta property=\"og:url\" content=\"https:\/\/www.em.com.br\/emfoco\/2025\/02\/22\/o-segredo-para-plantar-abobora-e-ter-uma-colheita-farta\/\" \/>\n<meta property=\"og:site_name\" content=\"Estado de Minas - Em foco\" \/>\n<meta property=\"article:published_time\" content=\"2025-02-23T00:30:00+00:00\" \/>\n<meta property=\"article:modified_time\" content=\"2025-02-22T20:30:59+00:00\" \/>\n<meta property=\"og:image\" content=\"https:\/\/www.em.com.br\/emfoco\/wp-content\/uploads\/2025\/02\/abobora_1740256028044.jpg\" \/>\n\t<meta property=\"og:image:width\" content=\"1280\" \/>\n\t<meta property=\"og:image:height\" content=\"720\" \/>\n\t<meta property=\"og:image:type\" content=\"image\/jpeg\" \/>\n<meta name=\"author\" content=\"Patryck Reinehr\" \/>\n<meta name=\"twitter:card\" content=\"summary_large_image\" \/>\n<meta name=\"twitter:label1\" content=\"Escrito por\" \/>\n\t<meta name=\"twitter:data1\" content=\"Patryck Reinehr\" \/>\n\t<meta name=\"twitter:label2\" content=\"Est. tempo de leitura\" \/>\n\t<meta name=\"twitter:data2\" content=\"4 minutos\" \/>\n<!-- \/ Yoast SEO plugin. -->","yoast_head_json":{"title":"O segredo para plantar ab\u00f3bora e ter uma colheita farta - Estado de Minas - Em foco","description":"Plantar ab\u00f3bora pode ser mais simples do que voc\u00ea imagina! Veja o guia completo e colha frutos saud\u00e1veis e saborosos.","robots":{"index":"index","follow":"follow","max-snippet":"max-snippet:-1","max-image-preview":"max-image-preview:large","max-video-preview":"max-video-preview:-1"},"canonical":"https:\/\/www.em.com.br\/emfoco\/2025\/02\/22\/o-segredo-para-plantar-abobora-e-ter-uma-colheita-farta\/","og_locale":"pt_BR","og_type":"article","og_title":"O segredo para plantar ab\u00f3bora e ter uma colheita farta - Estado de Minas - Em foco","og_description":"Plantar ab\u00f3bora pode ser mais simples do que voc\u00ea imagina! Veja o guia completo e colha frutos saud\u00e1veis e saborosos.","og_url":"https:\/\/www.em.com.br\/emfoco\/2025\/02\/22\/o-segredo-para-plantar-abobora-e-ter-uma-colheita-farta\/","og_site_name":"Estado de Minas - Em foco","article_published_time":"2025-02-23T00:30:00+00:00","article_modified_time":"2025-02-22T20:30:59+00:00","og_image":[{"width":1280,"height":720,"url":"https:\/\/www.em.com.br\/emfoco\/wp-content\/uploads\/2025\/02\/abobora_1740256028044.jpg","type":"image\/jpeg"}],"author":"Patryck Reinehr","twitter_card":"summary_large_image","twitter_misc":{"Escrito por":"Patryck Reinehr","Est. tempo de leitura":"4 minutos"},"schema":{"@context":"https:\/\/schema.org","@graph":[{"@type":"WebPage","@id":"https:\/\/www.em.com.br\/emfoco\/2025\/02\/22\/o-segredo-para-plantar-abobora-e-ter-uma-colheita-farta\/","url":"https:\/\/www.em.com.br\/emfoco\/2025\/02\/22\/o-segredo-para-plantar-abobora-e-ter-uma-colheita-farta\/","name":"O segredo para plantar ab\u00f3bora e ter uma colheita farta - Estado de Minas - Em foco","isPartOf":{"@id":"https:\/\/www.em.com.br\/emfoco\/#website"},"primaryImageOfPage":{"@id":"https:\/\/www.em.com.br\/emfoco\/2025\/02\/22\/o-segredo-para-plantar-abobora-e-ter-uma-colheita-farta\/#primaryimage"},"image":{"@id":"https:\/\/www.em.com.br\/emfoco\/2025\/02\/22\/o-segredo-para-plantar-abobora-e-ter-uma-colheita-farta\/#primaryimage"},"thumbnailUrl":"https:\/\/www.em.com.br\/emfoco\/wp-content\/uploads\/2025\/02\/abobora_1740256028044.jpg","datePublished":"2025-02-23T00:30:00+00:00","dateModified":"2025-02-22T20:30:59+00:00","author":{"@id":"https:\/\/www.em.com.br\/emfoco\/#\/schema\/person\/43407752bebcbbb4d0ec79deedc0d7ce"},"description":"Plantar ab\u00f3bora pode ser mais simples do que voc\u00ea imagina! Veja o guia completo e colha frutos saud\u00e1veis e saborosos.","breadcrumb":{"@id":"https:\/\/www.em.com.br\/emfoco\/2025\/02\/22\/o-segredo-para-plantar-abobora-e-ter-uma-colheita-farta\/#breadcrumb"},"inLanguage":"pt-BR","potentialAction":[{"@type":"ReadAction","target":["https:\/\/www.em.com.br\/emfoco\/2025\/02\/22\/o-segredo-para-plantar-abobora-e-ter-uma-colheita-farta\/"]}]},{"@type":"ImageObject","inLanguage":"pt-BR","@id":"https:\/\/www.em.com.br\/emfoco\/2025\/02\/22\/o-segredo-para-plantar-abobora-e-ter-uma-colheita-farta\/#primaryimage","url":"https:\/\/www.em.com.br\/emfoco\/wp-content\/uploads\/2025\/02\/abobora_1740256028044.jpg","contentUrl":"https:\/\/www.em.com.br\/emfoco\/wp-content\/uploads\/2025\/02\/abobora_1740256028044.jpg","width":1280,"height":720,"caption":"Ab\u00f3bora (Cr\u00e9ditos: depositphotos.com \/ docbombay)"},{"@type":"BreadcrumbList","@id":"https:\/\/www.em.com.br\/emfoco\/2025\/02\/22\/o-segredo-para-plantar-abobora-e-ter-uma-colheita-farta\/#breadcrumb","itemListElement":[{"@type":"ListItem","position":1,"name":"In\u00edcio","item":"https:\/\/www.em.com.br\/emfoco\/"},{"@type":"ListItem","position":2,"name":"O segredo para plantar ab\u00f3bora e ter uma colheita farta"}]},{"@type":"WebSite","@id":"https:\/\/www.em.com.br\/emfoco\/#website","url":"https:\/\/www.em.com.br\/emfoco\/","name":"Estado de Minas - Em foco","description":"Acompanhe as \u00faltimas not\u00edcias e fique bem informado sobre tudo o que acontece em Minas Gerais, Brasil e no mundo.","potentialAction":[{"@type":"SearchAction","target":{"@type":"EntryPoint","urlTemplate":"https:\/\/www.em.com.br\/emfoco\/?s={search_term_string}"},"query-input":{"@type":"PropertyValueSpecification","valueRequired":true,"valueName":"search_term_string"}}],"inLanguage":"pt-BR"},{"@type":"Person","@id":"https:\/\/www.em.com.br\/emfoco\/#\/schema\/person\/43407752bebcbbb4d0ec79deedc0d7ce","name":"Patryck Reinehr","image":{"@type":"ImageObject","inLanguage":"pt-BR","@id":"https:\/\/www.em.com.br\/emfoco\/#\/schema\/person\/image\/","url":"https:\/\/secure.gravatar.com\/avatar\/570c7fb2898c0e2df0823196891bea88?s=96&d=mm&r=g","contentUrl":"https:\/\/secure.gravatar.com\/avatar\/570c7fb2898c0e2df0823196891bea88?s=96&d=mm&r=g","caption":"Patryck Reinehr"},"url":"https:\/\/www.em.com.br\/emfoco\/author\/patryckmyth\/"}]}},"_links":{"self":[{"href":"https:\/\/www.em.com.br\/emfoco\/wp-json\/wp\/v2\/posts\/22157","targetHints":{"allow":["GET"]}}],"collection":[{"href":"https:\/\/www.em.com.br\/emfoco\/wp-json\/wp\/v2\/posts"}],"about":[{"href":"https:\/\/www.em.com.br\/emfoco\/wp-json\/wp\/v2\/types\/post"}],"author":[{"embeddable":true,"href":"https:\/\/www.em.com.br\/emfoco\/wp-json\/wp\/v2\/users\/10"}],"replies":[{"embeddable":true,"href":"https:\/\/www.em.com.br\/emfoco\/wp-json\/wp\/v2\/comments?post=22157"}],"version-history":[{"count":1,"href":"https:\/\/www.em.com.br\/emfoco\/wp-json\/wp\/v2\/posts\/22157\/revisions"}],"predecessor-version":[{"id":22160,"href":"https:\/\/www.em.com.br\/emfoco\/wp-json\/wp\/v2\/posts\/22157\/revisions\/22160"}],"wp:featuredmedia":[{"embeddable":true,"href":"https:\/\/www.em.com.br\/emfoco\/wp-json\/wp\/v2\/media\/22158"}],"wp:attachment":[{"href":"https:\/\/www.em.com.br\/emfoco\/wp-json\/wp\/v2\/media?parent=22157"}],"wp:term":[{"taxonomy":"category","embeddable":true,"href":"https:\/\/www.em.com.br\/emfoco\/wp-json\/wp\/v2\/categories?post=22157"},{"taxonomy":"post_tag","embeddable":true,"href":"https:\/\/www.em.com.br\/emfoco\/wp-json\/wp\/v2\/tags?post=22157"}],"curies":[{"name":"wp","href":"https:\/\/api.w.org\/{rel}","templated":true}]}}