{"id":22153,"date":"2025-02-22T19:30:00","date_gmt":"2025-02-22T22:30:00","guid":{"rendered":"https:\/\/www.em.com.br\/emfoco\/?p=22153"},"modified":"2025-02-22T17:30:51","modified_gmt":"2025-02-22T20:30:51","slug":"estilistas-revelam-os-acessorios-que-serao-febre-em-2025","status":"publish","type":"post","link":"https:\/\/www.em.com.br\/emfoco\/2025\/02\/22\/estilistas-revelam-os-acessorios-que-serao-febre-em-2025\/","title":{"rendered":"Estilistas revelam os acess\u00f3rios que ser\u00e3o febre em 2025"},"content":{"rendered":"\n<p>Em 2025, os acess\u00f3rios de cabe\u00e7a assumem um papel central na moda, refletindo uma combina\u00e7\u00e3o de nostalgia e inova\u00e7\u00e3o. Esses itens, que variam de faixas a bon\u00e9s, n\u00e3o apenas complementam o visual, mas tamb\u00e9m servem como formas de express\u00e3o pessoal. Eles capturam tanto as prefer\u00eancias est\u00e9ticas quanto as necessidades pr\u00e1ticas dos consumidores modernos.<\/p>\n\n\n\n<p>Com a reinterpreta\u00e7\u00e3o de acess\u00f3rios cl\u00e1ssicos e a introdu\u00e7\u00e3o de novos designs, os entusiastas da moda t\u00eam \u00e0 disposi\u00e7\u00e3o uma ampla gama de op\u00e7\u00f5es para atualizar seus estilos sem comprometer a individualidade. Vamos explorar como esses acess\u00f3rios est\u00e3o moldando as tend\u00eancias atuais e contribuindo para o cen\u00e1rio fashion contempor\u00e2neo, com dicas do site <a href=\"https:\/\/paisefilhos.com.br\/entretenimento\/tendencias-de-acessorios-de-cabeca-para-arrasar-em-2025\/\" target=\"_blank\" rel=\"noreferrer noopener\">Pais&amp;Filhos.<\/a><\/p>\n\n\n\n<h2 class=\"wp-block-heading\">O retorno das faixas de cabelo<\/h2>\n\n\n\n<p>As faixas de cabelo, que j\u00e1 foram um \u00edcone de moda em d\u00e9cadas passadas, est\u00e3o de volta com for\u00e7a. Elas s\u00e3o apreciadas por sua versatilidade e capacidade de complementar diversos estilos. Dispon\u00edveis em uma variedade de materiais e cores, as faixas n\u00e3o apenas mant\u00eam os cabelos no lugar, mas tamb\u00e9m adicionam um toque de eleg\u00e2ncia ao visual di\u00e1rio.<\/p>\n\n\n\n<p>Esse retorno demonstra um interesse crescente por acess\u00f3rios que combinam praticidade e estilo, permitindo uma atualiza\u00e7\u00e3o f\u00e1cil do look cotidiano. As faixas se destacam como um item essencial para quem busca unir conforto e moda de maneira harmoniosa.<\/p>\n\n\n\n<h2 class=\"wp-block-heading\">Len\u00e7os: eleg\u00e2ncia atemporal<\/h2>\n\n\n\n<p>Os len\u00e7os voltaram a ser um acess\u00f3rio indispens\u00e1vel, oferecendo uma versatilidade \u00fanica. Eles podem ser usados de v\u00e1rias maneiras, desde amarrados na cabe\u00e7a at\u00e9 como detalhes em bolsas ou pesco\u00e7os. Essa flexibilidade permite que os len\u00e7os se adaptem a diferentes ocasi\u00f5es, desde eventos casuais at\u00e9 compromissos mais formais.<\/p>\n\n\n\n<p>Al\u00e9m de sua funcionalidade, os len\u00e7os adicionam um toque de sofistica\u00e7\u00e3o ao visual, sendo uma escolha ideal para quem deseja incorporar um elemento cl\u00e1ssico e atemporal ao seu estilo. Sua capacidade de transforma\u00e7\u00e3o faz deles um acess\u00f3rio valioso no guarda-roupa moderno.<\/p>\n\n\n<div class=\"wp-block-image\">\n<figure class=\"aligncenter size-large\"><img loading=\"lazy\" decoding=\"async\" width=\"1024\" height=\"576\" src=\"https:\/\/www.em.com.br\/emfoco\/wp-content\/uploads\/2025\/02\/lenco-cabelo_1740255704147-1024x576.jpg\" alt=\"Estilistas revelam os acess\u00f3rios que ser\u00e3o febre em 2025\" class=\"wp-image-22155\" srcset=\"https:\/\/www.em.com.br\/emfoco\/wp-content\/uploads\/2025\/02\/lenco-cabelo_1740255704147-1024x576.jpg 1024w, https:\/\/www.em.com.br\/emfoco\/wp-content\/uploads\/2025\/02\/lenco-cabelo_1740255704147-300x169.jpg 300w, https:\/\/www.em.com.br\/emfoco\/wp-content\/uploads\/2025\/02\/lenco-cabelo_1740255704147-768x432.jpg 768w, https:\/\/www.em.com.br\/emfoco\/wp-content\/uploads\/2025\/02\/lenco-cabelo_1740255704147-750x422.jpg 750w, https:\/\/www.em.com.br\/emfoco\/wp-content\/uploads\/2025\/02\/lenco-cabelo_1740255704147-1140x641.jpg 1140w, https:\/\/www.em.com.br\/emfoco\/wp-content\/uploads\/2025\/02\/lenco-cabelo_1740255704147.jpg 1280w\" sizes=\"auto, (max-width: 1024px) 100vw, 1024px\" \/><figcaption class=\"wp-element-caption\">Len\u00e7o de cabelo  (Cr\u00e9ditos: depositphotos.com \/ AllaSerebrina)<\/figcaption><\/figure><\/div>\n\n\n<h2 class=\"wp-block-heading\">Bon\u00e9s esportivos: estilo casual e moderno<\/h2>\n\n\n\n<p>Os bon\u00e9s esportivos transcenderam seu uso <a href=\"https:\/\/www.em.com.br\/emfoco\/2025\/02\/21\/menos-produtos-mais-beneficios-como-adotar-o-skincare-minimalista\/\" target=\"_blank\" rel=\"noreferrer noopener\">tradicional<\/a> e se tornaram pe\u00e7as-chave em composi\u00e7\u00f5es de moda contempor\u00e2neas. Eles n\u00e3o s\u00e3o mais vistos apenas como itens funcionais, mas como acess\u00f3rios que equilibram o casual com o moderno. Essa nova abordagem transforma os bon\u00e9s em s\u00edmbolos de conforto e estilo despojado.<\/p>\n\n\n\n<p>Integrar bon\u00e9s em looks mais elaborados, combinando-os com pe\u00e7as de alfaiataria, criou uma nova perspectiva na moda que valoriza tanto a praticidade quanto a est\u00e9tica. Assim, os bon\u00e9s continuam a atrair a aten\u00e7\u00e3o de fashionistas que buscam inova\u00e7\u00e3o e estilo em suas escolhas.<\/p>\n\n\n\n<h2 class=\"wp-block-heading\">Presilhas: detalhes que fazem a diferen\u00e7a<\/h2>\n\n\n\n<p>As presilhas, embora discretas, t\u00eam o poder de transformar um visual. Em 2025, elas aparecem em uma infinidade de formatos e acabamentos, permitindo combina\u00e7\u00f5es criativas e personalizadas. Seja para adicionar um detalhe sutil ou para criar um ponto focal no penteado, as presilhas oferecem beleza e funcionalidade.<\/p>\n\n\n\n<p>Esses pequenos acess\u00f3rios se destacam por sua capacidade de personalizar e real\u00e7ar o visual de maneira simples, mas impactante. Incorporar presilhas ao dia a dia \u00e9 uma forma de abra\u00e7ar a individualidade e a criatividade no mundo da moda atual, tornando-se uma escolha popular entre aqueles que desejam expressar sua personalidade atrav\u00e9s do estilo.<\/p>\n","protected":false},"excerpt":{"rendered":"<p>Em 2025, os acess\u00f3rios de cabe\u00e7a assumem um papel central na moda, refletindo uma combina\u00e7\u00e3o de nostalgia e inova\u00e7\u00e3o. Esses itens, que variam de faixas a bon\u00e9s, n\u00e3o apenas complementam o visual, mas tamb\u00e9m servem como formas de express\u00e3o pessoal. Eles capturam tanto as prefer\u00eancias est\u00e9ticas quanto as necessidades pr\u00e1ticas dos consumidores modernos. Com a [&hellip;]<\/p>\n","protected":false},"author":10,"featured_media":22154,"comment_status":"open","ping_status":"open","sticky":false,"template":"","format":"standard","meta":{"jnews-multi-image_gallery":[],"jnews_single_post":{"format":"standard"},"jnews_primary_category":[],"jnews_social_meta":[],"jnews_override_counter":[],"footnotes":""},"categories":[29],"tags":[5330,2616,4905,5318],"class_list":["post-22153","post","type-post","status-publish","format-standard","has-post-thumbnail","hentry","category-entretenimento","tag-acessorios","tag-beleza","tag-cabelo","tag-estilo"],"yoast_head":"<!-- This site is optimized with the Yoast SEO plugin v23.8 - https:\/\/yoast.com\/wordpress\/plugins\/seo\/ -->\n<title>Estilistas revelam os acess\u00f3rios que ser\u00e3o febre em 2025 - Estado de Minas - Em foco<\/title>\n<meta name=\"description\" content=\"Tend\u00eancias imperd\u00edveis para 2025! Acess\u00f3rios de cabelo voltam com for\u00e7a total e prometem transformar qualquer visual.\" \/>\n<meta name=\"robots\" content=\"index, follow, max-snippet:-1, max-image-preview:large, max-video-preview:-1\" \/>\n<link rel=\"canonical\" href=\"https:\/\/www.em.com.br\/emfoco\/2025\/02\/22\/estilistas-revelam-os-acessorios-que-serao-febre-em-2025\/\" \/>\n<meta property=\"og:locale\" content=\"pt_BR\" \/>\n<meta property=\"og:type\" content=\"article\" \/>\n<meta property=\"og:title\" content=\"Estilistas revelam os acess\u00f3rios que ser\u00e3o febre em 2025 - Estado de Minas - Em foco\" \/>\n<meta property=\"og:description\" content=\"Tend\u00eancias imperd\u00edveis para 2025! Acess\u00f3rios de cabelo voltam com for\u00e7a total e prometem transformar qualquer visual.\" \/>\n<meta property=\"og:url\" content=\"https:\/\/www.em.com.br\/emfoco\/2025\/02\/22\/estilistas-revelam-os-acessorios-que-serao-febre-em-2025\/\" \/>\n<meta property=\"og:site_name\" content=\"Estado de Minas - Em foco\" \/>\n<meta property=\"article:published_time\" content=\"2025-02-22T22:30:00+00:00\" \/>\n<meta property=\"article:modified_time\" content=\"2025-02-22T20:30:51+00:00\" \/>\n<meta property=\"og:image\" content=\"https:\/\/www.em.com.br\/emfoco\/wp-content\/uploads\/2025\/02\/acessorio-cabelo_1740255588072.jpg\" \/>\n\t<meta property=\"og:image:width\" content=\"1280\" \/>\n\t<meta property=\"og:image:height\" content=\"720\" \/>\n\t<meta property=\"og:image:type\" content=\"image\/jpeg\" \/>\n<meta name=\"author\" content=\"Patryck Reinehr\" \/>\n<meta name=\"twitter:card\" content=\"summary_large_image\" \/>\n<meta name=\"twitter:label1\" content=\"Escrito por\" \/>\n\t<meta name=\"twitter:data1\" content=\"Patryck Reinehr\" \/>\n\t<meta name=\"twitter:label2\" content=\"Est. tempo de leitura\" \/>\n\t<meta name=\"twitter:data2\" content=\"4 minutos\" \/>\n<!-- \/ Yoast SEO plugin. -->","yoast_head_json":{"title":"Estilistas revelam os acess\u00f3rios que ser\u00e3o febre em 2025 - Estado de Minas - Em foco","description":"Tend\u00eancias imperd\u00edveis para 2025! Acess\u00f3rios de cabelo voltam com for\u00e7a total e prometem transformar qualquer visual.","robots":{"index":"index","follow":"follow","max-snippet":"max-snippet:-1","max-image-preview":"max-image-preview:large","max-video-preview":"max-video-preview:-1"},"canonical":"https:\/\/www.em.com.br\/emfoco\/2025\/02\/22\/estilistas-revelam-os-acessorios-que-serao-febre-em-2025\/","og_locale":"pt_BR","og_type":"article","og_title":"Estilistas revelam os acess\u00f3rios que ser\u00e3o febre em 2025 - Estado de Minas - Em foco","og_description":"Tend\u00eancias imperd\u00edveis para 2025! Acess\u00f3rios de cabelo voltam com for\u00e7a total e prometem transformar qualquer visual.","og_url":"https:\/\/www.em.com.br\/emfoco\/2025\/02\/22\/estilistas-revelam-os-acessorios-que-serao-febre-em-2025\/","og_site_name":"Estado de Minas - Em foco","article_published_time":"2025-02-22T22:30:00+00:00","article_modified_time":"2025-02-22T20:30:51+00:00","og_image":[{"width":1280,"height":720,"url":"https:\/\/www.em.com.br\/emfoco\/wp-content\/uploads\/2025\/02\/acessorio-cabelo_1740255588072.jpg","type":"image\/jpeg"}],"author":"Patryck Reinehr","twitter_card":"summary_large_image","twitter_misc":{"Escrito por":"Patryck Reinehr","Est. tempo de leitura":"4 minutos"},"schema":{"@context":"https:\/\/schema.org","@graph":[{"@type":"WebPage","@id":"https:\/\/www.em.com.br\/emfoco\/2025\/02\/22\/estilistas-revelam-os-acessorios-que-serao-febre-em-2025\/","url":"https:\/\/www.em.com.br\/emfoco\/2025\/02\/22\/estilistas-revelam-os-acessorios-que-serao-febre-em-2025\/","name":"Estilistas revelam os acess\u00f3rios que ser\u00e3o febre em 2025 - Estado de Minas - Em foco","isPartOf":{"@id":"https:\/\/www.em.com.br\/emfoco\/#website"},"primaryImageOfPage":{"@id":"https:\/\/www.em.com.br\/emfoco\/2025\/02\/22\/estilistas-revelam-os-acessorios-que-serao-febre-em-2025\/#primaryimage"},"image":{"@id":"https:\/\/www.em.com.br\/emfoco\/2025\/02\/22\/estilistas-revelam-os-acessorios-que-serao-febre-em-2025\/#primaryimage"},"thumbnailUrl":"https:\/\/www.em.com.br\/emfoco\/wp-content\/uploads\/2025\/02\/acessorio-cabelo_1740255588072.jpg","datePublished":"2025-02-22T22:30:00+00:00","dateModified":"2025-02-22T20:30:51+00:00","author":{"@id":"https:\/\/www.em.com.br\/emfoco\/#\/schema\/person\/43407752bebcbbb4d0ec79deedc0d7ce"},"description":"Tend\u00eancias imperd\u00edveis para 2025! Acess\u00f3rios de cabelo voltam com for\u00e7a total e prometem transformar qualquer visual.","breadcrumb":{"@id":"https:\/\/www.em.com.br\/emfoco\/2025\/02\/22\/estilistas-revelam-os-acessorios-que-serao-febre-em-2025\/#breadcrumb"},"inLanguage":"pt-BR","potentialAction":[{"@type":"ReadAction","target":["https:\/\/www.em.com.br\/emfoco\/2025\/02\/22\/estilistas-revelam-os-acessorios-que-serao-febre-em-2025\/"]}]},{"@type":"ImageObject","inLanguage":"pt-BR","@id":"https:\/\/www.em.com.br\/emfoco\/2025\/02\/22\/estilistas-revelam-os-acessorios-que-serao-febre-em-2025\/#primaryimage","url":"https:\/\/www.em.com.br\/emfoco\/wp-content\/uploads\/2025\/02\/acessorio-cabelo_1740255588072.jpg","contentUrl":"https:\/\/www.em.com.br\/emfoco\/wp-content\/uploads\/2025\/02\/acessorio-cabelo_1740255588072.jpg","width":1280,"height":720,"caption":"Acess\u00f3rio de cabelo (Cr\u00e9ditos: depositphotos.com \/ IgorVetushko)"},{"@type":"BreadcrumbList","@id":"https:\/\/www.em.com.br\/emfoco\/2025\/02\/22\/estilistas-revelam-os-acessorios-que-serao-febre-em-2025\/#breadcrumb","itemListElement":[{"@type":"ListItem","position":1,"name":"In\u00edcio","item":"https:\/\/www.em.com.br\/emfoco\/"},{"@type":"ListItem","position":2,"name":"Estilistas revelam os acess\u00f3rios que ser\u00e3o febre em 2025"}]},{"@type":"WebSite","@id":"https:\/\/www.em.com.br\/emfoco\/#website","url":"https:\/\/www.em.com.br\/emfoco\/","name":"Estado de Minas - Em foco","description":"Acompanhe as \u00faltimas not\u00edcias e fique bem informado sobre tudo o que acontece em Minas Gerais, Brasil e no mundo.","potentialAction":[{"@type":"SearchAction","target":{"@type":"EntryPoint","urlTemplate":"https:\/\/www.em.com.br\/emfoco\/?s={search_term_string}"},"query-input":{"@type":"PropertyValueSpecification","valueRequired":true,"valueName":"search_term_string"}}],"inLanguage":"pt-BR"},{"@type":"Person","@id":"https:\/\/www.em.com.br\/emfoco\/#\/schema\/person\/43407752bebcbbb4d0ec79deedc0d7ce","name":"Patryck Reinehr","image":{"@type":"ImageObject","inLanguage":"pt-BR","@id":"https:\/\/www.em.com.br\/emfoco\/#\/schema\/person\/image\/","url":"https:\/\/secure.gravatar.com\/avatar\/570c7fb2898c0e2df0823196891bea88?s=96&d=mm&r=g","contentUrl":"https:\/\/secure.gravatar.com\/avatar\/570c7fb2898c0e2df0823196891bea88?s=96&d=mm&r=g","caption":"Patryck Reinehr"},"url":"https:\/\/www.em.com.br\/emfoco\/author\/patryckmyth\/"}]}},"_links":{"self":[{"href":"https:\/\/www.em.com.br\/emfoco\/wp-json\/wp\/v2\/posts\/22153","targetHints":{"allow":["GET"]}}],"collection":[{"href":"https:\/\/www.em.com.br\/emfoco\/wp-json\/wp\/v2\/posts"}],"about":[{"href":"https:\/\/www.em.com.br\/emfoco\/wp-json\/wp\/v2\/types\/post"}],"author":[{"embeddable":true,"href":"https:\/\/www.em.com.br\/emfoco\/wp-json\/wp\/v2\/users\/10"}],"replies":[{"embeddable":true,"href":"https:\/\/www.em.com.br\/emfoco\/wp-json\/wp\/v2\/comments?post=22153"}],"version-history":[{"count":1,"href":"https:\/\/www.em.com.br\/emfoco\/wp-json\/wp\/v2\/posts\/22153\/revisions"}],"predecessor-version":[{"id":22156,"href":"https:\/\/www.em.com.br\/emfoco\/wp-json\/wp\/v2\/posts\/22153\/revisions\/22156"}],"wp:featuredmedia":[{"embeddable":true,"href":"https:\/\/www.em.com.br\/emfoco\/wp-json\/wp\/v2\/media\/22154"}],"wp:attachment":[{"href":"https:\/\/www.em.com.br\/emfoco\/wp-json\/wp\/v2\/media?parent=22153"}],"wp:term":[{"taxonomy":"category","embeddable":true,"href":"https:\/\/www.em.com.br\/emfoco\/wp-json\/wp\/v2\/categories?post=22153"},{"taxonomy":"post_tag","embeddable":true,"href":"https:\/\/www.em.com.br\/emfoco\/wp-json\/wp\/v2\/tags?post=22153"}],"curies":[{"name":"wp","href":"https:\/\/api.w.org\/{rel}","templated":true}]}}