{"id":22121,"date":"2025-02-23T17:00:22","date_gmt":"2025-02-23T20:00:22","guid":{"rendered":"https:\/\/www.em.com.br\/emfoco\/?p=22121"},"modified":"2025-02-22T23:11:47","modified_gmt":"2025-02-23T02:11:47","slug":"bpc-2025-mais-exigencias-menos-direitos-o-que-muda-para-os-beneficiarios","status":"publish","type":"post","link":"https:\/\/www.em.com.br\/emfoco\/2025\/02\/23\/bpc-2025-mais-exigencias-menos-direitos-o-que-muda-para-os-beneficiarios\/","title":{"rendered":"BPC libera pagamentos novos pagamentos para os benefici\u00e1rios"},"content":{"rendered":"\n<p>O <strong>Benef\u00edcio de Presta\u00e7\u00e3o Continuada (<a href=\"https:\/\/www.gov.br\/mds\/pt-br\/acoes-e-programas\/suas\/beneficios-assistenciais\/beneficio-assistencial-ao-idoso-e-a-pessoa-com-deficiencia-bpc\" target=\"_blank\" rel=\"noreferrer noopener\">BPC<\/a>)<\/strong> \u00e9 um aux\u00edlio essencial no Brasil, destinado a <a href=\"https:\/\/www.em.com.br\/emfoco\/2025\/02\/22\/governo-federal-22-02-emite-comunicado-para-todos-os-idosos-acima-de-60-anos\/\" target=\"_blank\" rel=\"noreferrer noopener\">idosos <\/a>e pessoas com defici\u00eancia que atendem a crit\u00e9rios espec\u00edficos de renda. Este benef\u00edcio, diferentemente dos previdenci\u00e1rios, n\u00e3o requer contribui\u00e7\u00f5es anteriores ao <strong>INSS<\/strong>, servindo como um suporte crucial para aqueles em situa\u00e7\u00e3o de vulnerabilidade econ\u00f4mica.<\/p>\n\n\n\n<p>Com a implementa\u00e7\u00e3o da Lei n\u00ba 15.077\/2024, ocorreram mudan\u00e7as significativas nas regras do <strong>BPC<\/strong>. Essas altera\u00e7\u00f5es visam aprimorar a efici\u00eancia do benef\u00edcio, garantindo que ele seja direcionado corretamente aos que mais necessitam. No entanto, essas mudan\u00e7as tamb\u00e9m geraram algumas d\u00favidas e informa\u00e7\u00f5es incorretas entre os benefici\u00e1rios.<\/p>\n\n\n\n<h2 class=\"wp-block-heading\">O que mudou nas regras do BPC?<\/h2>\n\n\n\n<p>Uma das principais mudan\u00e7as \u00e9 a introdu\u00e7\u00e3o de uma avalia\u00e7\u00e3o obrigat\u00f3ria para pessoas com defici\u00eancia que solicitam o BPC. Esta avalia\u00e7\u00e3o agora requer o registro do c\u00f3digo na <strong>Classifica\u00e7\u00e3o Internacional de Doen\u00e7as (CID)<\/strong>, assegurando um processo de concess\u00e3o mais detalhado e preciso.<\/p>\n\n\n\n<p>Outra altera\u00e7\u00e3o importante \u00e9 a exig\u00eancia de atualiza\u00e7\u00e3o dos dados no <strong>Cadastro \u00danico<\/strong> a cada 24 meses. Essa medida \u00e9 fundamental para garantir que as informa\u00e7\u00f5es dos benefici\u00e1rios estejam sempre atualizadas, prevenindo fraudes e assegurando que o benef\u00edcio chegue a quem realmente se enquadra nos crit\u00e9rios.<\/p>\n\n\n<div class=\"wp-block-image\">\n<figure class=\"aligncenter size-large\"><img loading=\"lazy\" decoding=\"async\" width=\"1024\" height=\"576\" src=\"https:\/\/www.em.com.br\/emfoco\/wp-content\/uploads\/2024\/12\/Idoso-Brasileiro_1733800902102-1024x576.jpg\" alt=\"BPC 2025, mais exig\u00eancias, menos direitos? O que muda para os benefici\u00e1rios?\" class=\"wp-image-4095\" srcset=\"https:\/\/www.em.com.br\/emfoco\/wp-content\/uploads\/2024\/12\/Idoso-Brasileiro_1733800902102-1024x576.jpg 1024w, https:\/\/www.em.com.br\/emfoco\/wp-content\/uploads\/2024\/12\/Idoso-Brasileiro_1733800902102-300x169.jpg 300w, https:\/\/www.em.com.br\/emfoco\/wp-content\/uploads\/2024\/12\/Idoso-Brasileiro_1733800902102-768x432.jpg 768w, https:\/\/www.em.com.br\/emfoco\/wp-content\/uploads\/2024\/12\/Idoso-Brasileiro_1733800902102-750x422.jpg 750w, https:\/\/www.em.com.br\/emfoco\/wp-content\/uploads\/2024\/12\/Idoso-Brasileiro_1733800902102-1140x641.jpg 1140w, https:\/\/www.em.com.br\/emfoco\/wp-content\/uploads\/2024\/12\/Idoso-Brasileiro_1733800902102.jpg 1280w\" sizes=\"auto, (max-width: 1024px) 100vw, 1024px\" \/><figcaption class=\"wp-element-caption\">BPC &#8211; Cr\u00e9ditos: depositphotos.com \/ verganifotografia<\/figcaption><\/figure><\/div>\n\n\n<h2 class=\"wp-block-heading\">Crit\u00e9rios para o c\u00e1lculo da renda familiar<\/h2>\n\n\n\n<p>A nova legisla\u00e7\u00e3o tamb\u00e9m esclarece quais rendimentos podem ser desconsiderados no c\u00e1lculo da renda familiar per capita. Os valores que podem ser exclu\u00eddos incluem:<\/p>\n\n\n\n<ul class=\"wp-block-list\">\n<li>Benef\u00edcios previdenci\u00e1rios e assistenciais de at\u00e9 um sal\u00e1rio m\u00ednimo recebidos por outros membros da fam\u00edlia.<\/li>\n\n\n\n<li>Rendimentos de contratos de aprendizagem e est\u00e1gios supervisionados.<\/li>\n\n\n\n<li>Aux\u00edlios tempor\u00e1rios ou indeniza\u00e7\u00f5es por desastres, como rompimento de barragens.<\/li>\n<\/ul>\n\n\n\n<p>Essas exclus\u00f5es ajudam a garantir que o c\u00e1lculo da renda seja justo e que seja direcionado a quem realmente necessita.<\/p>\n\n\n\n<h2 class=\"wp-block-heading\">Esclarecendo informa\u00e7\u00f5es incorretas sobre o BPC<\/h2>\n\n\n\n<p>Com as mudan\u00e7as, surgiram v\u00e1rias informa\u00e7\u00f5es incorretas sobre o BPC. Um dos equ\u00edvocos comuns \u00e9 sobre a composi\u00e7\u00e3o familiar para o c\u00e1lculo da renda, que permanece inalterada. Apenas os membros que vivem na mesma resid\u00eancia do solicitante s\u00e3o considerados, como c\u00f4njuges, pais, irm\u00e3os solteiros, filhos e enteados solteiros, al\u00e9m de menores tutelados.<\/p>\n\n\n\n<p>Outro mito \u00e9 que pessoas com defici\u00eancia leve perderiam o direito ao BPC. Isso n\u00e3o procede. O crit\u00e9rio para concess\u00e3o continua o mesmo: pessoas com impedimentos de longo prazo, de natureza f\u00edsica, mental, intelectual ou sensorial, que dificultem sua participa\u00e7\u00e3o plena na sociedade, continuam eleg\u00edveis, desde que a renda familiar per capita seja inferior a um quarto do sal\u00e1rio m\u00ednimo.<\/p>\n\n\n\n<h2 class=\"wp-block-heading\">Impactos pr\u00e1ticos para os benefici\u00e1rios<\/h2>\n\n\n\n<p>Embora as regras tenham mudado, os crit\u00e9rios b\u00e1sicos para a concess\u00e3o do BPC permanecem. Idosos com 65 anos ou mais ainda podem solicitar o benef\u00edcio sem a necessidade de per\u00edcia m\u00e9dica. Para pessoas com defici\u00eancia, a avalia\u00e7\u00e3o com registro no CID \u00e9 agora obrigat\u00f3ria. Manter os dados atualizados no Cadastro \u00danico e realizar a coleta biom\u00e9trica s\u00e3o passos essenciais para garantir a continuidade do benef\u00edcio.<\/p>\n\n\n\n<p>Para esclarecimentos adicionais, \u00e9 aconselh\u00e1vel que os benefici\u00e1rios consultem os canais oficiais do INSS ou visitem o <strong>Centro de Refer\u00eancia de Assist\u00eancia Social (CRAS) <\/strong>mais pr\u00f3ximo.<\/p>\n","protected":false},"excerpt":{"rendered":"<p>O Benef\u00edcio de Presta\u00e7\u00e3o Continuada (BPC) \u00e9 um aux\u00edlio essencial no Brasil, destinado a idosos e pessoas com defici\u00eancia que atendem a crit\u00e9rios espec\u00edficos de renda. Este benef\u00edcio, diferentemente dos previdenci\u00e1rios, n\u00e3o requer contribui\u00e7\u00f5es anteriores ao INSS, servindo como um suporte crucial para aqueles em situa\u00e7\u00e3o de vulnerabilidade econ\u00f4mica. Com a implementa\u00e7\u00e3o da Lei n\u00ba [&hellip;]<\/p>\n","protected":false},"author":7,"featured_media":18966,"comment_status":"open","ping_status":"open","sticky":false,"template":"","format":"standard","meta":{"jnews-multi-image_gallery":[],"jnews_single_post":{"format":"standard"},"jnews_primary_category":[],"jnews_social_meta":[],"jnews_override_counter":[],"footnotes":""},"categories":[28],"tags":[2656,257,174,5451],"class_list":["post-22121","post","type-post","status-publish","format-standard","has-post-thumbnail","hentry","category-economia","tag-beneficio-assistencial","tag-bpc","tag-inss","tag-lei-no-15-077-2024"],"yoast_head":"<!-- This site is optimized with the Yoast SEO plugin v23.8 - https:\/\/yoast.com\/wordpress\/plugins\/seo\/ -->\n<title>BPC libera pagamentos novos pagamentos para os benefici\u00e1rios - Estado de Minas - Em foco<\/title>\n<meta name=\"description\" content=\"BPC 2025: Fique por dentro das novas diretrizes do Benef\u00edcio de Presta\u00e7\u00e3o Continuada. Guia pr\u00e1tico e completo.\" \/>\n<meta name=\"robots\" content=\"index, follow, max-snippet:-1, max-image-preview:large, max-video-preview:-1\" \/>\n<link rel=\"canonical\" href=\"https:\/\/www.em.com.br\/emfoco\/2025\/02\/23\/bpc-2025-mais-exigencias-menos-direitos-o-que-muda-para-os-beneficiarios\/\" \/>\n<meta property=\"og:locale\" content=\"pt_BR\" \/>\n<meta property=\"og:type\" content=\"article\" \/>\n<meta property=\"og:title\" content=\"BPC libera pagamentos novos pagamentos para os benefici\u00e1rios - Estado de Minas - Em foco\" \/>\n<meta property=\"og:description\" content=\"BPC 2025: Fique por dentro das novas diretrizes do Benef\u00edcio de Presta\u00e7\u00e3o Continuada. Guia pr\u00e1tico e completo.\" \/>\n<meta property=\"og:url\" content=\"https:\/\/www.em.com.br\/emfoco\/2025\/02\/23\/bpc-2025-mais-exigencias-menos-direitos-o-que-muda-para-os-beneficiarios\/\" \/>\n<meta property=\"og:site_name\" content=\"Estado de Minas - Em foco\" \/>\n<meta property=\"article:published_time\" content=\"2025-02-23T20:00:22+00:00\" \/>\n<meta property=\"article:modified_time\" content=\"2025-02-23T02:11:47+00:00\" \/>\n<meta property=\"og:image\" content=\"https:\/\/www.em.com.br\/emfoco\/wp-content\/uploads\/2025\/02\/dinheiro-brasil_1739068421729-1.jpg\" \/>\n\t<meta property=\"og:image:width\" content=\"1280\" \/>\n\t<meta property=\"og:image:height\" content=\"720\" \/>\n\t<meta property=\"og:image:type\" content=\"image\/jpeg\" \/>\n<meta name=\"author\" content=\"Kelvin\" \/>\n<meta name=\"twitter:card\" content=\"summary_large_image\" \/>\n<meta name=\"twitter:label1\" content=\"Escrito por\" \/>\n\t<meta name=\"twitter:data1\" content=\"Kelvin\" \/>\n\t<meta name=\"twitter:label2\" content=\"Est. tempo de leitura\" \/>\n\t<meta name=\"twitter:data2\" content=\"4 minutos\" \/>\n<!-- \/ Yoast SEO plugin. -->","yoast_head_json":{"title":"BPC libera pagamentos novos pagamentos para os benefici\u00e1rios - Estado de Minas - Em foco","description":"BPC 2025: Fique por dentro das novas diretrizes do Benef\u00edcio de Presta\u00e7\u00e3o Continuada. Guia pr\u00e1tico e completo.","robots":{"index":"index","follow":"follow","max-snippet":"max-snippet:-1","max-image-preview":"max-image-preview:large","max-video-preview":"max-video-preview:-1"},"canonical":"https:\/\/www.em.com.br\/emfoco\/2025\/02\/23\/bpc-2025-mais-exigencias-menos-direitos-o-que-muda-para-os-beneficiarios\/","og_locale":"pt_BR","og_type":"article","og_title":"BPC libera pagamentos novos pagamentos para os benefici\u00e1rios - Estado de Minas - Em foco","og_description":"BPC 2025: Fique por dentro das novas diretrizes do Benef\u00edcio de Presta\u00e7\u00e3o Continuada. Guia pr\u00e1tico e completo.","og_url":"https:\/\/www.em.com.br\/emfoco\/2025\/02\/23\/bpc-2025-mais-exigencias-menos-direitos-o-que-muda-para-os-beneficiarios\/","og_site_name":"Estado de Minas - Em foco","article_published_time":"2025-02-23T20:00:22+00:00","article_modified_time":"2025-02-23T02:11:47+00:00","og_image":[{"width":1280,"height":720,"url":"https:\/\/www.em.com.br\/emfoco\/wp-content\/uploads\/2025\/02\/dinheiro-brasil_1739068421729-1.jpg","type":"image\/jpeg"}],"author":"Kelvin","twitter_card":"summary_large_image","twitter_misc":{"Escrito por":"Kelvin","Est. tempo de leitura":"4 minutos"},"schema":{"@context":"https:\/\/schema.org","@graph":[{"@type":"WebPage","@id":"https:\/\/www.em.com.br\/emfoco\/2025\/02\/23\/bpc-2025-mais-exigencias-menos-direitos-o-que-muda-para-os-beneficiarios\/","url":"https:\/\/www.em.com.br\/emfoco\/2025\/02\/23\/bpc-2025-mais-exigencias-menos-direitos-o-que-muda-para-os-beneficiarios\/","name":"BPC libera pagamentos novos pagamentos para os benefici\u00e1rios - Estado de Minas - Em foco","isPartOf":{"@id":"https:\/\/www.em.com.br\/emfoco\/#website"},"primaryImageOfPage":{"@id":"https:\/\/www.em.com.br\/emfoco\/2025\/02\/23\/bpc-2025-mais-exigencias-menos-direitos-o-que-muda-para-os-beneficiarios\/#primaryimage"},"image":{"@id":"https:\/\/www.em.com.br\/emfoco\/2025\/02\/23\/bpc-2025-mais-exigencias-menos-direitos-o-que-muda-para-os-beneficiarios\/#primaryimage"},"thumbnailUrl":"https:\/\/www.em.com.br\/emfoco\/wp-content\/uploads\/2025\/02\/dinheiro-brasil_1739068421729-1.jpg","datePublished":"2025-02-23T20:00:22+00:00","dateModified":"2025-02-23T02:11:47+00:00","author":{"@id":"https:\/\/www.em.com.br\/emfoco\/#\/schema\/person\/fb0a7f48c6fbb94b83f413a80f61917d"},"description":"BPC 2025: Fique por dentro das novas diretrizes do Benef\u00edcio de Presta\u00e7\u00e3o Continuada. Guia pr\u00e1tico e completo.","breadcrumb":{"@id":"https:\/\/www.em.com.br\/emfoco\/2025\/02\/23\/bpc-2025-mais-exigencias-menos-direitos-o-que-muda-para-os-beneficiarios\/#breadcrumb"},"inLanguage":"pt-BR","potentialAction":[{"@type":"ReadAction","target":["https:\/\/www.em.com.br\/emfoco\/2025\/02\/23\/bpc-2025-mais-exigencias-menos-direitos-o-que-muda-para-os-beneficiarios\/"]}]},{"@type":"ImageObject","inLanguage":"pt-BR","@id":"https:\/\/www.em.com.br\/emfoco\/2025\/02\/23\/bpc-2025-mais-exigencias-menos-direitos-o-que-muda-para-os-beneficiarios\/#primaryimage","url":"https:\/\/www.em.com.br\/emfoco\/wp-content\/uploads\/2025\/02\/dinheiro-brasil_1739068421729-1.jpg","contentUrl":"https:\/\/www.em.com.br\/emfoco\/wp-content\/uploads\/2025\/02\/dinheiro-brasil_1739068421729-1.jpg","width":1280,"height":720,"caption":"Dinheiro \/\/ Cr\u00e9ditos: depositphotos.com \/ rochu_2008"},{"@type":"BreadcrumbList","@id":"https:\/\/www.em.com.br\/emfoco\/2025\/02\/23\/bpc-2025-mais-exigencias-menos-direitos-o-que-muda-para-os-beneficiarios\/#breadcrumb","itemListElement":[{"@type":"ListItem","position":1,"name":"In\u00edcio","item":"https:\/\/www.em.com.br\/emfoco\/"},{"@type":"ListItem","position":2,"name":"BPC libera pagamentos novos pagamentos para os benefici\u00e1rios"}]},{"@type":"WebSite","@id":"https:\/\/www.em.com.br\/emfoco\/#website","url":"https:\/\/www.em.com.br\/emfoco\/","name":"Estado de Minas - Em foco","description":"Acompanhe as \u00faltimas not\u00edcias e fique bem informado sobre tudo o que acontece em Minas Gerais, Brasil e no mundo.","potentialAction":[{"@type":"SearchAction","target":{"@type":"EntryPoint","urlTemplate":"https:\/\/www.em.com.br\/emfoco\/?s={search_term_string}"},"query-input":{"@type":"PropertyValueSpecification","valueRequired":true,"valueName":"search_term_string"}}],"inLanguage":"pt-BR"},{"@type":"Person","@id":"https:\/\/www.em.com.br\/emfoco\/#\/schema\/person\/fb0a7f48c6fbb94b83f413a80f61917d","name":"Kelvin","image":{"@type":"ImageObject","inLanguage":"pt-BR","@id":"https:\/\/www.em.com.br\/emfoco\/#\/schema\/person\/image\/","url":"https:\/\/secure.gravatar.com\/avatar\/e74f84337e6bf6c4c5e88fbdffa05270?s=96&d=mm&r=g","contentUrl":"https:\/\/secure.gravatar.com\/avatar\/e74f84337e6bf6c4c5e88fbdffa05270?s=96&d=mm&r=g","caption":"Kelvin"},"sameAs":["https:\/\/www.em.com.br\/emfoco"],"url":"https:\/\/www.em.com.br\/emfoco\/author\/kelvinmyth\/"}]}},"_links":{"self":[{"href":"https:\/\/www.em.com.br\/emfoco\/wp-json\/wp\/v2\/posts\/22121","targetHints":{"allow":["GET"]}}],"collection":[{"href":"https:\/\/www.em.com.br\/emfoco\/wp-json\/wp\/v2\/posts"}],"about":[{"href":"https:\/\/www.em.com.br\/emfoco\/wp-json\/wp\/v2\/types\/post"}],"author":[{"embeddable":true,"href":"https:\/\/www.em.com.br\/emfoco\/wp-json\/wp\/v2\/users\/7"}],"replies":[{"embeddable":true,"href":"https:\/\/www.em.com.br\/emfoco\/wp-json\/wp\/v2\/comments?post=22121"}],"version-history":[{"count":4,"href":"https:\/\/www.em.com.br\/emfoco\/wp-json\/wp\/v2\/posts\/22121\/revisions"}],"predecessor-version":[{"id":22187,"href":"https:\/\/www.em.com.br\/emfoco\/wp-json\/wp\/v2\/posts\/22121\/revisions\/22187"}],"wp:featuredmedia":[{"embeddable":true,"href":"https:\/\/www.em.com.br\/emfoco\/wp-json\/wp\/v2\/media\/18966"}],"wp:attachment":[{"href":"https:\/\/www.em.com.br\/emfoco\/wp-json\/wp\/v2\/media?parent=22121"}],"wp:term":[{"taxonomy":"category","embeddable":true,"href":"https:\/\/www.em.com.br\/emfoco\/wp-json\/wp\/v2\/categories?post=22121"},{"taxonomy":"post_tag","embeddable":true,"href":"https:\/\/www.em.com.br\/emfoco\/wp-json\/wp\/v2\/tags?post=22121"}],"curies":[{"name":"wp","href":"https:\/\/api.w.org\/{rel}","templated":true}]}}