{"id":22113,"date":"2025-02-23T12:40:45","date_gmt":"2025-02-23T15:40:45","guid":{"rendered":"https:\/\/www.em.com.br\/emfoco\/?p=22113"},"modified":"2025-02-22T23:08:34","modified_gmt":"2025-02-23T02:08:34","slug":"capital-do-imperio-uma-historia-surpreendente-confira","status":"publish","type":"post","link":"https:\/\/www.em.com.br\/emfoco\/2025\/02\/23\/capital-do-imperio-uma-historia-surpreendente-confira\/","title":{"rendered":"Capital do Imp\u00e9rio? Curiosidades sobre a cidade maravilhosa"},"content":{"rendered":"\n<p>O <strong>Rio de Janeiro<\/strong>, famoso por suas praias <a href=\"https:\/\/www.em.com.br\/emfoco\/2025\/02\/20\/conheca-as-cidades-que-se-destacam-no-turismo-global\/\" target=\"_blank\" rel=\"noreferrer noopener\">ic\u00f4nicas <\/a>e vibrante cultura, \u00e9 uma cidade que guarda muitos segredos al\u00e9m de suas paisagens conhecidas. Com uma hist\u00f3ria rica e diversas tradi\u00e7\u00f5es, o <strong>Rio <\/strong>oferece uma s\u00e9rie de curiosidades que podem surpreender tanto turistas quanto moradores locais. Vamos explorar alguns desses aspectos fascinantes da cidade maravilhosa.<\/p>\n\n\n\n<p>A origem do nome &#8220;<strong>Rio de Janeiro<\/strong>&#8221; remonta ao in\u00edcio do s\u00e9culo <strong>XVI<\/strong>. Quando os exploradores portugueses chegaram \u00e0 regi\u00e3o em janeiro de 1502, liderados por <strong>Gaspar de Lemos<\/strong>, eles acreditaram ter encontrado a foz de um rio, batizando o local com o nome que conhecemos hoje. Na verdade, tratava-se da <strong>Ba\u00eda de Guanabara<\/strong>, mas a nomenclatura permaneceu.<\/p>\n\n\n\n<h2 class=\"wp-block-heading\">O Carnaval do Rio: uma celebra\u00e7\u00e3o mundial<\/h2>\n\n\n\n<p>O <strong>Carnaval do Rio de Janeiro<\/strong> \u00e9 reconhecido globalmente como uma das maiores festas do mundo. Este evento atrai milh\u00f5es de visitantes todos os anos, que se juntam aos cariocas para celebrar com desfiles de escolas de samba e blocos de rua. Durante o carnaval, a cidade \u00e9 simbolicamente governada pelo <strong>Rei Momo<\/strong>, que recebe a chave da cidade, marcando o in\u00edcio oficial das festividades.<\/p>\n\n\n\n<h2 class=\"wp-block-heading\">As ilhas da Ba\u00eda de Guanabara<\/h2>\n\n\n\n<p>A <strong>Ba\u00eda de Guanabara<\/strong> \u00e9 um dos marcos naturais mais impressionantes do Rio de Janeiro. Com mais de 100 ilhas em sua extens\u00e3o, a ba\u00eda \u00e9 um ecossistema rico e diversificado. Al\u00e9m de suas ilhas, a ba\u00eda \u00e9 cercada por 53 praias, tornando-se um destino popular para aqueles que buscam explorar a beleza natural da regi\u00e3o.<\/p>\n\n\n<div class=\"wp-block-image\">\n<figure class=\"aligncenter size-large\"><img loading=\"lazy\" decoding=\"async\" width=\"1024\" height=\"576\" src=\"https:\/\/www.em.com.br\/emfoco\/wp-content\/uploads\/2024\/12\/Rio-de-Janeiro_1734716525994-1024x576.jpg\" alt=\"Capital do Imp\u00e9rio? Uma hist\u00f3ria surpreendente confira!\" class=\"wp-image-5982\" srcset=\"https:\/\/www.em.com.br\/emfoco\/wp-content\/uploads\/2024\/12\/Rio-de-Janeiro_1734716525994-1024x576.jpg 1024w, https:\/\/www.em.com.br\/emfoco\/wp-content\/uploads\/2024\/12\/Rio-de-Janeiro_1734716525994-300x169.jpg 300w, https:\/\/www.em.com.br\/emfoco\/wp-content\/uploads\/2024\/12\/Rio-de-Janeiro_1734716525994-768x432.jpg 768w, https:\/\/www.em.com.br\/emfoco\/wp-content\/uploads\/2024\/12\/Rio-de-Janeiro_1734716525994-750x422.jpg 750w, https:\/\/www.em.com.br\/emfoco\/wp-content\/uploads\/2024\/12\/Rio-de-Janeiro_1734716525994-1140x641.jpg 1140w, https:\/\/www.em.com.br\/emfoco\/wp-content\/uploads\/2024\/12\/Rio-de-Janeiro_1734716525994.jpg 1280w\" sizes=\"auto, (max-width: 1024px) 100vw, 1024px\" \/><figcaption class=\"wp-element-caption\">Angra dos Reis RIO de Janeiro &#8211; Cr\u00e9ditos: depositphotos.com \/ GersonFortes<\/figcaption><\/figure><\/div>\n\n\n<h2 class=\"wp-block-heading\">A Floresta da Tijuca: um ref\u00fagio urbano<\/h2>\n\n\n\n<p>O Rio de Janeiro abriga a maior floresta urbana do mundo, a <strong>Floresta da Tijuca<\/strong>. Este vasto espa\u00e7o verde oferece um contraste impressionante com a agita\u00e7\u00e3o da cidade. Reflorestada no s\u00e9culo XIX, a floresta \u00e9 um exemplo de preserva\u00e7\u00e3o ambiental e \u00e9 lar de diversos pontos tur\u00edsticos, como o <strong>Corcovado <\/strong>e o <strong>Jardim Bot\u00e2nico<\/strong>.<\/p>\n\n\n\n<h2 class=\"wp-block-heading\">A imponente biblioteca nacional<\/h2>\n\n\n\n<p>A Biblioteca Nacional do Rio de Janeiro \u00e9 um dos maiores acervos liter\u00e1rios do mundo. Fundada com a chegada da Fam\u00edlia Real Portuguesa, a biblioteca cresceu ao longo dos anos e hoje possui mais de 15 milh\u00f5es de itens. Este patrim\u00f4nio cultural \u00e9 um testemunho da import\u00e2ncia hist\u00f3rica e intelectual da cidade.<\/p>\n\n\n\n<h2 class=\"wp-block-heading\">O Maracan\u00e3 e a hist\u00f3ria do Futebol<\/h2>\n\n\n\n<p>O <strong>Est\u00e1dio do Maracan\u00e3<\/strong> \u00e9 um s\u00edmbolo do futebol brasileiro e mundial. Em 1950, ele foi o cen\u00e1rio da final da <strong>Copa do Mundo<\/strong>, que atraiu um p\u00fablico recorde para assistir ao confronto entre Brasil e <strong>Uruguai<\/strong>. Este evento hist\u00f3rico consolidou o Maracan\u00e3 como um dos est\u00e1dios mais famosos do mundo.<\/p>\n\n\n\n<p>Com suas belezas naturais e rica heran\u00e7a cultural, o Rio de Janeiro continua a ser um destino de destaque para turistas de todo o mundo. A cidade oferece uma mistura \u00fanica de hist\u00f3ria, cultura e natureza, encantando todos que t\u00eam a oportunidade de conhec\u00ea-la.<\/p>\n","protected":false},"excerpt":{"rendered":"<p>O Rio de Janeiro, famoso por suas praias ic\u00f4nicas e vibrante cultura, \u00e9 uma cidade que guarda muitos segredos al\u00e9m de suas paisagens conhecidas. Com uma hist\u00f3ria rica e diversas tradi\u00e7\u00f5es, o Rio oferece uma s\u00e9rie de curiosidades que podem surpreender tanto turistas quanto moradores locais. Vamos explorar alguns desses aspectos fascinantes da cidade maravilhosa. [&hellip;]<\/p>\n","protected":false},"author":7,"featured_media":5981,"comment_status":"open","ping_status":"open","sticky":false,"template":"","format":"standard","meta":{"jnews-multi-image_gallery":[],"jnews_single_post":{"format":"standard"},"jnews_primary_category":[],"jnews_social_meta":[],"jnews_override_counter":[],"footnotes":""},"categories":[26],"tags":[5448,1500,5447,5449],"class_list":["post-22113","post","type-post","status-publish","format-standard","has-post-thumbnail","hentry","category-cidades","tag-baia-de-guanabara","tag-carnaval","tag-escolas-de-samba","tag-floresta-da-tijuca"],"yoast_head":"<!-- This site is optimized with the Yoast SEO plugin v23.8 - https:\/\/yoast.com\/wordpress\/plugins\/seo\/ -->\n<title>Capital do Imp\u00e9rio? Curiosidades sobre a cidade maravilhosa - Estado de Minas - Em foco<\/title>\n<meta name=\"description\" content=\"Capital de um imp\u00e9rio? Descubra essa e outras curiosidades surpreendentes sobre a hist\u00f3ria e cultura extraordin\u00e1ria!\" \/>\n<meta name=\"robots\" content=\"index, follow, max-snippet:-1, max-image-preview:large, max-video-preview:-1\" \/>\n<link rel=\"canonical\" href=\"https:\/\/www.em.com.br\/emfoco\/2025\/02\/23\/capital-do-imperio-uma-historia-surpreendente-confira\/\" \/>\n<meta property=\"og:locale\" content=\"pt_BR\" \/>\n<meta property=\"og:type\" content=\"article\" \/>\n<meta property=\"og:title\" content=\"Capital do Imp\u00e9rio? Curiosidades sobre a cidade maravilhosa - Estado de Minas - Em foco\" \/>\n<meta property=\"og:description\" content=\"Capital de um imp\u00e9rio? Descubra essa e outras curiosidades surpreendentes sobre a hist\u00f3ria e cultura extraordin\u00e1ria!\" \/>\n<meta property=\"og:url\" content=\"https:\/\/www.em.com.br\/emfoco\/2025\/02\/23\/capital-do-imperio-uma-historia-surpreendente-confira\/\" \/>\n<meta property=\"og:site_name\" content=\"Estado de Minas - Em foco\" \/>\n<meta property=\"article:published_time\" content=\"2025-02-23T15:40:45+00:00\" \/>\n<meta property=\"article:modified_time\" content=\"2025-02-23T02:08:34+00:00\" \/>\n<meta property=\"og:image\" content=\"https:\/\/www.em.com.br\/emfoco\/wp-content\/uploads\/2024\/12\/Rio-de-Janeiro_1734716452067.jpg\" \/>\n\t<meta property=\"og:image:width\" content=\"1280\" \/>\n\t<meta property=\"og:image:height\" content=\"720\" \/>\n\t<meta property=\"og:image:type\" content=\"image\/jpeg\" \/>\n<meta name=\"author\" content=\"Kelvin\" \/>\n<meta name=\"twitter:card\" content=\"summary_large_image\" \/>\n<meta name=\"twitter:label1\" content=\"Escrito por\" \/>\n\t<meta name=\"twitter:data1\" content=\"Kelvin\" \/>\n\t<meta name=\"twitter:label2\" content=\"Est. tempo de leitura\" \/>\n\t<meta name=\"twitter:data2\" content=\"4 minutos\" \/>\n<!-- \/ Yoast SEO plugin. -->","yoast_head_json":{"title":"Capital do Imp\u00e9rio? Curiosidades sobre a cidade maravilhosa - Estado de Minas - Em foco","description":"Capital de um imp\u00e9rio? Descubra essa e outras curiosidades surpreendentes sobre a hist\u00f3ria e cultura extraordin\u00e1ria!","robots":{"index":"index","follow":"follow","max-snippet":"max-snippet:-1","max-image-preview":"max-image-preview:large","max-video-preview":"max-video-preview:-1"},"canonical":"https:\/\/www.em.com.br\/emfoco\/2025\/02\/23\/capital-do-imperio-uma-historia-surpreendente-confira\/","og_locale":"pt_BR","og_type":"article","og_title":"Capital do Imp\u00e9rio? Curiosidades sobre a cidade maravilhosa - Estado de Minas - Em foco","og_description":"Capital de um imp\u00e9rio? Descubra essa e outras curiosidades surpreendentes sobre a hist\u00f3ria e cultura extraordin\u00e1ria!","og_url":"https:\/\/www.em.com.br\/emfoco\/2025\/02\/23\/capital-do-imperio-uma-historia-surpreendente-confira\/","og_site_name":"Estado de Minas - Em foco","article_published_time":"2025-02-23T15:40:45+00:00","article_modified_time":"2025-02-23T02:08:34+00:00","og_image":[{"width":1280,"height":720,"url":"https:\/\/www.em.com.br\/emfoco\/wp-content\/uploads\/2024\/12\/Rio-de-Janeiro_1734716452067.jpg","type":"image\/jpeg"}],"author":"Kelvin","twitter_card":"summary_large_image","twitter_misc":{"Escrito por":"Kelvin","Est. tempo de leitura":"4 minutos"},"schema":{"@context":"https:\/\/schema.org","@graph":[{"@type":"WebPage","@id":"https:\/\/www.em.com.br\/emfoco\/2025\/02\/23\/capital-do-imperio-uma-historia-surpreendente-confira\/","url":"https:\/\/www.em.com.br\/emfoco\/2025\/02\/23\/capital-do-imperio-uma-historia-surpreendente-confira\/","name":"Capital do Imp\u00e9rio? Curiosidades sobre a cidade maravilhosa - Estado de Minas - Em foco","isPartOf":{"@id":"https:\/\/www.em.com.br\/emfoco\/#website"},"primaryImageOfPage":{"@id":"https:\/\/www.em.com.br\/emfoco\/2025\/02\/23\/capital-do-imperio-uma-historia-surpreendente-confira\/#primaryimage"},"image":{"@id":"https:\/\/www.em.com.br\/emfoco\/2025\/02\/23\/capital-do-imperio-uma-historia-surpreendente-confira\/#primaryimage"},"thumbnailUrl":"https:\/\/www.em.com.br\/emfoco\/wp-content\/uploads\/2024\/12\/Rio-de-Janeiro_1734716452067.jpg","datePublished":"2025-02-23T15:40:45+00:00","dateModified":"2025-02-23T02:08:34+00:00","author":{"@id":"https:\/\/www.em.com.br\/emfoco\/#\/schema\/person\/fb0a7f48c6fbb94b83f413a80f61917d"},"description":"Capital de um imp\u00e9rio? Descubra essa e outras curiosidades surpreendentes sobre a hist\u00f3ria e cultura extraordin\u00e1ria!","breadcrumb":{"@id":"https:\/\/www.em.com.br\/emfoco\/2025\/02\/23\/capital-do-imperio-uma-historia-surpreendente-confira\/#breadcrumb"},"inLanguage":"pt-BR","potentialAction":[{"@type":"ReadAction","target":["https:\/\/www.em.com.br\/emfoco\/2025\/02\/23\/capital-do-imperio-uma-historia-surpreendente-confira\/"]}]},{"@type":"ImageObject","inLanguage":"pt-BR","@id":"https:\/\/www.em.com.br\/emfoco\/2025\/02\/23\/capital-do-imperio-uma-historia-surpreendente-confira\/#primaryimage","url":"https:\/\/www.em.com.br\/emfoco\/wp-content\/uploads\/2024\/12\/Rio-de-Janeiro_1734716452067.jpg","contentUrl":"https:\/\/www.em.com.br\/emfoco\/wp-content\/uploads\/2024\/12\/Rio-de-Janeiro_1734716452067.jpg","width":1280,"height":720,"caption":"Rio de Janeiro - Cr\u00e9ditos: depositphotos.com \/ rmnunes"},{"@type":"BreadcrumbList","@id":"https:\/\/www.em.com.br\/emfoco\/2025\/02\/23\/capital-do-imperio-uma-historia-surpreendente-confira\/#breadcrumb","itemListElement":[{"@type":"ListItem","position":1,"name":"In\u00edcio","item":"https:\/\/www.em.com.br\/emfoco\/"},{"@type":"ListItem","position":2,"name":"Capital do Imp\u00e9rio? Curiosidades sobre a cidade maravilhosa"}]},{"@type":"WebSite","@id":"https:\/\/www.em.com.br\/emfoco\/#website","url":"https:\/\/www.em.com.br\/emfoco\/","name":"Estado de Minas - Em foco","description":"Acompanhe as \u00faltimas not\u00edcias e fique bem informado sobre tudo o que acontece em Minas Gerais, Brasil e no mundo.","potentialAction":[{"@type":"SearchAction","target":{"@type":"EntryPoint","urlTemplate":"https:\/\/www.em.com.br\/emfoco\/?s={search_term_string}"},"query-input":{"@type":"PropertyValueSpecification","valueRequired":true,"valueName":"search_term_string"}}],"inLanguage":"pt-BR"},{"@type":"Person","@id":"https:\/\/www.em.com.br\/emfoco\/#\/schema\/person\/fb0a7f48c6fbb94b83f413a80f61917d","name":"Kelvin","image":{"@type":"ImageObject","inLanguage":"pt-BR","@id":"https:\/\/www.em.com.br\/emfoco\/#\/schema\/person\/image\/","url":"https:\/\/secure.gravatar.com\/avatar\/e74f84337e6bf6c4c5e88fbdffa05270?s=96&d=mm&r=g","contentUrl":"https:\/\/secure.gravatar.com\/avatar\/e74f84337e6bf6c4c5e88fbdffa05270?s=96&d=mm&r=g","caption":"Kelvin"},"sameAs":["https:\/\/www.em.com.br\/emfoco"],"url":"https:\/\/www.em.com.br\/emfoco\/author\/kelvinmyth\/"}]}},"_links":{"self":[{"href":"https:\/\/www.em.com.br\/emfoco\/wp-json\/wp\/v2\/posts\/22113","targetHints":{"allow":["GET"]}}],"collection":[{"href":"https:\/\/www.em.com.br\/emfoco\/wp-json\/wp\/v2\/posts"}],"about":[{"href":"https:\/\/www.em.com.br\/emfoco\/wp-json\/wp\/v2\/types\/post"}],"author":[{"embeddable":true,"href":"https:\/\/www.em.com.br\/emfoco\/wp-json\/wp\/v2\/users\/7"}],"replies":[{"embeddable":true,"href":"https:\/\/www.em.com.br\/emfoco\/wp-json\/wp\/v2\/comments?post=22113"}],"version-history":[{"count":5,"href":"https:\/\/www.em.com.br\/emfoco\/wp-json\/wp\/v2\/posts\/22113\/revisions"}],"predecessor-version":[{"id":22184,"href":"https:\/\/www.em.com.br\/emfoco\/wp-json\/wp\/v2\/posts\/22113\/revisions\/22184"}],"wp:featuredmedia":[{"embeddable":true,"href":"https:\/\/www.em.com.br\/emfoco\/wp-json\/wp\/v2\/media\/5981"}],"wp:attachment":[{"href":"https:\/\/www.em.com.br\/emfoco\/wp-json\/wp\/v2\/media?parent=22113"}],"wp:term":[{"taxonomy":"category","embeddable":true,"href":"https:\/\/www.em.com.br\/emfoco\/wp-json\/wp\/v2\/categories?post=22113"},{"taxonomy":"post_tag","embeddable":true,"href":"https:\/\/www.em.com.br\/emfoco\/wp-json\/wp\/v2\/tags?post=22113"}],"curies":[{"name":"wp","href":"https:\/\/api.w.org\/{rel}","templated":true}]}}