{"id":22095,"date":"2025-02-23T08:00:30","date_gmt":"2025-02-23T11:00:30","guid":{"rendered":"https:\/\/www.em.com.br\/emfoco\/?p=22095"},"modified":"2025-02-22T22:43:58","modified_gmt":"2025-02-23T01:43:58","slug":"prepare-o-bolso-novo-salario-minimo-chegou","status":"publish","type":"post","link":"https:\/\/www.em.com.br\/emfoco\/2025\/02\/23\/prepare-o-bolso-novo-salario-minimo-chegou\/","title":{"rendered":"Trabalhadores comemoram novo aumento do Sal\u00e1rio M\u00ednimo em 2025"},"content":{"rendered":"\n<p>Em 2025, o sal\u00e1rio m\u00ednimo no <strong>Brasil <\/strong>foi <a href=\"https:\/\/www.em.com.br\/emfoco\/2025\/02\/22\/salario-minimo-22-02-sobe-e-alegra-trabalhadores\/\" target=\"_blank\" rel=\"noreferrer noopener\">estabelecido <\/a>em <strong>R$ 1.518<\/strong>, representando um aumento de R$ 106 em rela\u00e7\u00e3o ao ano anterior. Este reajuste \u00e9 resultado de uma pol\u00edtica de valoriza\u00e7\u00e3o que considera a infla\u00e7\u00e3o acumulada e o crescimento do <strong>Produto Interno Bruto (<a href=\"https:\/\/www.ibge.gov.br\/explica\/pib.php\" target=\"_blank\" rel=\"noreferrer noopener\">PIB<\/a>)<\/strong>. A f\u00f3rmula adotada busca assegurar que o sal\u00e1rio m\u00ednimo mantenha seu poder de compra e contribua para a economia do pa\u00eds.<\/p>\n\n\n\n<p>O novo valor come\u00e7ou a ser pago em fevereiro de 2025, com base nos expedientes de janeiro. A infla\u00e7\u00e3o utilizada para o c\u00e1lculo foi de 4,84%, enquanto o crescimento do PIB de 2023 foi de 2,5%, totalizando um reajuste de 7,5%. Este aumento tem implica\u00e7\u00f5es diretas n\u00e3o apenas para os trabalhadores, mas tamb\u00e9m para a economia em geral.<\/p>\n\n\n\n<h2 class=\"wp-block-heading\">Como o Sal\u00e1rio M\u00ednimo \u00e9 calculado?<\/h2>\n\n\n\n<p>A pol\u00edtica de valoriza\u00e7\u00e3o do sal\u00e1rio m\u00ednimo \u00e9 guiada pela Lei n\u00ba 14.663\/2023. O c\u00e1lculo envolve a soma da infla\u00e7\u00e3o acumulada nos 12 meses anteriores a novembro, medida pelo <strong>\u00cdndice Nacional de Pre\u00e7os ao Consumidor (INPC<\/strong>), com a taxa de crescimento do PIB do segundo ano anterior, limitada a 2,5%. Este m\u00e9todo visa garantir que o sal\u00e1rio m\u00ednimo reflita as condi\u00e7\u00f5es econ\u00f4micas do pa\u00eds.<\/p>\n\n\n\n<p>Para 2025, a infla\u00e7\u00e3o foi de 4,84% e o crescimento do <strong>PIB <\/strong>foi de 2,5%, resultando em um reajuste total de 7,5%. Este aumento \u00e9 crucial para ajustar o poder de compra dos trabalhadores e mitigar os efeitos da infla\u00e7\u00e3o sobre o custo de vida.<\/p>\n\n\n<div class=\"wp-block-image\">\n<figure class=\"aligncenter size-large\"><img loading=\"lazy\" decoding=\"async\" width=\"1024\" height=\"576\" src=\"https:\/\/www.em.com.br\/emfoco\/wp-content\/uploads\/2025\/02\/dinheiro-brasil_1739068421729-1-1024x576.jpg\" alt=\"Trabalhadores comemoram o novo aumento do Sal\u00e1rio M\u00ednimo em 2025\" class=\"wp-image-18966\" srcset=\"https:\/\/www.em.com.br\/emfoco\/wp-content\/uploads\/2025\/02\/dinheiro-brasil_1739068421729-1-1024x576.jpg 1024w, https:\/\/www.em.com.br\/emfoco\/wp-content\/uploads\/2025\/02\/dinheiro-brasil_1739068421729-1-300x169.jpg 300w, https:\/\/www.em.com.br\/emfoco\/wp-content\/uploads\/2025\/02\/dinheiro-brasil_1739068421729-1-768x432.jpg 768w, https:\/\/www.em.com.br\/emfoco\/wp-content\/uploads\/2025\/02\/dinheiro-brasil_1739068421729-1-750x422.jpg 750w, https:\/\/www.em.com.br\/emfoco\/wp-content\/uploads\/2025\/02\/dinheiro-brasil_1739068421729-1-1140x641.jpg 1140w, https:\/\/www.em.com.br\/emfoco\/wp-content\/uploads\/2025\/02\/dinheiro-brasil_1739068421729-1.jpg 1280w\" sizes=\"auto, (max-width: 1024px) 100vw, 1024px\" \/><figcaption class=\"wp-element-caption\">Dinheiro \/\/ Cr\u00e9ditos: depositphotos.com \/ rochu_2008<\/figcaption><\/figure><\/div>\n\n\n<h2 class=\"wp-block-heading\">Quem contribui para o INSS?<\/h2>\n\n\n\n<p>Os trabalhadores que recebem o sal\u00e1rio m\u00ednimo est\u00e3o isentos do <strong>Imposto de Renda Retido na Fonte (IRRF)<\/strong>, mas s\u00e3o obrigados a contribuir para o <strong>Instituto Nacional de Seguro Social (INSS)<\/strong>. A contribui\u00e7\u00e3o \u00e9 progressiva, variando conforme a faixa salarial. Para aqueles que ganham at\u00e9 R$ 1.518, a al\u00edquota \u00e9 de 7,5%.<\/p>\n\n\n\n<p>Os &#8220;segurados obrigat\u00f3rios&#8221; incluem trabalhadores formais, avulsos, empregados dom\u00e9sticos, contribuintes individuais e segurados especiais. Al\u00e9m disso, existem os &#8220;segurados facultativos&#8221;, que s\u00e3o pessoas que optam por contribuir para garantir direitos como aposentadoria e aux\u00edlio-doen\u00e7a.<\/p>\n\n\n\n<h2 class=\"wp-block-heading\">Quais os impactos do Sal\u00e1rio M\u00ednimo na economia?<\/h2>\n\n\n\n<p>O sal\u00e1rio m\u00ednimo desempenha um papel fundamental na economia brasileira. Ele n\u00e3o apenas ajusta o poder de compra dos trabalhadores, mas tamb\u00e9m influencia o valor de benef\u00edcios sociais, como pens\u00f5es e aposentadorias. Aproximadamente 70% dos aposentados e pensionistas recebem o valor do piso nacional.<\/p>\n\n\n\n<p>Al\u00e9m disso, o sal\u00e1rio m\u00ednimo afeta o seguro-desemprego e programas sociais como o <strong>Benef\u00edcio de Presta\u00e7\u00e3o Continuada (BPC)<\/strong>. Este \u00faltimo \u00e9 um aux\u00edlio pago a idosos de baixa renda e pessoas com defici\u00eancia, garantindo um m\u00ednimo de dignidade a esses grupos.<\/p>\n\n\n\n<h2 class=\"wp-block-heading\">O aumento do Sal\u00e1rio M\u00ednimo garante o poder de compra?<\/h2>\n\n\n\n<p>Embora o aumento do sal\u00e1rio m\u00ednimo seja uma medida positiva, ele nem sempre garante que os brasileiros tenham acesso a todas as necessidades b\u00e1sicas. Por exemplo, o custo m\u00e9dio de aluguel em S\u00e3o Paulo supera o valor do sal\u00e1rio m\u00ednimo, enquanto em cidades mais baratas, como Pelotas, o aluguel \u00e9 mais acess\u00edvel.<\/p>\n\n\n\n<p>Segundo o <strong>Departamento Intersindical de Estat\u00edstica e Estudos Socioecon\u00f4micos (Dieese)<\/strong>, o sal\u00e1rio m\u00ednimo necess\u00e1rio para cobrir todas as despesas b\u00e1sicas em janeiro de 2025 seria de R$ 7.156,15. Isso demonstra que, apesar dos reajustes, o sal\u00e1rio m\u00ednimo ainda est\u00e1 aqu\u00e9m do necess\u00e1rio para uma vida digna.<\/p>\n","protected":false},"excerpt":{"rendered":"<p>Em 2025, o sal\u00e1rio m\u00ednimo no Brasil foi estabelecido em R$ 1.518, representando um aumento de R$ 106 em rela\u00e7\u00e3o ao ano anterior. Este reajuste \u00e9 resultado de uma pol\u00edtica de valoriza\u00e7\u00e3o que considera a infla\u00e7\u00e3o acumulada e o crescimento do Produto Interno Bruto (PIB). A f\u00f3rmula adotada busca assegurar que o sal\u00e1rio m\u00ednimo mantenha [&hellip;]<\/p>\n","protected":false},"author":7,"featured_media":22171,"comment_status":"open","ping_status":"open","sticky":false,"template":"","format":"standard","meta":{"jnews-multi-image_gallery":[],"jnews_single_post":{"format":"standard"},"jnews_primary_category":[],"jnews_social_meta":[],"jnews_override_counter":[],"footnotes":""},"categories":[28],"tags":[158,160,174,717],"class_list":["post-22095","post","type-post","status-publish","format-standard","has-post-thumbnail","hentry","category-economia","tag-brasil","tag-economia","tag-inss","tag-salario-minimo"],"yoast_head":"<!-- This site is optimized with the Yoast SEO plugin v23.8 - https:\/\/yoast.com\/wordpress\/plugins\/seo\/ -->\n<title>Trabalhadores comemoram novo aumento do Sal\u00e1rio M\u00ednimo em 2025 - Estado de Minas - Em foco<\/title>\n<meta name=\"description\" content=\"Descubra o novo valor do sal\u00e1rio m\u00ednimo no Brasil para 2025. Saiba como o aumento impacta trabalhadores e a economia.\" \/>\n<meta name=\"robots\" content=\"index, follow, max-snippet:-1, max-image-preview:large, max-video-preview:-1\" \/>\n<link rel=\"canonical\" href=\"https:\/\/www.em.com.br\/emfoco\/2025\/02\/23\/prepare-o-bolso-novo-salario-minimo-chegou\/\" \/>\n<meta property=\"og:locale\" content=\"pt_BR\" \/>\n<meta property=\"og:type\" content=\"article\" \/>\n<meta property=\"og:title\" content=\"Trabalhadores comemoram novo aumento do Sal\u00e1rio M\u00ednimo em 2025 - Estado de Minas - Em foco\" \/>\n<meta property=\"og:description\" content=\"Descubra o novo valor do sal\u00e1rio m\u00ednimo no Brasil para 2025. Saiba como o aumento impacta trabalhadores e a economia.\" \/>\n<meta property=\"og:url\" content=\"https:\/\/www.em.com.br\/emfoco\/2025\/02\/23\/prepare-o-bolso-novo-salario-minimo-chegou\/\" \/>\n<meta property=\"og:site_name\" content=\"Estado de Minas - Em foco\" \/>\n<meta property=\"article:published_time\" content=\"2025-02-23T11:00:30+00:00\" \/>\n<meta property=\"article:modified_time\" content=\"2025-02-23T01:43:58+00:00\" \/>\n<meta property=\"og:image\" content=\"https:\/\/www.em.com.br\/emfoco\/wp-content\/uploads\/2025\/02\/carteira-de-trabalho_1726056542639.jpg\" \/>\n\t<meta property=\"og:image:width\" content=\"1280\" \/>\n\t<meta property=\"og:image:height\" content=\"720\" \/>\n\t<meta property=\"og:image:type\" content=\"image\/jpeg\" \/>\n<meta name=\"author\" content=\"Kelvin\" \/>\n<meta name=\"twitter:card\" content=\"summary_large_image\" \/>\n<meta name=\"twitter:label1\" content=\"Escrito por\" \/>\n\t<meta name=\"twitter:data1\" content=\"Kelvin\" \/>\n\t<meta name=\"twitter:label2\" content=\"Est. tempo de leitura\" \/>\n\t<meta name=\"twitter:data2\" content=\"4 minutos\" \/>\n<!-- \/ Yoast SEO plugin. -->","yoast_head_json":{"title":"Trabalhadores comemoram novo aumento do Sal\u00e1rio M\u00ednimo em 2025 - Estado de Minas - Em foco","description":"Descubra o novo valor do sal\u00e1rio m\u00ednimo no Brasil para 2025. Saiba como o aumento impacta trabalhadores e a economia.","robots":{"index":"index","follow":"follow","max-snippet":"max-snippet:-1","max-image-preview":"max-image-preview:large","max-video-preview":"max-video-preview:-1"},"canonical":"https:\/\/www.em.com.br\/emfoco\/2025\/02\/23\/prepare-o-bolso-novo-salario-minimo-chegou\/","og_locale":"pt_BR","og_type":"article","og_title":"Trabalhadores comemoram novo aumento do Sal\u00e1rio M\u00ednimo em 2025 - Estado de Minas - Em foco","og_description":"Descubra o novo valor do sal\u00e1rio m\u00ednimo no Brasil para 2025. Saiba como o aumento impacta trabalhadores e a economia.","og_url":"https:\/\/www.em.com.br\/emfoco\/2025\/02\/23\/prepare-o-bolso-novo-salario-minimo-chegou\/","og_site_name":"Estado de Minas - Em foco","article_published_time":"2025-02-23T11:00:30+00:00","article_modified_time":"2025-02-23T01:43:58+00:00","og_image":[{"width":1280,"height":720,"url":"https:\/\/www.em.com.br\/emfoco\/wp-content\/uploads\/2025\/02\/carteira-de-trabalho_1726056542639.jpg","type":"image\/jpeg"}],"author":"Kelvin","twitter_card":"summary_large_image","twitter_misc":{"Escrito por":"Kelvin","Est. tempo de leitura":"4 minutos"},"schema":{"@context":"https:\/\/schema.org","@graph":[{"@type":"WebPage","@id":"https:\/\/www.em.com.br\/emfoco\/2025\/02\/23\/prepare-o-bolso-novo-salario-minimo-chegou\/","url":"https:\/\/www.em.com.br\/emfoco\/2025\/02\/23\/prepare-o-bolso-novo-salario-minimo-chegou\/","name":"Trabalhadores comemoram novo aumento do Sal\u00e1rio M\u00ednimo em 2025 - Estado de Minas - Em foco","isPartOf":{"@id":"https:\/\/www.em.com.br\/emfoco\/#website"},"primaryImageOfPage":{"@id":"https:\/\/www.em.com.br\/emfoco\/2025\/02\/23\/prepare-o-bolso-novo-salario-minimo-chegou\/#primaryimage"},"image":{"@id":"https:\/\/www.em.com.br\/emfoco\/2025\/02\/23\/prepare-o-bolso-novo-salario-minimo-chegou\/#primaryimage"},"thumbnailUrl":"https:\/\/www.em.com.br\/emfoco\/wp-content\/uploads\/2025\/02\/carteira-de-trabalho_1726056542639.jpg","datePublished":"2025-02-23T11:00:30+00:00","dateModified":"2025-02-23T01:43:58+00:00","author":{"@id":"https:\/\/www.em.com.br\/emfoco\/#\/schema\/person\/fb0a7f48c6fbb94b83f413a80f61917d"},"description":"Descubra o novo valor do sal\u00e1rio m\u00ednimo no Brasil para 2025. Saiba como o aumento impacta trabalhadores e a economia.","breadcrumb":{"@id":"https:\/\/www.em.com.br\/emfoco\/2025\/02\/23\/prepare-o-bolso-novo-salario-minimo-chegou\/#breadcrumb"},"inLanguage":"pt-BR","potentialAction":[{"@type":"ReadAction","target":["https:\/\/www.em.com.br\/emfoco\/2025\/02\/23\/prepare-o-bolso-novo-salario-minimo-chegou\/"]}]},{"@type":"ImageObject","inLanguage":"pt-BR","@id":"https:\/\/www.em.com.br\/emfoco\/2025\/02\/23\/prepare-o-bolso-novo-salario-minimo-chegou\/#primaryimage","url":"https:\/\/www.em.com.br\/emfoco\/wp-content\/uploads\/2025\/02\/carteira-de-trabalho_1726056542639.jpg","contentUrl":"https:\/\/www.em.com.br\/emfoco\/wp-content\/uploads\/2025\/02\/carteira-de-trabalho_1726056542639.jpg","width":1280,"height":720,"caption":"Carteira de Trabalho com Dinheiro \/\/ Cr\u00e9ditos: depositphotos.com \/ rafapress"},{"@type":"BreadcrumbList","@id":"https:\/\/www.em.com.br\/emfoco\/2025\/02\/23\/prepare-o-bolso-novo-salario-minimo-chegou\/#breadcrumb","itemListElement":[{"@type":"ListItem","position":1,"name":"In\u00edcio","item":"https:\/\/www.em.com.br\/emfoco\/"},{"@type":"ListItem","position":2,"name":"Trabalhadores comemoram novo aumento do Sal\u00e1rio M\u00ednimo em 2025"}]},{"@type":"WebSite","@id":"https:\/\/www.em.com.br\/emfoco\/#website","url":"https:\/\/www.em.com.br\/emfoco\/","name":"Estado de Minas - Em foco","description":"Acompanhe as \u00faltimas not\u00edcias e fique bem informado sobre tudo o que acontece em Minas Gerais, Brasil e no mundo.","potentialAction":[{"@type":"SearchAction","target":{"@type":"EntryPoint","urlTemplate":"https:\/\/www.em.com.br\/emfoco\/?s={search_term_string}"},"query-input":{"@type":"PropertyValueSpecification","valueRequired":true,"valueName":"search_term_string"}}],"inLanguage":"pt-BR"},{"@type":"Person","@id":"https:\/\/www.em.com.br\/emfoco\/#\/schema\/person\/fb0a7f48c6fbb94b83f413a80f61917d","name":"Kelvin","image":{"@type":"ImageObject","inLanguage":"pt-BR","@id":"https:\/\/www.em.com.br\/emfoco\/#\/schema\/person\/image\/","url":"https:\/\/secure.gravatar.com\/avatar\/e74f84337e6bf6c4c5e88fbdffa05270?s=96&d=mm&r=g","contentUrl":"https:\/\/secure.gravatar.com\/avatar\/e74f84337e6bf6c4c5e88fbdffa05270?s=96&d=mm&r=g","caption":"Kelvin"},"sameAs":["https:\/\/www.em.com.br\/emfoco"],"url":"https:\/\/www.em.com.br\/emfoco\/author\/kelvinmyth\/"}]}},"_links":{"self":[{"href":"https:\/\/www.em.com.br\/emfoco\/wp-json\/wp\/v2\/posts\/22095","targetHints":{"allow":["GET"]}}],"collection":[{"href":"https:\/\/www.em.com.br\/emfoco\/wp-json\/wp\/v2\/posts"}],"about":[{"href":"https:\/\/www.em.com.br\/emfoco\/wp-json\/wp\/v2\/types\/post"}],"author":[{"embeddable":true,"href":"https:\/\/www.em.com.br\/emfoco\/wp-json\/wp\/v2\/users\/7"}],"replies":[{"embeddable":true,"href":"https:\/\/www.em.com.br\/emfoco\/wp-json\/wp\/v2\/comments?post=22095"}],"version-history":[{"count":5,"href":"https:\/\/www.em.com.br\/emfoco\/wp-json\/wp\/v2\/posts\/22095\/revisions"}],"predecessor-version":[{"id":22170,"href":"https:\/\/www.em.com.br\/emfoco\/wp-json\/wp\/v2\/posts\/22095\/revisions\/22170"}],"wp:featuredmedia":[{"embeddable":true,"href":"https:\/\/www.em.com.br\/emfoco\/wp-json\/wp\/v2\/media\/22171"}],"wp:attachment":[{"href":"https:\/\/www.em.com.br\/emfoco\/wp-json\/wp\/v2\/media?parent=22095"}],"wp:term":[{"taxonomy":"category","embeddable":true,"href":"https:\/\/www.em.com.br\/emfoco\/wp-json\/wp\/v2\/categories?post=22095"},{"taxonomy":"post_tag","embeddable":true,"href":"https:\/\/www.em.com.br\/emfoco\/wp-json\/wp\/v2\/tags?post=22095"}],"curies":[{"name":"wp","href":"https:\/\/api.w.org\/{rel}","templated":true}]}}