{"id":22089,"date":"2025-02-23T07:00:29","date_gmt":"2025-02-23T10:00:29","guid":{"rendered":"https:\/\/www.em.com.br\/emfoco\/?p=22089"},"modified":"2025-06-16T10:42:42","modified_gmt":"2025-06-16T13:42:42","slug":"carro-novo-sem-impostos-saiba-tudo-sobre-essa-isencao-em-2025","status":"publish","type":"post","link":"https:\/\/www.em.com.br\/emfoco\/2025\/02\/23\/carro-novo-sem-impostos-saiba-tudo-sobre-essa-isencao-em-2025\/","title":{"rendered":"Brasileiros tem direito a novos descontos exclusivos em carro novo"},"content":{"rendered":"\n<p>O mercado automotivo brasileiro oferece oportunidades especiais para pessoas com defici\u00eancia, e 2025 promete ser um ano ainda mais atrativo. As facilidades para compra de ve\u00edculos <strong><a href=\"https:\/\/www.gov.br\/pt-br\/servicos\/emitir-certificado-da-pessoa-com-deficiencia\" target=\"_blank\" rel=\"noreferrer noopener\">PCD<\/a><\/strong> representam uma porta de entrada para a independ\u00eancia e mobilidade, com benef\u00edcios que v\u00e3o muito al\u00e9m do simples desconto no pre\u00e7o. Essas vantagens s\u00e3o resultado de pol\u00edticas p\u00fablicas que reconhecem a import\u00e2ncia da acessibilidade no transporte individual.<\/p>\n\n\n\n<p>A legisla\u00e7\u00e3o brasileira estabelece diretrizes claras para essas facilidades, criando um cen\u00e1rio favor\u00e1vel tanto para quem busca o primeiro ve\u00edculo quanto para aqueles que desejam renovar sua frota. O processo, embora envolva documenta\u00e7\u00e3o espec\u00edfica, tem se tornado mais \u00e1gil e transparente, facilitando o acesso aos benef\u00edcios. Vale destacar que as montadoras t\u00eam investido cada vez mais em modelos que atendem \u00e0s necessidades espec\u00edficas desse p\u00fablico.<\/p>\n\n\n\n<h2 class=\"wp-block-heading\">Como funciona o sistema de benef\u00edcios fiscais para PCD?<\/h2>\n\n\n\n<p>O sistema de benef\u00edcios fiscais para <strong>PCD<\/strong> no Brasil funciona atrav\u00e9s de isen\u00e7\u00f5es em tr\u00eas tributos principais, criando uma economia substancial para o consumidor final. A <strong>Receita Federal<\/strong> coordena essas isen\u00e7\u00f5es, que incidem sobre diferentes momentos da compra e posse do ve\u00edculo. O primeiro benef\u00edcio acontece na fabrica\u00e7\u00e3o, com a redu\u00e7\u00e3o do <strong>Imposto sobre Produtos Industrializados<\/strong>, seguido pela isen\u00e7\u00e3o estadual no momento da compra.<\/p>\n\n\n\n<p>A sistem\u00e1tica \u00e9 pensada para reduzir o impacto financeiro da aquisi\u00e7\u00e3o, considerando que muitas vezes esses <a href=\"https:\/\/www.em.com.br\/emfoco\/2024\/11\/27\/nova-honda-abaixo-de-r4-mil-alegra-bolso-dos-brasileiros\/\" target=\"_blank\" rel=\"noreferrer noopener\">ve\u00edculos <\/a>precisam de adapta\u00e7\u00f5es posteriores. O <strong>IOF<\/strong> para financiamento tamb\u00e9m recebe tratamento especial, permitindo condi\u00e7\u00f5es mais favor\u00e1veis para parcelamento. Al\u00e9m disso, alguns estados oferecem benef\u00edcios adicionais, como descontos em taxas de licenciamento e outras tarifas relacionadas ao ve\u00edculo.<\/p>\n\n\n\n<h2 class=\"wp-block-heading\">Quais s\u00e3o as economias reais na compra de ve\u00edculos PCD?<\/h2>\n\n\n\n<p>A economia real na compra de ve\u00edculos <strong>PCD<\/strong> pode surpreender quem ainda n\u00e3o conhece todos os benef\u00edcios dispon\u00edveis. Considerando um ve\u00edculo de R$ 100 mil, por exemplo, a soma de todas as isen\u00e7\u00f5es pode resultar em uma redu\u00e7\u00e3o de at\u00e9 R$ 25 mil no valor final. Essa economia significativa torna modelos antes inacess\u00edveis uma realidade para muitas fam\u00edlias brasileiras.<\/p>\n\n\n\n<p>O c\u00e1lculo exato varia conforme o estado de resid\u00eancia do comprador, j\u00e1 que cada unidade federativa tem suas pr\u00f3prias regras para o <strong>ICMS<\/strong>. Estados como <strong>S\u00e3o Paulo<\/strong> e <strong>Rio de Janeiro<\/strong> oferecem isen\u00e7\u00f5es mais generosas, enquanto outros mant\u00eam percentuais mais conservadores. \u00c9 importante pesquisar as condi\u00e7\u00f5es espec\u00edficas da sua regi\u00e3o antes de tomar a decis\u00e3o final, pois essa diferen\u00e7a pode influenciar significativamente no or\u00e7amento dispon\u00edvel.<\/p>\n\n\n\n<h2 class=\"wp-block-heading\">Quais modelos oferecem os melhores benef\u00edcios em 2025?<\/h2>\n\n\n\n<p>Os modelos que oferecem os melhores benef\u00edcios para <strong>PCD<\/strong> em 2025 s\u00e3o aqueles que combinam tecnologia moderna com pre\u00e7os competitivos. Carros como o <strong>Honda City<\/strong>, <strong>Toyota Yaris<\/strong> e <strong>Peugeot 208<\/strong> t\u00eam se destacado por oferecer boa rela\u00e7\u00e3o custo-benef\u00edcio mesmo ap\u00f3s os descontos aplicados. Esses ve\u00edculos mant\u00eam caracter\u00edsticas importantes como baixo consumo de combust\u00edvel e facilidade de manuten\u00e7\u00e3o.<\/p>\n\n\n\n<p>SUVs compactos tamb\u00e9m ganharam destaque no segmento <strong>PCD<\/strong>, oferecendo maior conforto e praticidade para o dia a dia. Modelos como <strong>Hyundai Creta<\/strong>, <strong>Jeep Compass<\/strong> e <strong>Volkswagen Nivus<\/strong> proporcionam uma experi\u00eancia de condu\u00e7\u00e3o mais elevada, com tecnologias de seguran\u00e7a avan\u00e7adas. A escolha do modelo ideal deve considerar n\u00e3o apenas o desconto, mas tamb\u00e9m as necessidades espec\u00edficas de cada pessoa e fam\u00edlia.<\/p>\n\n\n\n<h2 class=\"wp-block-heading\">Qual \u00e9 o processo para solicitar as isen\u00e7\u00f5es PCD?<\/h2>\n\n\n<div class=\"wp-block-image\">\n<figure class=\"aligncenter size-large\"><img loading=\"lazy\" decoding=\"async\" width=\"1024\" height=\"576\" src=\"https:\/\/www.em.com.br\/emfoco\/wp-content\/uploads\/2024\/12\/IPVA_1734913117867-1024x576.jpg\" alt=\"Carro Novo sem impostos? Saiba Tudo sobre essa Isen\u00e7\u00e3o em 2025\" class=\"wp-image-6217\" srcset=\"https:\/\/www.em.com.br\/emfoco\/wp-content\/uploads\/2024\/12\/IPVA_1734913117867-1024x576.jpg 1024w, https:\/\/www.em.com.br\/emfoco\/wp-content\/uploads\/2024\/12\/IPVA_1734913117867-300x169.jpg 300w, https:\/\/www.em.com.br\/emfoco\/wp-content\/uploads\/2024\/12\/IPVA_1734913117867-768x432.jpg 768w, https:\/\/www.em.com.br\/emfoco\/wp-content\/uploads\/2024\/12\/IPVA_1734913117867-750x422.jpg 750w, https:\/\/www.em.com.br\/emfoco\/wp-content\/uploads\/2024\/12\/IPVA_1734913117867-1140x641.jpg 1140w, https:\/\/www.em.com.br\/emfoco\/wp-content\/uploads\/2024\/12\/IPVA_1734913117867.jpg 1280w\" sizes=\"auto, (max-width: 1024px) 100vw, 1024px\" \/><figcaption class=\"wp-element-caption\">IPVA &#8211; Cr\u00e9ditos: depositphotos.com \/ rafapress<\/figcaption><\/figure><\/div>\n\n\n<p>O processo para solicitar as isen\u00e7\u00f5es <strong>PCD<\/strong> exige organiza\u00e7\u00e3o e aten\u00e7\u00e3o aos detalhes, mas n\u00e3o \u00e9 complicado quando se conhece o passo a passo correto. O primeiro movimento \u00e9 obter o laudo m\u00e9dico atualizado, emitido por especialista credenciado pelo <strong>Detran<\/strong> do seu estado. Esse documento \u00e9 fundamental e deve especificar claramente o tipo de defici\u00eancia e sua rela\u00e7\u00e3o com a condu\u00e7\u00e3o de ve\u00edculos.<\/p>\n\n\n\n<p>Ap\u00f3s reunir toda a documenta\u00e7\u00e3o necess\u00e1ria, o pr\u00f3ximo passo envolve dar entrada nos pedidos de isen\u00e7\u00e3o nos \u00f3rg\u00e3os competentes. O <strong>IPI<\/strong> \u00e9 solicitado na <strong>Receita Federal<\/strong>, enquanto o <strong>ICMS<\/strong> deve ser requerido na <strong>Secretaria da Fazenda<\/strong> estadual. O <strong>IPVA<\/strong> geralmente \u00e9 solicitado no pr\u00f3prio <strong>Detran<\/strong>. Cada \u00f3rg\u00e3o tem seus prazos espec\u00edficos, por isso \u00e9 recomend\u00e1vel iniciar o processo com anteced\u00eancia para evitar atrasos na compra do ve\u00edculo.<\/p>\n\n\n\n<h2 class=\"wp-block-heading\">Como escolher entre carros nacionais e importados para PCD?<\/h2>\n\n\n\n<p>A escolha entre carros nacionais e importados para <strong>PCD<\/strong> envolve considerar diversos fatores al\u00e9m do pre\u00e7o final com desconto. Ve\u00edculos nacionais geralmente oferecem vantagens como maior facilidade para encontrar pe\u00e7as de reposi\u00e7\u00e3o, rede de assist\u00eancia t\u00e9cnica mais ampla e custos de manuten\u00e7\u00e3o mais acess\u00edveis. Marcas como <strong>Fiat<\/strong>, <strong>Chevrolet<\/strong> e <strong>Volkswagen<\/strong> t\u00eam tradi\u00e7\u00e3o no mercado brasileiro e oferecem suporte consistente.<\/p>\n\n\n\n<p>Por outro lado, carros importados podem oferecer tecnologias mais avan\u00e7adas, melhor acabamento e caracter\u00edsticas de seguran\u00e7a superiores. Marcas como <strong>Toyota<\/strong>, <strong>Honda<\/strong> e <strong>Hyundai<\/strong> t\u00eam investido pesadamente no mercado brasileiro, oferecendo garantias estendidas e programas de manuten\u00e7\u00e3o atrativos. A decis\u00e3o final deve levar em conta o perfil de uso do ve\u00edculo, or\u00e7amento dispon\u00edvel para manuten\u00e7\u00e3o e prefer\u00eancias pessoais de cada comprador.<\/p>\n","protected":false},"excerpt":{"rendered":"<p>O mercado automotivo brasileiro oferece oportunidades especiais para pessoas com defici\u00eancia, e 2025 promete ser um ano ainda mais atrativo. As facilidades para compra de ve\u00edculos PCD representam uma porta de entrada para a independ\u00eancia e mobilidade, com benef\u00edcios que v\u00e3o muito al\u00e9m do simples desconto no pre\u00e7o. Essas vantagens s\u00e3o resultado de pol\u00edticas p\u00fablicas [&hellip;]<\/p>\n","protected":false},"author":7,"featured_media":3339,"comment_status":"open","ping_status":"open","sticky":false,"template":"","format":"standard","meta":{"jnews-multi-image_gallery":[],"jnews_single_post":{"format":"standard"},"jnews_primary_category":[],"jnews_social_meta":[],"jnews_override_counter":[],"footnotes":""},"categories":[27],"tags":[2311,5444,3543,534],"class_list":["post-22089","post","type-post","status-publish","format-standard","has-post-thumbnail","hentry","category-carros","tag-isencao-de-impostos","tag-pcd","tag-reforma-tributaria","tag-veiculos"],"yoast_head":"<!-- This site is optimized with the Yoast SEO plugin v23.8 - https:\/\/yoast.com\/wordpress\/plugins\/seo\/ -->\n<title>Brasileiros tem direito a novos descontos exclusivos em carro novo - Estado de Minas - Em foco<\/title>\n<meta name=\"description\" content=\"Confira o guia completo sobre a isen\u00e7\u00e3o de impostos para esses carros em 2025 e encontre o carro ideal para voc\u00ea.\" \/>\n<meta name=\"robots\" content=\"index, follow, max-snippet:-1, max-image-preview:large, max-video-preview:-1\" \/>\n<link rel=\"canonical\" href=\"https:\/\/www.em.com.br\/emfoco\/2025\/02\/23\/carro-novo-sem-impostos-saiba-tudo-sobre-essa-isencao-em-2025\/\" \/>\n<meta property=\"og:locale\" content=\"pt_BR\" \/>\n<meta property=\"og:type\" content=\"article\" \/>\n<meta property=\"og:title\" content=\"Brasileiros tem direito a novos descontos exclusivos em carro novo - Estado de Minas - Em foco\" \/>\n<meta property=\"og:description\" content=\"Confira o guia completo sobre a isen\u00e7\u00e3o de impostos para esses carros em 2025 e encontre o carro ideal para voc\u00ea.\" \/>\n<meta property=\"og:url\" content=\"https:\/\/www.em.com.br\/emfoco\/2025\/02\/23\/carro-novo-sem-impostos-saiba-tudo-sobre-essa-isencao-em-2025\/\" \/>\n<meta property=\"og:site_name\" content=\"Estado de Minas - Em foco\" \/>\n<meta property=\"article:published_time\" content=\"2025-02-23T10:00:29+00:00\" \/>\n<meta property=\"article:modified_time\" content=\"2025-06-16T13:42:42+00:00\" \/>\n<meta property=\"og:image\" content=\"https:\/\/www.em.com.br\/emfoco\/wp-content\/uploads\/2024\/12\/Carros_1733369320151.jpg\" \/>\n\t<meta property=\"og:image:width\" content=\"1280\" \/>\n\t<meta property=\"og:image:height\" content=\"720\" \/>\n\t<meta property=\"og:image:type\" content=\"image\/jpeg\" \/>\n<meta name=\"author\" content=\"Kelvin\" \/>\n<meta name=\"twitter:card\" content=\"summary_large_image\" \/>\n<meta name=\"twitter:label1\" content=\"Escrito por\" \/>\n\t<meta name=\"twitter:data1\" content=\"Kelvin\" \/>\n\t<meta name=\"twitter:label2\" content=\"Est. tempo de leitura\" \/>\n\t<meta name=\"twitter:data2\" content=\"5 minutos\" \/>\n<!-- \/ Yoast SEO plugin. -->","yoast_head_json":{"title":"Brasileiros tem direito a novos descontos exclusivos em carro novo - Estado de Minas - Em foco","description":"Confira o guia completo sobre a isen\u00e7\u00e3o de impostos para esses carros em 2025 e encontre o carro ideal para voc\u00ea.","robots":{"index":"index","follow":"follow","max-snippet":"max-snippet:-1","max-image-preview":"max-image-preview:large","max-video-preview":"max-video-preview:-1"},"canonical":"https:\/\/www.em.com.br\/emfoco\/2025\/02\/23\/carro-novo-sem-impostos-saiba-tudo-sobre-essa-isencao-em-2025\/","og_locale":"pt_BR","og_type":"article","og_title":"Brasileiros tem direito a novos descontos exclusivos em carro novo - Estado de Minas - Em foco","og_description":"Confira o guia completo sobre a isen\u00e7\u00e3o de impostos para esses carros em 2025 e encontre o carro ideal para voc\u00ea.","og_url":"https:\/\/www.em.com.br\/emfoco\/2025\/02\/23\/carro-novo-sem-impostos-saiba-tudo-sobre-essa-isencao-em-2025\/","og_site_name":"Estado de Minas - Em foco","article_published_time":"2025-02-23T10:00:29+00:00","article_modified_time":"2025-06-16T13:42:42+00:00","og_image":[{"width":1280,"height":720,"url":"https:\/\/www.em.com.br\/emfoco\/wp-content\/uploads\/2024\/12\/Carros_1733369320151.jpg","type":"image\/jpeg"}],"author":"Kelvin","twitter_card":"summary_large_image","twitter_misc":{"Escrito por":"Kelvin","Est. tempo de leitura":"5 minutos"},"schema":{"@context":"https:\/\/schema.org","@graph":[{"@type":"WebPage","@id":"https:\/\/www.em.com.br\/emfoco\/2025\/02\/23\/carro-novo-sem-impostos-saiba-tudo-sobre-essa-isencao-em-2025\/","url":"https:\/\/www.em.com.br\/emfoco\/2025\/02\/23\/carro-novo-sem-impostos-saiba-tudo-sobre-essa-isencao-em-2025\/","name":"Brasileiros tem direito a novos descontos exclusivos em carro novo - Estado de Minas - Em foco","isPartOf":{"@id":"https:\/\/www.em.com.br\/emfoco\/#website"},"primaryImageOfPage":{"@id":"https:\/\/www.em.com.br\/emfoco\/2025\/02\/23\/carro-novo-sem-impostos-saiba-tudo-sobre-essa-isencao-em-2025\/#primaryimage"},"image":{"@id":"https:\/\/www.em.com.br\/emfoco\/2025\/02\/23\/carro-novo-sem-impostos-saiba-tudo-sobre-essa-isencao-em-2025\/#primaryimage"},"thumbnailUrl":"https:\/\/www.em.com.br\/emfoco\/wp-content\/uploads\/2024\/12\/Carros_1733369320151.jpg","datePublished":"2025-02-23T10:00:29+00:00","dateModified":"2025-06-16T13:42:42+00:00","author":{"@id":"https:\/\/www.em.com.br\/emfoco\/#\/schema\/person\/fb0a7f48c6fbb94b83f413a80f61917d"},"description":"Confira o guia completo sobre a isen\u00e7\u00e3o de impostos para esses carros em 2025 e encontre o carro ideal para voc\u00ea.","breadcrumb":{"@id":"https:\/\/www.em.com.br\/emfoco\/2025\/02\/23\/carro-novo-sem-impostos-saiba-tudo-sobre-essa-isencao-em-2025\/#breadcrumb"},"inLanguage":"pt-BR","potentialAction":[{"@type":"ReadAction","target":["https:\/\/www.em.com.br\/emfoco\/2025\/02\/23\/carro-novo-sem-impostos-saiba-tudo-sobre-essa-isencao-em-2025\/"]}]},{"@type":"ImageObject","inLanguage":"pt-BR","@id":"https:\/\/www.em.com.br\/emfoco\/2025\/02\/23\/carro-novo-sem-impostos-saiba-tudo-sobre-essa-isencao-em-2025\/#primaryimage","url":"https:\/\/www.em.com.br\/emfoco\/wp-content\/uploads\/2024\/12\/Carros_1733369320151.jpg","contentUrl":"https:\/\/www.em.com.br\/emfoco\/wp-content\/uploads\/2024\/12\/Carros_1733369320151.jpg","width":1280,"height":720,"caption":"Sele\u00e7\u00e3o de Carros - Cr\u00e9ditos: depositphotos.com \/ welcomia"},{"@type":"BreadcrumbList","@id":"https:\/\/www.em.com.br\/emfoco\/2025\/02\/23\/carro-novo-sem-impostos-saiba-tudo-sobre-essa-isencao-em-2025\/#breadcrumb","itemListElement":[{"@type":"ListItem","position":1,"name":"In\u00edcio","item":"https:\/\/www.em.com.br\/emfoco\/"},{"@type":"ListItem","position":2,"name":"Brasileiros tem direito a novos descontos exclusivos em carro novo"}]},{"@type":"WebSite","@id":"https:\/\/www.em.com.br\/emfoco\/#website","url":"https:\/\/www.em.com.br\/emfoco\/","name":"Estado de Minas - Em foco","description":"Acompanhe as \u00faltimas not\u00edcias e fique bem informado sobre tudo o que acontece em Minas Gerais, Brasil e no mundo.","potentialAction":[{"@type":"SearchAction","target":{"@type":"EntryPoint","urlTemplate":"https:\/\/www.em.com.br\/emfoco\/?s={search_term_string}"},"query-input":{"@type":"PropertyValueSpecification","valueRequired":true,"valueName":"search_term_string"}}],"inLanguage":"pt-BR"},{"@type":"Person","@id":"https:\/\/www.em.com.br\/emfoco\/#\/schema\/person\/fb0a7f48c6fbb94b83f413a80f61917d","name":"Kelvin","image":{"@type":"ImageObject","inLanguage":"pt-BR","@id":"https:\/\/www.em.com.br\/emfoco\/#\/schema\/person\/image\/","url":"https:\/\/secure.gravatar.com\/avatar\/e74f84337e6bf6c4c5e88fbdffa05270?s=96&d=mm&r=g","contentUrl":"https:\/\/secure.gravatar.com\/avatar\/e74f84337e6bf6c4c5e88fbdffa05270?s=96&d=mm&r=g","caption":"Kelvin"},"sameAs":["https:\/\/www.em.com.br\/emfoco"],"url":"https:\/\/www.em.com.br\/emfoco\/author\/kelvinmyth\/"}]}},"_links":{"self":[{"href":"https:\/\/www.em.com.br\/emfoco\/wp-json\/wp\/v2\/posts\/22089","targetHints":{"allow":["GET"]}}],"collection":[{"href":"https:\/\/www.em.com.br\/emfoco\/wp-json\/wp\/v2\/posts"}],"about":[{"href":"https:\/\/www.em.com.br\/emfoco\/wp-json\/wp\/v2\/types\/post"}],"author":[{"embeddable":true,"href":"https:\/\/www.em.com.br\/emfoco\/wp-json\/wp\/v2\/users\/7"}],"replies":[{"embeddable":true,"href":"https:\/\/www.em.com.br\/emfoco\/wp-json\/wp\/v2\/comments?post=22089"}],"version-history":[{"count":5,"href":"https:\/\/www.em.com.br\/emfoco\/wp-json\/wp\/v2\/posts\/22089\/revisions"}],"predecessor-version":[{"id":61395,"href":"https:\/\/www.em.com.br\/emfoco\/wp-json\/wp\/v2\/posts\/22089\/revisions\/61395"}],"wp:featuredmedia":[{"embeddable":true,"href":"https:\/\/www.em.com.br\/emfoco\/wp-json\/wp\/v2\/media\/3339"}],"wp:attachment":[{"href":"https:\/\/www.em.com.br\/emfoco\/wp-json\/wp\/v2\/media?parent=22089"}],"wp:term":[{"taxonomy":"category","embeddable":true,"href":"https:\/\/www.em.com.br\/emfoco\/wp-json\/wp\/v2\/categories?post=22089"},{"taxonomy":"post_tag","embeddable":true,"href":"https:\/\/www.em.com.br\/emfoco\/wp-json\/wp\/v2\/tags?post=22089"}],"curies":[{"name":"wp","href":"https:\/\/api.w.org\/{rel}","templated":true}]}}