{"id":22017,"date":"2025-02-23T11:00:38","date_gmt":"2025-02-23T14:00:38","guid":{"rendered":"https:\/\/www.em.com.br\/emfoco\/?p=22017"},"modified":"2025-02-23T00:51:05","modified_gmt":"2025-02-23T03:51:05","slug":"descubra-o-roborock-g30-e-seu-braco-articulado-para-facilitar-a-limpeza","status":"publish","type":"post","link":"https:\/\/www.em.com.br\/emfoco\/2025\/02\/23\/descubra-o-roborock-g30-e-seu-braco-articulado-para-facilitar-a-limpeza\/","title":{"rendered":"Descubra o Roborock G30 e seu bra\u00e7o articulado para facilitar a limpeza"},"content":{"rendered":"\n<p>A <strong>Roborock<\/strong>, renomada por sua expertise em <a href=\"https:\/\/global.roborock.com\/\" target=\"_blank\" rel=\"noreferrer noopener\">rob\u00f4s aspiradores<\/a>, introduziu recentemente o<strong> modelo G30<\/strong>, um dispositivo que promete revolucionar a limpeza dom\u00e9stica. Lan\u00e7ado no \u00faltimo domingo, o <strong>G30 <\/strong>se destaca por incorporar um <strong>bra\u00e7o articulado<\/strong> capaz de guardar objetos deixados no ch\u00e3o, al\u00e9m de suas fun\u00e7\u00f5es tradicionais de aspirar e passar pano. Essa inova\u00e7\u00e3o \u00e9 uma evolu\u00e7\u00e3o em rela\u00e7\u00e3o aos modelos anteriores, como o <strong>S70<\/strong>, que foi destaque na<strong> CES 2025<\/strong>.<\/p>\n\n\n\n<p>O bra\u00e7o articulado do <strong>G30 <\/strong>possui cinco eixos de articula\u00e7\u00e3o, permitindo a coleta de objetos leves, como meias e brinquedos, que s\u00e3o ent\u00e3o levados para um local apropriado. Quando n\u00e3o est\u00e1 em uso, o bra\u00e7o se retrai completamente, mantendo a altura do rob\u00f4 em 7,98 cent\u00edmetros, o que facilita sua movimenta\u00e7\u00e3o sob m\u00f3veis. Al\u00e9m disso, o rob\u00f4 pode elevar sua estrutura em at\u00e9 4 cent\u00edmetros, reduzindo o risco de ficar preso em fios ou tapetes.<\/p>\n\n\n\n<h2 class=\"wp-block-heading\">Quais s\u00e3o as funcionalidades inteligentes do Roborock G30?<\/h2>\n\n\n\n<p>O Roborock G30 \u00e9 equipado com funcionalidades <strong>smart<\/strong> avan\u00e7adas, destacando-se o sistema de navega\u00e7\u00e3o StarSight 3.0. Este sistema combina sensores ToF e c\u00e2meras para identificar e desviar de objetos utilizando intelig\u00eancia artificial (IA). A IA tamb\u00e9m est\u00e1 presente no assistente Roborock RRmind GPT, que permite comandos de voz e acesso via aplicativo para agendamento de limpeza e visualiza\u00e7\u00e3o remota dos ambientes em 360 graus.<\/p>\n\n\n\n<p>Al\u00e9m disso, o G30 oferece um poder de suc\u00e7\u00e3o de 22 mil Pa, ideal para remover sujeiras pesadas. A escova do <a href=\"https:\/\/www.em.com.br\/emfoco\/?s=rob%C3%B4\" target=\"_blank\" rel=\"noreferrer noopener\">rob\u00f4 <\/a>\u00e9 projetada para cortar pelos, facilitando o armazenamento. O l\u00edquido utilizado para passar pano pode atingir at\u00e9 80\u00b0C, garantindo uma limpeza eficaz. Outras fun\u00e7\u00f5es incluem secagem por ar quente e esteriliza\u00e7\u00e3o, ampliando as possibilidades de uso do dispositivo.<\/p>\n\n\n\n<iframe loading=\"lazy\" width=\"560\" height=\"315\" src=\"https:\/\/www.youtube.com\/embed\/VWPVWY29sa8?si=N4NzeV5YTLdZi9UQ\" title=\"YouTube video player\" frameborder=\"0\" allow=\"accelerometer; autoplay; clipboard-write; encrypted-media; gyroscope; picture-in-picture; web-share\" referrerpolicy=\"strict-origin-when-cross-origin\" allowfullscreen><\/iframe>\n\n\n\n<h2 class=\"wp-block-heading\">Como funciona a base autom\u00e1tica do Roborock G30?<\/h2>\n\n\n\n<p>O Roborock G30 opera com uma base autom\u00e1tica que realiza a reposi\u00e7\u00e3o de \u00e1gua e a drenagem, al\u00e9m de possuir prote\u00e7\u00e3o contra transbordamento. A bateria interna de 6.400 mAh promete uma longa autonomia, aliada a um carregamento r\u00e1pido, tornando o G30 uma op\u00e7\u00e3o pr\u00e1tica para o dia a dia. Este sistema garante que o rob\u00f4 esteja sempre pronto para uso, sem a necessidade de interven\u00e7\u00f5es frequentes do usu\u00e1rio.<\/p>\n\n\n\n<h2 class=\"wp-block-heading\">Qual \u00e9 o pre\u00e7o e a disponibilidade do Roborock G30?<\/h2>\n\n\n\n<p>O novo modelo foi anunciado na <strong>China <\/strong>com um pre\u00e7o inicial de 6.499 yuan, aproximadamente R$ 5.101 em convers\u00e3o direta. Existe tamb\u00e9m uma vers\u00e3o com sistema de fornecimento de \u00e1gua, custando 6.999 yuan, cerca de R$ 5.495. Embora a Roborock tenha representa\u00e7\u00e3o global, ainda n\u00e3o h\u00e1 previs\u00e3o para vendas do G30 em outros pa\u00edses, o que gera expectativa entre os consumidores internacionais.<\/p>\n\n\n\n<p>O Roborock G30 representa um avan\u00e7o significativo na tecnologia de rob\u00f4s aspiradores, combinando funcionalidades inovadoras com um design pr\u00e1tico e eficiente. Com suas capacidades inteligentes e autonomia prolongada, ele promete facilitar ainda mais a rotina de limpeza dom\u00e9stica.<\/p>\n","protected":false},"excerpt":{"rendered":"<p>A Roborock, renomada por sua expertise em rob\u00f4s aspiradores, introduziu recentemente o modelo G30, um dispositivo que promete revolucionar a limpeza dom\u00e9stica. Lan\u00e7ado no \u00faltimo domingo, o G30 se destaca por incorporar um bra\u00e7o articulado capaz de guardar objetos deixados no ch\u00e3o, al\u00e9m de suas fun\u00e7\u00f5es tradicionais de aspirar e passar pano. Essa inova\u00e7\u00e3o \u00e9 [&hellip;]<\/p>\n","protected":false},"author":9,"featured_media":22032,"comment_status":"open","ping_status":"open","sticky":false,"template":"","format":"standard","meta":{"jnews-multi-image_gallery":[],"jnews_single_post":{"format":"standard"},"jnews_primary_category":[],"jnews_social_meta":[],"jnews_override_counter":[],"footnotes":""},"categories":[1,4204],"tags":[2911,1375,5426,5425],"class_list":["post-22017","post","type-post","status-publish","format-standard","has-post-thumbnail","hentry","category-noticias","category-tecnologia","tag-casa","tag-ia","tag-limpeza-domestica","tag-robo-aspirador"],"yoast_head":"<!-- This site is optimized with the Yoast SEO plugin v23.8 - https:\/\/yoast.com\/wordpress\/plugins\/seo\/ -->\n<title>Descubra o Roborock G30 e seu bra\u00e7o articulado para facilitar a limpeza<\/title>\n<meta name=\"description\" content=\"Conhe\u00e7a o Roborock G30, um rob\u00f4 aspirador com bra\u00e7o articulado e navega\u00e7\u00e3o inteligente, projetado para facilitar a limpeza dom\u00e9stica.\" \/>\n<meta name=\"robots\" content=\"index, follow, max-snippet:-1, max-image-preview:large, max-video-preview:-1\" \/>\n<link rel=\"canonical\" href=\"https:\/\/www.em.com.br\/emfoco\/2025\/02\/23\/descubra-o-roborock-g30-e-seu-braco-articulado-para-facilitar-a-limpeza\/\" \/>\n<meta property=\"og:locale\" content=\"pt_BR\" \/>\n<meta property=\"og:type\" content=\"article\" \/>\n<meta property=\"og:title\" content=\"Descubra o Roborock G30 e seu bra\u00e7o articulado para facilitar a limpeza\" \/>\n<meta property=\"og:description\" content=\"Conhe\u00e7a o Roborock G30, um rob\u00f4 aspirador com bra\u00e7o articulado e navega\u00e7\u00e3o inteligente, projetado para facilitar a limpeza dom\u00e9stica.\" \/>\n<meta property=\"og:url\" content=\"https:\/\/www.em.com.br\/emfoco\/2025\/02\/23\/descubra-o-roborock-g30-e-seu-braco-articulado-para-facilitar-a-limpeza\/\" \/>\n<meta property=\"og:site_name\" content=\"Estado de Minas - Em foco\" \/>\n<meta property=\"article:published_time\" content=\"2025-02-23T14:00:38+00:00\" \/>\n<meta property=\"article:modified_time\" content=\"2025-02-23T03:51:05+00:00\" \/>\n<meta property=\"og:image\" content=\"https:\/\/www.em.com.br\/emfoco\/wp-content\/uploads\/2025\/02\/saros-z70section-7_1.jpg\" \/>\n\t<meta property=\"og:image:width\" content=\"1280\" \/>\n\t<meta property=\"og:image:height\" content=\"720\" \/>\n\t<meta property=\"og:image:type\" content=\"image\/jpeg\" \/>\n<meta name=\"author\" content=\"Daniely Cardoso\" \/>\n<meta name=\"twitter:card\" content=\"summary_large_image\" \/>\n<meta name=\"twitter:label1\" content=\"Escrito por\" \/>\n\t<meta name=\"twitter:data1\" content=\"Daniely Cardoso\" \/>\n\t<meta name=\"twitter:label2\" content=\"Est. tempo de leitura\" \/>\n\t<meta name=\"twitter:data2\" content=\"3 minutos\" \/>\n<!-- \/ Yoast SEO plugin. -->","yoast_head_json":{"title":"Descubra o Roborock G30 e seu bra\u00e7o articulado para facilitar a limpeza","description":"Conhe\u00e7a o Roborock G30, um rob\u00f4 aspirador com bra\u00e7o articulado e navega\u00e7\u00e3o inteligente, projetado para facilitar a limpeza dom\u00e9stica.","robots":{"index":"index","follow":"follow","max-snippet":"max-snippet:-1","max-image-preview":"max-image-preview:large","max-video-preview":"max-video-preview:-1"},"canonical":"https:\/\/www.em.com.br\/emfoco\/2025\/02\/23\/descubra-o-roborock-g30-e-seu-braco-articulado-para-facilitar-a-limpeza\/","og_locale":"pt_BR","og_type":"article","og_title":"Descubra o Roborock G30 e seu bra\u00e7o articulado para facilitar a limpeza","og_description":"Conhe\u00e7a o Roborock G30, um rob\u00f4 aspirador com bra\u00e7o articulado e navega\u00e7\u00e3o inteligente, projetado para facilitar a limpeza dom\u00e9stica.","og_url":"https:\/\/www.em.com.br\/emfoco\/2025\/02\/23\/descubra-o-roborock-g30-e-seu-braco-articulado-para-facilitar-a-limpeza\/","og_site_name":"Estado de Minas - Em foco","article_published_time":"2025-02-23T14:00:38+00:00","article_modified_time":"2025-02-23T03:51:05+00:00","og_image":[{"width":1280,"height":720,"url":"https:\/\/www.em.com.br\/emfoco\/wp-content\/uploads\/2025\/02\/saros-z70section-7_1.jpg","type":"image\/jpeg"}],"author":"Daniely Cardoso","twitter_card":"summary_large_image","twitter_misc":{"Escrito por":"Daniely Cardoso","Est. tempo de leitura":"3 minutos"},"schema":{"@context":"https:\/\/schema.org","@graph":[{"@type":"WebPage","@id":"https:\/\/www.em.com.br\/emfoco\/2025\/02\/23\/descubra-o-roborock-g30-e-seu-braco-articulado-para-facilitar-a-limpeza\/","url":"https:\/\/www.em.com.br\/emfoco\/2025\/02\/23\/descubra-o-roborock-g30-e-seu-braco-articulado-para-facilitar-a-limpeza\/","name":"Descubra o Roborock G30 e seu bra\u00e7o articulado para facilitar a limpeza","isPartOf":{"@id":"https:\/\/www.em.com.br\/emfoco\/#website"},"primaryImageOfPage":{"@id":"https:\/\/www.em.com.br\/emfoco\/2025\/02\/23\/descubra-o-roborock-g30-e-seu-braco-articulado-para-facilitar-a-limpeza\/#primaryimage"},"image":{"@id":"https:\/\/www.em.com.br\/emfoco\/2025\/02\/23\/descubra-o-roborock-g30-e-seu-braco-articulado-para-facilitar-a-limpeza\/#primaryimage"},"thumbnailUrl":"https:\/\/www.em.com.br\/emfoco\/wp-content\/uploads\/2025\/02\/saros-z70section-7_1.jpg","datePublished":"2025-02-23T14:00:38+00:00","dateModified":"2025-02-23T03:51:05+00:00","author":{"@id":"https:\/\/www.em.com.br\/emfoco\/#\/schema\/person\/0a8186d72f2c3a5c6276d90b41f271a0"},"description":"Conhe\u00e7a o Roborock G30, um rob\u00f4 aspirador com bra\u00e7o articulado e navega\u00e7\u00e3o inteligente, projetado para facilitar a limpeza dom\u00e9stica.","breadcrumb":{"@id":"https:\/\/www.em.com.br\/emfoco\/2025\/02\/23\/descubra-o-roborock-g30-e-seu-braco-articulado-para-facilitar-a-limpeza\/#breadcrumb"},"inLanguage":"pt-BR","potentialAction":[{"@type":"ReadAction","target":["https:\/\/www.em.com.br\/emfoco\/2025\/02\/23\/descubra-o-roborock-g30-e-seu-braco-articulado-para-facilitar-a-limpeza\/"]}]},{"@type":"ImageObject","inLanguage":"pt-BR","@id":"https:\/\/www.em.com.br\/emfoco\/2025\/02\/23\/descubra-o-roborock-g30-e-seu-braco-articulado-para-facilitar-a-limpeza\/#primaryimage","url":"https:\/\/www.em.com.br\/emfoco\/wp-content\/uploads\/2025\/02\/saros-z70section-7_1.jpg","contentUrl":"https:\/\/www.em.com.br\/emfoco\/wp-content\/uploads\/2025\/02\/saros-z70section-7_1.jpg","width":1280,"height":720,"caption":"Saros z70 - Foto: Divulga\u00e7\u00e3o\/Roborock"},{"@type":"BreadcrumbList","@id":"https:\/\/www.em.com.br\/emfoco\/2025\/02\/23\/descubra-o-roborock-g30-e-seu-braco-articulado-para-facilitar-a-limpeza\/#breadcrumb","itemListElement":[{"@type":"ListItem","position":1,"name":"In\u00edcio","item":"https:\/\/www.em.com.br\/emfoco\/"},{"@type":"ListItem","position":2,"name":"Descubra o Roborock G30 e seu bra\u00e7o articulado para facilitar a limpeza"}]},{"@type":"WebSite","@id":"https:\/\/www.em.com.br\/emfoco\/#website","url":"https:\/\/www.em.com.br\/emfoco\/","name":"Estado de Minas - Em foco","description":"Acompanhe as \u00faltimas not\u00edcias e fique bem informado sobre tudo o que acontece em Minas Gerais, Brasil e no mundo.","potentialAction":[{"@type":"SearchAction","target":{"@type":"EntryPoint","urlTemplate":"https:\/\/www.em.com.br\/emfoco\/?s={search_term_string}"},"query-input":{"@type":"PropertyValueSpecification","valueRequired":true,"valueName":"search_term_string"}}],"inLanguage":"pt-BR"},{"@type":"Person","@id":"https:\/\/www.em.com.br\/emfoco\/#\/schema\/person\/0a8186d72f2c3a5c6276d90b41f271a0","name":"Daniely Cardoso","image":{"@type":"ImageObject","inLanguage":"pt-BR","@id":"https:\/\/www.em.com.br\/emfoco\/#\/schema\/person\/image\/","url":"https:\/\/secure.gravatar.com\/avatar\/4b80ddbd124d1f071b626d52d62e5dff?s=96&d=mm&r=g","contentUrl":"https:\/\/secure.gravatar.com\/avatar\/4b80ddbd124d1f071b626d52d62e5dff?s=96&d=mm&r=g","caption":"Daniely Cardoso"},"url":"https:\/\/www.em.com.br\/emfoco\/author\/danielymyth\/"}]}},"_links":{"self":[{"href":"https:\/\/www.em.com.br\/emfoco\/wp-json\/wp\/v2\/posts\/22017","targetHints":{"allow":["GET"]}}],"collection":[{"href":"https:\/\/www.em.com.br\/emfoco\/wp-json\/wp\/v2\/posts"}],"about":[{"href":"https:\/\/www.em.com.br\/emfoco\/wp-json\/wp\/v2\/types\/post"}],"author":[{"embeddable":true,"href":"https:\/\/www.em.com.br\/emfoco\/wp-json\/wp\/v2\/users\/9"}],"replies":[{"embeddable":true,"href":"https:\/\/www.em.com.br\/emfoco\/wp-json\/wp\/v2\/comments?post=22017"}],"version-history":[{"count":6,"href":"https:\/\/www.em.com.br\/emfoco\/wp-json\/wp\/v2\/posts\/22017\/revisions"}],"predecessor-version":[{"id":22208,"href":"https:\/\/www.em.com.br\/emfoco\/wp-json\/wp\/v2\/posts\/22017\/revisions\/22208"}],"wp:featuredmedia":[{"embeddable":true,"href":"https:\/\/www.em.com.br\/emfoco\/wp-json\/wp\/v2\/media\/22032"}],"wp:attachment":[{"href":"https:\/\/www.em.com.br\/emfoco\/wp-json\/wp\/v2\/media?parent=22017"}],"wp:term":[{"taxonomy":"category","embeddable":true,"href":"https:\/\/www.em.com.br\/emfoco\/wp-json\/wp\/v2\/categories?post=22017"},{"taxonomy":"post_tag","embeddable":true,"href":"https:\/\/www.em.com.br\/emfoco\/wp-json\/wp\/v2\/tags?post=22017"}],"curies":[{"name":"wp","href":"https:\/\/api.w.org\/{rel}","templated":true}]}}