{"id":21988,"date":"2025-02-23T14:00:03","date_gmt":"2025-02-23T17:00:03","guid":{"rendered":"https:\/\/www.em.com.br\/emfoco\/?p=21988"},"modified":"2025-02-23T14:00:04","modified_gmt":"2025-02-23T17:00:04","slug":"mentiras-sobre-elon-musk-estao-fora-de-controle-o-que-esta-por-tras-disso","status":"publish","type":"post","link":"https:\/\/www.em.com.br\/emfoco\/2025\/02\/23\/mentiras-sobre-elon-musk-estao-fora-de-controle-o-que-esta-por-tras-disso\/","title":{"rendered":"Mentiras sobre Elon Musk est\u00e3o fora de controle! O que est\u00e1 por tr\u00e1s disso?"},"content":{"rendered":"\n<p><strong>Elon Musk<\/strong>, nascido em <strong>Pret\u00f3ria, \u00c1frica do Sul<\/strong>, em 1971, iniciou sua trajet\u00f3ria empreendedora desde jovem. Aos 12 anos, desenvolveu e vendeu um jogo de computador chamado &#8220;<strong>Blastar<\/strong>&#8220;, demonstrando desde cedo seu interesse por tecnologia e inova\u00e7\u00e3o. Ap\u00f3s completar seus estudos na \u00c1frica do Sul, Musk mudou-se para os <strong>Estados Unidos<\/strong>, onde frequentou a <strong>Universidade da Pensilv\u00e2nia<\/strong>, obtendo diplomas em <strong>F\u00edsica e Economia<\/strong>.<\/p>\n\n\n\n<p>Seu primeiro grande empreendimento foi a <strong>Zip2<\/strong>, uma empresa de software de guias urbanos para jornais, que cofundou em 1996. Em 1999, a <strong>Compaq<\/strong> adquiriu a Zip2 por aproximadamente 307 milh\u00f5es de d\u00f3lares, proporcionando a Musk seu primeiro grande sucesso financeiro. Este marco foi apenas o in\u00edcio de uma s\u00e9rie de empreendimentos bem-sucedidos que viriam a seguir.<\/p>\n\n\n\n<h2 class=\"wp-block-heading\">Sucessos da carreira de Elon Musk<\/h2>\n\n\n\n<p>Ap\u00f3s a venda da Zip2, Musk fundou a <strong>X.com<\/strong>, uma empresa de servi\u00e7os financeiros online, que mais tarde se tornaria o <strong>PayPal<\/strong> ap\u00f3s uma fus\u00e3o. Em 2002, o PayPal foi vendido para o eBay por 1,5 bilh\u00e3o de d\u00f3lares em a\u00e7\u00f5es, consolidando ainda mais a reputa\u00e7\u00e3o de Musk como um empreendedor vision\u00e1rio.<\/p>\n\n\n\n<p>N\u00e3o satisfeito em apenas revolucionar o setor financeiro, Musk voltou sua aten\u00e7\u00e3o para o espa\u00e7o e a energia sustent\u00e1vel. Em 2002, fundou a <strong>SpaceX<\/strong> com o objetivo de reduzir os custos de viagem espacial e, eventualmente, colonizar <strong>Marte<\/strong>. A empresa alcan\u00e7ou marcos significativos, como o primeiro foguete de combust\u00edvel l\u00edquido financiado por capital privado a alcan\u00e7ar a \u00f3rbita da <strong>Terra<\/strong>.<\/p>\n\n\n\n<p>Al\u00e9m disso, Musk se tornou CEO da <strong>Tesla Motors em 2008<\/strong>, uma empresa que redefiniu o mercado de ve\u00edculos el\u00e9tricos. Sob sua lideran\u00e7a, a Tesla lan\u00e7ou modelos ic\u00f4nicos como o<strong> Model S, Model 3 e Model X<\/strong>, tornando-se uma das montadoras mais valiosas do mundo.<\/p>\n\n\n\n<figure class=\"wp-block-image size-large\"><img loading=\"lazy\" decoding=\"async\" width=\"1024\" height=\"576\" src=\"https:\/\/www.em.com.br\/emfoco\/wp-content\/uploads\/2024\/12\/elon-musk-dinheiro_1735316805423-1024x576.jpg\" alt=\"Mega da Virada: O que falta para ser um Elon Musk?\" class=\"wp-image-7010\" srcset=\"https:\/\/www.em.com.br\/emfoco\/wp-content\/uploads\/2024\/12\/elon-musk-dinheiro_1735316805423-1024x576.jpg 1024w, https:\/\/www.em.com.br\/emfoco\/wp-content\/uploads\/2024\/12\/elon-musk-dinheiro_1735316805423-300x169.jpg 300w, https:\/\/www.em.com.br\/emfoco\/wp-content\/uploads\/2024\/12\/elon-musk-dinheiro_1735316805423-768x432.jpg 768w, https:\/\/www.em.com.br\/emfoco\/wp-content\/uploads\/2024\/12\/elon-musk-dinheiro_1735316805423-750x422.jpg 750w, https:\/\/www.em.com.br\/emfoco\/wp-content\/uploads\/2024\/12\/elon-musk-dinheiro_1735316805423-1140x641.jpg 1140w, https:\/\/www.em.com.br\/emfoco\/wp-content\/uploads\/2024\/12\/elon-musk-dinheiro_1735316805423.jpg 1280w\" sizes=\"auto, (max-width: 1024px) 100vw, 1024px\" \/><figcaption class=\"wp-element-caption\">Imagem Ilustrativa do Elon Musk &#8211; Cr\u00e9ditos: depositphotos.com \/ FellowNeko<\/figcaption><\/figure>\n\n\n\n<h2 class=\"wp-block-heading\">Qual \u00e9 o valor estimado da fortuna de Elon Musk em 2025?<\/h2>\n\n\n\n<p>Em 2025, a fortuna de Elon Musk \u00e9 estimada em cerca de <strong>385 bilh\u00f5es de d\u00f3lares<\/strong>, consolidando-o como uma das pessoas mais ricas do mundo. Este valor \u00e9 resultado de suas participa\u00e7\u00f5es em empresas como Tesla e SpaceX, al\u00e9m de outros investimentos estrat\u00e9gicos. A valoriza\u00e7\u00e3o das a\u00e7\u00f5es da Tesla, em particular, desempenhou um papel crucial no aumento de sua riqueza nos \u00faltimos anos.<\/p>\n\n\n\n<p>Al\u00e9m de Tesla e SpaceX, Musk tamb\u00e9m possui interesses em outras \u00e1reas, como a Neuralink, que busca integrar o c\u00e9rebro humano com a intelig\u00eancia artificial, e a <strong>The Boring Company<\/strong>, que visa revolucionar o transporte urbano com t\u00faneis subterr\u00e2neos.<\/p>\n\n\n\n<h2 class=\"wp-block-heading\">Fontes de renda de Elon Musk<\/h2>\n\n\n\n<p>As principais fontes de renda de Elon Musk s\u00e3o suas participa\u00e7\u00f5es acion\u00e1rias em empresas inovadoras. A Tesla, sendo uma das mais proeminentes, representa uma parte significativa de sua fortuna. A SpaceX, com seus contratos governamentais e projetos de explora\u00e7\u00e3o espacial, tamb\u00e9m contribui substancialmente para sua riqueza.<\/p>\n\n\n\n<p>Al\u00e9m disso, Musk investe em tecnologias emergentes e startups, diversificando suas fontes de renda. Seus interesses em intelig\u00eancia artificial, transporte urbano e energia renov\u00e1vel mostram seu compromisso em moldar o futuro em v\u00e1rias frentes.<\/p>\n\n\n\n<h2 class=\"wp-block-heading\">Projetos atuais de Elon Musk<\/h2>\n\n\n\n<p>Atualmente, Elon Musk est\u00e1 envolvido em diversos projetos que visam transformar o futuro da humanidade. A SpaceX continua a trabalhar em miss\u00f5es espaciais ambiciosas, incluindo o desenvolvimento do <strong>Starship<\/strong>, uma nave projetada para viagens interplanet\u00e1rias. O objetivo de colonizar Marte permanece uma prioridade para Musk.<\/p>\n\n\n\n<p>Na Tesla, a inova\u00e7\u00e3o continua com o desenvolvimento de novas tecnologias de baterias e ve\u00edculos aut\u00f4nomos. A empresa tamb\u00e9m est\u00e1 expandindo sua infraestrutura de energia solar e armazenamento de energia, alinhando-se com a vis\u00e3o de Musk de um futuro sustent\u00e1vel.<\/p>\n\n\n\n<p>Al\u00e9m disso, a <strong>Neuralink<\/strong> est\u00e1 progredindo em suas pesquisas para criar interfaces c\u00e9rebro-computador, enquanto a The Boring Company est\u00e1 explorando novas solu\u00e7\u00f5es para o congestionamento urbano. Esses projetos refletem a vis\u00e3o de Musk de um futuro interconectado e tecnologicamente avan\u00e7ado.<\/p>\n","protected":false},"excerpt":{"rendered":"<p>Elon Musk, nascido em Pret\u00f3ria, \u00c1frica do Sul, em 1971, iniciou sua trajet\u00f3ria empreendedora desde jovem. Aos 12 anos, desenvolveu e vendeu um jogo de computador chamado &#8220;Blastar&#8220;, demonstrando desde cedo seu interesse por tecnologia e inova\u00e7\u00e3o. Ap\u00f3s completar seus estudos na \u00c1frica do Sul, Musk mudou-se para os Estados Unidos, onde frequentou a Universidade [&hellip;]<\/p>\n","protected":false},"author":5,"featured_media":7011,"comment_status":"open","ping_status":"open","sticky":false,"template":"","format":"standard","meta":{"jnews-multi-image_gallery":[],"jnews_single_post":{"format":"standard"},"jnews_primary_category":[],"jnews_social_meta":[],"jnews_override_counter":[],"footnotes":""},"categories":[28,29,190,1],"tags":[437,438,161,439],"class_list":["post-21988","post","type-post","status-publish","format-standard","has-post-thumbnail","hentry","category-economia","category-entretenimento","category-fortuna","category-noticias","tag-elon-musk","tag-spacex","tag-tecnologia","tag-tesla"],"yoast_head":"<!-- This site is optimized with the Yoast SEO plugin v23.8 - https:\/\/yoast.com\/wordpress\/plugins\/seo\/ -->\n<title>Mentiras sobre Elon Musk est\u00e3o fora de controle! O que est\u00e1 por tr\u00e1s disso? - Estado de Minas - Em foco<\/title>\n<meta name=\"description\" content=\"Desvendando as mentiras e rumores que circulam sobre Elon Musk! Separando fatos de fic\u00e7\u00f5es! Conhe\u00e7a a verdade agora.\" \/>\n<meta name=\"robots\" content=\"index, follow, max-snippet:-1, max-image-preview:large, max-video-preview:-1\" \/>\n<link rel=\"canonical\" href=\"https:\/\/www.em.com.br\/emfoco\/2025\/02\/23\/mentiras-sobre-elon-musk-estao-fora-de-controle-o-que-esta-por-tras-disso\/\" \/>\n<meta property=\"og:locale\" content=\"pt_BR\" \/>\n<meta property=\"og:type\" content=\"article\" \/>\n<meta property=\"og:title\" content=\"Mentiras sobre Elon Musk est\u00e3o fora de controle! O que est\u00e1 por tr\u00e1s disso? - Estado de Minas - Em foco\" \/>\n<meta property=\"og:description\" content=\"Desvendando as mentiras e rumores que circulam sobre Elon Musk! Separando fatos de fic\u00e7\u00f5es! Conhe\u00e7a a verdade agora.\" \/>\n<meta property=\"og:url\" content=\"https:\/\/www.em.com.br\/emfoco\/2025\/02\/23\/mentiras-sobre-elon-musk-estao-fora-de-controle-o-que-esta-por-tras-disso\/\" \/>\n<meta property=\"og:site_name\" content=\"Estado de Minas - Em foco\" \/>\n<meta property=\"article:published_time\" content=\"2025-02-23T17:00:03+00:00\" \/>\n<meta property=\"article:modified_time\" content=\"2025-02-23T17:00:04+00:00\" \/>\n<meta property=\"og:image\" content=\"https:\/\/www.em.com.br\/emfoco\/wp-content\/uploads\/2024\/12\/elon-musk-_1735317208846.jpg\" \/>\n\t<meta property=\"og:image:width\" content=\"1280\" \/>\n\t<meta property=\"og:image:height\" content=\"720\" \/>\n\t<meta property=\"og:image:type\" content=\"image\/jpeg\" \/>\n<meta name=\"author\" content=\"N\u00fabia Rangel\" \/>\n<meta name=\"twitter:card\" content=\"summary_large_image\" \/>\n<meta name=\"twitter:label1\" content=\"Escrito por\" \/>\n\t<meta name=\"twitter:data1\" content=\"N\u00fabia Rangel\" \/>\n\t<meta name=\"twitter:label2\" content=\"Est. tempo de leitura\" \/>\n\t<meta name=\"twitter:data2\" content=\"4 minutos\" \/>\n<!-- \/ Yoast SEO plugin. -->","yoast_head_json":{"title":"Mentiras sobre Elon Musk est\u00e3o fora de controle! O que est\u00e1 por tr\u00e1s disso? - Estado de Minas - Em foco","description":"Desvendando as mentiras e rumores que circulam sobre Elon Musk! Separando fatos de fic\u00e7\u00f5es! Conhe\u00e7a a verdade agora.","robots":{"index":"index","follow":"follow","max-snippet":"max-snippet:-1","max-image-preview":"max-image-preview:large","max-video-preview":"max-video-preview:-1"},"canonical":"https:\/\/www.em.com.br\/emfoco\/2025\/02\/23\/mentiras-sobre-elon-musk-estao-fora-de-controle-o-que-esta-por-tras-disso\/","og_locale":"pt_BR","og_type":"article","og_title":"Mentiras sobre Elon Musk est\u00e3o fora de controle! O que est\u00e1 por tr\u00e1s disso? - Estado de Minas - Em foco","og_description":"Desvendando as mentiras e rumores que circulam sobre Elon Musk! Separando fatos de fic\u00e7\u00f5es! Conhe\u00e7a a verdade agora.","og_url":"https:\/\/www.em.com.br\/emfoco\/2025\/02\/23\/mentiras-sobre-elon-musk-estao-fora-de-controle-o-que-esta-por-tras-disso\/","og_site_name":"Estado de Minas - Em foco","article_published_time":"2025-02-23T17:00:03+00:00","article_modified_time":"2025-02-23T17:00:04+00:00","og_image":[{"width":1280,"height":720,"url":"https:\/\/www.em.com.br\/emfoco\/wp-content\/uploads\/2024\/12\/elon-musk-_1735317208846.jpg","type":"image\/jpeg"}],"author":"N\u00fabia Rangel","twitter_card":"summary_large_image","twitter_misc":{"Escrito por":"N\u00fabia Rangel","Est. tempo de leitura":"4 minutos"},"schema":{"@context":"https:\/\/schema.org","@graph":[{"@type":"WebPage","@id":"https:\/\/www.em.com.br\/emfoco\/2025\/02\/23\/mentiras-sobre-elon-musk-estao-fora-de-controle-o-que-esta-por-tras-disso\/","url":"https:\/\/www.em.com.br\/emfoco\/2025\/02\/23\/mentiras-sobre-elon-musk-estao-fora-de-controle-o-que-esta-por-tras-disso\/","name":"Mentiras sobre Elon Musk est\u00e3o fora de controle! O que est\u00e1 por tr\u00e1s disso? - Estado de Minas - Em foco","isPartOf":{"@id":"https:\/\/www.em.com.br\/emfoco\/#website"},"primaryImageOfPage":{"@id":"https:\/\/www.em.com.br\/emfoco\/2025\/02\/23\/mentiras-sobre-elon-musk-estao-fora-de-controle-o-que-esta-por-tras-disso\/#primaryimage"},"image":{"@id":"https:\/\/www.em.com.br\/emfoco\/2025\/02\/23\/mentiras-sobre-elon-musk-estao-fora-de-controle-o-que-esta-por-tras-disso\/#primaryimage"},"thumbnailUrl":"https:\/\/www.em.com.br\/emfoco\/wp-content\/uploads\/2024\/12\/elon-musk-_1735317208846.jpg","datePublished":"2025-02-23T17:00:03+00:00","dateModified":"2025-02-23T17:00:04+00:00","author":{"@id":"https:\/\/www.em.com.br\/emfoco\/#\/schema\/person\/524437ef54f8a5d32591b143307f2e20"},"description":"Desvendando as mentiras e rumores que circulam sobre Elon Musk! Separando fatos de fic\u00e7\u00f5es! Conhe\u00e7a a verdade agora.","breadcrumb":{"@id":"https:\/\/www.em.com.br\/emfoco\/2025\/02\/23\/mentiras-sobre-elon-musk-estao-fora-de-controle-o-que-esta-por-tras-disso\/#breadcrumb"},"inLanguage":"pt-BR","potentialAction":[{"@type":"ReadAction","target":["https:\/\/www.em.com.br\/emfoco\/2025\/02\/23\/mentiras-sobre-elon-musk-estao-fora-de-controle-o-que-esta-por-tras-disso\/"]}]},{"@type":"ImageObject","inLanguage":"pt-BR","@id":"https:\/\/www.em.com.br\/emfoco\/2025\/02\/23\/mentiras-sobre-elon-musk-estao-fora-de-controle-o-que-esta-por-tras-disso\/#primaryimage","url":"https:\/\/www.em.com.br\/emfoco\/wp-content\/uploads\/2024\/12\/elon-musk-_1735317208846.jpg","contentUrl":"https:\/\/www.em.com.br\/emfoco\/wp-content\/uploads\/2024\/12\/elon-musk-_1735317208846.jpg","width":1280,"height":720,"caption":"Elon Musk - Cr\u00e9ditos: depositphotos.com \/ imagepressagency"},{"@type":"BreadcrumbList","@id":"https:\/\/www.em.com.br\/emfoco\/2025\/02\/23\/mentiras-sobre-elon-musk-estao-fora-de-controle-o-que-esta-por-tras-disso\/#breadcrumb","itemListElement":[{"@type":"ListItem","position":1,"name":"In\u00edcio","item":"https:\/\/www.em.com.br\/emfoco\/"},{"@type":"ListItem","position":2,"name":"Mentiras sobre Elon Musk est\u00e3o fora de controle! O que est\u00e1 por tr\u00e1s disso?"}]},{"@type":"WebSite","@id":"https:\/\/www.em.com.br\/emfoco\/#website","url":"https:\/\/www.em.com.br\/emfoco\/","name":"Estado de Minas - Em foco","description":"Acompanhe as \u00faltimas not\u00edcias e fique bem informado sobre tudo o que acontece em Minas Gerais, Brasil e no mundo.","potentialAction":[{"@type":"SearchAction","target":{"@type":"EntryPoint","urlTemplate":"https:\/\/www.em.com.br\/emfoco\/?s={search_term_string}"},"query-input":{"@type":"PropertyValueSpecification","valueRequired":true,"valueName":"search_term_string"}}],"inLanguage":"pt-BR"},{"@type":"Person","@id":"https:\/\/www.em.com.br\/emfoco\/#\/schema\/person\/524437ef54f8a5d32591b143307f2e20","name":"N\u00fabia Rangel","image":{"@type":"ImageObject","inLanguage":"pt-BR","@id":"https:\/\/www.em.com.br\/emfoco\/#\/schema\/person\/image\/","url":"https:\/\/secure.gravatar.com\/avatar\/47cff2827a5ba23c37e8068c86817ea4?s=96&d=mm&r=g","contentUrl":"https:\/\/secure.gravatar.com\/avatar\/47cff2827a5ba23c37e8068c86817ea4?s=96&d=mm&r=g","caption":"N\u00fabia Rangel"},"sameAs":["https:\/\/www.em.com.br\/emfoco\/"],"url":"https:\/\/www.em.com.br\/emfoco\/author\/nubiamyth\/"}]}},"_links":{"self":[{"href":"https:\/\/www.em.com.br\/emfoco\/wp-json\/wp\/v2\/posts\/21988","targetHints":{"allow":["GET"]}}],"collection":[{"href":"https:\/\/www.em.com.br\/emfoco\/wp-json\/wp\/v2\/posts"}],"about":[{"href":"https:\/\/www.em.com.br\/emfoco\/wp-json\/wp\/v2\/types\/post"}],"author":[{"embeddable":true,"href":"https:\/\/www.em.com.br\/emfoco\/wp-json\/wp\/v2\/users\/5"}],"replies":[{"embeddable":true,"href":"https:\/\/www.em.com.br\/emfoco\/wp-json\/wp\/v2\/comments?post=21988"}],"version-history":[{"count":4,"href":"https:\/\/www.em.com.br\/emfoco\/wp-json\/wp\/v2\/posts\/21988\/revisions"}],"predecessor-version":[{"id":22214,"href":"https:\/\/www.em.com.br\/emfoco\/wp-json\/wp\/v2\/posts\/21988\/revisions\/22214"}],"wp:featuredmedia":[{"embeddable":true,"href":"https:\/\/www.em.com.br\/emfoco\/wp-json\/wp\/v2\/media\/7011"}],"wp:attachment":[{"href":"https:\/\/www.em.com.br\/emfoco\/wp-json\/wp\/v2\/media?parent=21988"}],"wp:term":[{"taxonomy":"category","embeddable":true,"href":"https:\/\/www.em.com.br\/emfoco\/wp-json\/wp\/v2\/categories?post=21988"},{"taxonomy":"post_tag","embeddable":true,"href":"https:\/\/www.em.com.br\/emfoco\/wp-json\/wp\/v2\/tags?post=21988"}],"curies":[{"name":"wp","href":"https:\/\/api.w.org\/{rel}","templated":true}]}}