{"id":21979,"date":"2025-02-21T20:00:08","date_gmt":"2025-02-21T23:00:08","guid":{"rendered":"https:\/\/www.em.com.br\/emfoco\/?p=21979"},"modified":"2025-02-21T20:00:09","modified_gmt":"2025-02-21T23:00:09","slug":"banco-do-brasil-se-prepara-para-o-pior-e-alerta-brasileiros-para-tempos-dificeis","status":"publish","type":"post","link":"https:\/\/www.em.com.br\/emfoco\/2025\/02\/21\/banco-do-brasil-se-prepara-para-o-pior-e-alerta-brasileiros-para-tempos-dificeis\/","title":{"rendered":"Banco do Brasil se prepara para o pior e alerta brasileiros para tempos dif\u00edceis"},"content":{"rendered":"\n<p>O <strong>Banco do Brasil<\/strong> elevou significativamente suas provis\u00f5es para devedores duvidosos (<strong>PDD<\/strong>), alcan\u00e7ando um n\u00edvel recorde de R$ 41,9 bilh\u00f5es. Esta decis\u00e3o contrasta com a estrat\u00e9gia adotada por outros grandes bancos brasileiros, como <strong>Bradesco, Santander e Ita\u00fa Unibanco<\/strong>, que optaram por reduzir suas provis\u00f5es. A medida do Banco do Brasil reflete uma postura mais cautelosa diante de poss\u00edveis inadimpl\u00eancias, especialmente no setor do agroneg\u00f3cio.<\/p>\n\n\n\n<p>Em 2024, o agroneg\u00f3cio brasileiro enfrentou um aumento expressivo nos pedidos de recupera\u00e7\u00e3o judicial, com um crescimento de 529% em rela\u00e7\u00e3o ao ano anterior. Este cen\u00e1rio adverso, combinado com a alta da taxa <strong>Selic<\/strong> e o bloqueio do <strong>Plano Safra<\/strong>, pode ter motivado o Banco do Brasil a refor\u00e7ar suas provis\u00f5es como uma medida preventiva.<\/p>\n\n\n\n<h2 class=\"wp-block-heading\">Qual o impacto da crise no agroneg\u00f3cio?<\/h2>\n\n\n\n<p>A crise no agroneg\u00f3cio tem gerado preocupa\u00e7\u00f5es significativas no setor financeiro. O aumento nos pedidos de recupera\u00e7\u00e3o judicial \u00e9 um indicativo claro das dificuldades enfrentadas por empresas agr\u00edcolas. Este cen\u00e1rio de incerteza econ\u00f4mica levou o Banco do Brasil a adotar uma postura mais conservadora, aumentando suas provis\u00f5es para se proteger contra poss\u00edveis calotes.<\/p>\n\n\n\n<p>O agroneg\u00f3cio \u00e9 um dos pilares da economia brasileira, e qualquer instabilidade nesse setor pode ter repercuss\u00f5es amplas. A decis\u00e3o do Banco do Brasil de aumentar suas provis\u00f5es pode ser vista como uma estrat\u00e9gia para mitigar riscos e garantir a estabilidade financeira em um momento de incerteza.<\/p>\n\n\n\n<figure class=\"wp-block-image size-large\"><img loading=\"lazy\" decoding=\"async\" width=\"1024\" height=\"576\" src=\"https:\/\/www.em.com.br\/emfoco\/wp-content\/uploads\/2024\/12\/Agronegocio_1735211610849-1024x576.jpg\" alt=\"Exporta\u00e7\u00f5es do Agroneg\u00f3cio de Minas Gerais batem recordes em 2024\" class=\"wp-image-6686\" srcset=\"https:\/\/www.em.com.br\/emfoco\/wp-content\/uploads\/2024\/12\/Agronegocio_1735211610849-1024x576.jpg 1024w, https:\/\/www.em.com.br\/emfoco\/wp-content\/uploads\/2024\/12\/Agronegocio_1735211610849-300x169.jpg 300w, https:\/\/www.em.com.br\/emfoco\/wp-content\/uploads\/2024\/12\/Agronegocio_1735211610849-768x432.jpg 768w, https:\/\/www.em.com.br\/emfoco\/wp-content\/uploads\/2024\/12\/Agronegocio_1735211610849-750x422.jpg 750w, https:\/\/www.em.com.br\/emfoco\/wp-content\/uploads\/2024\/12\/Agronegocio_1735211610849-1140x641.jpg 1140w, https:\/\/www.em.com.br\/emfoco\/wp-content\/uploads\/2024\/12\/Agronegocio_1735211610849.jpg 1280w\" sizes=\"auto, (max-width: 1024px) 100vw, 1024px\" \/><figcaption class=\"wp-element-caption\">Imagem Ilustrativa de Agroneg\u00f3cio &#8211; Cr\u00e9ditos: depositphotos.com \/ AndrewLozovyi<\/figcaption><\/figure>\n\n\n\n<h2 class=\"wp-block-heading\">Otimismo retorna ao mercado brasileiro?<\/h2>\n\n\n\n<p>Apesar das dificuldades enfrentadas pelo agroneg\u00f3cio, h\u00e1 sinais de otimismo no mercado financeiro brasileiro. Uma pesquisa do <strong>Bank of America<\/strong> revelou que gestores de fundos est\u00e3o mais confiantes em rela\u00e7\u00e3o ao desempenho do<strong> Ibovespa<\/strong>, com proje\u00e7\u00f5es de crescimento para 130 mil pontos. Al\u00e9m disso, a percep\u00e7\u00e3o sobre o d\u00f3lar tamb\u00e9m melhorou, com expectativas de que a moeda encerre o ano em um patamar mais baixo do que o previsto anteriormente.<\/p>\n\n\n\n<p>Esse otimismo pode ser atribu\u00eddo a uma s\u00e9rie de fatores, incluindo a expectativa de estabilidade pol\u00edtica e econ\u00f4mica, bem como a confian\u00e7a nas pol\u00edticas fiscais do governo. No entanto, \u00e9 importante que o governo mantenha seu compromisso com a responsabilidade fiscal para sustentar essa confian\u00e7a no longo prazo.<\/p>\n\n\n\n<h2 class=\"wp-block-heading\">Como o Banco Central est\u00e1 inovando com o Pix?<\/h2>\n\n\n\n<p>O <strong>Banco Central do Brasil<\/strong> est\u00e1 prestes a lan\u00e7ar uma nova funcionalidade do Pix, que permitir\u00e1 pagamentos por aproxima\u00e7\u00e3o. Esta inova\u00e7\u00e3o visa facilitar ainda mais as transa\u00e7\u00f5es financeiras, permitindo que os usu\u00e1rios realizem pagamentos sem a necessidade de acessar o aplicativo da institui\u00e7\u00e3o financeira. A previs\u00e3o \u00e9 que essa funcionalidade esteja dispon\u00edvel em todo o pa\u00eds at\u00e9 o final de fevereiro de 2025.<\/p>\n\n\n\n<p>O Pix tem se consolidado como uma ferramenta essencial no sistema financeiro brasileiro, promovendo a inclus\u00e3o financeira e aumentando a efici\u00eancia das transa\u00e7\u00f5es. A introdu\u00e7\u00e3o do pagamento por aproxima\u00e7\u00e3o \u00e9 mais um passo na evolu\u00e7\u00e3o do sistema, tornando-o ainda mais acess\u00edvel e conveniente para os usu\u00e1rios.<\/p>\n\n\n\n<h2 class=\"wp-block-heading\">Quais s\u00e3o as perspectivas para o varejo brasileiro?<\/h2>\n\n\n\n<p>As previs\u00f5es para o varejo brasileiro no trimestre entre fevereiro e abril de 2025 n\u00e3o s\u00e3o animadoras. De acordo com a <strong>Ibevar-FIA Business School<\/strong>, espera-se uma queda de 2,86% nas vendas em compara\u00e7\u00e3o com o trimestre anterior. O varejo ampliado, que inclui ve\u00edculos e materiais de constru\u00e7\u00e3o, deve sofrer uma retra\u00e7\u00e3o ainda maior, de 3,26%.<\/p>\n\n\n\n<p>Os segmentos mais afetados ser\u00e3o os de livros e revistas, artigos de uso pessoal, e m\u00f3veis e eletrodom\u00e9sticos. Por outro lado, os setores de alimentos e supermercados devem apresentar um desempenho positivo, com ligeiros aumentos nas vendas. Essa perspectiva reflete os desafios econ\u00f4micos enfrentados pelo pa\u00eds, mas tamb\u00e9m aponta para oportunidades de crescimento em setores espec\u00edficos.<\/p>\n","protected":false},"excerpt":{"rendered":"<p>O Banco do Brasil elevou significativamente suas provis\u00f5es para devedores duvidosos (PDD), alcan\u00e7ando um n\u00edvel recorde de R$ 41,9 bilh\u00f5es. Esta decis\u00e3o contrasta com a estrat\u00e9gia adotada por outros grandes bancos brasileiros, como Bradesco, Santander e Ita\u00fa Unibanco, que optaram por reduzir suas provis\u00f5es. A medida do Banco do Brasil reflete uma postura mais cautelosa [&hellip;]<\/p>\n","protected":false},"author":5,"featured_media":14717,"comment_status":"open","ping_status":"open","sticky":false,"template":"","format":"standard","meta":{"jnews-multi-image_gallery":[],"jnews_single_post":{"format":"standard"},"jnews_primary_category":[],"jnews_social_meta":[],"jnews_override_counter":[],"footnotes":""},"categories":[28,1],"tags":[1814,5421,1176,2172],"class_list":["post-21979","post","type-post","status-publish","format-standard","has-post-thumbnail","hentry","category-economia","category-noticias","tag-agronegocio","tag-banco-do-brasil","tag-economia-brasileira","tag-sistema-financeiro"],"yoast_head":"<!-- This site is optimized with the Yoast SEO plugin v23.8 - https:\/\/yoast.com\/wordpress\/plugins\/seo\/ -->\n<title>Banco do Brasil se prepara para o pior e alerta brasileiros para tempos dif\u00edceis - Estado de Minas - Em foco<\/title>\n<meta name=\"description\" content=\"Banco do Brasil antecipa cen\u00e1rios desafiadores e orienta brasileiros sobre como enfrentar o pior. Veja o que est\u00e1 sendo feito!\" \/>\n<meta name=\"robots\" content=\"index, follow, max-snippet:-1, max-image-preview:large, max-video-preview:-1\" \/>\n<link rel=\"canonical\" href=\"https:\/\/www.em.com.br\/emfoco\/2025\/02\/21\/banco-do-brasil-se-prepara-para-o-pior-e-alerta-brasileiros-para-tempos-dificeis\/\" \/>\n<meta property=\"og:locale\" content=\"pt_BR\" \/>\n<meta property=\"og:type\" content=\"article\" \/>\n<meta property=\"og:title\" content=\"Banco do Brasil se prepara para o pior e alerta brasileiros para tempos dif\u00edceis - Estado de Minas - Em foco\" \/>\n<meta property=\"og:description\" content=\"Banco do Brasil antecipa cen\u00e1rios desafiadores e orienta brasileiros sobre como enfrentar o pior. Veja o que est\u00e1 sendo feito!\" \/>\n<meta property=\"og:url\" content=\"https:\/\/www.em.com.br\/emfoco\/2025\/02\/21\/banco-do-brasil-se-prepara-para-o-pior-e-alerta-brasileiros-para-tempos-dificeis\/\" \/>\n<meta property=\"og:site_name\" content=\"Estado de Minas - Em foco\" \/>\n<meta property=\"article:published_time\" content=\"2025-02-21T23:00:08+00:00\" \/>\n<meta property=\"article:modified_time\" content=\"2025-02-21T23:00:09+00:00\" \/>\n<meta property=\"og:image\" content=\"https:\/\/www.em.com.br\/emfoco\/wp-content\/uploads\/2025\/01\/agencia-banco-do-brasil_1738173872488.jpg\" \/>\n\t<meta property=\"og:image:width\" content=\"1280\" \/>\n\t<meta property=\"og:image:height\" content=\"720\" \/>\n\t<meta property=\"og:image:type\" content=\"image\/jpeg\" \/>\n<meta name=\"author\" content=\"N\u00fabia Rangel\" \/>\n<meta name=\"twitter:card\" content=\"summary_large_image\" \/>\n<meta name=\"twitter:label1\" content=\"Escrito por\" \/>\n\t<meta name=\"twitter:data1\" content=\"N\u00fabia Rangel\" \/>\n\t<meta name=\"twitter:label2\" content=\"Est. tempo de leitura\" \/>\n\t<meta name=\"twitter:data2\" content=\"4 minutos\" \/>\n<!-- \/ Yoast SEO plugin. -->","yoast_head_json":{"title":"Banco do Brasil se prepara para o pior e alerta brasileiros para tempos dif\u00edceis - Estado de Minas - Em foco","description":"Banco do Brasil antecipa cen\u00e1rios desafiadores e orienta brasileiros sobre como enfrentar o pior. Veja o que est\u00e1 sendo feito!","robots":{"index":"index","follow":"follow","max-snippet":"max-snippet:-1","max-image-preview":"max-image-preview:large","max-video-preview":"max-video-preview:-1"},"canonical":"https:\/\/www.em.com.br\/emfoco\/2025\/02\/21\/banco-do-brasil-se-prepara-para-o-pior-e-alerta-brasileiros-para-tempos-dificeis\/","og_locale":"pt_BR","og_type":"article","og_title":"Banco do Brasil se prepara para o pior e alerta brasileiros para tempos dif\u00edceis - Estado de Minas - Em foco","og_description":"Banco do Brasil antecipa cen\u00e1rios desafiadores e orienta brasileiros sobre como enfrentar o pior. Veja o que est\u00e1 sendo feito!","og_url":"https:\/\/www.em.com.br\/emfoco\/2025\/02\/21\/banco-do-brasil-se-prepara-para-o-pior-e-alerta-brasileiros-para-tempos-dificeis\/","og_site_name":"Estado de Minas - Em foco","article_published_time":"2025-02-21T23:00:08+00:00","article_modified_time":"2025-02-21T23:00:09+00:00","og_image":[{"width":1280,"height":720,"url":"https:\/\/www.em.com.br\/emfoco\/wp-content\/uploads\/2025\/01\/agencia-banco-do-brasil_1738173872488.jpg","type":"image\/jpeg"}],"author":"N\u00fabia Rangel","twitter_card":"summary_large_image","twitter_misc":{"Escrito por":"N\u00fabia Rangel","Est. tempo de leitura":"4 minutos"},"schema":{"@context":"https:\/\/schema.org","@graph":[{"@type":"WebPage","@id":"https:\/\/www.em.com.br\/emfoco\/2025\/02\/21\/banco-do-brasil-se-prepara-para-o-pior-e-alerta-brasileiros-para-tempos-dificeis\/","url":"https:\/\/www.em.com.br\/emfoco\/2025\/02\/21\/banco-do-brasil-se-prepara-para-o-pior-e-alerta-brasileiros-para-tempos-dificeis\/","name":"Banco do Brasil se prepara para o pior e alerta brasileiros para tempos dif\u00edceis - Estado de Minas - Em foco","isPartOf":{"@id":"https:\/\/www.em.com.br\/emfoco\/#website"},"primaryImageOfPage":{"@id":"https:\/\/www.em.com.br\/emfoco\/2025\/02\/21\/banco-do-brasil-se-prepara-para-o-pior-e-alerta-brasileiros-para-tempos-dificeis\/#primaryimage"},"image":{"@id":"https:\/\/www.em.com.br\/emfoco\/2025\/02\/21\/banco-do-brasil-se-prepara-para-o-pior-e-alerta-brasileiros-para-tempos-dificeis\/#primaryimage"},"thumbnailUrl":"https:\/\/www.em.com.br\/emfoco\/wp-content\/uploads\/2025\/01\/agencia-banco-do-brasil_1738173872488.jpg","datePublished":"2025-02-21T23:00:08+00:00","dateModified":"2025-02-21T23:00:09+00:00","author":{"@id":"https:\/\/www.em.com.br\/emfoco\/#\/schema\/person\/524437ef54f8a5d32591b143307f2e20"},"description":"Banco do Brasil antecipa cen\u00e1rios desafiadores e orienta brasileiros sobre como enfrentar o pior. Veja o que est\u00e1 sendo feito!","breadcrumb":{"@id":"https:\/\/www.em.com.br\/emfoco\/2025\/02\/21\/banco-do-brasil-se-prepara-para-o-pior-e-alerta-brasileiros-para-tempos-dificeis\/#breadcrumb"},"inLanguage":"pt-BR","potentialAction":[{"@type":"ReadAction","target":["https:\/\/www.em.com.br\/emfoco\/2025\/02\/21\/banco-do-brasil-se-prepara-para-o-pior-e-alerta-brasileiros-para-tempos-dificeis\/"]}]},{"@type":"ImageObject","inLanguage":"pt-BR","@id":"https:\/\/www.em.com.br\/emfoco\/2025\/02\/21\/banco-do-brasil-se-prepara-para-o-pior-e-alerta-brasileiros-para-tempos-dificeis\/#primaryimage","url":"https:\/\/www.em.com.br\/emfoco\/wp-content\/uploads\/2025\/01\/agencia-banco-do-brasil_1738173872488.jpg","contentUrl":"https:\/\/www.em.com.br\/emfoco\/wp-content\/uploads\/2025\/01\/agencia-banco-do-brasil_1738173872488.jpg","width":1280,"height":720,"caption":"Banco do Brasil - Cr\u00e9ditos: depositphotos.com \/ AngelaMacario"},{"@type":"BreadcrumbList","@id":"https:\/\/www.em.com.br\/emfoco\/2025\/02\/21\/banco-do-brasil-se-prepara-para-o-pior-e-alerta-brasileiros-para-tempos-dificeis\/#breadcrumb","itemListElement":[{"@type":"ListItem","position":1,"name":"In\u00edcio","item":"https:\/\/www.em.com.br\/emfoco\/"},{"@type":"ListItem","position":2,"name":"Banco do Brasil se prepara para o pior e alerta brasileiros para tempos dif\u00edceis"}]},{"@type":"WebSite","@id":"https:\/\/www.em.com.br\/emfoco\/#website","url":"https:\/\/www.em.com.br\/emfoco\/","name":"Estado de Minas - Em foco","description":"Acompanhe as \u00faltimas not\u00edcias e fique bem informado sobre tudo o que acontece em Minas Gerais, Brasil e no mundo.","potentialAction":[{"@type":"SearchAction","target":{"@type":"EntryPoint","urlTemplate":"https:\/\/www.em.com.br\/emfoco\/?s={search_term_string}"},"query-input":{"@type":"PropertyValueSpecification","valueRequired":true,"valueName":"search_term_string"}}],"inLanguage":"pt-BR"},{"@type":"Person","@id":"https:\/\/www.em.com.br\/emfoco\/#\/schema\/person\/524437ef54f8a5d32591b143307f2e20","name":"N\u00fabia Rangel","image":{"@type":"ImageObject","inLanguage":"pt-BR","@id":"https:\/\/www.em.com.br\/emfoco\/#\/schema\/person\/image\/","url":"https:\/\/secure.gravatar.com\/avatar\/47cff2827a5ba23c37e8068c86817ea4?s=96&d=mm&r=g","contentUrl":"https:\/\/secure.gravatar.com\/avatar\/47cff2827a5ba23c37e8068c86817ea4?s=96&d=mm&r=g","caption":"N\u00fabia Rangel"},"sameAs":["https:\/\/www.em.com.br\/emfoco\/"],"url":"https:\/\/www.em.com.br\/emfoco\/author\/nubiamyth\/"}]}},"_links":{"self":[{"href":"https:\/\/www.em.com.br\/emfoco\/wp-json\/wp\/v2\/posts\/21979","targetHints":{"allow":["GET"]}}],"collection":[{"href":"https:\/\/www.em.com.br\/emfoco\/wp-json\/wp\/v2\/posts"}],"about":[{"href":"https:\/\/www.em.com.br\/emfoco\/wp-json\/wp\/v2\/types\/post"}],"author":[{"embeddable":true,"href":"https:\/\/www.em.com.br\/emfoco\/wp-json\/wp\/v2\/users\/5"}],"replies":[{"embeddable":true,"href":"https:\/\/www.em.com.br\/emfoco\/wp-json\/wp\/v2\/comments?post=21979"}],"version-history":[{"count":4,"href":"https:\/\/www.em.com.br\/emfoco\/wp-json\/wp\/v2\/posts\/21979\/revisions"}],"predecessor-version":[{"id":21983,"href":"https:\/\/www.em.com.br\/emfoco\/wp-json\/wp\/v2\/posts\/21979\/revisions\/21983"}],"wp:featuredmedia":[{"embeddable":true,"href":"https:\/\/www.em.com.br\/emfoco\/wp-json\/wp\/v2\/media\/14717"}],"wp:attachment":[{"href":"https:\/\/www.em.com.br\/emfoco\/wp-json\/wp\/v2\/media?parent=21979"}],"wp:term":[{"taxonomy":"category","embeddable":true,"href":"https:\/\/www.em.com.br\/emfoco\/wp-json\/wp\/v2\/categories?post=21979"},{"taxonomy":"post_tag","embeddable":true,"href":"https:\/\/www.em.com.br\/emfoco\/wp-json\/wp\/v2\/tags?post=21979"}],"curies":[{"name":"wp","href":"https:\/\/api.w.org\/{rel}","templated":true}]}}