{"id":21848,"date":"2025-02-27T10:20:00","date_gmt":"2025-02-27T13:20:00","guid":{"rendered":"https:\/\/www.em.com.br\/emfoco\/?p=21848"},"modified":"2025-02-26T17:36:28","modified_gmt":"2025-02-26T20:36:28","slug":"como-esta-cidade-brasileira-esta-revolucionando-o-planejamento-urbano","status":"publish","type":"post","link":"https:\/\/www.em.com.br\/emfoco\/2025\/02\/27\/como-esta-cidade-brasileira-esta-revolucionando-o-planejamento-urbano\/","title":{"rendered":"Como esta cidade brasileira est\u00e1 revolucionando o planejamento urbano!"},"content":{"rendered":"\n<p>O crescimento urbano no <strong>Brasil <\/strong>\u00e9 um tema que desperta grande interesse devido aos desafios e oportunidades que apresenta. <strong>Joinville<\/strong>, uma cidade localizada em <strong><a href=\"https:\/\/www.em.com.br\/emfoco\/2025\/02\/20\/santa-catarina-atrai-r-2-bilhoes-em-investimentos-e-se-destaca-no-setor-tecnologico\/\" target=\"_blank\" rel=\"noreferrer noopener\">Santa Catarina<\/a><\/strong>, tem se destacado por suas solu\u00e7\u00f5es inovadoras no campo do planejamento urbano. A cidade busca equilibrar o desenvolvimento econ\u00f4mico com a sustentabilidade, oferecendo um modelo a ser seguido por outras regi\u00f5es.<\/p>\n\n\n\n<p>Com uma abordagem que integra tecnologia e planejamento estrat\u00e9gico, Joinville se posiciona como um exemplo de como as cidades podem crescer de maneira ordenada e sustent\u00e1vel. Este tipo de urbaniza\u00e7\u00e3o \u00e9 essencial para enfrentar os desafios do s\u00e9culo XXI.<\/p>\n\n\n\n<h2 class=\"wp-block-heading\">Quais estrat\u00e9gias Joinville utiliza para gerenciar o crescimento urbano?<\/h2>\n\n\n\n<p>Joinville tem implementado uma s\u00e9rie de estrat\u00e9gias para garantir um crescimento urbano eficiente e sustent\u00e1vel. A cidade faz uso de tecnologias modernas e um planejamento detalhado para otimizar o uso do solo e melhorar a mobilidade urbana. Estas pr\u00e1ticas asseguram que o crescimento seja tanto ordenado quanto ben\u00e9fico para os seus habitantes.<\/p>\n\n\n\n<p>Entre as principais iniciativas est\u00e3o:<\/p>\n\n\n\n<ul class=\"wp-block-list\">\n<li><strong>Planejamento baseado em dados:<\/strong> Uso de informa\u00e7\u00f5es precisas para orientar o desenvolvimento urbano.<\/li>\n\n\n\n<li><strong>Sistemas de tr\u00e1fego inteligentes:<\/strong> Tecnologias que melhoram a circula\u00e7\u00e3o e reduzem o congestionamento.<\/li>\n\n\n\n<li><strong>Pr\u00e1ticas ambientais sustent\u00e1veis:<\/strong> Foco em a\u00e7\u00f5es que promovem a conserva\u00e7\u00e3o ambiental e a efici\u00eancia energ\u00e9tica.<\/li>\n<\/ul>\n\n\n\n<figure class=\"wp-block-image size-large\"><img loading=\"lazy\" decoding=\"async\" width=\"1024\" height=\"576\" src=\"https:\/\/www.em.com.br\/emfoco\/wp-content\/uploads\/2025\/01\/Joinville_1737997451782-1024x576.jpg\" alt=\"Joinville lidera pr\u00e1ticas de planejamento urbano sustent\u00e1vel no Brasil\" class=\"wp-image-14071\" srcset=\"https:\/\/www.em.com.br\/emfoco\/wp-content\/uploads\/2025\/01\/Joinville_1737997451782-1024x576.jpg 1024w, https:\/\/www.em.com.br\/emfoco\/wp-content\/uploads\/2025\/01\/Joinville_1737997451782-300x169.jpg 300w, https:\/\/www.em.com.br\/emfoco\/wp-content\/uploads\/2025\/01\/Joinville_1737997451782-768x432.jpg 768w, https:\/\/www.em.com.br\/emfoco\/wp-content\/uploads\/2025\/01\/Joinville_1737997451782-750x422.jpg 750w, https:\/\/www.em.com.br\/emfoco\/wp-content\/uploads\/2025\/01\/Joinville_1737997451782-1140x641.jpg 1140w, https:\/\/www.em.com.br\/emfoco\/wp-content\/uploads\/2025\/01\/Joinville_1737997451782.jpg 1280w\" sizes=\"auto, (max-width: 1024px) 100vw, 1024px\" \/><figcaption class=\"wp-element-caption\">Joinville &#8211; Cr\u00e9ditos: depositphotos.com \/ sasha64f<\/figcaption><\/figure>\n\n\n\n<h2 class=\"wp-block-heading\">Quais outras cidades brasileiras s\u00e3o refer\u00eancias em planejamento urbano?<\/h2>\n\n\n\n<p>Al\u00e9m de Joinville, v\u00e1rias cidades no Brasil s\u00e3o reconhecidas por suas pr\u00e1ticas inovadoras em planejamento urbano. Estas cidades demonstram como estrat\u00e9gias bem elaboradas podem melhorar a qualidade de vida dos cidad\u00e3os.<\/p>\n\n\n\n<ol class=\"wp-block-list\">\n<li><strong>Bras\u00edlia (DF):<\/strong> Projetada para ser um exemplo de modernidade e organiza\u00e7\u00e3o.<\/li>\n\n\n\n<li><strong><a href=\"https:\/\/www.curitiba.pr.gov.br\/\" target=\"_blank\" rel=\"noreferrer noopener\">Curitiba<\/a> (PR):<\/strong> Conhecida por suas solu\u00e7\u00f5es em transporte e sustentabilidade.<\/li>\n\n\n\n<li><strong>Palmas (TO):<\/strong> Planejada para ser uma cidade modelo em infraestrutura.<\/li>\n\n\n\n<li><strong>Maring\u00e1 (PR):<\/strong> Destaca-se por sua qualidade de vida e planejamento urbano eficaz.<\/li>\n\n\n\n<li><strong>Vit\u00f3ria (ES):<\/strong> Famosa por suas pr\u00e1ticas sustent\u00e1veis e inova\u00e7\u00f5es urban\u00edsticas.<\/li>\n\n\n\n<li><strong>Campinas (SP):<\/strong> Um centro tecnol\u00f3gico que investe em planejamento cont\u00ednuo.<\/li>\n<\/ol>\n\n\n\n<h2 class=\"wp-block-heading\">Como o planejamento urbano impacta a vida dos moradores?<\/h2>\n\n\n\n<p>O planejamento urbano eficaz tem um impacto profundo na vida dos habitantes de uma cidade. Cidades como Joinville, que investem em sistemas de transporte p\u00fablico eficientes e servi\u00e7os acess\u00edveis, criam um ambiente saud\u00e1vel e sustent\u00e1vel para seus moradores.<\/p>\n\n\n\n<p>Joinville exemplifica como um planejamento cuidadoso pode gerar benef\u00edcios duradouros, n\u00e3o apenas para os residentes atuais, mas tamb\u00e9m para as futuras gera\u00e7\u00f5es. Isso contribui para tornar as cidades brasileiras mais habit\u00e1veis, eficientes e agrad\u00e1veis, transformando a urbaniza\u00e7\u00e3o em uma ferramenta poderosa para o bem-estar social.<\/p>\n","protected":false},"excerpt":{"rendered":"<p>O crescimento urbano no Brasil \u00e9 um tema que desperta grande interesse devido aos desafios e oportunidades que apresenta. Joinville, uma cidade localizada em Santa Catarina, tem se destacado por suas solu\u00e7\u00f5es inovadoras no campo do planejamento urbano. A cidade busca equilibrar o desenvolvimento econ\u00f4mico com a sustentabilidade, oferecendo um modelo a ser seguido por [&hellip;]<\/p>\n","protected":false},"author":5,"featured_media":2783,"comment_status":"open","ping_status":"open","sticky":false,"template":"","format":"standard","meta":{"jnews-multi-image_gallery":[],"jnews_single_post":{"format":"standard"},"jnews_primary_category":[],"jnews_social_meta":[],"jnews_override_counter":[],"footnotes":""},"categories":[26,1],"tags":[1396,734,325],"class_list":["post-21848","post","type-post","status-publish","format-standard","has-post-thumbnail","hentry","category-cidades","category-noticias","tag-joinville","tag-santa-catarina","tag-sustentabilidade"],"yoast_head":"<!-- This site is optimized with the Yoast SEO plugin v23.8 - https:\/\/yoast.com\/wordpress\/plugins\/seo\/ -->\n<title>Como esta cidade brasileira est\u00e1 revolucionando o planejamento urbano! - Estado de Minas - Em foco<\/title>\n<meta name=\"description\" content=\"Conhe\u00e7a as estrat\u00e9gias inovadoras que est\u00e3o transformando o crescimento urbano em um modelo de sustentabilidade e efici\u00eancia.\" \/>\n<meta name=\"robots\" content=\"index, follow, max-snippet:-1, max-image-preview:large, max-video-preview:-1\" \/>\n<link rel=\"canonical\" href=\"https:\/\/www.em.com.br\/emfoco\/2025\/02\/27\/como-esta-cidade-brasileira-esta-revolucionando-o-planejamento-urbano\/\" \/>\n<meta property=\"og:locale\" content=\"pt_BR\" \/>\n<meta property=\"og:type\" content=\"article\" \/>\n<meta property=\"og:title\" content=\"Como esta cidade brasileira est\u00e1 revolucionando o planejamento urbano! - Estado de Minas - Em foco\" \/>\n<meta property=\"og:description\" content=\"Conhe\u00e7a as estrat\u00e9gias inovadoras que est\u00e3o transformando o crescimento urbano em um modelo de sustentabilidade e efici\u00eancia.\" \/>\n<meta property=\"og:url\" content=\"https:\/\/www.em.com.br\/emfoco\/2025\/02\/27\/como-esta-cidade-brasileira-esta-revolucionando-o-planejamento-urbano\/\" \/>\n<meta property=\"og:site_name\" content=\"Estado de Minas - Em foco\" \/>\n<meta property=\"article:published_time\" content=\"2025-02-27T13:20:00+00:00\" \/>\n<meta property=\"article:modified_time\" content=\"2025-02-26T20:36:28+00:00\" \/>\n<meta property=\"og:image\" content=\"https:\/\/www.em.com.br\/emfoco\/wp-content\/uploads\/2024\/12\/Joinville_1733155085231.jpg\" \/>\n\t<meta property=\"og:image:width\" content=\"1280\" \/>\n\t<meta property=\"og:image:height\" content=\"720\" \/>\n\t<meta property=\"og:image:type\" content=\"image\/jpeg\" \/>\n<meta name=\"author\" content=\"N\u00fabia Rangel\" \/>\n<meta name=\"twitter:card\" content=\"summary_large_image\" \/>\n<meta name=\"twitter:label1\" content=\"Escrito por\" \/>\n\t<meta name=\"twitter:data1\" content=\"N\u00fabia Rangel\" \/>\n\t<meta name=\"twitter:label2\" content=\"Est. tempo de leitura\" \/>\n\t<meta name=\"twitter:data2\" content=\"3 minutos\" \/>\n<!-- \/ Yoast SEO plugin. -->","yoast_head_json":{"title":"Como esta cidade brasileira est\u00e1 revolucionando o planejamento urbano! - Estado de Minas - Em foco","description":"Conhe\u00e7a as estrat\u00e9gias inovadoras que est\u00e3o transformando o crescimento urbano em um modelo de sustentabilidade e efici\u00eancia.","robots":{"index":"index","follow":"follow","max-snippet":"max-snippet:-1","max-image-preview":"max-image-preview:large","max-video-preview":"max-video-preview:-1"},"canonical":"https:\/\/www.em.com.br\/emfoco\/2025\/02\/27\/como-esta-cidade-brasileira-esta-revolucionando-o-planejamento-urbano\/","og_locale":"pt_BR","og_type":"article","og_title":"Como esta cidade brasileira est\u00e1 revolucionando o planejamento urbano! - Estado de Minas - Em foco","og_description":"Conhe\u00e7a as estrat\u00e9gias inovadoras que est\u00e3o transformando o crescimento urbano em um modelo de sustentabilidade e efici\u00eancia.","og_url":"https:\/\/www.em.com.br\/emfoco\/2025\/02\/27\/como-esta-cidade-brasileira-esta-revolucionando-o-planejamento-urbano\/","og_site_name":"Estado de Minas - Em foco","article_published_time":"2025-02-27T13:20:00+00:00","article_modified_time":"2025-02-26T20:36:28+00:00","og_image":[{"width":1280,"height":720,"url":"https:\/\/www.em.com.br\/emfoco\/wp-content\/uploads\/2024\/12\/Joinville_1733155085231.jpg","type":"image\/jpeg"}],"author":"N\u00fabia Rangel","twitter_card":"summary_large_image","twitter_misc":{"Escrito por":"N\u00fabia Rangel","Est. tempo de leitura":"3 minutos"},"schema":{"@context":"https:\/\/schema.org","@graph":[{"@type":"WebPage","@id":"https:\/\/www.em.com.br\/emfoco\/2025\/02\/27\/como-esta-cidade-brasileira-esta-revolucionando-o-planejamento-urbano\/","url":"https:\/\/www.em.com.br\/emfoco\/2025\/02\/27\/como-esta-cidade-brasileira-esta-revolucionando-o-planejamento-urbano\/","name":"Como esta cidade brasileira est\u00e1 revolucionando o planejamento urbano! - Estado de Minas - Em foco","isPartOf":{"@id":"https:\/\/www.em.com.br\/emfoco\/#website"},"primaryImageOfPage":{"@id":"https:\/\/www.em.com.br\/emfoco\/2025\/02\/27\/como-esta-cidade-brasileira-esta-revolucionando-o-planejamento-urbano\/#primaryimage"},"image":{"@id":"https:\/\/www.em.com.br\/emfoco\/2025\/02\/27\/como-esta-cidade-brasileira-esta-revolucionando-o-planejamento-urbano\/#primaryimage"},"thumbnailUrl":"https:\/\/www.em.com.br\/emfoco\/wp-content\/uploads\/2024\/12\/Joinville_1733155085231.jpg","datePublished":"2025-02-27T13:20:00+00:00","dateModified":"2025-02-26T20:36:28+00:00","author":{"@id":"https:\/\/www.em.com.br\/emfoco\/#\/schema\/person\/524437ef54f8a5d32591b143307f2e20"},"description":"Conhe\u00e7a as estrat\u00e9gias inovadoras que est\u00e3o transformando o crescimento urbano em um modelo de sustentabilidade e efici\u00eancia.","breadcrumb":{"@id":"https:\/\/www.em.com.br\/emfoco\/2025\/02\/27\/como-esta-cidade-brasileira-esta-revolucionando-o-planejamento-urbano\/#breadcrumb"},"inLanguage":"pt-BR","potentialAction":[{"@type":"ReadAction","target":["https:\/\/www.em.com.br\/emfoco\/2025\/02\/27\/como-esta-cidade-brasileira-esta-revolucionando-o-planejamento-urbano\/"]}]},{"@type":"ImageObject","inLanguage":"pt-BR","@id":"https:\/\/www.em.com.br\/emfoco\/2025\/02\/27\/como-esta-cidade-brasileira-esta-revolucionando-o-planejamento-urbano\/#primaryimage","url":"https:\/\/www.em.com.br\/emfoco\/wp-content\/uploads\/2024\/12\/Joinville_1733155085231.jpg","contentUrl":"https:\/\/www.em.com.br\/emfoco\/wp-content\/uploads\/2024\/12\/Joinville_1733155085231.jpg","width":1280,"height":720,"caption":"Joinville - Cr\u00e9ditos: depositphotos.com \/ paulosezio"},{"@type":"BreadcrumbList","@id":"https:\/\/www.em.com.br\/emfoco\/2025\/02\/27\/como-esta-cidade-brasileira-esta-revolucionando-o-planejamento-urbano\/#breadcrumb","itemListElement":[{"@type":"ListItem","position":1,"name":"In\u00edcio","item":"https:\/\/www.em.com.br\/emfoco\/"},{"@type":"ListItem","position":2,"name":"Como esta cidade brasileira est\u00e1 revolucionando o planejamento urbano!"}]},{"@type":"WebSite","@id":"https:\/\/www.em.com.br\/emfoco\/#website","url":"https:\/\/www.em.com.br\/emfoco\/","name":"Estado de Minas - Em foco","description":"Acompanhe as \u00faltimas not\u00edcias e fique bem informado sobre tudo o que acontece em Minas Gerais, Brasil e no mundo.","potentialAction":[{"@type":"SearchAction","target":{"@type":"EntryPoint","urlTemplate":"https:\/\/www.em.com.br\/emfoco\/?s={search_term_string}"},"query-input":{"@type":"PropertyValueSpecification","valueRequired":true,"valueName":"search_term_string"}}],"inLanguage":"pt-BR"},{"@type":"Person","@id":"https:\/\/www.em.com.br\/emfoco\/#\/schema\/person\/524437ef54f8a5d32591b143307f2e20","name":"N\u00fabia Rangel","image":{"@type":"ImageObject","inLanguage":"pt-BR","@id":"https:\/\/www.em.com.br\/emfoco\/#\/schema\/person\/image\/","url":"https:\/\/secure.gravatar.com\/avatar\/47cff2827a5ba23c37e8068c86817ea4?s=96&d=mm&r=g","contentUrl":"https:\/\/secure.gravatar.com\/avatar\/47cff2827a5ba23c37e8068c86817ea4?s=96&d=mm&r=g","caption":"N\u00fabia Rangel"},"sameAs":["https:\/\/www.em.com.br\/emfoco\/"],"url":"https:\/\/www.em.com.br\/emfoco\/author\/nubiamyth\/"}]}},"_links":{"self":[{"href":"https:\/\/www.em.com.br\/emfoco\/wp-json\/wp\/v2\/posts\/21848","targetHints":{"allow":["GET"]}}],"collection":[{"href":"https:\/\/www.em.com.br\/emfoco\/wp-json\/wp\/v2\/posts"}],"about":[{"href":"https:\/\/www.em.com.br\/emfoco\/wp-json\/wp\/v2\/types\/post"}],"author":[{"embeddable":true,"href":"https:\/\/www.em.com.br\/emfoco\/wp-json\/wp\/v2\/users\/5"}],"replies":[{"embeddable":true,"href":"https:\/\/www.em.com.br\/emfoco\/wp-json\/wp\/v2\/comments?post=21848"}],"version-history":[{"count":2,"href":"https:\/\/www.em.com.br\/emfoco\/wp-json\/wp\/v2\/posts\/21848\/revisions"}],"predecessor-version":[{"id":21856,"href":"https:\/\/www.em.com.br\/emfoco\/wp-json\/wp\/v2\/posts\/21848\/revisions\/21856"}],"wp:featuredmedia":[{"embeddable":true,"href":"https:\/\/www.em.com.br\/emfoco\/wp-json\/wp\/v2\/media\/2783"}],"wp:attachment":[{"href":"https:\/\/www.em.com.br\/emfoco\/wp-json\/wp\/v2\/media?parent=21848"}],"wp:term":[{"taxonomy":"category","embeddable":true,"href":"https:\/\/www.em.com.br\/emfoco\/wp-json\/wp\/v2\/categories?post=21848"},{"taxonomy":"post_tag","embeddable":true,"href":"https:\/\/www.em.com.br\/emfoco\/wp-json\/wp\/v2\/tags?post=21848"}],"curies":[{"name":"wp","href":"https:\/\/api.w.org\/{rel}","templated":true}]}}