{"id":21719,"date":"2025-02-24T18:00:00","date_gmt":"2025-02-24T21:00:00","guid":{"rendered":"https:\/\/www.em.com.br\/emfoco\/?p=21719"},"modified":"2025-02-21T14:20:25","modified_gmt":"2025-02-21T17:20:25","slug":"aposentadoria-e-bem-estar-saiba-os-segredos-para-uma-vida-plena","status":"publish","type":"post","link":"https:\/\/www.em.com.br\/emfoco\/2025\/02\/24\/aposentadoria-e-bem-estar-saiba-os-segredos-para-uma-vida-plena\/","title":{"rendered":"Aposentadoria e bem-estar! Saiba os segredos para uma vida plena"},"content":{"rendered":"\n<p>Com o avan\u00e7o da idade, a vida apresenta novas oportunidades e desafios. A <strong><a href=\"https:\/\/www.em.com.br\/emfoco\/2025\/02\/20\/aposentadoria-por-incapacidade-inss-na-mira-para-revisao-o-que-voce-precisa-saber\/\" target=\"_blank\" rel=\"noreferrer noopener\">aposentadoria<\/a><\/strong>, a independ\u00eancia dos filhos e mais tempo livre permitem que os indiv\u00edduos reavaliem seus objetivos e se concentrem no bem-estar pessoal. Esse per\u00edodo \u00e9 ideal para adotar h\u00e1bitos que beneficiem tanto a sa\u00fade f\u00edsica quanto o equil\u00edbrio emocional. Al\u00e9m disso, \u00e9 uma chance de fortalecer rela\u00e7\u00f5es significativas e se dedicar a atividades que proporcionem satisfa\u00e7\u00e3o.<\/p>\n\n\n\n<p>Os avan\u00e7os na medicina e na ci\u00eancia aumentam a expectativa de vida, tornando ainda mais relevante a busca por uma rotina saud\u00e1vel. Abandonar cren\u00e7as limitantes e praticar o perd\u00e3o s\u00e3o atitudes essenciais. Pequenas mudan\u00e7as consistentes podem garantir uma transi\u00e7\u00e3o positiva para essa nova fase da vida, promovendo tanto a sa\u00fade mental quanto a f\u00edsica.<\/p>\n\n\n\n<h2 class=\"wp-block-heading\">Quais h\u00e1bitos devem ser abandonados?<\/h2>\n\n\n\n<p>Certas cren\u00e7as e atitudes podem ser verdadeiros obst\u00e1culos para o <strong><a href=\"https:\/\/www.terra.com.br\/vida-e-estilo\/autocuidado-e-bem-estar-sarah-andrade-compartilha-seu-dia-a-dia-e-inspira-mulheres,e33cc57525f426aeede227581630c51eyafo1n0d.html\" target=\"_blank\" rel=\"noreferrer noopener\">bem-estar<\/a><\/strong>. Identificar e transformar esses padr\u00f5es \u00e9 crucial para alcan\u00e7ar equil\u00edbrio e felicidade. Um dos primeiros passos \u00e9 romper com a ideia de que \u00e9 tarde para aprender. A neuroci\u00eancia comprova que o c\u00e9rebro mant\u00e9m sua plasticidade ao longo da vida, permitindo a continuidade do aprendizado. Explorar novos interesses, como cursos ou idiomas, pode ser uma excelente forma de desafiar essa percep\u00e7\u00e3o.<\/p>\n\n\n\n<p>Superar o medo da mudan\u00e7a \u00e9 igualmente importante. A vida est\u00e1 em constante transforma\u00e7\u00e3o, e adaptar-se com flexibilidade permite aproveitar melhor as oportunidades. Pequenos desafios semanais, como experimentar novos alimentos ou visitar lugares diferentes, podem ajudar nesse processo. Al\u00e9m disso, deixar de tentar agradar a todos \u00e9 fundamental. Priorizar o pr\u00f3prio bem-estar n\u00e3o \u00e9 ego\u00edsmo, mas sim uma forma de autocuidado. Aprender a dizer &#8220;n\u00e3o&#8221; sem culpa e estabelecer limites saud\u00e1veis s\u00e3o passos essenciais.<\/p>\n\n\n\n<figure class=\"wp-block-image\"><img decoding=\"async\" src=\"https:\/\/www.em.com.br\/emfoco\/wp-content\/uploads\/2025\/01\/idosos_1738187342824-1024x576.jpg\" alt=\"\"\/><figcaption class=\"wp-element-caption\">Imagem Ilustrativa de Idosos &#8211; Cr\u00e9ditos: depositphotos.com \/ Kzenon<\/figcaption><\/figure>\n\n\n\n<h2 class=\"wp-block-heading\">Quais h\u00e1bitos podem melhorar a qualidade de vida?<\/h2>\n\n\n\n<p>Assim como existem h\u00e1bitos que prejudicam o bem-estar, h\u00e1 outros que podem potencializar a qualidade de vida. Manter uma alimenta\u00e7\u00e3o equilibrada \u00e9 um deles. A dieta influencia diretamente a energia, o sistema imunol\u00f3gico e a longevidade. Reduzir o consumo de produtos ultraprocessados e aumentar a ingest\u00e3o de frutas, verduras e prote\u00ednas de qualidade fortalece o organismo. Al\u00e9m disso, \u00e9 importante estar atento aos sinais de fome e saciedade para desenvolver uma rela\u00e7\u00e3o consciente com a comida.<\/p>\n\n\n\n<p>Outro h\u00e1bito essencial \u00e9 a pr\u00e1tica regular de exerc\u00edcios f\u00edsicos. Atividades como caminhada, nata\u00e7\u00e3o ou ioga ajudam a manter m\u00fasculos e articula\u00e7\u00f5es saud\u00e1veis, melhoram o humor e reduzem o risco de doen\u00e7as. Garantir um sono adequado tamb\u00e9m \u00e9 fundamental para a recupera\u00e7\u00e3o do corpo e da mente. Dedicar-se a hobbies e atividades prazerosas, como leitura, pintura ou jardinagem, proporciona satisfa\u00e7\u00e3o e sentido \u00e0 vida, fortalecendo a sa\u00fade mental.<\/p>\n\n\n\n<h2 class=\"wp-block-heading\">Como praticar a gratid\u00e3o diariamente?<\/h2>\n\n\n\n<p>A gratid\u00e3o tem um impacto positivo no bem-estar emocional e nas rela\u00e7\u00f5es interpessoais. Manter um di\u00e1rio para registrar tr\u00eas coisas pelas quais se sente agradecido a cada dia pode treinar a mente para focar no positivo e aproveitar melhor a vida. Para que essas mudan\u00e7as sejam sustent\u00e1veis, \u00e9 essencial iniciar com pequenas a\u00e7\u00f5es e manter a const\u00e2ncia. Criar lembretes visuais para refor\u00e7ar novos h\u00e1bitos, compartilhar experi\u00eancias com familiares ou amigos e estabelecer metas realistas s\u00e3o estrat\u00e9gias valiosas.<\/p>\n\n\n\n<p>Conforme destacado por um artigo da <strong>Brown Health University<\/strong>, essas pr\u00e1ticas n\u00e3o somente promovem a sa\u00fade, mas tamb\u00e9m ajudam a criar uma rotina mais consciente e gratificante. Assim, a fase ap\u00f3s os 60 anos pode ser vivida com plenitude e satisfa\u00e7\u00e3o, aproveitando cada momento significativamente.<\/p>\n","protected":false},"excerpt":{"rendered":"<p>Com o avan\u00e7o da idade, a vida apresenta novas oportunidades e desafios. A aposentadoria, a independ\u00eancia dos filhos e mais tempo livre permitem que os indiv\u00edduos reavaliem seus objetivos e se concentrem no bem-estar pessoal. Esse per\u00edodo \u00e9 ideal para adotar h\u00e1bitos que beneficiem tanto a sa\u00fade f\u00edsica quanto o equil\u00edbrio emocional. Al\u00e9m disso, \u00e9 [&hellip;]<\/p>\n","protected":false},"author":5,"featured_media":7006,"comment_status":"open","ping_status":"open","sticky":false,"template":"","format":"standard","meta":{"jnews-multi-image_gallery":[],"jnews_single_post":{"format":"standard"},"jnews_primary_category":[],"jnews_social_meta":[],"jnews_override_counter":[],"footnotes":""},"categories":[28,1],"tags":[611,711,4879],"class_list":["post-21719","post","type-post","status-publish","format-standard","has-post-thumbnail","hentry","category-economia","category-noticias","tag-aposentado","tag-bem-estar","tag-bem-estar-fisico-e-mental"],"yoast_head":"<!-- This site is optimized with the Yoast SEO plugin v23.8 - https:\/\/yoast.com\/wordpress\/plugins\/seo\/ -->\n<title>Aposentadoria e bem-estar! Saiba os segredos para uma vida plena - Estado de Minas - Em foco<\/title>\n<meta name=\"description\" content=\"Bem-estar 60+: dicas pr\u00e1ticas para uma vida saud\u00e1vel, ativa e cheia de energia ap\u00f3s os 60 anos. Saiba como cuidar da sa\u00fade f\u00edsica e mental!\" \/>\n<meta name=\"robots\" content=\"index, follow, max-snippet:-1, max-image-preview:large, max-video-preview:-1\" \/>\n<link rel=\"canonical\" href=\"https:\/\/www.em.com.br\/emfoco\/2025\/02\/24\/aposentadoria-e-bem-estar-saiba-os-segredos-para-uma-vida-plena\/\" \/>\n<meta property=\"og:locale\" content=\"pt_BR\" \/>\n<meta property=\"og:type\" content=\"article\" \/>\n<meta property=\"og:title\" content=\"Aposentadoria e bem-estar! Saiba os segredos para uma vida plena - Estado de Minas - Em foco\" \/>\n<meta property=\"og:description\" content=\"Bem-estar 60+: dicas pr\u00e1ticas para uma vida saud\u00e1vel, ativa e cheia de energia ap\u00f3s os 60 anos. Saiba como cuidar da sa\u00fade f\u00edsica e mental!\" \/>\n<meta property=\"og:url\" content=\"https:\/\/www.em.com.br\/emfoco\/2025\/02\/24\/aposentadoria-e-bem-estar-saiba-os-segredos-para-uma-vida-plena\/\" \/>\n<meta property=\"og:site_name\" content=\"Estado de Minas - Em foco\" \/>\n<meta property=\"article:published_time\" content=\"2025-02-24T21:00:00+00:00\" \/>\n<meta property=\"article:modified_time\" content=\"2025-02-21T17:20:25+00:00\" \/>\n<meta property=\"og:image\" content=\"https:\/\/www.em.com.br\/emfoco\/wp-content\/uploads\/2024\/12\/idoso_1735315924635.jpg\" \/>\n\t<meta property=\"og:image:width\" content=\"1280\" \/>\n\t<meta property=\"og:image:height\" content=\"720\" \/>\n\t<meta property=\"og:image:type\" content=\"image\/jpeg\" \/>\n<meta name=\"author\" content=\"N\u00fabia Rangel\" \/>\n<meta name=\"twitter:card\" content=\"summary_large_image\" \/>\n<meta name=\"twitter:label1\" content=\"Escrito por\" \/>\n\t<meta name=\"twitter:data1\" content=\"N\u00fabia Rangel\" \/>\n\t<meta name=\"twitter:label2\" content=\"Est. tempo de leitura\" \/>\n\t<meta name=\"twitter:data2\" content=\"4 minutos\" \/>\n<!-- \/ Yoast SEO plugin. -->","yoast_head_json":{"title":"Aposentadoria e bem-estar! Saiba os segredos para uma vida plena - Estado de Minas - Em foco","description":"Bem-estar 60+: dicas pr\u00e1ticas para uma vida saud\u00e1vel, ativa e cheia de energia ap\u00f3s os 60 anos. Saiba como cuidar da sa\u00fade f\u00edsica e mental!","robots":{"index":"index","follow":"follow","max-snippet":"max-snippet:-1","max-image-preview":"max-image-preview:large","max-video-preview":"max-video-preview:-1"},"canonical":"https:\/\/www.em.com.br\/emfoco\/2025\/02\/24\/aposentadoria-e-bem-estar-saiba-os-segredos-para-uma-vida-plena\/","og_locale":"pt_BR","og_type":"article","og_title":"Aposentadoria e bem-estar! Saiba os segredos para uma vida plena - Estado de Minas - Em foco","og_description":"Bem-estar 60+: dicas pr\u00e1ticas para uma vida saud\u00e1vel, ativa e cheia de energia ap\u00f3s os 60 anos. Saiba como cuidar da sa\u00fade f\u00edsica e mental!","og_url":"https:\/\/www.em.com.br\/emfoco\/2025\/02\/24\/aposentadoria-e-bem-estar-saiba-os-segredos-para-uma-vida-plena\/","og_site_name":"Estado de Minas - Em foco","article_published_time":"2025-02-24T21:00:00+00:00","article_modified_time":"2025-02-21T17:20:25+00:00","og_image":[{"width":1280,"height":720,"url":"https:\/\/www.em.com.br\/emfoco\/wp-content\/uploads\/2024\/12\/idoso_1735315924635.jpg","type":"image\/jpeg"}],"author":"N\u00fabia Rangel","twitter_card":"summary_large_image","twitter_misc":{"Escrito por":"N\u00fabia Rangel","Est. tempo de leitura":"4 minutos"},"schema":{"@context":"https:\/\/schema.org","@graph":[{"@type":"WebPage","@id":"https:\/\/www.em.com.br\/emfoco\/2025\/02\/24\/aposentadoria-e-bem-estar-saiba-os-segredos-para-uma-vida-plena\/","url":"https:\/\/www.em.com.br\/emfoco\/2025\/02\/24\/aposentadoria-e-bem-estar-saiba-os-segredos-para-uma-vida-plena\/","name":"Aposentadoria e bem-estar! Saiba os segredos para uma vida plena - Estado de Minas - Em foco","isPartOf":{"@id":"https:\/\/www.em.com.br\/emfoco\/#website"},"primaryImageOfPage":{"@id":"https:\/\/www.em.com.br\/emfoco\/2025\/02\/24\/aposentadoria-e-bem-estar-saiba-os-segredos-para-uma-vida-plena\/#primaryimage"},"image":{"@id":"https:\/\/www.em.com.br\/emfoco\/2025\/02\/24\/aposentadoria-e-bem-estar-saiba-os-segredos-para-uma-vida-plena\/#primaryimage"},"thumbnailUrl":"https:\/\/www.em.com.br\/emfoco\/wp-content\/uploads\/2024\/12\/idoso_1735315924635.jpg","datePublished":"2025-02-24T21:00:00+00:00","dateModified":"2025-02-21T17:20:25+00:00","author":{"@id":"https:\/\/www.em.com.br\/emfoco\/#\/schema\/person\/524437ef54f8a5d32591b143307f2e20"},"description":"Bem-estar 60+: dicas pr\u00e1ticas para uma vida saud\u00e1vel, ativa e cheia de energia ap\u00f3s os 60 anos. Saiba como cuidar da sa\u00fade f\u00edsica e mental!","breadcrumb":{"@id":"https:\/\/www.em.com.br\/emfoco\/2025\/02\/24\/aposentadoria-e-bem-estar-saiba-os-segredos-para-uma-vida-plena\/#breadcrumb"},"inLanguage":"pt-BR","potentialAction":[{"@type":"ReadAction","target":["https:\/\/www.em.com.br\/emfoco\/2025\/02\/24\/aposentadoria-e-bem-estar-saiba-os-segredos-para-uma-vida-plena\/"]}]},{"@type":"ImageObject","inLanguage":"pt-BR","@id":"https:\/\/www.em.com.br\/emfoco\/2025\/02\/24\/aposentadoria-e-bem-estar-saiba-os-segredos-para-uma-vida-plena\/#primaryimage","url":"https:\/\/www.em.com.br\/emfoco\/wp-content\/uploads\/2024\/12\/idoso_1735315924635.jpg","contentUrl":"https:\/\/www.em.com.br\/emfoco\/wp-content\/uploads\/2024\/12\/idoso_1735315924635.jpg","width":1280,"height":720,"caption":"Imagem Ilustrativa de Idosos - Cr\u00e9ditos: depositphotos.com \/ AndrewLozovyi"},{"@type":"BreadcrumbList","@id":"https:\/\/www.em.com.br\/emfoco\/2025\/02\/24\/aposentadoria-e-bem-estar-saiba-os-segredos-para-uma-vida-plena\/#breadcrumb","itemListElement":[{"@type":"ListItem","position":1,"name":"In\u00edcio","item":"https:\/\/www.em.com.br\/emfoco\/"},{"@type":"ListItem","position":2,"name":"Aposentadoria e bem-estar! Saiba os segredos para uma vida plena"}]},{"@type":"WebSite","@id":"https:\/\/www.em.com.br\/emfoco\/#website","url":"https:\/\/www.em.com.br\/emfoco\/","name":"Estado de Minas - Em foco","description":"Acompanhe as \u00faltimas not\u00edcias e fique bem informado sobre tudo o que acontece em Minas Gerais, Brasil e no mundo.","potentialAction":[{"@type":"SearchAction","target":{"@type":"EntryPoint","urlTemplate":"https:\/\/www.em.com.br\/emfoco\/?s={search_term_string}"},"query-input":{"@type":"PropertyValueSpecification","valueRequired":true,"valueName":"search_term_string"}}],"inLanguage":"pt-BR"},{"@type":"Person","@id":"https:\/\/www.em.com.br\/emfoco\/#\/schema\/person\/524437ef54f8a5d32591b143307f2e20","name":"N\u00fabia Rangel","image":{"@type":"ImageObject","inLanguage":"pt-BR","@id":"https:\/\/www.em.com.br\/emfoco\/#\/schema\/person\/image\/","url":"https:\/\/secure.gravatar.com\/avatar\/47cff2827a5ba23c37e8068c86817ea4?s=96&d=mm&r=g","contentUrl":"https:\/\/secure.gravatar.com\/avatar\/47cff2827a5ba23c37e8068c86817ea4?s=96&d=mm&r=g","caption":"N\u00fabia Rangel"},"sameAs":["https:\/\/www.em.com.br\/emfoco\/"],"url":"https:\/\/www.em.com.br\/emfoco\/author\/nubiamyth\/"}]}},"_links":{"self":[{"href":"https:\/\/www.em.com.br\/emfoco\/wp-json\/wp\/v2\/posts\/21719","targetHints":{"allow":["GET"]}}],"collection":[{"href":"https:\/\/www.em.com.br\/emfoco\/wp-json\/wp\/v2\/posts"}],"about":[{"href":"https:\/\/www.em.com.br\/emfoco\/wp-json\/wp\/v2\/types\/post"}],"author":[{"embeddable":true,"href":"https:\/\/www.em.com.br\/emfoco\/wp-json\/wp\/v2\/users\/5"}],"replies":[{"embeddable":true,"href":"https:\/\/www.em.com.br\/emfoco\/wp-json\/wp\/v2\/comments?post=21719"}],"version-history":[{"count":3,"href":"https:\/\/www.em.com.br\/emfoco\/wp-json\/wp\/v2\/posts\/21719\/revisions"}],"predecessor-version":[{"id":21755,"href":"https:\/\/www.em.com.br\/emfoco\/wp-json\/wp\/v2\/posts\/21719\/revisions\/21755"}],"wp:featuredmedia":[{"embeddable":true,"href":"https:\/\/www.em.com.br\/emfoco\/wp-json\/wp\/v2\/media\/7006"}],"wp:attachment":[{"href":"https:\/\/www.em.com.br\/emfoco\/wp-json\/wp\/v2\/media?parent=21719"}],"wp:term":[{"taxonomy":"category","embeddable":true,"href":"https:\/\/www.em.com.br\/emfoco\/wp-json\/wp\/v2\/categories?post=21719"},{"taxonomy":"post_tag","embeddable":true,"href":"https:\/\/www.em.com.br\/emfoco\/wp-json\/wp\/v2\/tags?post=21719"}],"curies":[{"name":"wp","href":"https:\/\/api.w.org\/{rel}","templated":true}]}}