{"id":21654,"date":"2025-03-06T14:00:06","date_gmt":"2025-03-06T17:00:06","guid":{"rendered":"https:\/\/www.em.com.br\/emfoco\/?p=21654"},"modified":"2025-03-06T14:00:07","modified_gmt":"2025-03-06T17:00:07","slug":"ibge-revela-quem-trabalha-mais-no-brasil-autonomos-ou-clt-o-resultado-choca","status":"publish","type":"post","link":"https:\/\/www.em.com.br\/emfoco\/2025\/03\/06\/ibge-revela-quem-trabalha-mais-no-brasil-autonomos-ou-clt-o-resultado-choca\/","title":{"rendered":"IBGE revela quem trabalha mais no Brasil: aut\u00f4nomos ou CLT? O resultado choca!"},"content":{"rendered":"\n<p>Os trabalhadores por conta pr\u00f3pria no <strong>Brasil<\/strong> dedicam mais tempo \u00e0s suas atividades profissionais em compara\u00e7\u00e3o com empregados e empregadores. De acordo com dados do<strong><a href=\"https:\/\/www.ibge.gov.br\/estatisticas\/sociais\/trabalho.html\" target=\"_blank\" rel=\"noreferrer noopener\"> Instituto Brasileiro de Geografia e Estat\u00edstica (IBGE)<\/a><\/strong>, referentes ao quarto trimestre de 2024, esses profissionais trabalham em m\u00e9dia 45,3 horas por semana. Em contraste, a m\u00e9dia nacional de horas trabalhadas semanalmente \u00e9 de 39,1 horas.<\/p>\n\n\n\n<p>O IBGE define trabalhadores por conta pr\u00f3pria como aqueles que gerenciam seu pr\u00f3prio empreendimento, sozinhos ou com s\u00f3cios, sem empregar outras pessoas e, possivelmente, contando com a ajuda de membros da fam\u00edlia sem remunera\u00e7\u00e3o. Essa categoria representa uma parcela significativa da for\u00e7a de trabalho brasileira, mas enfrenta desafios espec\u00edficos em termos de carga hor\u00e1ria e rendimento.<\/p>\n\n\n\n<h2 class=\"wp-block-heading\">Como se compara o tempo de trabalho entre diferentes categorias?<\/h2>\n\n\n\n<p>Al\u00e9m dos trabalhadores por conta pr\u00f3pria, a pesquisa do IBGE tamb\u00e9m analisa outras categorias de ocupa\u00e7\u00e3o. Os empregados, que incluem trabalhadores dom\u00e9sticos, t\u00eam uma m\u00e9dia de 39,6 horas semanais, enquanto os empregadores trabalham cerca de 37,5 horas por semana. Os trabalhadores familiares auxiliares, que ajudam em atividades econ\u00f4micas de parentes sem remunera\u00e7\u00e3o, trabalham em m\u00e9dia 28 horas semanais.<\/p>\n\n\n\n<p>Essas diferen\u00e7as refletem a natureza das atividades desempenhadas por cada grupo. Os trabalhadores por conta pr\u00f3pria frequentemente enfrentam demandas mais intensas, pois s\u00e3o respons\u00e1veis por todas as facetas de seus neg\u00f3cios, desde a opera\u00e7\u00e3o at\u00e9 a gest\u00e3o financeira.<\/p>\n\n\n\n<figure class=\"wp-block-image size-large\"><img loading=\"lazy\" decoding=\"async\" width=\"1024\" height=\"576\" src=\"https:\/\/www.em.com.br\/emfoco\/wp-content\/uploads\/2024\/12\/laptop_1735426892437-1024x576.jpg\" alt=\"Notebook Gamer: Qual o Melhor para Jogar em 2025?\" class=\"wp-image-7426\" srcset=\"https:\/\/www.em.com.br\/emfoco\/wp-content\/uploads\/2024\/12\/laptop_1735426892437-1024x576.jpg 1024w, https:\/\/www.em.com.br\/emfoco\/wp-content\/uploads\/2024\/12\/laptop_1735426892437-300x169.jpg 300w, https:\/\/www.em.com.br\/emfoco\/wp-content\/uploads\/2024\/12\/laptop_1735426892437-768x432.jpg 768w, https:\/\/www.em.com.br\/emfoco\/wp-content\/uploads\/2024\/12\/laptop_1735426892437-750x422.jpg 750w, https:\/\/www.em.com.br\/emfoco\/wp-content\/uploads\/2024\/12\/laptop_1735426892437-1140x641.jpg 1140w, https:\/\/www.em.com.br\/emfoco\/wp-content\/uploads\/2024\/12\/laptop_1735426892437.jpg 1280w\" sizes=\"auto, (max-width: 1024px) 100vw, 1024px\" \/><figcaption class=\"wp-element-caption\">Imagem Ilustrada de Notebook &#8211; Cr\u00e9ditos: depositphotos.com \/ eremey90<\/figcaption><\/figure>\n\n\n\n<h2 class=\"wp-block-heading\">Qual \u00e9 o impacto do tempo de trabalho no rendimento?<\/h2>\n\n\n\n<p>Apesar de trabalharem mais horas, os trabalhadores por conta pr\u00f3pria recebem o menor rendimento m\u00e9dio mensal entre as categorias analisadas. Enquanto o rendimento m\u00e9dio do brasileiro foi de R$ 3.215 no \u00faltimo trimestre de 2024, os trabalhadores por conta pr\u00f3pria ganharam em m\u00e9dia R$ 2.682. Em compara\u00e7\u00e3o, os empregados tiveram um sal\u00e1rio m\u00e9dio de R$ 3.105, e os empregadores lideraram com R$ 8.240.<\/p>\n\n\n\n<p>Essa disparidade salarial pode ser atribu\u00edda a v\u00e1rios fatores, incluindo a falta de benef\u00edcios trabalhistas e a instabilidade financeira que muitas vezes acompanha o trabalho aut\u00f4nomo. Al\u00e9m disso, a capacidade de gerar renda pode variar significativamente entre diferentes setores e regi\u00f5es.<\/p>\n\n\n\n<h2 class=\"wp-block-heading\">Quais regi\u00f5es do Brasil t\u00eam as maiores cargas hor\u00e1rias?<\/h2>\n\n\n\n<p>O tempo de trabalho tamb\u00e9m varia entre as regi\u00f5es do <strong>Brasil<\/strong>. Em <strong>S\u00e3o Paulo<\/strong>, os trabalhadores por conta pr\u00f3pria t\u00eam a maior carga hor\u00e1ria, com uma m\u00e9dia de 46,9 horas semanais. No <strong>Rio Grande do Sul e no Cear\u00e1<\/strong>, as m\u00e9dias s\u00e3o de 46,5 e 46,2 horas, respectivamente. Entre os empregados, S\u00e3o Paulo novamente lidera com 40,7 horas semanais, seguido por <strong>Santa Catarina e Mato Grosso<\/strong>.<\/p>\n\n\n\n<p>Essas varia\u00e7\u00f5es regionais podem ser influenciadas por fatores econ\u00f4micos locais, como a disponibilidade de oportunidades de trabalho e o custo de vida. Al\u00e9m disso, as condi\u00e7\u00f5es de trabalho e a cultura empresarial em diferentes estados podem impactar a quantidade de horas que os trabalhadores est\u00e3o dispostos ou s\u00e3o obrigados a trabalhar.<\/p>\n\n\n\n<h2 class=\"wp-block-heading\">Desafios e perspectivas para o futuro<\/h2>\n\n\n\n<p>Os dados do IBGE destacam os desafios enfrentados pelos trabalhadores por conta pr\u00f3pria no Brasil, incluindo longas jornadas de trabalho e rendimentos mais baixos. No entanto, essa forma de ocupa\u00e7\u00e3o tamb\u00e9m oferece flexibilidade e autonomia, caracter\u00edsticas valorizadas por muitos profissionais. Com o avan\u00e7o da tecnologia e a crescente popularidade do trabalho remoto, novas oportunidades podem surgir para esses trabalhadores, potencialmente melhorando suas condi\u00e7\u00f5es de trabalho e renda.<\/p>\n\n\n\n<p>O futuro do trabalho por conta pr\u00f3pria no Brasil depender\u00e1 de pol\u00edticas p\u00fablicas eficazes, que possam apoiar esses profissionais em suas necessidades espec\u00edficas, promovendo um ambiente econ\u00f4mico mais justo e sustent\u00e1vel.<\/p>\n","protected":false},"excerpt":{"rendered":"<p>Os trabalhadores por conta pr\u00f3pria no Brasil dedicam mais tempo \u00e0s suas atividades profissionais em compara\u00e7\u00e3o com empregados e empregadores. De acordo com dados do Instituto Brasileiro de Geografia e Estat\u00edstica (IBGE), referentes ao quarto trimestre de 2024, esses profissionais trabalham em m\u00e9dia 45,3 horas por semana. Em contraste, a m\u00e9dia nacional de horas trabalhadas [&hellip;]<\/p>\n","protected":false},"author":5,"featured_media":5706,"comment_status":"open","ping_status":"open","sticky":false,"template":"","format":"standard","meta":{"jnews-multi-image_gallery":[],"jnews_single_post":{"format":"standard"},"jnews_primary_category":[],"jnews_social_meta":[],"jnews_override_counter":[],"footnotes":""},"categories":[28,1],"tags":[4932,158,738,5385],"class_list":["post-21654","post","type-post","status-publish","format-standard","has-post-thumbnail","hentry","category-economia","category-noticias","tag-autonomos","tag-brasil","tag-empreendedorismo","tag-trabalhadores-por-conta-propria"],"yoast_head":"<!-- This site is optimized with the Yoast SEO plugin v23.8 - https:\/\/yoast.com\/wordpress\/plugins\/seo\/ -->\n<title>IBGE revela quem trabalha mais no Brasil: aut\u00f4nomos ou CLT? O resultado choca! - Estado de Minas - Em foco<\/title>\n<meta name=\"description\" content=\"Estudo do IBGE revela que trabalhadores por conta pr\u00f3pria dedicam mais tempo ao trabalho e t\u00eam menor renda mensal. Saiba mais.\" \/>\n<meta name=\"robots\" content=\"index, follow, max-snippet:-1, max-image-preview:large, max-video-preview:-1\" \/>\n<link rel=\"canonical\" href=\"https:\/\/www.em.com.br\/emfoco\/2025\/03\/06\/ibge-revela-quem-trabalha-mais-no-brasil-autonomos-ou-clt-o-resultado-choca\/\" \/>\n<meta property=\"og:locale\" content=\"pt_BR\" \/>\n<meta property=\"og:type\" content=\"article\" \/>\n<meta property=\"og:title\" content=\"IBGE revela quem trabalha mais no Brasil: aut\u00f4nomos ou CLT? O resultado choca! - Estado de Minas - Em foco\" \/>\n<meta property=\"og:description\" content=\"Estudo do IBGE revela que trabalhadores por conta pr\u00f3pria dedicam mais tempo ao trabalho e t\u00eam menor renda mensal. Saiba mais.\" \/>\n<meta property=\"og:url\" content=\"https:\/\/www.em.com.br\/emfoco\/2025\/03\/06\/ibge-revela-quem-trabalha-mais-no-brasil-autonomos-ou-clt-o-resultado-choca\/\" \/>\n<meta property=\"og:site_name\" content=\"Estado de Minas - Em foco\" \/>\n<meta property=\"article:published_time\" content=\"2025-03-06T17:00:06+00:00\" \/>\n<meta property=\"article:modified_time\" content=\"2025-03-06T17:00:07+00:00\" \/>\n<meta property=\"og:image\" content=\"https:\/\/www.em.com.br\/emfoco\/wp-content\/uploads\/2024\/12\/Emprego_1734623200824.jpg\" \/>\n\t<meta property=\"og:image:width\" content=\"1280\" \/>\n\t<meta property=\"og:image:height\" content=\"720\" \/>\n\t<meta property=\"og:image:type\" content=\"image\/jpeg\" \/>\n<meta name=\"author\" content=\"N\u00fabia Rangel\" \/>\n<meta name=\"twitter:card\" content=\"summary_large_image\" \/>\n<meta name=\"twitter:label1\" content=\"Escrito por\" \/>\n\t<meta name=\"twitter:data1\" content=\"N\u00fabia Rangel\" \/>\n\t<meta name=\"twitter:label2\" content=\"Est. tempo de leitura\" \/>\n\t<meta name=\"twitter:data2\" content=\"4 minutos\" \/>\n<!-- \/ Yoast SEO plugin. -->","yoast_head_json":{"title":"IBGE revela quem trabalha mais no Brasil: aut\u00f4nomos ou CLT? O resultado choca! - Estado de Minas - Em foco","description":"Estudo do IBGE revela que trabalhadores por conta pr\u00f3pria dedicam mais tempo ao trabalho e t\u00eam menor renda mensal. Saiba mais.","robots":{"index":"index","follow":"follow","max-snippet":"max-snippet:-1","max-image-preview":"max-image-preview:large","max-video-preview":"max-video-preview:-1"},"canonical":"https:\/\/www.em.com.br\/emfoco\/2025\/03\/06\/ibge-revela-quem-trabalha-mais-no-brasil-autonomos-ou-clt-o-resultado-choca\/","og_locale":"pt_BR","og_type":"article","og_title":"IBGE revela quem trabalha mais no Brasil: aut\u00f4nomos ou CLT? O resultado choca! - Estado de Minas - Em foco","og_description":"Estudo do IBGE revela que trabalhadores por conta pr\u00f3pria dedicam mais tempo ao trabalho e t\u00eam menor renda mensal. Saiba mais.","og_url":"https:\/\/www.em.com.br\/emfoco\/2025\/03\/06\/ibge-revela-quem-trabalha-mais-no-brasil-autonomos-ou-clt-o-resultado-choca\/","og_site_name":"Estado de Minas - Em foco","article_published_time":"2025-03-06T17:00:06+00:00","article_modified_time":"2025-03-06T17:00:07+00:00","og_image":[{"width":1280,"height":720,"url":"https:\/\/www.em.com.br\/emfoco\/wp-content\/uploads\/2024\/12\/Emprego_1734623200824.jpg","type":"image\/jpeg"}],"author":"N\u00fabia Rangel","twitter_card":"summary_large_image","twitter_misc":{"Escrito por":"N\u00fabia Rangel","Est. tempo de leitura":"4 minutos"},"schema":{"@context":"https:\/\/schema.org","@graph":[{"@type":"WebPage","@id":"https:\/\/www.em.com.br\/emfoco\/2025\/03\/06\/ibge-revela-quem-trabalha-mais-no-brasil-autonomos-ou-clt-o-resultado-choca\/","url":"https:\/\/www.em.com.br\/emfoco\/2025\/03\/06\/ibge-revela-quem-trabalha-mais-no-brasil-autonomos-ou-clt-o-resultado-choca\/","name":"IBGE revela quem trabalha mais no Brasil: aut\u00f4nomos ou CLT? O resultado choca! - Estado de Minas - Em foco","isPartOf":{"@id":"https:\/\/www.em.com.br\/emfoco\/#website"},"primaryImageOfPage":{"@id":"https:\/\/www.em.com.br\/emfoco\/2025\/03\/06\/ibge-revela-quem-trabalha-mais-no-brasil-autonomos-ou-clt-o-resultado-choca\/#primaryimage"},"image":{"@id":"https:\/\/www.em.com.br\/emfoco\/2025\/03\/06\/ibge-revela-quem-trabalha-mais-no-brasil-autonomos-ou-clt-o-resultado-choca\/#primaryimage"},"thumbnailUrl":"https:\/\/www.em.com.br\/emfoco\/wp-content\/uploads\/2024\/12\/Emprego_1734623200824.jpg","datePublished":"2025-03-06T17:00:06+00:00","dateModified":"2025-03-06T17:00:07+00:00","author":{"@id":"https:\/\/www.em.com.br\/emfoco\/#\/schema\/person\/524437ef54f8a5d32591b143307f2e20"},"description":"Estudo do IBGE revela que trabalhadores por conta pr\u00f3pria dedicam mais tempo ao trabalho e t\u00eam menor renda mensal. Saiba mais.","breadcrumb":{"@id":"https:\/\/www.em.com.br\/emfoco\/2025\/03\/06\/ibge-revela-quem-trabalha-mais-no-brasil-autonomos-ou-clt-o-resultado-choca\/#breadcrumb"},"inLanguage":"pt-BR","potentialAction":[{"@type":"ReadAction","target":["https:\/\/www.em.com.br\/emfoco\/2025\/03\/06\/ibge-revela-quem-trabalha-mais-no-brasil-autonomos-ou-clt-o-resultado-choca\/"]}]},{"@type":"ImageObject","inLanguage":"pt-BR","@id":"https:\/\/www.em.com.br\/emfoco\/2025\/03\/06\/ibge-revela-quem-trabalha-mais-no-brasil-autonomos-ou-clt-o-resultado-choca\/#primaryimage","url":"https:\/\/www.em.com.br\/emfoco\/wp-content\/uploads\/2024\/12\/Emprego_1734623200824.jpg","contentUrl":"https:\/\/www.em.com.br\/emfoco\/wp-content\/uploads\/2024\/12\/Emprego_1734623200824.jpg","width":1280,"height":720,"caption":"Carteira de Trabalho - Cr\u00e9ditos: depositphotos.com \/ gustavomello162.hotmail.com"},{"@type":"BreadcrumbList","@id":"https:\/\/www.em.com.br\/emfoco\/2025\/03\/06\/ibge-revela-quem-trabalha-mais-no-brasil-autonomos-ou-clt-o-resultado-choca\/#breadcrumb","itemListElement":[{"@type":"ListItem","position":1,"name":"In\u00edcio","item":"https:\/\/www.em.com.br\/emfoco\/"},{"@type":"ListItem","position":2,"name":"IBGE revela quem trabalha mais no Brasil: aut\u00f4nomos ou CLT? O resultado choca!"}]},{"@type":"WebSite","@id":"https:\/\/www.em.com.br\/emfoco\/#website","url":"https:\/\/www.em.com.br\/emfoco\/","name":"Estado de Minas - Em foco","description":"Acompanhe as \u00faltimas not\u00edcias e fique bem informado sobre tudo o que acontece em Minas Gerais, Brasil e no mundo.","potentialAction":[{"@type":"SearchAction","target":{"@type":"EntryPoint","urlTemplate":"https:\/\/www.em.com.br\/emfoco\/?s={search_term_string}"},"query-input":{"@type":"PropertyValueSpecification","valueRequired":true,"valueName":"search_term_string"}}],"inLanguage":"pt-BR"},{"@type":"Person","@id":"https:\/\/www.em.com.br\/emfoco\/#\/schema\/person\/524437ef54f8a5d32591b143307f2e20","name":"N\u00fabia Rangel","image":{"@type":"ImageObject","inLanguage":"pt-BR","@id":"https:\/\/www.em.com.br\/emfoco\/#\/schema\/person\/image\/","url":"https:\/\/secure.gravatar.com\/avatar\/47cff2827a5ba23c37e8068c86817ea4?s=96&d=mm&r=g","contentUrl":"https:\/\/secure.gravatar.com\/avatar\/47cff2827a5ba23c37e8068c86817ea4?s=96&d=mm&r=g","caption":"N\u00fabia Rangel"},"sameAs":["https:\/\/www.em.com.br\/emfoco\/"],"url":"https:\/\/www.em.com.br\/emfoco\/author\/nubiamyth\/"}]}},"_links":{"self":[{"href":"https:\/\/www.em.com.br\/emfoco\/wp-json\/wp\/v2\/posts\/21654","targetHints":{"allow":["GET"]}}],"collection":[{"href":"https:\/\/www.em.com.br\/emfoco\/wp-json\/wp\/v2\/posts"}],"about":[{"href":"https:\/\/www.em.com.br\/emfoco\/wp-json\/wp\/v2\/types\/post"}],"author":[{"embeddable":true,"href":"https:\/\/www.em.com.br\/emfoco\/wp-json\/wp\/v2\/users\/5"}],"replies":[{"embeddable":true,"href":"https:\/\/www.em.com.br\/emfoco\/wp-json\/wp\/v2\/comments?post=21654"}],"version-history":[{"count":5,"href":"https:\/\/www.em.com.br\/emfoco\/wp-json\/wp\/v2\/posts\/21654\/revisions"}],"predecessor-version":[{"id":25159,"href":"https:\/\/www.em.com.br\/emfoco\/wp-json\/wp\/v2\/posts\/21654\/revisions\/25159"}],"wp:featuredmedia":[{"embeddable":true,"href":"https:\/\/www.em.com.br\/emfoco\/wp-json\/wp\/v2\/media\/5706"}],"wp:attachment":[{"href":"https:\/\/www.em.com.br\/emfoco\/wp-json\/wp\/v2\/media?parent=21654"}],"wp:term":[{"taxonomy":"category","embeddable":true,"href":"https:\/\/www.em.com.br\/emfoco\/wp-json\/wp\/v2\/categories?post=21654"},{"taxonomy":"post_tag","embeddable":true,"href":"https:\/\/www.em.com.br\/emfoco\/wp-json\/wp\/v2\/tags?post=21654"}],"curies":[{"name":"wp","href":"https:\/\/api.w.org\/{rel}","templated":true}]}}