{"id":21632,"date":"2025-02-22T08:40:02","date_gmt":"2025-02-22T11:40:02","guid":{"rendered":"https:\/\/www.em.com.br\/emfoco\/?p=21632"},"modified":"2025-02-22T08:40:03","modified_gmt":"2025-02-22T11:40:03","slug":"governo-federal-22-02-emite-comunicado-para-todos-os-idosos-acima-de-60-anos","status":"publish","type":"post","link":"https:\/\/www.em.com.br\/emfoco\/2025\/02\/22\/governo-federal-22-02-emite-comunicado-para-todos-os-idosos-acima-de-60-anos\/","title":{"rendered":"Governo Federal 22\/02 emite comunicado para todos os idosos acima de 60 anos"},"content":{"rendered":"\n<p>A <strong>Carteira de Idoso<\/strong> \u00e9 um documento que proporciona benef\u00edcios especiais para cidad\u00e3os brasileiros com 60 anos ou mais. Este documento \u00e9 particularmente \u00fatil para aqueles que t\u00eam uma renda mensal de at\u00e9 dois sal\u00e1rios m\u00ednimos, facilitando o acesso a servi\u00e7os de transporte e outros direitos sociais. A iniciativa visa promover a inclus\u00e3o social e melhorar a qualidade de vida dos idosos, permitindo-lhes participar mais ativamente da sociedade.<\/p>\n\n\n\n<p>O foco principal da Carteira de Idoso \u00e9 garantir que os idosos possam usufruir de tarifas reduzidas ou at\u00e9 mesmo isen\u00e7\u00f5es em servi\u00e7os essenciais, promovendo um envelhecimento mais digno e participativo.<\/p>\n\n\n\n<h2 class=\"wp-block-heading\">Como \u00e9 feita a solicita\u00e7\u00e3o da Carteira de Idoso?<\/h2>\n\n\n\n<p>Para solicitar a Carteira de Idoso, \u00e9 necess\u00e1rio que o interessado esteja inscrito no <strong>Cadastro \u00danico para Programas Sociais do Governo Federal<\/strong>, conhecido como <strong>Cad\u00danico<\/strong>. Este cadastro \u00e9 utilizado para avaliar a situa\u00e7\u00e3o econ\u00f4mica do solicitante e determinar a elegibilidade para o benef\u00edcio. A renda mensal do idoso n\u00e3o deve ultrapassar dois sal\u00e1rios m\u00ednimos para que ele possa se qualificar.<\/p>\n\n\n\n<p>Manter as informa\u00e7\u00f5es atualizadas no Cad\u00danico \u00e9 fundamental para continuar a receber os benef\u00edcios. As prefeituras e centros de assist\u00eancia social s\u00e3o respons\u00e1veis por orientar e auxiliar os idosos durante o processo de solicita\u00e7\u00e3o e emiss\u00e3o da carteira.<\/p>\n\n\n\n<figure class=\"wp-block-image size-full\"><img loading=\"lazy\" decoding=\"async\" width=\"780\" height=\"439\" src=\"https:\/\/www.em.com.br\/emfoco\/wp-content\/uploads\/2024\/12\/image-91-e1735315851226.png\" alt=\"Carteira do Idoso 2025: Novas regras e mais benef\u00edcios para voc\u00ea!\" class=\"wp-image-7005\" srcset=\"https:\/\/www.em.com.br\/emfoco\/wp-content\/uploads\/2024\/12\/image-91-e1735315851226.png 780w, https:\/\/www.em.com.br\/emfoco\/wp-content\/uploads\/2024\/12\/image-91-e1735315851226-300x169.png 300w, https:\/\/www.em.com.br\/emfoco\/wp-content\/uploads\/2024\/12\/image-91-e1735315851226-768x432.png 768w, https:\/\/www.em.com.br\/emfoco\/wp-content\/uploads\/2024\/12\/image-91-e1735315851226-750x422.png 750w\" sizes=\"auto, (max-width: 780px) 100vw, 780px\" \/><figcaption class=\"wp-element-caption\">Imagem Divulga\u00e7\u00e3o Carteirinha do Idoso<\/figcaption><\/figure>\n\n\n\n<h2 class=\"wp-block-heading\">Quais s\u00e3o os benef\u00edcios oferecidos pela Carteira de Idoso?<\/h2>\n\n\n\n<p>O principal benef\u00edcio da Carteira de Idoso \u00e9 o acesso gratuito ao transporte interestadual. As empresas de transporte s\u00e3o obrigadas a reservar duas vagas gratuitas para idosos em cada ve\u00edculo. Caso essas vagas j\u00e1 estejam ocupadas, \u00e9 garantido um desconto de pelo menos 50% no valor da passagem.<\/p>\n\n\n\n<p>Al\u00e9m do transporte, a carteira pode facilitar o acesso a eventos culturais e sociais, promovendo uma maior participa\u00e7\u00e3o dos idosos na sociedade e contribuindo para um envelhecimento mais ativo e inclusivo.<\/p>\n\n\n\n<h2 class=\"wp-block-heading\">Como obter a Carteira de Idoso?<\/h2>\n\n\n\n<p>O processo para obter a Carteira de Idoso come\u00e7a com a atualiza\u00e7\u00e3o dos dados no Cad\u00danico. Em seguida, o solicitante deve comparecer ao \u00f3rg\u00e3o municipal de assist\u00eancia social com documentos pessoais, como RG, CPF e comprovante de resid\u00eancia.<\/p>\n\n\n\n<p>A emiss\u00e3o do documento \u00e9 geralmente r\u00e1pida, desde que todos os dados estejam corretos. A carteira tem validade de dois anos, sendo necess\u00e1ria a renova\u00e7\u00e3o ao final desse per\u00edodo para manter os direitos.<\/p>\n\n\n\n<h2 class=\"wp-block-heading\">O que fazer em caso de perda da Carteira de Idoso?<\/h2>\n\n\n\n<p>Se a Carteira de Idoso for perdida ou extraviada, o procedimento para obter uma nova via \u00e9 o mesmo da emiss\u00e3o inicial. \u00c9 importante manter os documentos pessoais atualizados e informar qualquer altera\u00e7\u00e3o ao <strong>CRAS<\/strong>.<\/p>\n\n\n\n<p>Assim, a Carteira de Idoso n\u00e3o s\u00f3 assegura o exerc\u00edcio de direitos legais, mas tamb\u00e9m se apresenta como um instrumento vital para a cidadania plena dos idosos, garantindo acesso cont\u00ednuo a servi\u00e7os essenciais.<\/p>\n","protected":false},"excerpt":{"rendered":"<p>A Carteira de Idoso \u00e9 um documento que proporciona benef\u00edcios especiais para cidad\u00e3os brasileiros com 60 anos ou mais. Este documento \u00e9 particularmente \u00fatil para aqueles que t\u00eam uma renda mensal de at\u00e9 dois sal\u00e1rios m\u00ednimos, facilitando o acesso a servi\u00e7os de transporte e outros direitos sociais. A iniciativa visa promover a inclus\u00e3o social e [&hellip;]<\/p>\n","protected":false},"author":5,"featured_media":7199,"comment_status":"open","ping_status":"open","sticky":false,"template":"","format":"standard","meta":{"jnews-multi-image_gallery":[],"jnews_single_post":{"format":"standard"},"jnews_primary_category":[],"jnews_social_meta":[],"jnews_override_counter":[],"footnotes":""},"categories":[28,1],"tags":[256,625,490,326],"class_list":["post-21632","post","type-post","status-publish","format-standard","has-post-thumbnail","hentry","category-economia","category-noticias","tag-beneficios","tag-descontos","tag-idoso","tag-transporte"],"yoast_head":"<!-- This site is optimized with the Yoast SEO plugin v23.8 - https:\/\/yoast.com\/wordpress\/plugins\/seo\/ -->\n<title>Governo Federal 22\/02 emite comunicado para todos os idosos acima de 60 anos - Estado de Minas - Em foco<\/title>\n<meta name=\"description\" content=\"Saiba como idosos garantem transporte gratuito ou com desconto, al\u00e9m de benef\u00edcios em eventos culturais e esportivos.\" \/>\n<meta name=\"robots\" content=\"index, follow, max-snippet:-1, max-image-preview:large, max-video-preview:-1\" \/>\n<link rel=\"canonical\" href=\"https:\/\/www.em.com.br\/emfoco\/2025\/02\/22\/governo-federal-22-02-emite-comunicado-para-todos-os-idosos-acima-de-60-anos\/\" \/>\n<meta property=\"og:locale\" content=\"pt_BR\" \/>\n<meta property=\"og:type\" content=\"article\" \/>\n<meta property=\"og:title\" content=\"Governo Federal 22\/02 emite comunicado para todos os idosos acima de 60 anos - Estado de Minas - Em foco\" \/>\n<meta property=\"og:description\" content=\"Saiba como idosos garantem transporte gratuito ou com desconto, al\u00e9m de benef\u00edcios em eventos culturais e esportivos.\" \/>\n<meta property=\"og:url\" content=\"https:\/\/www.em.com.br\/emfoco\/2025\/02\/22\/governo-federal-22-02-emite-comunicado-para-todos-os-idosos-acima-de-60-anos\/\" \/>\n<meta property=\"og:site_name\" content=\"Estado de Minas - Em foco\" \/>\n<meta property=\"article:published_time\" content=\"2025-02-22T11:40:02+00:00\" \/>\n<meta property=\"article:modified_time\" content=\"2025-02-22T11:40:03+00:00\" \/>\n<meta property=\"og:image\" content=\"https:\/\/www.em.com.br\/emfoco\/wp-content\/uploads\/2024\/12\/Luiz-Inacio_1735388182523.jpg\" \/>\n\t<meta property=\"og:image:width\" content=\"1280\" \/>\n\t<meta property=\"og:image:height\" content=\"720\" \/>\n\t<meta property=\"og:image:type\" content=\"image\/jpeg\" \/>\n<meta name=\"author\" content=\"N\u00fabia Rangel\" \/>\n<meta name=\"twitter:card\" content=\"summary_large_image\" \/>\n<meta name=\"twitter:label1\" content=\"Escrito por\" \/>\n\t<meta name=\"twitter:data1\" content=\"N\u00fabia Rangel\" \/>\n\t<meta name=\"twitter:label2\" content=\"Est. tempo de leitura\" \/>\n\t<meta name=\"twitter:data2\" content=\"3 minutos\" \/>\n<!-- \/ Yoast SEO plugin. -->","yoast_head_json":{"title":"Governo Federal 22\/02 emite comunicado para todos os idosos acima de 60 anos - Estado de Minas - Em foco","description":"Saiba como idosos garantem transporte gratuito ou com desconto, al\u00e9m de benef\u00edcios em eventos culturais e esportivos.","robots":{"index":"index","follow":"follow","max-snippet":"max-snippet:-1","max-image-preview":"max-image-preview:large","max-video-preview":"max-video-preview:-1"},"canonical":"https:\/\/www.em.com.br\/emfoco\/2025\/02\/22\/governo-federal-22-02-emite-comunicado-para-todos-os-idosos-acima-de-60-anos\/","og_locale":"pt_BR","og_type":"article","og_title":"Governo Federal 22\/02 emite comunicado para todos os idosos acima de 60 anos - Estado de Minas - Em foco","og_description":"Saiba como idosos garantem transporte gratuito ou com desconto, al\u00e9m de benef\u00edcios em eventos culturais e esportivos.","og_url":"https:\/\/www.em.com.br\/emfoco\/2025\/02\/22\/governo-federal-22-02-emite-comunicado-para-todos-os-idosos-acima-de-60-anos\/","og_site_name":"Estado de Minas - Em foco","article_published_time":"2025-02-22T11:40:02+00:00","article_modified_time":"2025-02-22T11:40:03+00:00","og_image":[{"width":1280,"height":720,"url":"https:\/\/www.em.com.br\/emfoco\/wp-content\/uploads\/2024\/12\/Luiz-Inacio_1735388182523.jpg","type":"image\/jpeg"}],"author":"N\u00fabia Rangel","twitter_card":"summary_large_image","twitter_misc":{"Escrito por":"N\u00fabia Rangel","Est. tempo de leitura":"3 minutos"},"schema":{"@context":"https:\/\/schema.org","@graph":[{"@type":"WebPage","@id":"https:\/\/www.em.com.br\/emfoco\/2025\/02\/22\/governo-federal-22-02-emite-comunicado-para-todos-os-idosos-acima-de-60-anos\/","url":"https:\/\/www.em.com.br\/emfoco\/2025\/02\/22\/governo-federal-22-02-emite-comunicado-para-todos-os-idosos-acima-de-60-anos\/","name":"Governo Federal 22\/02 emite comunicado para todos os idosos acima de 60 anos - Estado de Minas - Em foco","isPartOf":{"@id":"https:\/\/www.em.com.br\/emfoco\/#website"},"primaryImageOfPage":{"@id":"https:\/\/www.em.com.br\/emfoco\/2025\/02\/22\/governo-federal-22-02-emite-comunicado-para-todos-os-idosos-acima-de-60-anos\/#primaryimage"},"image":{"@id":"https:\/\/www.em.com.br\/emfoco\/2025\/02\/22\/governo-federal-22-02-emite-comunicado-para-todos-os-idosos-acima-de-60-anos\/#primaryimage"},"thumbnailUrl":"https:\/\/www.em.com.br\/emfoco\/wp-content\/uploads\/2024\/12\/Luiz-Inacio_1735388182523.jpg","datePublished":"2025-02-22T11:40:02+00:00","dateModified":"2025-02-22T11:40:03+00:00","author":{"@id":"https:\/\/www.em.com.br\/emfoco\/#\/schema\/person\/524437ef54f8a5d32591b143307f2e20"},"description":"Saiba como idosos garantem transporte gratuito ou com desconto, al\u00e9m de benef\u00edcios em eventos culturais e esportivos.","breadcrumb":{"@id":"https:\/\/www.em.com.br\/emfoco\/2025\/02\/22\/governo-federal-22-02-emite-comunicado-para-todos-os-idosos-acima-de-60-anos\/#breadcrumb"},"inLanguage":"pt-BR","potentialAction":[{"@type":"ReadAction","target":["https:\/\/www.em.com.br\/emfoco\/2025\/02\/22\/governo-federal-22-02-emite-comunicado-para-todos-os-idosos-acima-de-60-anos\/"]}]},{"@type":"ImageObject","inLanguage":"pt-BR","@id":"https:\/\/www.em.com.br\/emfoco\/2025\/02\/22\/governo-federal-22-02-emite-comunicado-para-todos-os-idosos-acima-de-60-anos\/#primaryimage","url":"https:\/\/www.em.com.br\/emfoco\/wp-content\/uploads\/2024\/12\/Luiz-Inacio_1735388182523.jpg","contentUrl":"https:\/\/www.em.com.br\/emfoco\/wp-content\/uploads\/2024\/12\/Luiz-Inacio_1735388182523.jpg","width":1280,"height":720,"caption":"Luiz In\u00e1cio Lula - Cr\u00e9ditos: depositphotos.com \/ casadaphoto"},{"@type":"BreadcrumbList","@id":"https:\/\/www.em.com.br\/emfoco\/2025\/02\/22\/governo-federal-22-02-emite-comunicado-para-todos-os-idosos-acima-de-60-anos\/#breadcrumb","itemListElement":[{"@type":"ListItem","position":1,"name":"In\u00edcio","item":"https:\/\/www.em.com.br\/emfoco\/"},{"@type":"ListItem","position":2,"name":"Governo Federal 22\/02 emite comunicado para todos os idosos acima de 60 anos"}]},{"@type":"WebSite","@id":"https:\/\/www.em.com.br\/emfoco\/#website","url":"https:\/\/www.em.com.br\/emfoco\/","name":"Estado de Minas - Em foco","description":"Acompanhe as \u00faltimas not\u00edcias e fique bem informado sobre tudo o que acontece em Minas Gerais, Brasil e no mundo.","potentialAction":[{"@type":"SearchAction","target":{"@type":"EntryPoint","urlTemplate":"https:\/\/www.em.com.br\/emfoco\/?s={search_term_string}"},"query-input":{"@type":"PropertyValueSpecification","valueRequired":true,"valueName":"search_term_string"}}],"inLanguage":"pt-BR"},{"@type":"Person","@id":"https:\/\/www.em.com.br\/emfoco\/#\/schema\/person\/524437ef54f8a5d32591b143307f2e20","name":"N\u00fabia Rangel","image":{"@type":"ImageObject","inLanguage":"pt-BR","@id":"https:\/\/www.em.com.br\/emfoco\/#\/schema\/person\/image\/","url":"https:\/\/secure.gravatar.com\/avatar\/47cff2827a5ba23c37e8068c86817ea4?s=96&d=mm&r=g","contentUrl":"https:\/\/secure.gravatar.com\/avatar\/47cff2827a5ba23c37e8068c86817ea4?s=96&d=mm&r=g","caption":"N\u00fabia Rangel"},"sameAs":["https:\/\/www.em.com.br\/emfoco\/"],"url":"https:\/\/www.em.com.br\/emfoco\/author\/nubiamyth\/"}]}},"_links":{"self":[{"href":"https:\/\/www.em.com.br\/emfoco\/wp-json\/wp\/v2\/posts\/21632","targetHints":{"allow":["GET"]}}],"collection":[{"href":"https:\/\/www.em.com.br\/emfoco\/wp-json\/wp\/v2\/posts"}],"about":[{"href":"https:\/\/www.em.com.br\/emfoco\/wp-json\/wp\/v2\/types\/post"}],"author":[{"embeddable":true,"href":"https:\/\/www.em.com.br\/emfoco\/wp-json\/wp\/v2\/users\/5"}],"replies":[{"embeddable":true,"href":"https:\/\/www.em.com.br\/emfoco\/wp-json\/wp\/v2\/comments?post=21632"}],"version-history":[{"count":3,"href":"https:\/\/www.em.com.br\/emfoco\/wp-json\/wp\/v2\/posts\/21632\/revisions"}],"predecessor-version":[{"id":21636,"href":"https:\/\/www.em.com.br\/emfoco\/wp-json\/wp\/v2\/posts\/21632\/revisions\/21636"}],"wp:featuredmedia":[{"embeddable":true,"href":"https:\/\/www.em.com.br\/emfoco\/wp-json\/wp\/v2\/media\/7199"}],"wp:attachment":[{"href":"https:\/\/www.em.com.br\/emfoco\/wp-json\/wp\/v2\/media?parent=21632"}],"wp:term":[{"taxonomy":"category","embeddable":true,"href":"https:\/\/www.em.com.br\/emfoco\/wp-json\/wp\/v2\/categories?post=21632"},{"taxonomy":"post_tag","embeddable":true,"href":"https:\/\/www.em.com.br\/emfoco\/wp-json\/wp\/v2\/tags?post=21632"}],"curies":[{"name":"wp","href":"https:\/\/api.w.org\/{rel}","templated":true}]}}