{"id":21411,"date":"2025-02-21T11:20:24","date_gmt":"2025-02-21T14:20:24","guid":{"rendered":"https:\/\/www.em.com.br\/emfoco\/?p=21411"},"modified":"2025-02-20T19:15:45","modified_gmt":"2025-02-20T22:15:45","slug":"pis-pasep-2025-um-respiro-no-bolso-ou-miragem-financeira","status":"publish","type":"post","link":"https:\/\/www.em.com.br\/emfoco\/2025\/02\/21\/pis-pasep-2025-um-respiro-no-bolso-ou-miragem-financeira\/","title":{"rendered":"PIS\/PASEP 2025 libera pagamentos para trabalhadores com carteira assinada"},"content":{"rendered":"\n<p>Desde fevereiro de 2025, trabalhadores da iniciativa privada e servidores p\u00fablicos nascidos nos primeiros meses do ano come\u00e7aram a receber o abono <a href=\"https:\/\/www.em.com.br\/emfoco\/2025\/02\/18\/pis-pasep-26-milhoes-de-brasileiros-ja-podem-sacar-abono-salarial\/\" target=\"_blank\" rel=\"noreferrer noopener\">salarial <\/a>do <strong><a href=\"https:\/\/www.gov.br\/tesouronacional\/pt-br\/ativos-da-uniao\/fundos-governamentais\/pis-pasep\" target=\"_blank\" rel=\"noreferrer noopener\">PIS\/PASEP<\/a><\/strong>. Este benef\u00edcio \u00e9 uma importante ajuda financeira, mas muitos ainda desconhecem os crit\u00e9rios para ter direito a ele. \u00c9 essencial compreender quem pode receber o abono e quais s\u00e3o as condi\u00e7\u00f5es necess\u00e1rias para se qualificar.<\/p>\n\n\n\n<p>O calend\u00e1rio de pagamentos para 2025 foi iniciado em fevereiro e se estender\u00e1 at\u00e9 agosto, permitindo que os benefici\u00e1rios retirem o dinheiro at\u00e9 o final de dezembro. O abono \u00e9 destinado a trabalhadores que atuaram sob o regime <strong>CLT<\/strong> no ano-base de 2023 e que cumpriram certos requisitos, como tempo m\u00ednimo de trabalho e limite de renda.<\/p>\n\n\n\n<h2 class=\"wp-block-heading\">Quem tem direito ao PIS\/PASEP 2025?<\/h2>\n\n\n\n<p>Para ser eleg\u00edvel ao abono salarial em 2025, o trabalhador deve ter cumprido algumas condi\u00e7\u00f5es espec\u00edficas. Primeiramente, \u00e9 necess\u00e1rio ter trabalhado formalmente por pelo menos 30 dias em 2023. Al\u00e9m disso, a renda mensal durante esse per\u00edodo n\u00e3o pode ter ultrapassado dois sal\u00e1rios m\u00ednimos.<\/p>\n\n\n\n<p>Outro crit\u00e9rio importante \u00e9 a inscri\u00e7\u00e3o no programa PIS\/PASEP h\u00e1 pelo menos cinco anos. O empregador tamb\u00e9m deve ter enviado corretamente as informa\u00e7\u00f5es do trabalhador na<strong> Rela\u00e7\u00e3o Anual de Informa\u00e7\u00f5es Sociais (Rais)<\/strong> at\u00e9 maio de 2024. Esses requisitos garantem que o benef\u00edcio seja direcionado a quem realmente precisa.<\/p>\n\n\n<div class=\"wp-block-image\">\n<figure class=\"aligncenter size-large\"><img loading=\"lazy\" decoding=\"async\" width=\"1024\" height=\"576\" src=\"https:\/\/www.em.com.br\/emfoco\/wp-content\/uploads\/2025\/02\/auxilio_1739545217404-1024x576.jpg\" alt=\"PIS\/PASEP 2025 Um respiro no bolso ou miragem financeira?\" class=\"wp-image-19668\" srcset=\"https:\/\/www.em.com.br\/emfoco\/wp-content\/uploads\/2025\/02\/auxilio_1739545217404-1024x576.jpg 1024w, https:\/\/www.em.com.br\/emfoco\/wp-content\/uploads\/2025\/02\/auxilio_1739545217404-300x169.jpg 300w, https:\/\/www.em.com.br\/emfoco\/wp-content\/uploads\/2025\/02\/auxilio_1739545217404-768x432.jpg 768w, https:\/\/www.em.com.br\/emfoco\/wp-content\/uploads\/2025\/02\/auxilio_1739545217404-750x422.jpg 750w, https:\/\/www.em.com.br\/emfoco\/wp-content\/uploads\/2025\/02\/auxilio_1739545217404-1140x641.jpg 1140w, https:\/\/www.em.com.br\/emfoco\/wp-content\/uploads\/2025\/02\/auxilio_1739545217404.jpg 1280w\" sizes=\"auto, (max-width: 1024px) 100vw, 1024px\" \/><figcaption class=\"wp-element-caption\">Auxillio &#8211; Cr\u00e9ditos: depositphotos.com \/ rafapress<\/figcaption><\/figure><\/div>\n\n\n<h2 class=\"wp-block-heading\">Como consultar o Abono Salarial?<\/h2>\n\n\n\n<p>Os trabalhadores podem verificar se t\u00eam direito ao abono salarial atrav\u00e9s do <strong>aplicativo da Carteira de Trabalho Digital<\/strong>. O processo \u00e9 simples e r\u00e1pido, permitindo que o benefici\u00e1rio acesse todas as informa\u00e7\u00f5es necess\u00e1rias sobre o pagamento.<\/p>\n\n\n\n<ul class=\"wp-block-list\">\n<li>Atualize o aplicativo da Carteira de Trabalho Digital.<\/li>\n\n\n\n<li>Acesse a aba \u201cBenef\u00edcios\u201d.<\/li>\n\n\n\n<li>Selecione \u201cAbono Salarial\u201d.<\/li>\n\n\n\n<li>Clique em \u201cPagamentos\u201d para verificar o valor, a data e o banco de recebimento.<\/li>\n<\/ul>\n\n\n\n<p>Al\u00e9m disso, o aplicativo permite consultar informa\u00e7\u00f5es de pagamentos de anos anteriores, facilitando o controle financeiro do trabalhador.<\/p>\n\n\n\n<h2 class=\"wp-block-heading\">Quais s\u00e3o as datas de pagamento do PIS\/PASEP 2025?<\/h2>\n\n\n\n<p>O pagamento do abono salarial PIS\/PASEP 2025 \u00e9 realizado pela <strong>Caixa Econ\u00f4mica Federal<\/strong> para trabalhadores da iniciativa privada e pelo Banco do Brasil para servidores p\u00fablicos. O calend\u00e1rio de pagamentos \u00e9 unificado, facilitando o planejamento dos benefici\u00e1rios.<\/p>\n\n\n\n<ol class=\"wp-block-list\">\n<li>Janeiro: 17 de fevereiro<\/li>\n\n\n\n<li>Fevereiro: 17 de mar\u00e7o<\/li>\n\n\n\n<li>Mar\u00e7o e abril: 15 de abril<\/li>\n\n\n\n<li>Maio e junho: 15 de maio<\/li>\n\n\n\n<li>Julho e agosto: 16 de junho<\/li>\n\n\n\n<li>Setembro e outubro: 15 de julho<\/li>\n\n\n\n<li>Novembro e dezembro: 15 de agosto<\/li>\n<\/ol>\n\n\n\n<p>Os benefici\u00e1rios devem ficar atentos \u00e0s datas para garantir que o saque seja realizado dentro do prazo estipulado, evitando qualquer transtorno.<\/p>\n\n\n\n<h2 class=\"wp-block-heading\">Como garantir o recebimento do abono?<\/h2>\n\n\n\n<p>Para assegurar o recebimento do abono salarial, \u00e9 fundamental que o trabalhador mantenha seus dados atualizados junto ao empregador e no aplicativo da Carteira de Trabalho Digital. Al\u00e9m disso, \u00e9 importante verificar se todas as informa\u00e7\u00f5es foram corretamente enviadas na Rais, pois qualquer erro pode comprometer o pagamento do benef\u00edcio.<\/p>\n\n\n\n<p>Compreender os crit\u00e9rios e prazos do PIS\/PASEP 2025 \u00e9 essencial para que os trabalhadores possam usufruir desse direito sem complica\u00e7\u00f5es. Manter-se informado e organizado \u00e9 a chave para garantir o recebimento do abono salarial.<\/p>\n","protected":false},"excerpt":{"rendered":"<p>Desde fevereiro de 2025, trabalhadores da iniciativa privada e servidores p\u00fablicos nascidos nos primeiros meses do ano come\u00e7aram a receber o abono salarial do PIS\/PASEP. Este benef\u00edcio \u00e9 uma importante ajuda financeira, mas muitos ainda desconhecem os crit\u00e9rios para ter direito a ele. \u00c9 essencial compreender quem pode receber o abono e quais s\u00e3o as [&hellip;]<\/p>\n","protected":false},"author":7,"featured_media":19664,"comment_status":"open","ping_status":"open","sticky":false,"template":"","format":"standard","meta":{"jnews-multi-image_gallery":[],"jnews_single_post":{"format":"standard"},"jnews_primary_category":[],"jnews_social_meta":[],"jnews_override_counter":[],"footnotes":""},"categories":[28],"tags":[158,160,293,508],"class_list":["post-21411","post","type-post","status-publish","format-standard","has-post-thumbnail","hentry","category-economia","tag-brasil","tag-economia","tag-pis","tag-trabalho"],"yoast_head":"<!-- This site is optimized with the Yoast SEO plugin v23.8 - https:\/\/yoast.com\/wordpress\/plugins\/seo\/ -->\n<title>PIS\/PASEP 2025 libera pagamentos para trabalhadores com carteira assinada - Estado de Minas - Em foco<\/title>\n<meta name=\"description\" content=\"PIS\/PASEP 2025 libera pagamentos para trabalhadores com carteira assinada; confira quem tem direito e as datas de recebimento.\" \/>\n<meta name=\"robots\" content=\"index, follow, max-snippet:-1, max-image-preview:large, max-video-preview:-1\" \/>\n<link rel=\"canonical\" href=\"https:\/\/www.em.com.br\/emfoco\/2025\/02\/21\/pis-pasep-2025-um-respiro-no-bolso-ou-miragem-financeira\/\" \/>\n<meta property=\"og:locale\" content=\"pt_BR\" \/>\n<meta property=\"og:type\" content=\"article\" \/>\n<meta property=\"og:title\" content=\"PIS\/PASEP 2025 libera pagamentos para trabalhadores com carteira assinada - Estado de Minas - Em foco\" \/>\n<meta property=\"og:description\" content=\"PIS\/PASEP 2025 libera pagamentos para trabalhadores com carteira assinada; confira quem tem direito e as datas de recebimento.\" \/>\n<meta property=\"og:url\" content=\"https:\/\/www.em.com.br\/emfoco\/2025\/02\/21\/pis-pasep-2025-um-respiro-no-bolso-ou-miragem-financeira\/\" \/>\n<meta property=\"og:site_name\" content=\"Estado de Minas - Em foco\" \/>\n<meta property=\"article:published_time\" content=\"2025-02-21T14:20:24+00:00\" \/>\n<meta property=\"article:modified_time\" content=\"2025-02-20T22:15:45+00:00\" \/>\n<meta property=\"og:image\" content=\"https:\/\/www.em.com.br\/emfoco\/wp-content\/uploads\/2025\/02\/auxilio_1739545161448.jpg\" \/>\n\t<meta property=\"og:image:width\" content=\"1280\" \/>\n\t<meta property=\"og:image:height\" content=\"720\" \/>\n\t<meta property=\"og:image:type\" content=\"image\/jpeg\" \/>\n<meta name=\"author\" content=\"Kelvin\" \/>\n<meta name=\"twitter:card\" content=\"summary_large_image\" \/>\n<meta name=\"twitter:label1\" content=\"Escrito por\" \/>\n\t<meta name=\"twitter:data1\" content=\"Kelvin\" \/>\n\t<meta name=\"twitter:label2\" content=\"Est. tempo de leitura\" \/>\n\t<meta name=\"twitter:data2\" content=\"4 minutos\" \/>\n<!-- \/ Yoast SEO plugin. -->","yoast_head_json":{"title":"PIS\/PASEP 2025 libera pagamentos para trabalhadores com carteira assinada - Estado de Minas - Em foco","description":"PIS\/PASEP 2025 libera pagamentos para trabalhadores com carteira assinada; confira quem tem direito e as datas de recebimento.","robots":{"index":"index","follow":"follow","max-snippet":"max-snippet:-1","max-image-preview":"max-image-preview:large","max-video-preview":"max-video-preview:-1"},"canonical":"https:\/\/www.em.com.br\/emfoco\/2025\/02\/21\/pis-pasep-2025-um-respiro-no-bolso-ou-miragem-financeira\/","og_locale":"pt_BR","og_type":"article","og_title":"PIS\/PASEP 2025 libera pagamentos para trabalhadores com carteira assinada - Estado de Minas - Em foco","og_description":"PIS\/PASEP 2025 libera pagamentos para trabalhadores com carteira assinada; confira quem tem direito e as datas de recebimento.","og_url":"https:\/\/www.em.com.br\/emfoco\/2025\/02\/21\/pis-pasep-2025-um-respiro-no-bolso-ou-miragem-financeira\/","og_site_name":"Estado de Minas - Em foco","article_published_time":"2025-02-21T14:20:24+00:00","article_modified_time":"2025-02-20T22:15:45+00:00","og_image":[{"width":1280,"height":720,"url":"https:\/\/www.em.com.br\/emfoco\/wp-content\/uploads\/2025\/02\/auxilio_1739545161448.jpg","type":"image\/jpeg"}],"author":"Kelvin","twitter_card":"summary_large_image","twitter_misc":{"Escrito por":"Kelvin","Est. tempo de leitura":"4 minutos"},"schema":{"@context":"https:\/\/schema.org","@graph":[{"@type":"WebPage","@id":"https:\/\/www.em.com.br\/emfoco\/2025\/02\/21\/pis-pasep-2025-um-respiro-no-bolso-ou-miragem-financeira\/","url":"https:\/\/www.em.com.br\/emfoco\/2025\/02\/21\/pis-pasep-2025-um-respiro-no-bolso-ou-miragem-financeira\/","name":"PIS\/PASEP 2025 libera pagamentos para trabalhadores com carteira assinada - Estado de Minas - Em foco","isPartOf":{"@id":"https:\/\/www.em.com.br\/emfoco\/#website"},"primaryImageOfPage":{"@id":"https:\/\/www.em.com.br\/emfoco\/2025\/02\/21\/pis-pasep-2025-um-respiro-no-bolso-ou-miragem-financeira\/#primaryimage"},"image":{"@id":"https:\/\/www.em.com.br\/emfoco\/2025\/02\/21\/pis-pasep-2025-um-respiro-no-bolso-ou-miragem-financeira\/#primaryimage"},"thumbnailUrl":"https:\/\/www.em.com.br\/emfoco\/wp-content\/uploads\/2025\/02\/auxilio_1739545161448.jpg","datePublished":"2025-02-21T14:20:24+00:00","dateModified":"2025-02-20T22:15:45+00:00","author":{"@id":"https:\/\/www.em.com.br\/emfoco\/#\/schema\/person\/fb0a7f48c6fbb94b83f413a80f61917d"},"description":"PIS\/PASEP 2025 libera pagamentos para trabalhadores com carteira assinada; confira quem tem direito e as datas de recebimento.","breadcrumb":{"@id":"https:\/\/www.em.com.br\/emfoco\/2025\/02\/21\/pis-pasep-2025-um-respiro-no-bolso-ou-miragem-financeira\/#breadcrumb"},"inLanguage":"pt-BR","potentialAction":[{"@type":"ReadAction","target":["https:\/\/www.em.com.br\/emfoco\/2025\/02\/21\/pis-pasep-2025-um-respiro-no-bolso-ou-miragem-financeira\/"]}]},{"@type":"ImageObject","inLanguage":"pt-BR","@id":"https:\/\/www.em.com.br\/emfoco\/2025\/02\/21\/pis-pasep-2025-um-respiro-no-bolso-ou-miragem-financeira\/#primaryimage","url":"https:\/\/www.em.com.br\/emfoco\/wp-content\/uploads\/2025\/02\/auxilio_1739545161448.jpg","contentUrl":"https:\/\/www.em.com.br\/emfoco\/wp-content\/uploads\/2025\/02\/auxilio_1739545161448.jpg","width":1280,"height":720,"caption":"Auxillio - Cr\u00e9ditos: depositphotos.com \/ rafapress"},{"@type":"BreadcrumbList","@id":"https:\/\/www.em.com.br\/emfoco\/2025\/02\/21\/pis-pasep-2025-um-respiro-no-bolso-ou-miragem-financeira\/#breadcrumb","itemListElement":[{"@type":"ListItem","position":1,"name":"In\u00edcio","item":"https:\/\/www.em.com.br\/emfoco\/"},{"@type":"ListItem","position":2,"name":"PIS\/PASEP 2025 libera pagamentos para trabalhadores com carteira assinada"}]},{"@type":"WebSite","@id":"https:\/\/www.em.com.br\/emfoco\/#website","url":"https:\/\/www.em.com.br\/emfoco\/","name":"Estado de Minas - Em foco","description":"Acompanhe as \u00faltimas not\u00edcias e fique bem informado sobre tudo o que acontece em Minas Gerais, Brasil e no mundo.","potentialAction":[{"@type":"SearchAction","target":{"@type":"EntryPoint","urlTemplate":"https:\/\/www.em.com.br\/emfoco\/?s={search_term_string}"},"query-input":{"@type":"PropertyValueSpecification","valueRequired":true,"valueName":"search_term_string"}}],"inLanguage":"pt-BR"},{"@type":"Person","@id":"https:\/\/www.em.com.br\/emfoco\/#\/schema\/person\/fb0a7f48c6fbb94b83f413a80f61917d","name":"Kelvin","image":{"@type":"ImageObject","inLanguage":"pt-BR","@id":"https:\/\/www.em.com.br\/emfoco\/#\/schema\/person\/image\/","url":"https:\/\/secure.gravatar.com\/avatar\/e74f84337e6bf6c4c5e88fbdffa05270?s=96&d=mm&r=g","contentUrl":"https:\/\/secure.gravatar.com\/avatar\/e74f84337e6bf6c4c5e88fbdffa05270?s=96&d=mm&r=g","caption":"Kelvin"},"sameAs":["https:\/\/www.em.com.br\/emfoco"],"url":"https:\/\/www.em.com.br\/emfoco\/author\/kelvinmyth\/"}]}},"_links":{"self":[{"href":"https:\/\/www.em.com.br\/emfoco\/wp-json\/wp\/v2\/posts\/21411","targetHints":{"allow":["GET"]}}],"collection":[{"href":"https:\/\/www.em.com.br\/emfoco\/wp-json\/wp\/v2\/posts"}],"about":[{"href":"https:\/\/www.em.com.br\/emfoco\/wp-json\/wp\/v2\/types\/post"}],"author":[{"embeddable":true,"href":"https:\/\/www.em.com.br\/emfoco\/wp-json\/wp\/v2\/users\/7"}],"replies":[{"embeddable":true,"href":"https:\/\/www.em.com.br\/emfoco\/wp-json\/wp\/v2\/comments?post=21411"}],"version-history":[{"count":3,"href":"https:\/\/www.em.com.br\/emfoco\/wp-json\/wp\/v2\/posts\/21411\/revisions"}],"predecessor-version":[{"id":21600,"href":"https:\/\/www.em.com.br\/emfoco\/wp-json\/wp\/v2\/posts\/21411\/revisions\/21600"}],"wp:featuredmedia":[{"embeddable":true,"href":"https:\/\/www.em.com.br\/emfoco\/wp-json\/wp\/v2\/media\/19664"}],"wp:attachment":[{"href":"https:\/\/www.em.com.br\/emfoco\/wp-json\/wp\/v2\/media?parent=21411"}],"wp:term":[{"taxonomy":"category","embeddable":true,"href":"https:\/\/www.em.com.br\/emfoco\/wp-json\/wp\/v2\/categories?post=21411"},{"taxonomy":"post_tag","embeddable":true,"href":"https:\/\/www.em.com.br\/emfoco\/wp-json\/wp\/v2\/tags?post=21411"}],"curies":[{"name":"wp","href":"https:\/\/api.w.org\/{rel}","templated":true}]}}