{"id":2138,"date":"2024-11-30T07:00:00","date_gmt":"2024-11-30T10:00:00","guid":{"rendered":"https:\/\/www.em.com.br\/emfoco\/?p=2138"},"modified":"2024-11-30T06:07:43","modified_gmt":"2024-11-30T09:07:43","slug":"a-byd-vai-revolucionar-o-mercado-automotivo-brasileiro-descubra-o-que-esta-por-tras-dessa-expansao","status":"publish","type":"post","link":"https:\/\/www.em.com.br\/emfoco\/2024\/11\/30\/a-byd-vai-revolucionar-o-mercado-automotivo-brasileiro-descubra-o-que-esta-por-tras-dessa-expansao\/","title":{"rendered":"A BYD vai revolucionar o mercado automotivo brasileiro? Descubra o que est\u00e1 por tr\u00e1s dessa expans\u00e3o."},"content":{"rendered":"\n<p>A <a href=\"https:\/\/www.byd.com\/br\" target=\"_blank\" rel=\"noreferrer noopener\">BYD<\/a>, gigante chinesa do setor automobil\u00edstico, prepara uma expans\u00e3o significativa no mercado <a href=\"https:\/\/www.em.com.br\/emfoco\/2024\/11\/28\/novas-regras-do-trabalho-aos-domingos-e-feriados-em-2025-gera-alegria-no-brasil\/\" target=\"_blank\" rel=\"noreferrer noopener\">brasileiro<\/a>, apresentando marcas at\u00e9 ent\u00e3o desconhecidas no pa\u00eds. Bao, YangWang e Denza s\u00e3o algumas das marcas que estar\u00e3o em breve nas concession\u00e1rias brasileiras. Em visita recente \u00e0 sede da empresa em Shenzhen, na China, ficou claro que a BYD tem planos substanciais para introduzir essas novidades ao mercado local.<\/p>\n\n\n<div class=\"wp-block-image\">\n<figure class=\"aligncenter size-large\"><img decoding=\"async\" src=\"https:\/\/www.em.com.br\/emfoco\/wp-content\/uploads\/2024\/11\/BYD-Car-factory-06-1-e1696881963566-1024x576-1-1024x576.jpg\" alt=\"\" class=\"wp-image-2142\"\/><figcaption class=\"wp-element-caption\"><em>F\u00e1brica da BYD em Changzhou &#8211; Divulga\u00e7\u00e3o\/BYD<\/em><\/figcaption><\/figure><\/div>\n\n\n<p>Durante uma conversa com jornalistas, a vice-presidente mundial do grupo, Stella Li, confirmou planos de trazer novos modelos para o Brasil. Entre os confirmados est\u00e3o o reestilizado Song Plus, al\u00e9m dos novos Seal 06 GT e Bao 5. Ainda que n\u00e3o tenha revelado datas espec\u00edficas para esses lan\u00e7amentos, a executiva assegurou que a Denza ser\u00e1 a primeira a chegar, com previs\u00e3o de lan\u00e7amento para 2025.<\/p>\n\n\n<div class=\"wp-block-image\">\n<figure class=\"aligncenter size-large\"><img decoding=\"async\" src=\"https:\/\/www.em.com.br\/emfoco\/wp-content\/uploads\/2024\/11\/novo-byd-song-plus-dm-i-nas-concessionarias-brasileiras-dianteira-1024x576.jpeg\" alt=\"\" class=\"wp-image-2143\"\/><figcaption class=\"wp-element-caption\">Song Plus &#8211; Divulga\u00e7\u00e3o\/BYD<\/figcaption><\/figure><\/div>\n\n\n<h2 class=\"wp-block-heading\">O que Esperar da Denza no Brasil?<\/h2>\n\n\n\n<p>A partir de 2025, a Denza, marca de luxo da BYD, come\u00e7ar\u00e1 a oferecer ve\u00edculos no Brasil. A estreia acontecer\u00e1 com o sed\u00e3 premium Denza Z9, que atualmente j\u00e1 \u00e9 comercializado na China. Este modelo segue a tend\u00eancia dos ve\u00edculos eletrificados, oferecendo tanto uma vers\u00e3o h\u00edbrida quanto uma totalmente el\u00e9trica.<\/p>\n\n\n\n<p>O Denza Z9 promete impressionar com seu desempenho. A vers\u00e3o h\u00edbrida combina tr\u00eas motores el\u00e9tricos com um motor a gasolina de dois litros, totalizando uma pot\u00eancia de 858 cv. J\u00e1 a vers\u00e3o completamente el\u00e9trica entrega 952 cv, distribu\u00eddos por seus tr\u00eas propulsores. Ambas as vers\u00f5es acelera de zero a cem quil\u00f4metros por hora em apenas 3,6 segundos, atingindo uma velocidade m\u00e1xima de 240 km\/h.<\/p>\n\n\n<div class=\"wp-block-image\">\n<figure class=\"aligncenter size-large\"><img decoding=\"async\" src=\"https:\/\/www.em.com.br\/emfoco\/wp-content\/uploads\/2024\/11\/novo-byd-song-plus-dm-i-nas-concessionarias-brasileiras-dianteira-1-1024x683.jpeg\" alt=\"\" class=\"wp-image-2144\"\/><figcaption class=\"wp-element-caption\">Denza Z9 GT &#8211; Divulga\u00e7\u00e3o\/BYD<\/figcaption><\/figure><\/div>\n\n\n<h2 class=\"wp-block-heading\">Quais Outras Marcas a BYD Planeja Trazer?<\/h2>\n\n\n\n<p>Ap\u00f3s a chegada da Denza, a BYD pretende trazer modelos das marcas Bao e YangWang a partir de 2026. Entre os ve\u00edculos esperados est\u00e3o o SUV U8 e o esportivo U9, embora ainda n\u00e3o haja confirma\u00e7\u00e3o oficial sobre essas op\u00e7\u00f5es. Essa estrat\u00e9gia faz parte de um plano mais amplo de expans\u00e3o da empresa no Brasil, que inclui o aumento da rede de concession\u00e1rias com a abertura de 80 novos pontos de venda nos pr\u00f3ximos anos.<\/p>\n\n\n\n<h2 class=\"wp-block-heading\">Como a Denza Z9 se Destaca no Mercado?<\/h2>\n\n\n\n<p>Com um visual imponente, o Denza Z9 se destaca por suas linhas distintas e caracter\u00edsticas premium. Equipado com lanternas traseiras imponentes, o sed\u00e3 tamb\u00e9m impressiona pelo interior de alta tecnologia. A cabine conta com um painel de instrumentos digital de 13,2 polegadas, uma tela central de 17,3 polegadas, al\u00e9m de uma tela dedicada para o passageiro.<\/p>\n\n\n\n<p>A vers\u00e3o GT do Z9, que apresenta um design inspirado em peruas, visa competir diretamente com modelos consagrados no mercado, como o Porsche Panamera. Tudo isso reflete o compromisso da BYD em entregar produtos de qualidade superior e afirma sua posi\u00e7\u00e3o como uma das l\u00edderes no segmento de ve\u00edculos eletrificados.<\/p>\n","protected":false},"excerpt":{"rendered":"<p>A BYD, gigante chinesa do setor automobil\u00edstico, prepara uma expans\u00e3o significativa no mercado brasileiro, apresentando marcas at\u00e9 ent\u00e3o desconhecidas no pa\u00eds. Bao, YangWang e Denza s\u00e3o algumas das marcas que estar\u00e3o em breve nas concession\u00e1rias brasileiras. Em visita recente \u00e0 sede da empresa em Shenzhen, na China, ficou claro que a BYD tem planos substanciais [&hellip;]<\/p>\n","protected":false},"author":7,"featured_media":2394,"comment_status":"open","ping_status":"open","sticky":false,"template":"","format":"standard","meta":{"jnews-multi-image_gallery":[],"jnews_single_post":{"format":"standard"},"jnews_primary_category":[],"jnews_social_meta":[],"jnews_override_counter":[],"footnotes":""},"categories":[27],"tags":[1161,1159,1162,1160],"class_list":["post-2138","post","type-post","status-publish","format-standard","has-post-thumbnail","hentry","category-carros","tag-byd-brasil","tag-carros-eletricos","tag-denza-z9","tag-veiculos-eletricos"],"yoast_head":"<!-- This site is optimized with the Yoast SEO plugin v23.8 - https:\/\/yoast.com\/wordpress\/plugins\/seo\/ -->\n<title>A BYD vai revolucionar o mercado automotivo brasileiro? Descubra o que est\u00e1 por tr\u00e1s dessa expans\u00e3o. - Estado de Minas - Em foco<\/title>\n<meta name=\"description\" content=\"Artigo sobre a expans\u00e3o da BYD no Brasil, trazendo novas marcas e modelos, incluindo ve\u00edculos eletrificados.\" \/>\n<meta name=\"robots\" content=\"index, follow, max-snippet:-1, max-image-preview:large, max-video-preview:-1\" \/>\n<link rel=\"canonical\" href=\"https:\/\/www.em.com.br\/emfoco\/2024\/11\/30\/a-byd-vai-revolucionar-o-mercado-automotivo-brasileiro-descubra-o-que-esta-por-tras-dessa-expansao\/\" \/>\n<meta property=\"og:locale\" content=\"pt_BR\" \/>\n<meta property=\"og:type\" content=\"article\" \/>\n<meta property=\"og:title\" content=\"A BYD vai revolucionar o mercado automotivo brasileiro? Descubra o que est\u00e1 por tr\u00e1s dessa expans\u00e3o. - Estado de Minas - Em foco\" \/>\n<meta property=\"og:description\" content=\"Artigo sobre a expans\u00e3o da BYD no Brasil, trazendo novas marcas e modelos, incluindo ve\u00edculos eletrificados.\" \/>\n<meta property=\"og:url\" content=\"https:\/\/www.em.com.br\/emfoco\/2024\/11\/30\/a-byd-vai-revolucionar-o-mercado-automotivo-brasileiro-descubra-o-que-esta-por-tras-dessa-expansao\/\" \/>\n<meta property=\"og:site_name\" content=\"Estado de Minas - Em foco\" \/>\n<meta property=\"article:published_time\" content=\"2024-11-30T10:00:00+00:00\" \/>\n<meta property=\"article:modified_time\" content=\"2024-11-30T09:07:43+00:00\" \/>\n<meta property=\"og:image\" content=\"https:\/\/www.em.com.br\/emfoco\/wp-content\/uploads\/2024\/11\/byd2-1.jpg\" \/>\n\t<meta property=\"og:image:width\" content=\"1200\" \/>\n\t<meta property=\"og:image:height\" content=\"792\" \/>\n\t<meta property=\"og:image:type\" content=\"image\/jpeg\" \/>\n<meta name=\"author\" content=\"Kelvin\" \/>\n<meta name=\"twitter:card\" content=\"summary_large_image\" \/>\n<meta name=\"twitter:label1\" content=\"Escrito por\" \/>\n\t<meta name=\"twitter:data1\" content=\"Kelvin\" \/>\n\t<meta name=\"twitter:label2\" content=\"Est. tempo de leitura\" \/>\n\t<meta name=\"twitter:data2\" content=\"4 minutos\" \/>\n<!-- \/ Yoast SEO plugin. -->","yoast_head_json":{"title":"A BYD vai revolucionar o mercado automotivo brasileiro? Descubra o que est\u00e1 por tr\u00e1s dessa expans\u00e3o. - Estado de Minas - Em foco","description":"Artigo sobre a expans\u00e3o da BYD no Brasil, trazendo novas marcas e modelos, incluindo ve\u00edculos eletrificados.","robots":{"index":"index","follow":"follow","max-snippet":"max-snippet:-1","max-image-preview":"max-image-preview:large","max-video-preview":"max-video-preview:-1"},"canonical":"https:\/\/www.em.com.br\/emfoco\/2024\/11\/30\/a-byd-vai-revolucionar-o-mercado-automotivo-brasileiro-descubra-o-que-esta-por-tras-dessa-expansao\/","og_locale":"pt_BR","og_type":"article","og_title":"A BYD vai revolucionar o mercado automotivo brasileiro? Descubra o que est\u00e1 por tr\u00e1s dessa expans\u00e3o. - Estado de Minas - Em foco","og_description":"Artigo sobre a expans\u00e3o da BYD no Brasil, trazendo novas marcas e modelos, incluindo ve\u00edculos eletrificados.","og_url":"https:\/\/www.em.com.br\/emfoco\/2024\/11\/30\/a-byd-vai-revolucionar-o-mercado-automotivo-brasileiro-descubra-o-que-esta-por-tras-dessa-expansao\/","og_site_name":"Estado de Minas - Em foco","article_published_time":"2024-11-30T10:00:00+00:00","article_modified_time":"2024-11-30T09:07:43+00:00","og_image":[{"width":1200,"height":792,"url":"https:\/\/www.em.com.br\/emfoco\/wp-content\/uploads\/2024\/11\/byd2-1.jpg","type":"image\/jpeg"}],"author":"Kelvin","twitter_card":"summary_large_image","twitter_misc":{"Escrito por":"Kelvin","Est. tempo de leitura":"4 minutos"},"schema":{"@context":"https:\/\/schema.org","@graph":[{"@type":"WebPage","@id":"https:\/\/www.em.com.br\/emfoco\/2024\/11\/30\/a-byd-vai-revolucionar-o-mercado-automotivo-brasileiro-descubra-o-que-esta-por-tras-dessa-expansao\/","url":"https:\/\/www.em.com.br\/emfoco\/2024\/11\/30\/a-byd-vai-revolucionar-o-mercado-automotivo-brasileiro-descubra-o-que-esta-por-tras-dessa-expansao\/","name":"A BYD vai revolucionar o mercado automotivo brasileiro? Descubra o que est\u00e1 por tr\u00e1s dessa expans\u00e3o. - Estado de Minas - Em foco","isPartOf":{"@id":"https:\/\/www.em.com.br\/emfoco\/#website"},"primaryImageOfPage":{"@id":"https:\/\/www.em.com.br\/emfoco\/2024\/11\/30\/a-byd-vai-revolucionar-o-mercado-automotivo-brasileiro-descubra-o-que-esta-por-tras-dessa-expansao\/#primaryimage"},"image":{"@id":"https:\/\/www.em.com.br\/emfoco\/2024\/11\/30\/a-byd-vai-revolucionar-o-mercado-automotivo-brasileiro-descubra-o-que-esta-por-tras-dessa-expansao\/#primaryimage"},"thumbnailUrl":"https:\/\/www.em.com.br\/emfoco\/wp-content\/uploads\/2024\/11\/byd2-1.jpg","datePublished":"2024-11-30T10:00:00+00:00","dateModified":"2024-11-30T09:07:43+00:00","author":{"@id":"https:\/\/www.em.com.br\/emfoco\/#\/schema\/person\/fb0a7f48c6fbb94b83f413a80f61917d"},"description":"Artigo sobre a expans\u00e3o da BYD no Brasil, trazendo novas marcas e modelos, incluindo ve\u00edculos eletrificados.","breadcrumb":{"@id":"https:\/\/www.em.com.br\/emfoco\/2024\/11\/30\/a-byd-vai-revolucionar-o-mercado-automotivo-brasileiro-descubra-o-que-esta-por-tras-dessa-expansao\/#breadcrumb"},"inLanguage":"pt-BR","potentialAction":[{"@type":"ReadAction","target":["https:\/\/www.em.com.br\/emfoco\/2024\/11\/30\/a-byd-vai-revolucionar-o-mercado-automotivo-brasileiro-descubra-o-que-esta-por-tras-dessa-expansao\/"]}]},{"@type":"ImageObject","inLanguage":"pt-BR","@id":"https:\/\/www.em.com.br\/emfoco\/2024\/11\/30\/a-byd-vai-revolucionar-o-mercado-automotivo-brasileiro-descubra-o-que-esta-por-tras-dessa-expansao\/#primaryimage","url":"https:\/\/www.em.com.br\/emfoco\/wp-content\/uploads\/2024\/11\/byd2-1.jpg","contentUrl":"https:\/\/www.em.com.br\/emfoco\/wp-content\/uploads\/2024\/11\/byd2-1.jpg","width":1200,"height":792,"caption":"BYD - Fonte: Wikimedia"},{"@type":"BreadcrumbList","@id":"https:\/\/www.em.com.br\/emfoco\/2024\/11\/30\/a-byd-vai-revolucionar-o-mercado-automotivo-brasileiro-descubra-o-que-esta-por-tras-dessa-expansao\/#breadcrumb","itemListElement":[{"@type":"ListItem","position":1,"name":"In\u00edcio","item":"https:\/\/www.em.com.br\/emfoco\/"},{"@type":"ListItem","position":2,"name":"A BYD vai revolucionar o mercado automotivo brasileiro? Descubra o que est\u00e1 por tr\u00e1s dessa expans\u00e3o."}]},{"@type":"WebSite","@id":"https:\/\/www.em.com.br\/emfoco\/#website","url":"https:\/\/www.em.com.br\/emfoco\/","name":"Estado de Minas - Em foco","description":"Acompanhe as \u00faltimas not\u00edcias e fique bem informado sobre tudo o que acontece em Minas Gerais, Brasil e no mundo.","potentialAction":[{"@type":"SearchAction","target":{"@type":"EntryPoint","urlTemplate":"https:\/\/www.em.com.br\/emfoco\/?s={search_term_string}"},"query-input":{"@type":"PropertyValueSpecification","valueRequired":true,"valueName":"search_term_string"}}],"inLanguage":"pt-BR"},{"@type":"Person","@id":"https:\/\/www.em.com.br\/emfoco\/#\/schema\/person\/fb0a7f48c6fbb94b83f413a80f61917d","name":"Kelvin","image":{"@type":"ImageObject","inLanguage":"pt-BR","@id":"https:\/\/www.em.com.br\/emfoco\/#\/schema\/person\/image\/","url":"https:\/\/secure.gravatar.com\/avatar\/e74f84337e6bf6c4c5e88fbdffa05270?s=96&d=mm&r=g","contentUrl":"https:\/\/secure.gravatar.com\/avatar\/e74f84337e6bf6c4c5e88fbdffa05270?s=96&d=mm&r=g","caption":"Kelvin"},"sameAs":["https:\/\/www.em.com.br\/emfoco"],"url":"https:\/\/www.em.com.br\/emfoco\/author\/kelvinmyth\/"}]}},"_links":{"self":[{"href":"https:\/\/www.em.com.br\/emfoco\/wp-json\/wp\/v2\/posts\/2138","targetHints":{"allow":["GET"]}}],"collection":[{"href":"https:\/\/www.em.com.br\/emfoco\/wp-json\/wp\/v2\/posts"}],"about":[{"href":"https:\/\/www.em.com.br\/emfoco\/wp-json\/wp\/v2\/types\/post"}],"author":[{"embeddable":true,"href":"https:\/\/www.em.com.br\/emfoco\/wp-json\/wp\/v2\/users\/7"}],"replies":[{"embeddable":true,"href":"https:\/\/www.em.com.br\/emfoco\/wp-json\/wp\/v2\/comments?post=2138"}],"version-history":[{"count":1,"href":"https:\/\/www.em.com.br\/emfoco\/wp-json\/wp\/v2\/posts\/2138\/revisions"}],"predecessor-version":[{"id":2145,"href":"https:\/\/www.em.com.br\/emfoco\/wp-json\/wp\/v2\/posts\/2138\/revisions\/2145"}],"wp:featuredmedia":[{"embeddable":true,"href":"https:\/\/www.em.com.br\/emfoco\/wp-json\/wp\/v2\/media\/2394"}],"wp:attachment":[{"href":"https:\/\/www.em.com.br\/emfoco\/wp-json\/wp\/v2\/media?parent=2138"}],"wp:term":[{"taxonomy":"category","embeddable":true,"href":"https:\/\/www.em.com.br\/emfoco\/wp-json\/wp\/v2\/categories?post=2138"},{"taxonomy":"post_tag","embeddable":true,"href":"https:\/\/www.em.com.br\/emfoco\/wp-json\/wp\/v2\/tags?post=2138"}],"curies":[{"name":"wp","href":"https:\/\/api.w.org\/{rel}","templated":true}]}}