{"id":21378,"date":"2025-02-21T09:20:15","date_gmt":"2025-02-21T12:20:15","guid":{"rendered":"https:\/\/www.em.com.br\/emfoco\/?p=21378"},"modified":"2025-02-20T19:07:31","modified_gmt":"2025-02-20T22:07:31","slug":"o-que-esta-por-tras-do-aumento-do-seguro-desemprego-confira","status":"publish","type":"post","link":"https:\/\/www.em.com.br\/emfoco\/2025\/02\/21\/o-que-esta-por-tras-do-aumento-do-seguro-desemprego-confira\/","title":{"rendered":"Seguro-desemprego em alta: entenda as causas e o impacto na economia atual"},"content":{"rendered":"\n<p>O ano de 2024 foi marcado por um aumento significativo nos pedidos de <strong>seguro-desemprego<\/strong> no <a href=\"https:\/\/www.em.com.br\/emfoco\/2025\/02\/20\/o-impacto-do-pix-na-inclusao-bancaria-brasileira\/\" target=\"_blank\" rel=\"noreferrer noopener\"><strong>Brasil<\/strong><\/a>, atingindo o maior n\u00famero dos \u00faltimos oito anos. De acordo com dados do <strong>Minist\u00e9rio do Trabalho e Emprego (<a href=\"https:\/\/www.gov.br\/trabalho-e-emprego\/pt-br\" target=\"_blank\" rel=\"noreferrer noopener\">MTE<\/a>)<\/strong>, foram registrados 7,44 milh\u00f5es de pedidos ao longo do ano. Este n\u00famero representa um crescimento de 4% em rela\u00e7\u00e3o a 2023, quando 7,16 milh\u00f5es de trabalhadores solicitaram o benef\u00edcio.<\/p>\n\n\n\n<p>Este aumento no n\u00famero de pedidos de seguro-desemprego em 2024 superou at\u00e9 mesmo os anos mais cr\u00edticos da pandemia. Segundo o Painel de Informa\u00e7\u00f5es do <strong>Minist\u00e9rio do Trabalho<\/strong>, esse foi o maior n\u00famero desde 2016, quando 7,56 milh\u00f5es de brasileiros recorreram ao benef\u00edcio em meio a um cen\u00e1rio econ\u00f4mico desafiador.<\/p>\n\n\n\n<h2 class=\"wp-block-heading\">Por que os pedidos de Seguro-Desemprego aumentaram?<\/h2>\n\n\n\n<p>O aumento recente nos pedidos de seguro-desemprego reflete a din\u00e2mica do mercado de trabalho brasileiro, que tem apresentado maior rotatividade e crescimento nas contrata\u00e7\u00f5es formais. Com mais trabalhadores de carteira assinada, cresce tamb\u00e9m o n\u00famero de pessoas aptas a solicitar o seguro-desemprego.<\/p>\n\n\n\n<p>Apesar do aumento nos pedidos, o Brasil registrou, em 2024, a menor taxa de desemprego da s\u00e9rie hist\u00f3rica do <strong>IBGE<\/strong>, iniciada em 2012, fechando o ano em 6,6%. Dados da Pesquisa Nacional por <strong>Amostra de Domic\u00edlios <\/strong>(<strong>Pnad<\/strong>) indicam que, em 2024, havia 7,4 milh\u00f5es de brasileiros desempregados, uma queda de 1,1 milh\u00e3o em rela\u00e7\u00e3o ao ano anterior.<\/p>\n\n\n<div class=\"wp-block-image\">\n<figure class=\"aligncenter size-large\"><img loading=\"lazy\" decoding=\"async\" width=\"1024\" height=\"576\" src=\"https:\/\/www.em.com.br\/emfoco\/wp-content\/uploads\/2025\/02\/auxilio_1739545217404-1024x576.jpg\" alt=\"O que est\u00e1 por tr\u00e1s do aumento do seguro-desemprego? Confira\" class=\"wp-image-19668\" srcset=\"https:\/\/www.em.com.br\/emfoco\/wp-content\/uploads\/2025\/02\/auxilio_1739545217404-1024x576.jpg 1024w, https:\/\/www.em.com.br\/emfoco\/wp-content\/uploads\/2025\/02\/auxilio_1739545217404-300x169.jpg 300w, https:\/\/www.em.com.br\/emfoco\/wp-content\/uploads\/2025\/02\/auxilio_1739545217404-768x432.jpg 768w, https:\/\/www.em.com.br\/emfoco\/wp-content\/uploads\/2025\/02\/auxilio_1739545217404-750x422.jpg 750w, https:\/\/www.em.com.br\/emfoco\/wp-content\/uploads\/2025\/02\/auxilio_1739545217404-1140x641.jpg 1140w, https:\/\/www.em.com.br\/emfoco\/wp-content\/uploads\/2025\/02\/auxilio_1739545217404.jpg 1280w\" sizes=\"auto, (max-width: 1024px) 100vw, 1024px\" \/><figcaption class=\"wp-element-caption\">Auxillio &#8211; Cr\u00e9ditos: depositphotos.com \/ rafapress<\/figcaption><\/figure><\/div>\n\n\n<h2 class=\"wp-block-heading\">Como solicitar o Seguro-Desemprego?<\/h2>\n\n\n\n<p>Para solicitar o seguro-desemprego, os trabalhadores devem seguir alguns passos simples utilizando o <strong>aplicativo Carteira de Trabalho Digital<\/strong>. Abaixo est\u00e3o as etapas necess\u00e1rias para realizar a solicita\u00e7\u00e3o:<\/p>\n\n\n\n<ol class=\"wp-block-list\">\n<li>Baixar o <strong>aplicativo Carteira de Trabalho Digital <\/strong>no dispositivo m\u00f3vel.<\/li>\n\n\n\n<li>Acessar <strong>\u201cEntrar com gov.br\u201d<\/strong>.<\/li>\n\n\n\n<li>Fazer o login com a conta Gov.br.<\/li>\n\n\n\n<li>Acessar a aba <strong>\u201cBenef\u00edcios\u201d<\/strong>, localizada na parte inferior da tela.<\/li>\n\n\n\n<li>Na categoria <strong>\u201cSeguro-Desemprego\u201d<\/strong>, selecionar<strong> \u201cSolicitar\u201d<\/strong>.<\/li>\n\n\n\n<li>Escolher a modalidade do benef\u00edcio.<\/li>\n\n\n\n<li>Informar o n\u00famero do requerimento.<\/li>\n\n\n\n<li>Aceitar os termos apresentados e iniciar a solicita\u00e7\u00e3o.<\/li>\n<\/ol>\n\n\n\n<h2 class=\"wp-block-heading\">Quais fatores influenciam a oscila\u00e7\u00e3o dos pedidos?<\/h2>\n\n\n\n<p>Os pedidos de seguro-desemprego t\u00eam oscilado ao longo dos anos devido a diversos fatores econ\u00f4micos e sociais. Em 2020, durante o auge da pandemia, o Brasil registrou 6,78 milh\u00f5es de pedidos. Nos anos seguintes, os n\u00fameros variaram, com 6 milh\u00f5es em 2021 e 6,68 milh\u00f5es em 2022.<\/p>\n\n\n\n<p>A taxa de informalidade tamb\u00e9m influencia esses n\u00fameros. Em 2024, a taxa de informalidade teve um leve recuo, passando de 39,2% em 2023 para 39,0% em 2024. Este recuo indica uma ligeira melhora na formaliza\u00e7\u00e3o do mercado de trabalho, o que pode impactar o n\u00famero de solicita\u00e7\u00f5es de seguro-desemprego.<\/p>\n\n\n\n<h2 class=\"wp-block-heading\">O Impacto econ\u00f4mico do Seguro-Desemprego<\/h2>\n\n\n\n<p>O seguro-desemprego desempenha um papel crucial na economia, oferecendo suporte financeiro tempor\u00e1rio para trabalhadores que perderam seus empregos. Este benef\u00edcio ajuda a manter a estabilidade econ\u00f4mica das fam\u00edlias e permite que os indiv\u00edduos busquem novas oportunidades de trabalho sem a press\u00e3o imediata de perda de renda.<\/p>\n\n\n\n<p>Al\u00e9m disso, o seguro-desemprego contribui para a economia ao manter o poder de compra dos benefici\u00e1rios, o que pode ajudar a sustentar o consumo em tempos de crise econ\u00f4mica. Assim, o aumento nos pedidos de seguro-desemprego em 2024 reflete n\u00e3o apenas as condi\u00e7\u00f5es do mercado de trabalho, mas tamb\u00e9m a import\u00e2ncia cont\u00ednua deste benef\u00edcio para a sociedade brasileira.<\/p>\n","protected":false},"excerpt":{"rendered":"<p>O ano de 2024 foi marcado por um aumento significativo nos pedidos de seguro-desemprego no Brasil, atingindo o maior n\u00famero dos \u00faltimos oito anos. De acordo com dados do Minist\u00e9rio do Trabalho e Emprego (MTE), foram registrados 7,44 milh\u00f5es de pedidos ao longo do ano. Este n\u00famero representa um crescimento de 4% em rela\u00e7\u00e3o a [&hellip;]<\/p>\n","protected":false},"author":7,"featured_media":19677,"comment_status":"open","ping_status":"open","sticky":false,"template":"","format":"standard","meta":{"jnews-multi-image_gallery":[],"jnews_single_post":{"format":"standard"},"jnews_primary_category":[],"jnews_social_meta":[],"jnews_override_counter":[],"footnotes":""},"categories":[28],"tags":[1833,1176,1967,1832],"class_list":["post-21378","post","type-post","status-publish","format-standard","has-post-thumbnail","hentry","category-economia","tag-desemprego","tag-economia-brasileira","tag-mercado-de-trabalho","tag-seguro-desemprego"],"yoast_head":"<!-- This site is optimized with the Yoast SEO plugin v23.8 - https:\/\/yoast.com\/wordpress\/plugins\/seo\/ -->\n<title>Seguro-desemprego em alta: entenda as causas e o impacto na economia atual - Estado de Minas - Em foco<\/title>\n<meta name=\"description\" content=\"Seguro-desemprego em alta: descubra as causas desse aumento e como ele impacta a economia brasileira na atualidade.\" \/>\n<meta name=\"robots\" content=\"index, follow, max-snippet:-1, max-image-preview:large, max-video-preview:-1\" \/>\n<link rel=\"canonical\" href=\"https:\/\/www.em.com.br\/emfoco\/2025\/02\/21\/o-que-esta-por-tras-do-aumento-do-seguro-desemprego-confira\/\" \/>\n<meta property=\"og:locale\" content=\"pt_BR\" \/>\n<meta property=\"og:type\" content=\"article\" \/>\n<meta property=\"og:title\" content=\"Seguro-desemprego em alta: entenda as causas e o impacto na economia atual - Estado de Minas - Em foco\" \/>\n<meta property=\"og:description\" content=\"Seguro-desemprego em alta: descubra as causas desse aumento e como ele impacta a economia brasileira na atualidade.\" \/>\n<meta property=\"og:url\" content=\"https:\/\/www.em.com.br\/emfoco\/2025\/02\/21\/o-que-esta-por-tras-do-aumento-do-seguro-desemprego-confira\/\" \/>\n<meta property=\"og:site_name\" content=\"Estado de Minas - Em foco\" \/>\n<meta property=\"article:published_time\" content=\"2025-02-21T12:20:15+00:00\" \/>\n<meta property=\"article:modified_time\" content=\"2025-02-20T22:07:31+00:00\" \/>\n<meta property=\"og:image\" content=\"https:\/\/www.em.com.br\/emfoco\/wp-content\/uploads\/2025\/02\/dinheiro_1739545473839.jpg\" \/>\n\t<meta property=\"og:image:width\" content=\"1280\" \/>\n\t<meta property=\"og:image:height\" content=\"720\" \/>\n\t<meta property=\"og:image:type\" content=\"image\/jpeg\" \/>\n<meta name=\"author\" content=\"Kelvin\" \/>\n<meta name=\"twitter:card\" content=\"summary_large_image\" \/>\n<meta name=\"twitter:label1\" content=\"Escrito por\" \/>\n\t<meta name=\"twitter:data1\" content=\"Kelvin\" \/>\n\t<meta name=\"twitter:label2\" content=\"Est. tempo de leitura\" \/>\n\t<meta name=\"twitter:data2\" content=\"4 minutos\" \/>\n<!-- \/ Yoast SEO plugin. -->","yoast_head_json":{"title":"Seguro-desemprego em alta: entenda as causas e o impacto na economia atual - Estado de Minas - Em foco","description":"Seguro-desemprego em alta: descubra as causas desse aumento e como ele impacta a economia brasileira na atualidade.","robots":{"index":"index","follow":"follow","max-snippet":"max-snippet:-1","max-image-preview":"max-image-preview:large","max-video-preview":"max-video-preview:-1"},"canonical":"https:\/\/www.em.com.br\/emfoco\/2025\/02\/21\/o-que-esta-por-tras-do-aumento-do-seguro-desemprego-confira\/","og_locale":"pt_BR","og_type":"article","og_title":"Seguro-desemprego em alta: entenda as causas e o impacto na economia atual - Estado de Minas - Em foco","og_description":"Seguro-desemprego em alta: descubra as causas desse aumento e como ele impacta a economia brasileira na atualidade.","og_url":"https:\/\/www.em.com.br\/emfoco\/2025\/02\/21\/o-que-esta-por-tras-do-aumento-do-seguro-desemprego-confira\/","og_site_name":"Estado de Minas - Em foco","article_published_time":"2025-02-21T12:20:15+00:00","article_modified_time":"2025-02-20T22:07:31+00:00","og_image":[{"width":1280,"height":720,"url":"https:\/\/www.em.com.br\/emfoco\/wp-content\/uploads\/2025\/02\/dinheiro_1739545473839.jpg","type":"image\/jpeg"}],"author":"Kelvin","twitter_card":"summary_large_image","twitter_misc":{"Escrito por":"Kelvin","Est. tempo de leitura":"4 minutos"},"schema":{"@context":"https:\/\/schema.org","@graph":[{"@type":"WebPage","@id":"https:\/\/www.em.com.br\/emfoco\/2025\/02\/21\/o-que-esta-por-tras-do-aumento-do-seguro-desemprego-confira\/","url":"https:\/\/www.em.com.br\/emfoco\/2025\/02\/21\/o-que-esta-por-tras-do-aumento-do-seguro-desemprego-confira\/","name":"Seguro-desemprego em alta: entenda as causas e o impacto na economia atual - Estado de Minas - Em foco","isPartOf":{"@id":"https:\/\/www.em.com.br\/emfoco\/#website"},"primaryImageOfPage":{"@id":"https:\/\/www.em.com.br\/emfoco\/2025\/02\/21\/o-que-esta-por-tras-do-aumento-do-seguro-desemprego-confira\/#primaryimage"},"image":{"@id":"https:\/\/www.em.com.br\/emfoco\/2025\/02\/21\/o-que-esta-por-tras-do-aumento-do-seguro-desemprego-confira\/#primaryimage"},"thumbnailUrl":"https:\/\/www.em.com.br\/emfoco\/wp-content\/uploads\/2025\/02\/dinheiro_1739545473839.jpg","datePublished":"2025-02-21T12:20:15+00:00","dateModified":"2025-02-20T22:07:31+00:00","author":{"@id":"https:\/\/www.em.com.br\/emfoco\/#\/schema\/person\/fb0a7f48c6fbb94b83f413a80f61917d"},"description":"Seguro-desemprego em alta: descubra as causas desse aumento e como ele impacta a economia brasileira na atualidade.","breadcrumb":{"@id":"https:\/\/www.em.com.br\/emfoco\/2025\/02\/21\/o-que-esta-por-tras-do-aumento-do-seguro-desemprego-confira\/#breadcrumb"},"inLanguage":"pt-BR","potentialAction":[{"@type":"ReadAction","target":["https:\/\/www.em.com.br\/emfoco\/2025\/02\/21\/o-que-esta-por-tras-do-aumento-do-seguro-desemprego-confira\/"]}]},{"@type":"ImageObject","inLanguage":"pt-BR","@id":"https:\/\/www.em.com.br\/emfoco\/2025\/02\/21\/o-que-esta-por-tras-do-aumento-do-seguro-desemprego-confira\/#primaryimage","url":"https:\/\/www.em.com.br\/emfoco\/wp-content\/uploads\/2025\/02\/dinheiro_1739545473839.jpg","contentUrl":"https:\/\/www.em.com.br\/emfoco\/wp-content\/uploads\/2025\/02\/dinheiro_1739545473839.jpg","width":1280,"height":720,"caption":"Auxilio - Cr\u00e9ditos: depositphotos.com \/ rafapress"},{"@type":"BreadcrumbList","@id":"https:\/\/www.em.com.br\/emfoco\/2025\/02\/21\/o-que-esta-por-tras-do-aumento-do-seguro-desemprego-confira\/#breadcrumb","itemListElement":[{"@type":"ListItem","position":1,"name":"In\u00edcio","item":"https:\/\/www.em.com.br\/emfoco\/"},{"@type":"ListItem","position":2,"name":"Seguro-desemprego em alta: entenda as causas e o impacto na economia atual"}]},{"@type":"WebSite","@id":"https:\/\/www.em.com.br\/emfoco\/#website","url":"https:\/\/www.em.com.br\/emfoco\/","name":"Estado de Minas - Em foco","description":"Acompanhe as \u00faltimas not\u00edcias e fique bem informado sobre tudo o que acontece em Minas Gerais, Brasil e no mundo.","potentialAction":[{"@type":"SearchAction","target":{"@type":"EntryPoint","urlTemplate":"https:\/\/www.em.com.br\/emfoco\/?s={search_term_string}"},"query-input":{"@type":"PropertyValueSpecification","valueRequired":true,"valueName":"search_term_string"}}],"inLanguage":"pt-BR"},{"@type":"Person","@id":"https:\/\/www.em.com.br\/emfoco\/#\/schema\/person\/fb0a7f48c6fbb94b83f413a80f61917d","name":"Kelvin","image":{"@type":"ImageObject","inLanguage":"pt-BR","@id":"https:\/\/www.em.com.br\/emfoco\/#\/schema\/person\/image\/","url":"https:\/\/secure.gravatar.com\/avatar\/e74f84337e6bf6c4c5e88fbdffa05270?s=96&d=mm&r=g","contentUrl":"https:\/\/secure.gravatar.com\/avatar\/e74f84337e6bf6c4c5e88fbdffa05270?s=96&d=mm&r=g","caption":"Kelvin"},"sameAs":["https:\/\/www.em.com.br\/emfoco"],"url":"https:\/\/www.em.com.br\/emfoco\/author\/kelvinmyth\/"}]}},"_links":{"self":[{"href":"https:\/\/www.em.com.br\/emfoco\/wp-json\/wp\/v2\/posts\/21378","targetHints":{"allow":["GET"]}}],"collection":[{"href":"https:\/\/www.em.com.br\/emfoco\/wp-json\/wp\/v2\/posts"}],"about":[{"href":"https:\/\/www.em.com.br\/emfoco\/wp-json\/wp\/v2\/types\/post"}],"author":[{"embeddable":true,"href":"https:\/\/www.em.com.br\/emfoco\/wp-json\/wp\/v2\/users\/7"}],"replies":[{"embeddable":true,"href":"https:\/\/www.em.com.br\/emfoco\/wp-json\/wp\/v2\/comments?post=21378"}],"version-history":[{"count":3,"href":"https:\/\/www.em.com.br\/emfoco\/wp-json\/wp\/v2\/posts\/21378\/revisions"}],"predecessor-version":[{"id":21594,"href":"https:\/\/www.em.com.br\/emfoco\/wp-json\/wp\/v2\/posts\/21378\/revisions\/21594"}],"wp:featuredmedia":[{"embeddable":true,"href":"https:\/\/www.em.com.br\/emfoco\/wp-json\/wp\/v2\/media\/19677"}],"wp:attachment":[{"href":"https:\/\/www.em.com.br\/emfoco\/wp-json\/wp\/v2\/media?parent=21378"}],"wp:term":[{"taxonomy":"category","embeddable":true,"href":"https:\/\/www.em.com.br\/emfoco\/wp-json\/wp\/v2\/categories?post=21378"},{"taxonomy":"post_tag","embeddable":true,"href":"https:\/\/www.em.com.br\/emfoco\/wp-json\/wp\/v2\/tags?post=21378"}],"curies":[{"name":"wp","href":"https:\/\/api.w.org\/{rel}","templated":true}]}}