{"id":21370,"date":"2025-02-21T07:20:35","date_gmt":"2025-02-21T10:20:35","guid":{"rendered":"https:\/\/www.em.com.br\/emfoco\/?p=21370"},"modified":"2025-02-20T18:38:49","modified_gmt":"2025-02-20T21:38:49","slug":"fique-por-dentro-calendario-e-novidades-do-bolsa-familia-para-2025","status":"publish","type":"post","link":"https:\/\/www.em.com.br\/emfoco\/2025\/02\/21\/fique-por-dentro-calendario-e-novidades-do-bolsa-familia-para-2025\/","title":{"rendered":"Bolsa Fam\u00edlia 21\/02 libera novos pagamentos para benefici\u00e1rios"},"content":{"rendered":"\n<p>O <strong>Bolsa Fam\u00edlia <\/strong>\u00e9 um programa de assist\u00eancia financeira essencial para <a href=\"https:\/\/www.em.com.br\/emfoco\/2025\/02\/16\/familias-brasileiras-comemoram-o-novo-pagamento-de-r-800-do-bolsa-familia\/\" target=\"_blank\" rel=\"noreferrer noopener\">fam\u00edlias <\/a>brasileiras em situa\u00e7\u00e3o de vulnerabilidade. Desde 17 de fevereiro de 2025, os titulares come\u00e7aram a ser convocados para receber o benef\u00edcio, que neste m\u00eas inclui um adicional bimestral. A convoca\u00e7\u00e3o segue um calend\u00e1rio espec\u00edfico, beneficiando inicialmente aqueles com o <strong>N\u00famero de Inscri\u00e7\u00e3o Social (<a href=\"https:\/\/www.gov.br\/pt-br\/servicos\/consultar-dados-do-cadastro-unico-cadunico\" target=\"_blank\" rel=\"noreferrer noopener\">NIS<\/a>)<\/strong> de 1 a 5.<\/p>\n\n\n\n<p>O programa visa apoiar fam\u00edlias com renda mensal de at\u00e9 R$ 218 por pessoa, inscritas no <strong>Cadastro \u00danico para Programas Sociais do Governo Federal (Cad\u00danico)<\/strong>. O valor m\u00ednimo do benef\u00edcio \u00e9 de R$ 600, mas h\u00e1 possibilidades de acr\u00e9scimos conforme as necessidades espec\u00edficas de cada fam\u00edlia.<\/p>\n\n\n\n<h2 class=\"wp-block-heading\">Como funciona o calend\u00e1rio de pagamentos do Bolsa Fam\u00edlia?<\/h2>\n\n\n\n<p>O calend\u00e1rio de pagamentos do Bolsa Fam\u00edlia \u00e9 organizado de forma escalonada, distribuindo os valores nos \u00faltimos 10 dias \u00fateis de cada m\u00eas. Em fevereiro de 2025, o cronograma come\u00e7ou no dia 17 e se estender\u00e1 at\u00e9 o dia 28. A distribui\u00e7\u00e3o \u00e9 feita conforme o final do NIS dos benefici\u00e1rios, garantindo uma organiza\u00e7\u00e3o eficiente e evitando aglomera\u00e7\u00f5es nas ag\u00eancias banc\u00e1rias.<\/p>\n\n\n<div class=\"wp-block-image\">\n<figure class=\"aligncenter size-large\"><img loading=\"lazy\" decoding=\"async\" width=\"1024\" height=\"576\" src=\"https:\/\/www.em.com.br\/emfoco\/wp-content\/uploads\/2025\/02\/dinheiro-brasil_1739068421729-1-1024x576.jpg\" alt=\"Sal\u00e1rio M\u00ednimo 2025 \u00e9 definido! Confira o novo valor\" class=\"wp-image-18966\" srcset=\"https:\/\/www.em.com.br\/emfoco\/wp-content\/uploads\/2025\/02\/dinheiro-brasil_1739068421729-1-1024x576.jpg 1024w, https:\/\/www.em.com.br\/emfoco\/wp-content\/uploads\/2025\/02\/dinheiro-brasil_1739068421729-1-300x169.jpg 300w, https:\/\/www.em.com.br\/emfoco\/wp-content\/uploads\/2025\/02\/dinheiro-brasil_1739068421729-1-768x432.jpg 768w, https:\/\/www.em.com.br\/emfoco\/wp-content\/uploads\/2025\/02\/dinheiro-brasil_1739068421729-1-750x422.jpg 750w, https:\/\/www.em.com.br\/emfoco\/wp-content\/uploads\/2025\/02\/dinheiro-brasil_1739068421729-1-1140x641.jpg 1140w, https:\/\/www.em.com.br\/emfoco\/wp-content\/uploads\/2025\/02\/dinheiro-brasil_1739068421729-1.jpg 1280w\" sizes=\"auto, (max-width: 1024px) 100vw, 1024px\" \/><figcaption class=\"wp-element-caption\">Dinheiro \/\/ Cr\u00e9ditos: depositphotos.com \/ rochu_2008<\/figcaption><\/figure><\/div>\n\n\n<ul class=\"wp-block-list\">\n<li>17 de fevereiro \u2013 NIS de final 1<\/li>\n\n\n\n<li>18 de fevereiro \u2013 NIS de final 2<\/li>\n\n\n\n<li>19 de fevereiro \u2013 NIS de final 3<\/li>\n\n\n\n<li>20 de fevereiro \u2013 NIS de final 4<\/li>\n\n\n\n<li>21 de fevereiro \u2013 NIS de final 5<\/li>\n\n\n\n<li>24 de fevereiro \u2013 NIS de final 6<\/li>\n\n\n\n<li>25 de fevereiro \u2013 NIS de final 7<\/li>\n\n\n\n<li>26 de fevereiro \u2013 NIS de final 8<\/li>\n\n\n\n<li>27 de fevereiro \u2013 NIS de final 9<\/li>\n\n\n\n<li>28 de fevereiro \u2013 NIS de final 0<\/li>\n<\/ul>\n\n\n\n<h2 class=\"wp-block-heading\">Quais s\u00e3o os benef\u00edcios adicionais dispon\u00edveis?<\/h2>\n\n\n\n<p>Al\u00e9m do valor b\u00e1sico, o Bolsa Fam\u00edlia oferece benef\u00edcios adicionais para atender a diferentes necessidades das fam\u00edlias. Em fevereiro de 2025, os benefici\u00e1rios poder\u00e3o contar com v\u00e1rias modalidades de aux\u00edlio, cada uma destinada a um p\u00fablico espec\u00edfico.<\/p>\n\n\n\n<ol class=\"wp-block-list\">\n<li><strong>Benef\u00edcio de Renda de Cidadania:<\/strong> Adiciona R$ 142 por membro da unidade familiar.<\/li>\n\n\n\n<li><strong>Benef\u00edcio Complementar:<\/strong> Complementa o pagamento de fam\u00edlias cuja soma dos benef\u00edcios n\u00e3o atinja R$ 600.<\/li>\n\n\n\n<li><strong>Benef\u00edcio Primeira Inf\u00e2ncia:<\/strong> Libera R$ 150 mensais para cada crian\u00e7a de zero a sete anos.<\/li>\n\n\n\n<li><strong>Benef\u00edcio Vari\u00e1vel Familiar:<\/strong> Paga uma parcela extra mensal de R$ 50 para gestantes e jovens de 7 a 18 anos.<\/li>\n\n\n\n<li><strong>Benef\u00edcio Vari\u00e1vel Familiar Nutriz:<\/strong> Paga um extra de R$ 50 para cada integrante com at\u00e9 sete meses de idade.<\/li>\n\n\n\n<li><strong>Benef\u00edcio Extraordin\u00e1rio de Transi\u00e7\u00e3o:<\/strong> Dispon\u00edvel at\u00e9 maio de 2025, garante que nenhum benefici\u00e1rio receba menos do que o concedido no Aux\u00edlio Brasil.<\/li>\n<\/ol>\n\n\n\n<h2 class=\"wp-block-heading\">O papel do aux\u00edlio g\u00e1s no Bolsa Fam\u00edlia<\/h2>\n\n\n\n<p>Em fevereiro, os benefici\u00e1rios do Bolsa Fam\u00edlia tamb\u00e9m ter\u00e3o acesso ao aux\u00edlio g\u00e1s, um benef\u00edcio crucial para a compra do botij\u00e3o de g\u00e1s. Este aux\u00edlio visa aliviar o or\u00e7amento das fam\u00edlias, garantindo que possam atender a necessidades b\u00e1sicas de forma mais tranquila.<\/p>\n\n\n\n<p>O Bolsa Fam\u00edlia continua a ser um pilar importante na assist\u00eancia social do Brasil, adaptando-se \u00e0s necessidades emergentes e garantindo que as fam\u00edlias mais vulner\u00e1veis tenham o suporte necess\u00e1rio para uma vida digna.<\/p>\n","protected":false},"excerpt":{"rendered":"<p>O Bolsa Fam\u00edlia \u00e9 um programa de assist\u00eancia financeira essencial para fam\u00edlias brasileiras em situa\u00e7\u00e3o de vulnerabilidade. Desde 17 de fevereiro de 2025, os titulares come\u00e7aram a ser convocados para receber o benef\u00edcio, que neste m\u00eas inclui um adicional bimestral. A convoca\u00e7\u00e3o segue um calend\u00e1rio espec\u00edfico, beneficiando inicialmente aqueles com o N\u00famero de Inscri\u00e7\u00e3o Social [&hellip;]<\/p>\n","protected":false},"author":7,"featured_media":7522,"comment_status":"open","ping_status":"open","sticky":false,"template":"","format":"standard","meta":{"jnews-multi-image_gallery":[],"jnews_single_post":{"format":"standard"},"jnews_primary_category":[],"jnews_social_meta":[],"jnews_override_counter":[],"footnotes":""},"categories":[28],"tags":[1311,5337,209,1393],"class_list":["post-21370","post","type-post","status-publish","format-standard","has-post-thumbnail","hentry","category-economia","tag-auxilio","tag-beneficios-adicionais","tag-bolsa-familia","tag-calendario-de-pagamentos"],"yoast_head":"<!-- This site is optimized with the Yoast SEO plugin v23.8 - https:\/\/yoast.com\/wordpress\/plugins\/seo\/ -->\n<title>Bolsa Fam\u00edlia 21\/02 libera novos pagamentos para benefici\u00e1rios - Estado de Minas - Em foco<\/title>\n<meta name=\"description\" content=\"Fique por dentro do calend\u00e1rio de pagamentos do Bolsa Fam\u00edlia em 2025 e saiba como receber benef\u00edcios adicionais.\" \/>\n<meta name=\"robots\" content=\"index, follow, max-snippet:-1, max-image-preview:large, max-video-preview:-1\" \/>\n<link rel=\"canonical\" href=\"https:\/\/www.em.com.br\/emfoco\/2025\/02\/21\/fique-por-dentro-calendario-e-novidades-do-bolsa-familia-para-2025\/\" \/>\n<meta property=\"og:locale\" content=\"pt_BR\" \/>\n<meta property=\"og:type\" content=\"article\" \/>\n<meta property=\"og:title\" content=\"Bolsa Fam\u00edlia 21\/02 libera novos pagamentos para benefici\u00e1rios - Estado de Minas - Em foco\" \/>\n<meta property=\"og:description\" content=\"Fique por dentro do calend\u00e1rio de pagamentos do Bolsa Fam\u00edlia em 2025 e saiba como receber benef\u00edcios adicionais.\" \/>\n<meta property=\"og:url\" content=\"https:\/\/www.em.com.br\/emfoco\/2025\/02\/21\/fique-por-dentro-calendario-e-novidades-do-bolsa-familia-para-2025\/\" \/>\n<meta property=\"og:site_name\" content=\"Estado de Minas - Em foco\" \/>\n<meta property=\"article:published_time\" content=\"2025-02-21T10:20:35+00:00\" \/>\n<meta property=\"article:modified_time\" content=\"2025-02-20T21:38:49+00:00\" \/>\n<meta property=\"og:image\" content=\"https:\/\/www.em.com.br\/emfoco\/wp-content\/uploads\/2024\/12\/Bolsa-Familia_1735505944372.jpg\" \/>\n\t<meta property=\"og:image:width\" content=\"1280\" \/>\n\t<meta property=\"og:image:height\" content=\"720\" \/>\n\t<meta property=\"og:image:type\" content=\"image\/jpeg\" \/>\n<meta name=\"author\" content=\"Kelvin\" \/>\n<meta name=\"twitter:card\" content=\"summary_large_image\" \/>\n<meta name=\"twitter:label1\" content=\"Escrito por\" \/>\n\t<meta name=\"twitter:data1\" content=\"Kelvin\" \/>\n\t<meta name=\"twitter:label2\" content=\"Est. tempo de leitura\" \/>\n\t<meta name=\"twitter:data2\" content=\"4 minutos\" \/>\n<!-- \/ Yoast SEO plugin. -->","yoast_head_json":{"title":"Bolsa Fam\u00edlia 21\/02 libera novos pagamentos para benefici\u00e1rios - Estado de Minas - Em foco","description":"Fique por dentro do calend\u00e1rio de pagamentos do Bolsa Fam\u00edlia em 2025 e saiba como receber benef\u00edcios adicionais.","robots":{"index":"index","follow":"follow","max-snippet":"max-snippet:-1","max-image-preview":"max-image-preview:large","max-video-preview":"max-video-preview:-1"},"canonical":"https:\/\/www.em.com.br\/emfoco\/2025\/02\/21\/fique-por-dentro-calendario-e-novidades-do-bolsa-familia-para-2025\/","og_locale":"pt_BR","og_type":"article","og_title":"Bolsa Fam\u00edlia 21\/02 libera novos pagamentos para benefici\u00e1rios - Estado de Minas - Em foco","og_description":"Fique por dentro do calend\u00e1rio de pagamentos do Bolsa Fam\u00edlia em 2025 e saiba como receber benef\u00edcios adicionais.","og_url":"https:\/\/www.em.com.br\/emfoco\/2025\/02\/21\/fique-por-dentro-calendario-e-novidades-do-bolsa-familia-para-2025\/","og_site_name":"Estado de Minas - Em foco","article_published_time":"2025-02-21T10:20:35+00:00","article_modified_time":"2025-02-20T21:38:49+00:00","og_image":[{"width":1280,"height":720,"url":"https:\/\/www.em.com.br\/emfoco\/wp-content\/uploads\/2024\/12\/Bolsa-Familia_1735505944372.jpg","type":"image\/jpeg"}],"author":"Kelvin","twitter_card":"summary_large_image","twitter_misc":{"Escrito por":"Kelvin","Est. tempo de leitura":"4 minutos"},"schema":{"@context":"https:\/\/schema.org","@graph":[{"@type":"WebPage","@id":"https:\/\/www.em.com.br\/emfoco\/2025\/02\/21\/fique-por-dentro-calendario-e-novidades-do-bolsa-familia-para-2025\/","url":"https:\/\/www.em.com.br\/emfoco\/2025\/02\/21\/fique-por-dentro-calendario-e-novidades-do-bolsa-familia-para-2025\/","name":"Bolsa Fam\u00edlia 21\/02 libera novos pagamentos para benefici\u00e1rios - Estado de Minas - Em foco","isPartOf":{"@id":"https:\/\/www.em.com.br\/emfoco\/#website"},"primaryImageOfPage":{"@id":"https:\/\/www.em.com.br\/emfoco\/2025\/02\/21\/fique-por-dentro-calendario-e-novidades-do-bolsa-familia-para-2025\/#primaryimage"},"image":{"@id":"https:\/\/www.em.com.br\/emfoco\/2025\/02\/21\/fique-por-dentro-calendario-e-novidades-do-bolsa-familia-para-2025\/#primaryimage"},"thumbnailUrl":"https:\/\/www.em.com.br\/emfoco\/wp-content\/uploads\/2024\/12\/Bolsa-Familia_1735505944372.jpg","datePublished":"2025-02-21T10:20:35+00:00","dateModified":"2025-02-20T21:38:49+00:00","author":{"@id":"https:\/\/www.em.com.br\/emfoco\/#\/schema\/person\/fb0a7f48c6fbb94b83f413a80f61917d"},"description":"Fique por dentro do calend\u00e1rio de pagamentos do Bolsa Fam\u00edlia em 2025 e saiba como receber benef\u00edcios adicionais.","breadcrumb":{"@id":"https:\/\/www.em.com.br\/emfoco\/2025\/02\/21\/fique-por-dentro-calendario-e-novidades-do-bolsa-familia-para-2025\/#breadcrumb"},"inLanguage":"pt-BR","potentialAction":[{"@type":"ReadAction","target":["https:\/\/www.em.com.br\/emfoco\/2025\/02\/21\/fique-por-dentro-calendario-e-novidades-do-bolsa-familia-para-2025\/"]}]},{"@type":"ImageObject","inLanguage":"pt-BR","@id":"https:\/\/www.em.com.br\/emfoco\/2025\/02\/21\/fique-por-dentro-calendario-e-novidades-do-bolsa-familia-para-2025\/#primaryimage","url":"https:\/\/www.em.com.br\/emfoco\/wp-content\/uploads\/2024\/12\/Bolsa-Familia_1735505944372.jpg","contentUrl":"https:\/\/www.em.com.br\/emfoco\/wp-content\/uploads\/2024\/12\/Bolsa-Familia_1735505944372.jpg","width":1280,"height":720,"caption":"Bolsa Familia - Cr\u00e9ditos: depositphotos.com \/ joasouza"},{"@type":"BreadcrumbList","@id":"https:\/\/www.em.com.br\/emfoco\/2025\/02\/21\/fique-por-dentro-calendario-e-novidades-do-bolsa-familia-para-2025\/#breadcrumb","itemListElement":[{"@type":"ListItem","position":1,"name":"In\u00edcio","item":"https:\/\/www.em.com.br\/emfoco\/"},{"@type":"ListItem","position":2,"name":"Bolsa Fam\u00edlia 21\/02 libera novos pagamentos para benefici\u00e1rios"}]},{"@type":"WebSite","@id":"https:\/\/www.em.com.br\/emfoco\/#website","url":"https:\/\/www.em.com.br\/emfoco\/","name":"Estado de Minas - Em foco","description":"Acompanhe as \u00faltimas not\u00edcias e fique bem informado sobre tudo o que acontece em Minas Gerais, Brasil e no mundo.","potentialAction":[{"@type":"SearchAction","target":{"@type":"EntryPoint","urlTemplate":"https:\/\/www.em.com.br\/emfoco\/?s={search_term_string}"},"query-input":{"@type":"PropertyValueSpecification","valueRequired":true,"valueName":"search_term_string"}}],"inLanguage":"pt-BR"},{"@type":"Person","@id":"https:\/\/www.em.com.br\/emfoco\/#\/schema\/person\/fb0a7f48c6fbb94b83f413a80f61917d","name":"Kelvin","image":{"@type":"ImageObject","inLanguage":"pt-BR","@id":"https:\/\/www.em.com.br\/emfoco\/#\/schema\/person\/image\/","url":"https:\/\/secure.gravatar.com\/avatar\/e74f84337e6bf6c4c5e88fbdffa05270?s=96&d=mm&r=g","contentUrl":"https:\/\/secure.gravatar.com\/avatar\/e74f84337e6bf6c4c5e88fbdffa05270?s=96&d=mm&r=g","caption":"Kelvin"},"sameAs":["https:\/\/www.em.com.br\/emfoco"],"url":"https:\/\/www.em.com.br\/emfoco\/author\/kelvinmyth\/"}]}},"_links":{"self":[{"href":"https:\/\/www.em.com.br\/emfoco\/wp-json\/wp\/v2\/posts\/21370","targetHints":{"allow":["GET"]}}],"collection":[{"href":"https:\/\/www.em.com.br\/emfoco\/wp-json\/wp\/v2\/posts"}],"about":[{"href":"https:\/\/www.em.com.br\/emfoco\/wp-json\/wp\/v2\/types\/post"}],"author":[{"embeddable":true,"href":"https:\/\/www.em.com.br\/emfoco\/wp-json\/wp\/v2\/users\/7"}],"replies":[{"embeddable":true,"href":"https:\/\/www.em.com.br\/emfoco\/wp-json\/wp\/v2\/comments?post=21370"}],"version-history":[{"count":4,"href":"https:\/\/www.em.com.br\/emfoco\/wp-json\/wp\/v2\/posts\/21370\/revisions"}],"predecessor-version":[{"id":21578,"href":"https:\/\/www.em.com.br\/emfoco\/wp-json\/wp\/v2\/posts\/21370\/revisions\/21578"}],"wp:featuredmedia":[{"embeddable":true,"href":"https:\/\/www.em.com.br\/emfoco\/wp-json\/wp\/v2\/media\/7522"}],"wp:attachment":[{"href":"https:\/\/www.em.com.br\/emfoco\/wp-json\/wp\/v2\/media?parent=21370"}],"wp:term":[{"taxonomy":"category","embeddable":true,"href":"https:\/\/www.em.com.br\/emfoco\/wp-json\/wp\/v2\/categories?post=21370"},{"taxonomy":"post_tag","embeddable":true,"href":"https:\/\/www.em.com.br\/emfoco\/wp-json\/wp\/v2\/tags?post=21370"}],"curies":[{"name":"wp","href":"https:\/\/api.w.org\/{rel}","templated":true}]}}