{"id":21295,"date":"2025-02-21T08:40:12","date_gmt":"2025-02-21T11:40:12","guid":{"rendered":"https:\/\/www.em.com.br\/emfoco\/?p=21295"},"modified":"2025-02-21T08:40:13","modified_gmt":"2025-02-21T11:40:13","slug":"receita-federal-faz-alerta-sobre-o-imposto-de-renda-2025-e-surpreende-contribuintes","status":"publish","type":"post","link":"https:\/\/www.em.com.br\/emfoco\/2025\/02\/21\/receita-federal-faz-alerta-sobre-o-imposto-de-renda-2025-e-surpreende-contribuintes\/","title":{"rendered":"Receita Federal faz alerta sobre o Imposto de Renda 2025 e surpreende contribuintes"},"content":{"rendered":"\n<p>Com a chegada do per\u00edodo de declara\u00e7\u00e3o do Imposto de Renda 2025, \u00e9 essencial que os contribuintes se organizem para evitar problemas. O prazo para entrega, que normalmente vai de mar\u00e7o a maio, requer aten\u00e7\u00e3o aos detalhes para garantir que todas as informa\u00e7\u00f5es sejam precisas. O uso de ferramentas de simula\u00e7\u00e3o e plataformas digitais pode ajudar a simplificar o processo, assegurando que a declara\u00e7\u00e3o seja feita corretamente.<\/p>\n\n\n\n<p>A declara\u00e7\u00e3o do Imposto de Renda \u00e9 obrigat\u00f3ria para pessoas f\u00edsicas e jur\u00eddicas, garantindo que os impostos sejam recolhidos de forma justa. Para 2025, as al\u00edquotas permanecem as mesmas do ano anterior, mas h\u00e1 expectativas de mudan\u00e7as para 2026. Propostas incluem isen\u00e7\u00e3o para rendas at\u00e9 R$ 5 mil, enquanto rendas superiores a R$ 50 mil podem enfrentar taxas mais altas. Planejar-se adequadamente e utilizar as ferramentas dispon\u00edveis s\u00e3o passos importantes para uma declara\u00e7\u00e3o tranquila.<\/p>\n\n\n\n<h2 class=\"wp-block-heading\">Quais ferramentas podem facilitar a declara\u00e7\u00e3o?<\/h2>\n\n\n\n<p>A Receita Federal oferece v\u00e1rias ferramentas para facilitar a declara\u00e7\u00e3o do Imposto de Renda. O <strong>Programa Gerador de Declara\u00e7\u00e3o (PGD)<\/strong> \u00e9 uma ferramenta robusta dispon\u00edvel para download no site oficial, permitindo que os contribuintes completem suas declara\u00e7\u00f5es de forma segura. Outra op\u00e7\u00e3o \u00e9 o <strong>Portal Meu Imposto de Renda<\/strong>, que permite a declara\u00e7\u00e3o online sem a necessidade de instalar software adicional.<\/p>\n\n\n\n<p>Para profissionais de sa\u00fade, a <strong>Declara\u00e7\u00e3o de Servi\u00e7os M\u00e9dicos e de Sa\u00fade (DMED)<\/strong> \u00e9 essencial, e o software necess\u00e1rio est\u00e1 dispon\u00edvel para download. Essas ferramentas oferecem flexibilidade, permitindo que cada contribuinte escolha o m\u00e9todo mais conveniente para suas necessidades fiscais.<\/p>\n\n\n\n<figure class=\"wp-block-image size-full\"><img loading=\"lazy\" decoding=\"async\" width=\"1024\" height=\"577\" src=\"https:\/\/www.em.com.br\/emfoco\/wp-content\/uploads\/2025\/01\/image-55-e1736559092738.png\" alt=\"Receita Federal alerta para nova modalidade de fraude!\" class=\"wp-image-9768\" srcset=\"https:\/\/www.em.com.br\/emfoco\/wp-content\/uploads\/2025\/01\/image-55-e1736559092738.png 1024w, https:\/\/www.em.com.br\/emfoco\/wp-content\/uploads\/2025\/01\/image-55-e1736559092738-300x169.png 300w, https:\/\/www.em.com.br\/emfoco\/wp-content\/uploads\/2025\/01\/image-55-e1736559092738-768x433.png 768w, https:\/\/www.em.com.br\/emfoco\/wp-content\/uploads\/2025\/01\/image-55-e1736559092738-750x423.png 750w\" sizes=\"auto, (max-width: 1024px) 100vw, 1024px\" \/><figcaption class=\"wp-element-caption\">Imagem Ilustrativa de Receita Federal &#8211; Cr\u00e9ditos: Flickr<\/figcaption><\/figure>\n\n\n\n<h2 class=\"wp-block-heading\">Quem deve declarar o imposto de renda em 2025?<\/h2>\n\n\n\n<p>Identificar quem est\u00e1 obrigado a declarar o Imposto de Renda \u00e9 crucial para evitar multas e problemas legais. Devem declarar aqueles que receberam rendimentos tribut\u00e1veis acima de R$ 30.639,90 em 2024. Tamb\u00e9m est\u00e3o inclu\u00eddos aqueles que receberam rendimentos isentos, como heran\u00e7as ou indeniza\u00e7\u00f5es, superiores a R$ 200 mil. Al\u00e9m disso, indiv\u00edduos que realizaram vendas de bens com ganho de capital ou opera\u00e7\u00f5es superiores a R$ 40 mil na <strong>Bolsa de Valores<\/strong> devem prestar contas.<\/p>\n\n\n\n<p>Contribuintes que possuem bens superiores a R$ 800 mil, obtiveram receita bruta de atividades rurais acima de R$ 153.199,50, ou que se tornaram residentes no Brasil e possuem bens at\u00e9 31 de dezembro de 2024, tamb\u00e9m est\u00e3o entre os obrigados. \u00c9 importante lembrar que quem utilizou a isen\u00e7\u00e3o tribut\u00e1ria para a venda de im\u00f3veis residenciais e reinvestiu dentro de 180 dias tamb\u00e9m deve declarar.<\/p>\n\n\n\n<h2 class=\"wp-block-heading\">Como realizar a simula\u00e7\u00e3o do imposto de renda?<\/h2>\n\n\n\n<p>Realizar a simula\u00e7\u00e3o do Imposto de Renda \u00e9 uma estrat\u00e9gia eficaz para se preparar financeiramente e evitar surpresas durante a declara\u00e7\u00e3o. A Receita Federal disponibiliza um simulador em seu site oficial, que ajuda a prever o valor do imposto a ser pago ou a restitui\u00e7\u00e3o poss\u00edvel. Al\u00e9m disso, plataformas como a <strong>Brasilprev<\/strong> oferecem ferramentas similares que auxiliam no planejamento financeiro.<\/p>\n\n\n\n<p>A simula\u00e7\u00e3o \u00e9 especialmente \u00fatil para organizar as finan\u00e7as pessoais, permitindo ajustes necess\u00e1rios antes das datas de declara\u00e7\u00e3o. Por meio dessas ferramentas, os contribuintes podem se planejar para o pagamento ou investimento da restitui\u00e7\u00e3o, otimizando seus recursos financeiros de maneira estrat\u00e9gica e consciente.<\/p>\n\n\n\n<h2 class=\"wp-block-heading\">Qual \u00e9 o prazo para entrega do imposto de renda?<\/h2>\n\n\n\n<p>Embora o prazo oficial ainda n\u00e3o tenha sido confirmado, geralmente o per\u00edodo para entrega se inicia em mar\u00e7o e se estende at\u00e9 o final de maio. A Receita Federal aconselha que os contribuintes n\u00e3o deixem a declara\u00e7\u00e3o para a \u00faltima hora, pois isso pode acarretar multas e complica\u00e7\u00f5es adicionais.<\/p>\n\n\n\n<p>Os atrasos na entrega da declara\u00e7\u00e3o de Imposto de Renda podem resultar em penalidades, com multa de 1% ao m\u00eas sobre o imposto devido, come\u00e7ando em R$ 165,74. Al\u00e9m disso, se o contribuinte tiver direito \u00e0 restitui\u00e7\u00e3o, o valor da multa ser\u00e1 deduzido do montante a ser restitu\u00eddo. Portanto, \u00e9 essencial a entrega dentro do prazo estipulado para evitar tais consequ\u00eancias.<\/p>\n","protected":false},"excerpt":{"rendered":"<p>Com a chegada do per\u00edodo de declara\u00e7\u00e3o do Imposto de Renda 2025, \u00e9 essencial que os contribuintes se organizem para evitar problemas. O prazo para entrega, que normalmente vai de mar\u00e7o a maio, requer aten\u00e7\u00e3o aos detalhes para garantir que todas as informa\u00e7\u00f5es sejam precisas. O uso de ferramentas de simula\u00e7\u00e3o e plataformas digitais pode [&hellip;]<\/p>\n","protected":false},"author":5,"featured_media":21297,"comment_status":"open","ping_status":"open","sticky":false,"template":"","format":"standard","meta":{"jnews-multi-image_gallery":[],"jnews_single_post":{"format":"standard"},"jnews_primary_category":[],"jnews_social_meta":[],"jnews_override_counter":[],"footnotes":""},"categories":[28,1],"tags":[782,5315,713],"class_list":["post-21295","post","type-post","status-publish","format-standard","has-post-thumbnail","hentry","category-economia","category-noticias","tag-782","tag-declaracao-de-imposto","tag-imposto-de-renda"],"yoast_head":"<!-- This site is optimized with the Yoast SEO plugin v23.8 - https:\/\/yoast.com\/wordpress\/plugins\/seo\/ -->\n<title>Receita Federal faz alerta sobre o Imposto de Renda 2025 e surpreende contribuintes - Estado de Minas - Em foco<\/title>\n<meta name=\"description\" content=\"Receita Federal faz alerta sobre o imposto de renda 2025 e pega contribuintes de surpresa. Veja o que muda e como se preparar!\" \/>\n<meta name=\"robots\" content=\"index, follow, max-snippet:-1, max-image-preview:large, max-video-preview:-1\" \/>\n<link rel=\"canonical\" href=\"https:\/\/www.em.com.br\/emfoco\/2025\/02\/21\/receita-federal-faz-alerta-sobre-o-imposto-de-renda-2025-e-surpreende-contribuintes\/\" \/>\n<meta property=\"og:locale\" content=\"pt_BR\" \/>\n<meta property=\"og:type\" content=\"article\" \/>\n<meta property=\"og:title\" content=\"Receita Federal faz alerta sobre o Imposto de Renda 2025 e surpreende contribuintes - Estado de Minas - Em foco\" \/>\n<meta property=\"og:description\" content=\"Receita Federal faz alerta sobre o imposto de renda 2025 e pega contribuintes de surpresa. Veja o que muda e como se preparar!\" \/>\n<meta property=\"og:url\" content=\"https:\/\/www.em.com.br\/emfoco\/2025\/02\/21\/receita-federal-faz-alerta-sobre-o-imposto-de-renda-2025-e-surpreende-contribuintes\/\" \/>\n<meta property=\"og:site_name\" content=\"Estado de Minas - Em foco\" \/>\n<meta property=\"article:published_time\" content=\"2025-02-21T11:40:12+00:00\" \/>\n<meta property=\"article:modified_time\" content=\"2025-02-21T11:40:13+00:00\" \/>\n<meta property=\"og:image\" content=\"https:\/\/www.em.com.br\/emfoco\/wp-content\/uploads\/2025\/02\/esse-1-77.jpg\" \/>\n\t<meta property=\"og:image:width\" content=\"1280\" \/>\n\t<meta property=\"og:image:height\" content=\"720\" \/>\n\t<meta property=\"og:image:type\" content=\"image\/jpeg\" \/>\n<meta name=\"author\" content=\"N\u00fabia Rangel\" \/>\n<meta name=\"twitter:card\" content=\"summary_large_image\" \/>\n<meta name=\"twitter:label1\" content=\"Escrito por\" \/>\n\t<meta name=\"twitter:data1\" content=\"N\u00fabia Rangel\" \/>\n\t<meta name=\"twitter:label2\" content=\"Est. tempo de leitura\" \/>\n\t<meta name=\"twitter:data2\" content=\"4 minutos\" \/>\n<!-- \/ Yoast SEO plugin. -->","yoast_head_json":{"title":"Receita Federal faz alerta sobre o Imposto de Renda 2025 e surpreende contribuintes - Estado de Minas - Em foco","description":"Receita Federal faz alerta sobre o imposto de renda 2025 e pega contribuintes de surpresa. Veja o que muda e como se preparar!","robots":{"index":"index","follow":"follow","max-snippet":"max-snippet:-1","max-image-preview":"max-image-preview:large","max-video-preview":"max-video-preview:-1"},"canonical":"https:\/\/www.em.com.br\/emfoco\/2025\/02\/21\/receita-federal-faz-alerta-sobre-o-imposto-de-renda-2025-e-surpreende-contribuintes\/","og_locale":"pt_BR","og_type":"article","og_title":"Receita Federal faz alerta sobre o Imposto de Renda 2025 e surpreende contribuintes - Estado de Minas - Em foco","og_description":"Receita Federal faz alerta sobre o imposto de renda 2025 e pega contribuintes de surpresa. Veja o que muda e como se preparar!","og_url":"https:\/\/www.em.com.br\/emfoco\/2025\/02\/21\/receita-federal-faz-alerta-sobre-o-imposto-de-renda-2025-e-surpreende-contribuintes\/","og_site_name":"Estado de Minas - Em foco","article_published_time":"2025-02-21T11:40:12+00:00","article_modified_time":"2025-02-21T11:40:13+00:00","og_image":[{"width":1280,"height":720,"url":"https:\/\/www.em.com.br\/emfoco\/wp-content\/uploads\/2025\/02\/esse-1-77.jpg","type":"image\/jpeg"}],"author":"N\u00fabia Rangel","twitter_card":"summary_large_image","twitter_misc":{"Escrito por":"N\u00fabia Rangel","Est. tempo de leitura":"4 minutos"},"schema":{"@context":"https:\/\/schema.org","@graph":[{"@type":"WebPage","@id":"https:\/\/www.em.com.br\/emfoco\/2025\/02\/21\/receita-federal-faz-alerta-sobre-o-imposto-de-renda-2025-e-surpreende-contribuintes\/","url":"https:\/\/www.em.com.br\/emfoco\/2025\/02\/21\/receita-federal-faz-alerta-sobre-o-imposto-de-renda-2025-e-surpreende-contribuintes\/","name":"Receita Federal faz alerta sobre o Imposto de Renda 2025 e surpreende contribuintes - Estado de Minas - Em foco","isPartOf":{"@id":"https:\/\/www.em.com.br\/emfoco\/#website"},"primaryImageOfPage":{"@id":"https:\/\/www.em.com.br\/emfoco\/2025\/02\/21\/receita-federal-faz-alerta-sobre-o-imposto-de-renda-2025-e-surpreende-contribuintes\/#primaryimage"},"image":{"@id":"https:\/\/www.em.com.br\/emfoco\/2025\/02\/21\/receita-federal-faz-alerta-sobre-o-imposto-de-renda-2025-e-surpreende-contribuintes\/#primaryimage"},"thumbnailUrl":"https:\/\/www.em.com.br\/emfoco\/wp-content\/uploads\/2025\/02\/esse-1-77.jpg","datePublished":"2025-02-21T11:40:12+00:00","dateModified":"2025-02-21T11:40:13+00:00","author":{"@id":"https:\/\/www.em.com.br\/emfoco\/#\/schema\/person\/524437ef54f8a5d32591b143307f2e20"},"description":"Receita Federal faz alerta sobre o imposto de renda 2025 e pega contribuintes de surpresa. Veja o que muda e como se preparar!","breadcrumb":{"@id":"https:\/\/www.em.com.br\/emfoco\/2025\/02\/21\/receita-federal-faz-alerta-sobre-o-imposto-de-renda-2025-e-surpreende-contribuintes\/#breadcrumb"},"inLanguage":"pt-BR","potentialAction":[{"@type":"ReadAction","target":["https:\/\/www.em.com.br\/emfoco\/2025\/02\/21\/receita-federal-faz-alerta-sobre-o-imposto-de-renda-2025-e-surpreende-contribuintes\/"]}]},{"@type":"ImageObject","inLanguage":"pt-BR","@id":"https:\/\/www.em.com.br\/emfoco\/2025\/02\/21\/receita-federal-faz-alerta-sobre-o-imposto-de-renda-2025-e-surpreende-contribuintes\/#primaryimage","url":"https:\/\/www.em.com.br\/emfoco\/wp-content\/uploads\/2025\/02\/esse-1-77.jpg","contentUrl":"https:\/\/www.em.com.br\/emfoco\/wp-content\/uploads\/2025\/02\/esse-1-77.jpg","width":1280,"height":720,"caption":"Receita Federal (Cr\u00e9ditos: depositphotos.com \/ rmcarvalhobsb)"},{"@type":"BreadcrumbList","@id":"https:\/\/www.em.com.br\/emfoco\/2025\/02\/21\/receita-federal-faz-alerta-sobre-o-imposto-de-renda-2025-e-surpreende-contribuintes\/#breadcrumb","itemListElement":[{"@type":"ListItem","position":1,"name":"In\u00edcio","item":"https:\/\/www.em.com.br\/emfoco\/"},{"@type":"ListItem","position":2,"name":"Receita Federal faz alerta sobre o Imposto de Renda 2025 e surpreende contribuintes"}]},{"@type":"WebSite","@id":"https:\/\/www.em.com.br\/emfoco\/#website","url":"https:\/\/www.em.com.br\/emfoco\/","name":"Estado de Minas - Em foco","description":"Acompanhe as \u00faltimas not\u00edcias e fique bem informado sobre tudo o que acontece em Minas Gerais, Brasil e no mundo.","potentialAction":[{"@type":"SearchAction","target":{"@type":"EntryPoint","urlTemplate":"https:\/\/www.em.com.br\/emfoco\/?s={search_term_string}"},"query-input":{"@type":"PropertyValueSpecification","valueRequired":true,"valueName":"search_term_string"}}],"inLanguage":"pt-BR"},{"@type":"Person","@id":"https:\/\/www.em.com.br\/emfoco\/#\/schema\/person\/524437ef54f8a5d32591b143307f2e20","name":"N\u00fabia Rangel","image":{"@type":"ImageObject","inLanguage":"pt-BR","@id":"https:\/\/www.em.com.br\/emfoco\/#\/schema\/person\/image\/","url":"https:\/\/secure.gravatar.com\/avatar\/47cff2827a5ba23c37e8068c86817ea4?s=96&d=mm&r=g","contentUrl":"https:\/\/secure.gravatar.com\/avatar\/47cff2827a5ba23c37e8068c86817ea4?s=96&d=mm&r=g","caption":"N\u00fabia Rangel"},"sameAs":["https:\/\/www.em.com.br\/emfoco\/"],"url":"https:\/\/www.em.com.br\/emfoco\/author\/nubiamyth\/"}]}},"_links":{"self":[{"href":"https:\/\/www.em.com.br\/emfoco\/wp-json\/wp\/v2\/posts\/21295","targetHints":{"allow":["GET"]}}],"collection":[{"href":"https:\/\/www.em.com.br\/emfoco\/wp-json\/wp\/v2\/posts"}],"about":[{"href":"https:\/\/www.em.com.br\/emfoco\/wp-json\/wp\/v2\/types\/post"}],"author":[{"embeddable":true,"href":"https:\/\/www.em.com.br\/emfoco\/wp-json\/wp\/v2\/users\/5"}],"replies":[{"embeddable":true,"href":"https:\/\/www.em.com.br\/emfoco\/wp-json\/wp\/v2\/comments?post=21295"}],"version-history":[{"count":2,"href":"https:\/\/www.em.com.br\/emfoco\/wp-json\/wp\/v2\/posts\/21295\/revisions"}],"predecessor-version":[{"id":21298,"href":"https:\/\/www.em.com.br\/emfoco\/wp-json\/wp\/v2\/posts\/21295\/revisions\/21298"}],"wp:featuredmedia":[{"embeddable":true,"href":"https:\/\/www.em.com.br\/emfoco\/wp-json\/wp\/v2\/media\/21297"}],"wp:attachment":[{"href":"https:\/\/www.em.com.br\/emfoco\/wp-json\/wp\/v2\/media?parent=21295"}],"wp:term":[{"taxonomy":"category","embeddable":true,"href":"https:\/\/www.em.com.br\/emfoco\/wp-json\/wp\/v2\/categories?post=21295"},{"taxonomy":"post_tag","embeddable":true,"href":"https:\/\/www.em.com.br\/emfoco\/wp-json\/wp\/v2\/tags?post=21295"}],"curies":[{"name":"wp","href":"https:\/\/api.w.org\/{rel}","templated":true}]}}